{"id":194142,"date":"2023-12-07T13:41:12","date_gmt":"2023-12-07T16:41:12","guid":{"rendered":"https:\/\/franciscanos.org.br\/vidacrista\/?p=194142"},"modified":"2023-12-07T13:43:42","modified_gmt":"2023-12-07T16:43:42","slug":"o-dogma-da-imaculada-conceicao-e-a-graca-a-goiaba-e-o-computador-a-serpente-e-a-eva-na-inspiracao-de-gn-39-15-20","status":"publish","type":"post","link":"https:\/\/franciscanos.org.br\/vidacrista\/o-dogma-da-imaculada-conceicao-e-a-graca-a-goiaba-e-o-computador-a-serpente-e-a-eva-na-inspiracao-de-gn-39-15-20\/","title":{"rendered":"O Dogma da Imaculada Concei\u00e7\u00e3o e a Gra\u00e7a! A goiaba e o computador! A serpente e a Eva, na inspira\u00e7\u00e3o de Gn 3,9-15.20"},"content":{"rendered":"<div id=\"attachment_194143\" style=\"width: 850px\" class=\"wp-caption alignnone\"><img aria-describedby=\"caption-attachment-194143\" decoding=\"async\" loading=\"lazy\" class=\"wp-image-194143 size-full\" src=\"https:\/\/franciscanos.org.br\/vidacrista\/wp-content\/uploads\/2023\/12\/artigo_0712.jpg\" alt=\"\" width=\"840\" height=\"450\" srcset=\"https:\/\/franciscanos.org.br\/vidacrista\/wp-content\/uploads\/2023\/12\/artigo_0712.jpg 840w, https:\/\/franciscanos.org.br\/vidacrista\/wp-content\/uploads\/2023\/12\/artigo_0712-450x241.jpg 450w, https:\/\/franciscanos.org.br\/vidacrista\/wp-content\/uploads\/2023\/12\/artigo_0712-768x411.jpg 768w, https:\/\/franciscanos.org.br\/vidacrista\/wp-content\/uploads\/2023\/12\/artigo_0712-150x80.jpg 150w\" sizes=\"(max-width: 840px) 100vw, 840px\" \/><p id=\"caption-attachment-194143\" class=\"wp-caption-text\"><em>Imagem: Juan Antonio de Fr\u00edas y Escalante. Inmaculada Concepci\u00f3n (Wikip\u00e9dia, dom\u00ednio p\u00fablico)<\/em><\/p><\/div>\n<p><em>Frei Jacir de Freitas Faria<\/em> <a href=\"#_ftn1\" name=\"_ftnref1\">[1]<\/a><\/p>\n<p>O texto sobre o qual vamos refletir \u00e9 Gn 3,9-15.20. Ele faz parte do mito de Gn 2,4b\u20143,24, o qual reflete sobre a condi\u00e7\u00e3o humana no para\u00edso e fora dele. Que rela\u00e7\u00e3o existe entre essa passagem e o dogma da Imaculada Concei\u00e7\u00e3o? Entre a serpente, a Eva e Maria? Quem iria esmagar a cabe\u00e7a da serpente: Eva, Maria ou a sua descend\u00eancia?<\/p>\n<p>A celebra\u00e7\u00e3o da Imaculada Concei\u00e7\u00e3o nos recorda a import\u00e2ncia de Maria para a f\u00e9 crist\u00e3. Trata-se de um dogma, isto \u00e9, uma orienta\u00e7\u00e3o de f\u00e9 que a Igreja Cat\u00f3lica nos prop\u00f5e, depois de ouvir a tradi\u00e7\u00e3o. Dogma \u00e9 um caminho de f\u00e9! Qual \u00e9 o real sentido do dogma da Imaculada Concei\u00e7\u00e3o? Qual a rela\u00e7\u00e3o desse dogma com o bicho da goiaba e o v\u00edrus do computador? Boas met\u00e1foras para entender esse dogma de f\u00e9. Vejamos!<\/p>\n<p><iframe loading=\"lazy\" title=\"YouTube video player\" src=\"https:\/\/www.youtube.com\/embed\/3RFuyGjASV8?si=3EsaY4KpFL-WCG-R\" width=\"100%\" height=\"500\" frameborder=\"0\" allowfullscreen=\"allowfullscreen\"><span data-mce-type=\"bookmark\" style=\"display: inline-block; width: 0px; overflow: hidden; line-height: 0;\" class=\"mce_SELRES_start\">\ufeff<\/span><\/iframe><\/p>\n<p>Desde os primeiros s\u00e9culos do cristianismo, encontramos uma rela\u00e7\u00e3o estreita entre Eva e Maria, bem como um apre\u00e7o muito grande por Maria, ainda que ela n\u00e3o tenha morrido como m\u00e1rtir, mas por ser a \u201cM\u00e3e de Deus\u201d.<\/p>\n<p>Desde o s\u00e9c. VIII, na Igreja do Oriente, era celebrada a festa da concep\u00e7\u00e3o de Maria, no dia 9 de dezembro. Aos poucos essa tradi\u00e7\u00e3o se espalhou pela Europa, mas foi somente em 8 de dezembro de 1854, que o Papa Pio IX declarou, por meio da Bula <em>Ineffabilis Deus<\/em>, o dogma da Imaculada Concei\u00e7\u00e3o, que diz: \u201cDeclaramos, confirmamos e definimos a doutrina, revelada por Deus, que a Bem-aventurada Virgem Maria foi preservada e imune de toda mancha do pecado original, desde o primeiro instante da sua concep\u00e7\u00e3o, por gra\u00e7a particular e privil\u00e9gio de Deus Todo-Poderoso, pelos m\u00e9ritos de Jesus Cristo, Salvador do g\u00eanero humano\u201d.<\/p>\n<p>Pio IX fez essa declara\u00e7\u00e3o de f\u00e9, depois de, em 1852, consultar te\u00f3logos e bispos do mundo sobre os crit\u00e9rios para estabelecer o dogma. Para Santo Agostinho, ao interpretar G\u00eanesis, Maria foi purificada do pecado original.<\/p>\n<p>Na Idade M\u00e9dia, quando a devo\u00e7\u00e3o a Maria voltou a ficar forte, sobretudo por causa do medo de morrer e ir para o Inferno, surgem ordens religiosas de devo\u00e7\u00e3o mariana. Dentre elas, houve uma batalha teol\u00f3gica entre os dominicanos e os franciscanos, os quais foram classificados de maculistas e imaculistas. Para os dominicanos maculistas, a purifica\u00e7\u00e3o de Maria aconteceu durante a sua gesta\u00e7\u00e3o. Para os franciscanos, defendida pelo escoc\u00eas e frade Dans Scot ou Scotus (1266-1308), um dos brilhantes fil\u00f3sofos e te\u00f3logos da Idade M\u00e9dia, Maria foi liberta do pecado original no momento da sua concep\u00e7\u00e3o. Para ele, a gra\u00e7a de Cristo atuou de forma preventiva em Maria! Na famosa disputa com os dominicanos, na Universidade de Paris, Dans Scotus venceu a pol\u00eamica.<\/p>\n<p>Era o ano de 1308. Dessa data at\u00e9 a proclama\u00e7\u00e3o do dogma, longos s\u00e9culos se passaram. Para Martinho Lutero, o frade beneditino que mudou os rumos da Igreja Cat\u00f3lica, a salva\u00e7\u00e3o s\u00f3 vem pela f\u00e9. O ser humano est\u00e1 marcado pelo mal. O Conc\u00edlio de Trento (1547) contrap\u00f4s Lutero, ao afirmar que o pecado nos leva a fazer o mal.<\/p>\n<p>Frei Humberto Randag, um frade franciscano holand\u00eas e artista, pintou, em 1945, no Santu\u00e1rio Santo Ant\u00f4nio, em Divin\u00f3polis (MG), a imagem da Imaculada de modo muito sugestivo. Ele pintou o menino Jesus com uma lan\u00e7a na m\u00e3o, a qual transpassa o ventre de Maria e mata a serpente. O que isso quer dizer? Que a imagem \u00e9 mais cristol\u00f3gica que mariol\u00f3gica. O que nasce do ventre de Maria, Jesus, \u00e9 que vai vencer o mal. A espada que transpassa o lado de Jesus na cruz (Jo 19,34) tamb\u00e9m vence o mal, j\u00e1 no nascimento do menino Jesus. A Imaculada acolhe Deus no seu ventre e oferece o apoio na luta contra o mal.<\/p>\n<p>Na elabora\u00e7\u00e3o do dogma da Imaculada, a Igreja usou a tradu\u00e7\u00e3o equivocada de S\u00e3o Jer\u00f4nimo de Gn 3,9-15.20, onde diz que a descend\u00eancia da mulher iria pisar sobre a cabe\u00e7a da serpente. Ele traduziu do hebraico para o latim que a mulher iria pisar sobre a serpente. Al\u00e9m disso, o Ad\u00e3o e a Eva, quando da elabora\u00e7\u00e3o desse dogma, eram considerados personagens hist\u00f3ricos, reais. Hoje, n\u00e3o mais. Portanto, Gn 3,9-15.20 n\u00e3o \u00e9 base b\u00edblica para o dogma da Imaculada.<\/p>\n<p>O dogma da Imaculada s\u00f3 tem sentido na perspectiva do olhar da Gra\u00e7a de Deus que atuou em Maria e atua em n\u00f3s. Maria cresceu na f\u00e9. N\u00f3s tamb\u00e9m somos chamados a fazer o mesmo. Maria nasceu com a Gra\u00e7a de Deus, viveu a f\u00e9 e recebeu no seu seio, por obra e gra\u00e7a de Deus, Jesus Cristo, o Verbo encarnado. Tudo isso ocorreu por causa do dom de Deus que agiu nela.<\/p>\n<p>Voltando \u00e0 imagem da goiaba com bicho e o computador sem v\u00edrus para entender o dogma da Imaculada, imagine que todas as goiabas nunca deveriam ter bichos e que o computador jamais teria um v\u00edrus sequer. <a href=\"#_ftn2\" name=\"_ftnref2\">[2]<\/a><\/p>\n<p>Isso \u00e9 imposs\u00edvel! Goiabas sem bicho e computador sem v\u00edrus somos todos no ato criador de Deus. No entanto, no decorrer da vida, vamos adquirindo os v\u00edcios, as maldades que nos afastam de Deus, de sua Gra\u00e7a.<\/p>\n<p>Maria foi a humana que deixou a Gra\u00e7a de Deus agir nela. Isso \u00e9 o sentido do dogma da Imaculada, a esperan\u00e7a que alimenta a nossa f\u00e9. Que Maria continue sendo o farol que nos aponta o bom caminho para superar a for\u00e7a negativa que habita em n\u00f3s. Am\u00e9m!<\/p>\n<hr \/>\n<p><a href=\"#_ftnref1\" name=\"_ftn1\">[1]<\/a>Doutor em Teologia B\u00edblica pela FAJE (BH). Mestre em Ci\u00eancias B\u00edblicas (Exegese) pelo Pontif\u00edcio Instituto B\u00edblico de Roma. Professor de Exegese B\u00edblica. \u00c9 membro da Associa\u00e7\u00e3o Brasileira de Pesquisa B\u00edblica (ABIB). Sacerdote Franciscano. Autor de dez livros e coautor de quinze. Youtube: Frei Jacir B\u00edblia e Ap\u00f3crifos. <a href=\"https:\/\/www.youtube.com\/channel\/UCwbSE97jnR6jQwHRigX1KlQ\">https:\/\/www.youtube.com\/channel\/UCwbSE97jnR6jQwHRigX1KlQ<\/a><\/p>\n<p><a href=\"#_ftnref2\" name=\"_ftn2\">[2]<\/a>MURAD, Afonso. <strong>Maria toda de Deus e t\u00e3o humana<\/strong>: comp\u00eandio de Mariologia. S\u00e3o Paulo: Paulinas\/Santu\u00e1rio, 2014, p. 175-176.<\/p>\n","protected":false},"excerpt":{"rendered":"<p>Artigo de Frei Jacir de Freitas Faria<\/p>\n","protected":false},"author":3,"featured_media":194143,"comment_status":"open","ping_status":"open","sticky":false,"template":"","format":"standard","meta":{"footnotes":""},"categories":[26],"tags":[43],"yoast_head":"<!-- This site is optimized with the Yoast SEO plugin v19.4 - https:\/\/yoast.com\/wordpress\/plugins\/seo\/ -->\n<title>O Dogma da Imaculada Concei\u00e7\u00e3o e a Gra\u00e7a! A goiaba e o computador! A serpente e a Eva, na inspira\u00e7\u00e3o de Gn 3,9-15.20 - Vida Crist\u00e3 - Franciscanos<\/title>\n<meta name=\"robots\" content=\"index, follow, max-snippet:-1, max-image-preview:large, max-video-preview:-1\" \/>\n<link rel=\"canonical\" href=\"https:\/\/franciscanos.org.br\/vidacrista\/o-dogma-da-imaculada-conceicao-e-a-graca-a-goiaba-e-o-computador-a-serpente-e-a-eva-na-inspiracao-de-gn-39-15-20\/\" \/>\n<meta property=\"og:locale\" content=\"pt_BR\" \/>\n<meta property=\"og:type\" content=\"article\" \/>\n<meta property=\"og:title\" content=\"O Dogma da Imaculada Concei\u00e7\u00e3o e a Gra\u00e7a! A goiaba e o computador! A serpente e a Eva, na inspira\u00e7\u00e3o de Gn 3,9-15.20 - Vida Crist\u00e3 - Franciscanos\" \/>\n<meta property=\"og:description\" content=\"Artigo de Frei Jacir de Freitas Faria\" \/>\n<meta property=\"og:url\" content=\"https:\/\/franciscanos.org.br\/vidacrista\/o-dogma-da-imaculada-conceicao-e-a-graca-a-goiaba-e-o-computador-a-serpente-e-a-eva-na-inspiracao-de-gn-39-15-20\/\" \/>\n<meta property=\"og:site_name\" content=\"Vida Crist\u00e3 - Franciscanos\" \/>\n<meta property=\"article:published_time\" content=\"2023-12-07T16:41:12+00:00\" \/>\n<meta property=\"article:modified_time\" content=\"2023-12-07T16:43:42+00:00\" \/>\n<meta property=\"og:image\" content=\"https:\/\/franciscanos.org.br\/vidacrista\/wp-content\/uploads\/2023\/12\/artigo_0712.jpg\" \/>\n\t<meta property=\"og:image:width\" content=\"840\" \/>\n\t<meta property=\"og:image:height\" content=\"450\" \/>\n\t<meta property=\"og:image:type\" content=\"image\/jpeg\" \/>\n<meta name=\"author\" content=\"moacir\" \/>\n<meta name=\"twitter:card\" content=\"summary_large_image\" \/>\n<meta name=\"twitter:label1\" content=\"Escrito por\" \/>\n\t<meta name=\"twitter:data1\" content=\"moacir\" \/>\n\t<meta name=\"twitter:label2\" content=\"Est. tempo de leitura\" \/>\n\t<meta name=\"twitter:data2\" content=\"5 minutos\" \/>\n<script type=\"application\/ld+json\" class=\"yoast-schema-graph\">{\"@context\":\"https:\/\/schema.org\",\"@graph\":[{\"@type\":\"WebSite\",\"@id\":\"https:\/\/franciscanos.org.br\/vidacrista\/#website\",\"url\":\"https:\/\/franciscanos.org.br\/vidacrista\/\",\"name\":\"Vida Crist\u00e3 - Franciscanos\",\"description\":\"Prov\u00edncia Franciscana da Imaculada Concei\u00e7\u00e3o do Brasil - Ordem dos Frades Menores\",\"potentialAction\":[{\"@type\":\"SearchAction\",\"target\":{\"@type\":\"EntryPoint\",\"urlTemplate\":\"https:\/\/franciscanos.org.br\/vidacrista\/?s={search_term_string}\"},\"query-input\":\"required name=search_term_string\"}],\"inLanguage\":\"pt-BR\"},{\"@type\":\"WebPage\",\"@id\":\"https:\/\/franciscanos.org.br\/vidacrista\/o-dogma-da-imaculada-conceicao-e-a-graca-a-goiaba-e-o-computador-a-serpente-e-a-eva-na-inspiracao-de-gn-39-15-20\/\",\"url\":\"https:\/\/franciscanos.org.br\/vidacrista\/o-dogma-da-imaculada-conceicao-e-a-graca-a-goiaba-e-o-computador-a-serpente-e-a-eva-na-inspiracao-de-gn-39-15-20\/\",\"name\":\"O Dogma da Imaculada Concei\u00e7\u00e3o e a Gra\u00e7a! A goiaba e o computador! A serpente e a Eva, na inspira\u00e7\u00e3o de Gn 3,9-15.20 - Vida Crist\u00e3 - Franciscanos\",\"isPartOf\":{\"@id\":\"https:\/\/franciscanos.org.br\/vidacrista\/#website\"},\"datePublished\":\"2023-12-07T16:41:12+00:00\",\"dateModified\":\"2023-12-07T16:43:42+00:00\",\"author\":{\"@id\":\"https:\/\/franciscanos.org.br\/vidacrista\/#\/schema\/person\/1880bdd2c350b735648725ef7614736a\"},\"breadcrumb\":{\"@id\":\"https:\/\/franciscanos.org.br\/vidacrista\/o-dogma-da-imaculada-conceicao-e-a-graca-a-goiaba-e-o-computador-a-serpente-e-a-eva-na-inspiracao-de-gn-39-15-20\/#breadcrumb\"},\"inLanguage\":\"pt-BR\",\"potentialAction\":[{\"@type\":\"ReadAction\",\"target\":[\"https:\/\/franciscanos.org.br\/vidacrista\/o-dogma-da-imaculada-conceicao-e-a-graca-a-goiaba-e-o-computador-a-serpente-e-a-eva-na-inspiracao-de-gn-39-15-20\/\"]}]},{\"@type\":\"BreadcrumbList\",\"@id\":\"https:\/\/franciscanos.org.br\/vidacrista\/o-dogma-da-imaculada-conceicao-e-a-graca-a-goiaba-e-o-computador-a-serpente-e-a-eva-na-inspiracao-de-gn-39-15-20\/#breadcrumb\",\"itemListElement\":[{\"@type\":\"ListItem\",\"position\":1,\"name\":\"Home\",\"item\":\"https:\/\/franciscanos.org.br\/vidacrista\/\"},{\"@type\":\"ListItem\",\"position\":2,\"name\":\"O Dogma da Imaculada Concei\u00e7\u00e3o e a Gra\u00e7a! A goiaba e o computador! A serpente e a Eva, na inspira\u00e7\u00e3o de Gn 3,9-15.20\"}]},{\"@type\":\"Person\",\"@id\":\"https:\/\/franciscanos.org.br\/vidacrista\/#\/schema\/person\/1880bdd2c350b735648725ef7614736a\",\"name\":\"moacir\",\"image\":{\"@type\":\"ImageObject\",\"inLanguage\":\"pt-BR\",\"@id\":\"https:\/\/franciscanos.org.br\/vidacrista\/#\/schema\/person\/image\/\",\"url\":\"https:\/\/secure.gravatar.com\/avatar\/d08aa2ce4c8dd416d4479aa8536fcf64?s=96&d=mm&r=g\",\"contentUrl\":\"https:\/\/secure.gravatar.com\/avatar\/d08aa2ce4c8dd416d4479aa8536fcf64?s=96&d=mm&r=g\",\"caption\":\"moacir\"},\"url\":\"https:\/\/franciscanos.org.br\/vidacrista\/author\/moacir\/\"}]}<\/script>\n<!-- \/ Yoast SEO plugin. -->","yoast_head_json":{"title":"O Dogma da Imaculada Concei\u00e7\u00e3o e a Gra\u00e7a! A goiaba e o computador! A serpente e a Eva, na inspira\u00e7\u00e3o de Gn 3,9-15.20 - Vida Crist\u00e3 - Franciscanos","robots":{"index":"index","follow":"follow","max-snippet":"max-snippet:-1","max-image-preview":"max-image-preview:large","max-video-preview":"max-video-preview:-1"},"canonical":"https:\/\/franciscanos.org.br\/vidacrista\/o-dogma-da-imaculada-conceicao-e-a-graca-a-goiaba-e-o-computador-a-serpente-e-a-eva-na-inspiracao-de-gn-39-15-20\/","og_locale":"pt_BR","og_type":"article","og_title":"O Dogma da Imaculada Concei\u00e7\u00e3o e a Gra\u00e7a! A goiaba e o computador! A serpente e a Eva, na inspira\u00e7\u00e3o de Gn 3,9-15.20 - Vida Crist\u00e3 - Franciscanos","og_description":"Artigo de Frei Jacir de Freitas Faria","og_url":"https:\/\/franciscanos.org.br\/vidacrista\/o-dogma-da-imaculada-conceicao-e-a-graca-a-goiaba-e-o-computador-a-serpente-e-a-eva-na-inspiracao-de-gn-39-15-20\/","og_site_name":"Vida Crist\u00e3 - Franciscanos","article_published_time":"2023-12-07T16:41:12+00:00","article_modified_time":"2023-12-07T16:43:42+00:00","og_image":[{"width":840,"height":450,"url":"https:\/\/franciscanos.org.br\/vidacrista\/wp-content\/uploads\/2023\/12\/artigo_0712.jpg","type":"image\/jpeg"}],"author":"moacir","twitter_card":"summary_large_image","twitter_misc":{"Escrito por":"moacir","Est. tempo de leitura":"5 minutos"},"schema":{"@context":"https:\/\/schema.org","@graph":[{"@type":"WebSite","@id":"https:\/\/franciscanos.org.br\/vidacrista\/#website","url":"https:\/\/franciscanos.org.br\/vidacrista\/","name":"Vida Crist\u00e3 - Franciscanos","description":"Prov\u00edncia Franciscana da Imaculada Concei\u00e7\u00e3o do Brasil - Ordem dos Frades Menores","potentialAction":[{"@type":"SearchAction","target":{"@type":"EntryPoint","urlTemplate":"https:\/\/franciscanos.org.br\/vidacrista\/?s={search_term_string}"},"query-input":"required name=search_term_string"}],"inLanguage":"pt-BR"},{"@type":"WebPage","@id":"https:\/\/franciscanos.org.br\/vidacrista\/o-dogma-da-imaculada-conceicao-e-a-graca-a-goiaba-e-o-computador-a-serpente-e-a-eva-na-inspiracao-de-gn-39-15-20\/","url":"https:\/\/franciscanos.org.br\/vidacrista\/o-dogma-da-imaculada-conceicao-e-a-graca-a-goiaba-e-o-computador-a-serpente-e-a-eva-na-inspiracao-de-gn-39-15-20\/","name":"O Dogma da Imaculada Concei\u00e7\u00e3o e a Gra\u00e7a! A goiaba e o computador! A serpente e a Eva, na inspira\u00e7\u00e3o de Gn 3,9-15.20 - Vida Crist\u00e3 - Franciscanos","isPartOf":{"@id":"https:\/\/franciscanos.org.br\/vidacrista\/#website"},"datePublished":"2023-12-07T16:41:12+00:00","dateModified":"2023-12-07T16:43:42+00:00","author":{"@id":"https:\/\/franciscanos.org.br\/vidacrista\/#\/schema\/person\/1880bdd2c350b735648725ef7614736a"},"breadcrumb":{"@id":"https:\/\/franciscanos.org.br\/vidacrista\/o-dogma-da-imaculada-conceicao-e-a-graca-a-goiaba-e-o-computador-a-serpente-e-a-eva-na-inspiracao-de-gn-39-15-20\/#breadcrumb"},"inLanguage":"pt-BR","potentialAction":[{"@type":"ReadAction","target":["https:\/\/franciscanos.org.br\/vidacrista\/o-dogma-da-imaculada-conceicao-e-a-graca-a-goiaba-e-o-computador-a-serpente-e-a-eva-na-inspiracao-de-gn-39-15-20\/"]}]},{"@type":"BreadcrumbList","@id":"https:\/\/franciscanos.org.br\/vidacrista\/o-dogma-da-imaculada-conceicao-e-a-graca-a-goiaba-e-o-computador-a-serpente-e-a-eva-na-inspiracao-de-gn-39-15-20\/#breadcrumb","itemListElement":[{"@type":"ListItem","position":1,"name":"Home","item":"https:\/\/franciscanos.org.br\/vidacrista\/"},{"@type":"ListItem","position":2,"name":"O Dogma da Imaculada Concei\u00e7\u00e3o e a Gra\u00e7a! A goiaba e o computador! A serpente e a Eva, na inspira\u00e7\u00e3o de Gn 3,9-15.20"}]},{"@type":"Person","@id":"https:\/\/franciscanos.org.br\/vidacrista\/#\/schema\/person\/1880bdd2c350b735648725ef7614736a","name":"moacir","image":{"@type":"ImageObject","inLanguage":"pt-BR","@id":"https:\/\/franciscanos.org.br\/vidacrista\/#\/schema\/person\/image\/","url":"https:\/\/secure.gravatar.com\/avatar\/d08aa2ce4c8dd416d4479aa8536fcf64?s=96&d=mm&r=g","contentUrl":"https:\/\/secure.gravatar.com\/avatar\/d08aa2ce4c8dd416d4479aa8536fcf64?s=96&d=mm&r=g","caption":"moacir"},"url":"https:\/\/franciscanos.org.br\/vidacrista\/author\/moacir\/"}]}},"_links":{"self":[{"href":"https:\/\/franciscanos.org.br\/vidacrista\/wp-json\/wp\/v2\/posts\/194142"}],"collection":[{"href":"https:\/\/franciscanos.org.br\/vidacrista\/wp-json\/wp\/v2\/posts"}],"about":[{"href":"https:\/\/franciscanos.org.br\/vidacrista\/wp-json\/wp\/v2\/types\/post"}],"author":[{"embeddable":true,"href":"https:\/\/franciscanos.org.br\/vidacrista\/wp-json\/wp\/v2\/users\/3"}],"replies":[{"embeddable":true,"href":"https:\/\/franciscanos.org.br\/vidacrista\/wp-json\/wp\/v2\/comments?post=194142"}],"version-history":[{"count":3,"href":"https:\/\/franciscanos.org.br\/vidacrista\/wp-json\/wp\/v2\/posts\/194142\/revisions"}],"predecessor-version":[{"id":194146,"href":"https:\/\/franciscanos.org.br\/vidacrista\/wp-json\/wp\/v2\/posts\/194142\/revisions\/194146"}],"wp:featuredmedia":[{"embeddable":true,"href":"https:\/\/franciscanos.org.br\/vidacrista\/wp-json\/wp\/v2\/media\/194143"}],"wp:attachment":[{"href":"https:\/\/franciscanos.org.br\/vidacrista\/wp-json\/wp\/v2\/media?parent=194142"}],"wp:term":[{"taxonomy":"category","embeddable":true,"href":"https:\/\/franciscanos.org.br\/vidacrista\/wp-json\/wp\/v2\/categories?post=194142"},{"taxonomy":"post_tag","embeddable":true,"href":"https:\/\/franciscanos.org.br\/vidacrista\/wp-json\/wp\/v2\/tags?post=194142"}],"curies":[{"name":"wp","href":"https:\/\/api.w.org\/{rel}","templated":true}]}}