{"id":194093,"date":"2023-12-05T07:53:11","date_gmt":"2023-12-05T10:53:11","guid":{"rendered":"https:\/\/franciscanos.org.br\/vidacrista\/?p=194093"},"modified":"2023-12-05T09:44:25","modified_gmt":"2023-12-05T12:44:25","slug":"acaso-nao-sabeis-que-eu-sou-da-imaculada","status":"publish","type":"post","link":"https:\/\/franciscanos.org.br\/vidacrista\/acaso-nao-sabeis-que-eu-sou-da-imaculada\/","title":{"rendered":"Celebrar a Imaculada Concei\u00e7\u00e3o para acolher o Salvador"},"content":{"rendered":"<div id=\"attachment_194094\" style=\"width: 850px\" class=\"wp-caption alignnone\"><img aria-describedby=\"caption-attachment-194094\" decoding=\"async\" loading=\"lazy\" class=\"wp-image-194094 size-full\" src=\"https:\/\/franciscanos.org.br\/vidacrista\/wp-content\/uploads\/2023\/12\/imaculada_0512.jpg\" alt=\"\" width=\"840\" height=\"450\" srcset=\"https:\/\/franciscanos.org.br\/vidacrista\/wp-content\/uploads\/2023\/12\/imaculada_0512.jpg 840w, https:\/\/franciscanos.org.br\/vidacrista\/wp-content\/uploads\/2023\/12\/imaculada_0512-450x241.jpg 450w, https:\/\/franciscanos.org.br\/vidacrista\/wp-content\/uploads\/2023\/12\/imaculada_0512-768x411.jpg 768w, https:\/\/franciscanos.org.br\/vidacrista\/wp-content\/uploads\/2023\/12\/imaculada_0512-150x80.jpg 150w\" sizes=\"(max-width: 840px) 100vw, 840px\" \/><p id=\"caption-attachment-194094\" class=\"wp-caption-text\"><em>Imagem ilustrativa: Imaculada Concei\u00e7\u00e3o (c. 1645-1655 ), Bartolom\u00e9 Esteban Murillo (Wikipedia, dom\u00ednio p\u00fablico)<\/em><\/p><\/div>\n<p><strong>Frei Augusto Luiz Gabriel<\/strong><\/p>\n<p>No dia 8 de dezembro, em pleno Tempo do Advento, a Igreja celebra a Solenidade da Imaculada Concei\u00e7\u00e3o de Maria. \u00c9 a festa do come\u00e7o absoluto, como afirma Paulo VI, quando Deus, por pura iniciativa sua, e preparando a chegada do seu Filho, preservou a Virgem Maria de toda a mancha de pecado original, para que na plenitude da gra\u00e7a fosse a digna M\u00e3e de seu Filho. A Igreja sempre venerou a santidade da M\u00e3e de Deus com o seu cora\u00e7\u00e3o inteiramente voltado para Deus. Maria \u00e9 a mulher &#8220;cheia de gra\u00e7a&#8221; (Lc 1,28), saudada pelo anjo, na Anuncia\u00e7\u00e3o.<\/p>\n<p>Sobre a hist\u00f3ria do dogma da Imaculada Concei\u00e7\u00e3o, l\u00ea-se que a doutrina da santidade original de Maria se formou inicialmente no Oriente pelo s\u00e9culo VI ou VII e dali passou para o Ocidente, junto com a festa lit\u00fargica que se introduziu primeiro na It\u00e1lia inferior, ent\u00e3o bizantina, da\u00ed passando \u00e0 Inglaterra e \u00e0 Fran\u00e7a. Nestes pa\u00edses, no entanto, desde o come\u00e7o denominou-se como festa da Imaculada Concei\u00e7\u00e3o. Antes ainda, fontes antigas destacam que no s\u00e9culo III a literatura do per\u00edodo inspirava muitas festas marianas, como por exemplo a da Imaculada Concei\u00e7\u00e3o e a Natividade da Virgem Maria.<\/p>\n<p>Mas foi em 8 de dezembro de 1854, com a bula \u201cIneffabilis Deus\u201d que Papa Pio IX declarou a Imaculada Concei\u00e7\u00e3o como dogma. Na hist\u00f3ria da Igreja, h\u00e1 muito tempo a devo\u00e7\u00e3o \u00e0 Imaculada Concei\u00e7\u00e3o ocupou lugar de destaque, anterior at\u00e9 mesmo \u00e0 pr\u00f3pria defini\u00e7\u00e3o e proclama\u00e7\u00e3o do dogma. No entanto, no dia citado, com a Bas\u00edlica de S\u00e3o Pedro lotada, o Papa Pio IX lia emocionado o decreto definitivo que sancionava o dogma: \u201cCom a autoridade do Nosso Senhor Jesus Cristo, dos bem-aventurados ap\u00f3stolos Pedro e Paulo e Nossa, declaramos, proclamamos e definimos que a doutrina que afirma que a beat\u00edssima virgem Maria, no primeiro instante de sua concei\u00e7\u00e3o, por singular gra\u00e7a e privil\u00e9gio do Deus onipotente, em vista dos m\u00e9ritos de Jesus Cristo, Salvador do g\u00eanero humano, foi preservada imune de toda mancha da culpa original, \u00e9 revelada por Deus e por isso deve ser crida firme e constantemente por todos os fi\u00e9is.\u201d<\/p>\n<p>A defini\u00e7\u00e3o do dogma foi um processo que se insere em um contexto muito mais amplo e complexo de acontecimentos que marcaram e transformaram todo o s\u00e9culo XIX. O processo de defini\u00e7\u00e3o foi ent\u00e3o influenciado por um conjunto de quest\u00f5es da qual a Igreja n\u00e3o poderia ficar isenta, entre as quais, sobre a figura de Maria.<\/p>\n<p>Neste ano de 2023, a Igreja celebra 169 anos deste dogma. Mas, a institui\u00e7\u00e3o da qual sou inscrito como frade menor franciscano, j\u00e1 foi erigida h\u00e1 mais de tr\u00eas s\u00e9culos e meio, com esta invoca\u00e7\u00e3o: Prov\u00edncia da Imaculada Concei\u00e7\u00e3o. Vale ressaltar que a ordem franciscana j\u00e1 celebrava esta solenidade desde o s\u00e9culo XIII.<\/p>\n<p>No Pref\u00e1cio da Santa Missa, intitulado \u201cDo Mist\u00e9rio de Maria e da Igreja\u201d, v\u00ea-se uma rela\u00e7\u00e3o entre a figura da Virgem e o povo de Deus. No primeiro par\u00e1grafo, se recupera a teologia de fundo da solenidade que consiste na afirma\u00e7\u00e3o do dogma da Imaculada Concei\u00e7\u00e3o. Maria, \u00e9 colocada como digna habita\u00e7\u00e3o \u201clivre da mancha do pecado original\u201d e plena de gra\u00e7a. Portanto, Maria \u00e9 proclamada como fez o anjo na Anuncia\u00e7\u00e3o.<\/p>\n<p>Na imagem de Maria tem-se os primeiros frutos da Igreja, que \u00e9 convocada a ser conforme o exemplo da M\u00e3e do Senhor: \u201cSem ruga, sem mancha, resplandecente de beleza\u201d. Maria \u00e9 m\u00e3e da Igreja, modelo de santidade e advogada dos crist\u00e3os. Tamb\u00e9m S\u00e3o Francisco de Assis, em sua \u201cSauda\u00e7\u00e3o a M\u00e3e de Deus\u201d coloca em paralelo a Bem-Aventurada Virgem Maria como s\u00edmbolo da Igreja.<\/p>\n<p>Assim, o pr\u00f3prio texto lit\u00fargico desta solenidade apresenta o mist\u00e9rio da festa em conex\u00e3o com a hist\u00f3ria da salva\u00e7\u00e3o, louva Maria como \u201cprim\u00edcias da Igreja\u201d esposa imaculada de Cristo, como modelo de santidade acima de todos os santos. Advogada nossa, \u201cela interv\u00e9m constantemente em favor do vosso povo\u201d, e de seus filhos, que s\u00e3o todos os crist\u00e3os. Foi em virtude da salva\u00e7\u00e3o do g\u00eanero humano que Maria foi preservada do pecado. E isso \u00e9 fortemente evidenciado em todos os textos lit\u00fargicos da Celebra\u00e7\u00e3o da Eucaristia.<\/p>\n<p>Maria, preservada do pecado e cheia de gra\u00e7a, consegue orientar tudo para um projeto santo. No entanto, n\u00e3o deixa de sofrer, angustia-se, sente os limites da carne. Mas estes limites, n\u00e3o foram motivos de desesperan\u00e7a e lam\u00faria, e sim, potencializaram ainda mais a sua vida. Nela tudo \u00e9 cristalino sem ser simplista, tudo \u00e9 puro sem ser fr\u00e1gil e tudo \u00e9 livre sem ser desmedido.<\/p>\n<p>O tempo lit\u00fargico mais pr\u00f3prio para a venera\u00e7\u00e3o de Maria \u00e9 o Tempo do Advento. \u00c9 o que afirma o papa Paulo VI na <em>Enc\u00edclica Marialis Cultus<\/em>, sobre o culto a Virgem Maria: \u201cO Advento deve ser considerado como um tempo particularmente adequado para o culto da M\u00e3e do Senhor\u201d.<\/p>\n<p>Celebrar a Imaculada Concei\u00e7\u00e3o no Advento revela uma radical prepara\u00e7\u00e3o para acolher o Salvador que vem. Nesse mesmo per\u00edodo a Virgem \u00e9 recordada muito especialmente nos dias de expecta\u00e7\u00e3o (de 17 a 24 de dezembro), no \u00faltimo domingo do Advento. O mist\u00e9rio pascal mostra o Salvador que nos vem como cordeiro sem mancha, que tira o pecado do mundo. Ele \u00e9 o Sol da justi\u00e7a, Cristo nosso Deus e o b\u00e1lsamo para a humanidade ferida pelo pecado.<\/p>\n<p>A Solenidade da Imaculada Concei\u00e7\u00e3o ocupa um lugar privilegiado na viv\u00eancia da liturgia durante o Ano Lit\u00fargico. Deus realizou maravilhas em Maria. Ela \u00e9 modelo de realiza\u00e7\u00e3o do mist\u00e9rio de Cristo e \u00e9 intercessora junto ao seu Filho. Na celebra\u00e7\u00e3o desta solenidade, Imaculada revela o mist\u00e9rio de Cristo e conduz a Ele. Assim, esta festa, \u00e9 sempre pascal.<\/p>\n<p>Vale ressaltar, que no Brasil, por determina\u00e7\u00e3o da CNBB e autoriza\u00e7\u00e3o da Santa S\u00e9, a Solenidade da Imaculada Concei\u00e7\u00e3o \u00e9 sempre celebrada no dia 8 de dezembro, mesmo que este dia seja um domingo do Tempo do Advento.<\/p>\n<p>A Igreja d\u00e1 gra\u00e7as ao Pai, por Cristo, no Esp\u00edrito Santo, pelas maravilhas e gra\u00e7as realizadas em Maria, M\u00e3e de Deus. Nela a Igreja contempla e vive a voca\u00e7\u00e3o, a miss\u00e3o e o destino de cada ser humano.<\/p>\n<p>Portanto, o dia da Imaculada se celebra como festa e solenidade de toda a Igreja e da humanidade, porque no dom gratuito que Deus faz a Maria, Ele aben\u00e7oa a todos n\u00f3s. Ela \u00e9 o feliz ex\u00f3rdio da Igreja sem mancha e sem ruga e nela foi dado in\u00edcio \u00e0 Igreja, esposa de Cristo, resplandecente de beleza e santidade.<\/p>\n<p>A Solenidade da Imaculada Concei\u00e7\u00e3o \u00e9 uma celebra\u00e7\u00e3o estritamente unida a obra de Deus. Celebra-se a a\u00e7\u00e3o de Deus que, a fim de preparar para o seu Filho uma m\u00e3e que fosse digna Dele, preservou Maria do pecado original e a enriqueceu com a plenitude de sua gra\u00e7a, pois, por ela, \u201cnos veio o sol da justi\u00e7a, o Cristo, nosso Deus\u201d.<\/p>\n<p><em>Este artigo foi publicado originalmente na \u201cRevista Ave-Maria\u201d.<\/em><\/p>\n<hr \/>\n<p><strong>Frei Augusto Luiz Gabriel, OFM<\/strong>,\u00a0<em>Religioso franciscano da Ordem dos Frades Menores. \u00c9 graduado em Filosofia pela FAE Centro Universit\u00e1rio de Curitiba (PR), e em Teologia pelo Instituto Teol\u00f3gico Franciscano de Petr\u00f3polis (RJ). Atualmente comp\u00f5e a equipe de Anima\u00e7\u00e3o da Evangeliza\u00e7\u00e3o com as Juventudes da Prov\u00edncia da Imaculada Concei\u00e7\u00e3o do Brasil e desempenha seus trabalhos pastorais na Par\u00f3quia Santa Clara de Assis de Colatina (ES). Foi ordenado presb\u00edtero em outubro deste ano.<\/em><\/p>\n","protected":false},"excerpt":{"rendered":"<p>Artigo de Frei Augusto Luiz Gabriel<\/p>\n","protected":false},"author":3,"featured_media":194094,"comment_status":"open","ping_status":"open","sticky":false,"template":"","format":"standard","meta":{"footnotes":""},"categories":[26],"tags":[352],"yoast_head":"<!-- This site is optimized with the Yoast SEO plugin v19.4 - https:\/\/yoast.com\/wordpress\/plugins\/seo\/ -->\n<title>Celebrar a Imaculada Concei\u00e7\u00e3o para acolher o Salvador - Vida Crist\u00e3 - Franciscanos<\/title>\n<meta name=\"robots\" content=\"index, follow, max-snippet:-1, max-image-preview:large, max-video-preview:-1\" \/>\n<link rel=\"canonical\" href=\"https:\/\/franciscanos.org.br\/vidacrista\/acaso-nao-sabeis-que-eu-sou-da-imaculada\/\" \/>\n<meta property=\"og:locale\" content=\"pt_BR\" \/>\n<meta property=\"og:type\" content=\"article\" \/>\n<meta property=\"og:title\" content=\"Celebrar a Imaculada Concei\u00e7\u00e3o para acolher o Salvador - Vida Crist\u00e3 - Franciscanos\" \/>\n<meta property=\"og:description\" content=\"Artigo de Frei Augusto Luiz Gabriel\" \/>\n<meta property=\"og:url\" content=\"https:\/\/franciscanos.org.br\/vidacrista\/acaso-nao-sabeis-que-eu-sou-da-imaculada\/\" \/>\n<meta property=\"og:site_name\" content=\"Vida Crist\u00e3 - Franciscanos\" \/>\n<meta property=\"article:published_time\" content=\"2023-12-05T10:53:11+00:00\" \/>\n<meta property=\"article:modified_time\" content=\"2023-12-05T12:44:25+00:00\" \/>\n<meta property=\"og:image\" content=\"https:\/\/franciscanos.org.br\/vidacrista\/wp-content\/uploads\/2023\/12\/imaculada_0512.jpg\" \/>\n\t<meta property=\"og:image:width\" content=\"840\" \/>\n\t<meta property=\"og:image:height\" content=\"450\" \/>\n\t<meta property=\"og:image:type\" content=\"image\/jpeg\" \/>\n<meta name=\"author\" content=\"moacir\" \/>\n<meta name=\"twitter:card\" content=\"summary_large_image\" \/>\n<meta name=\"twitter:label1\" content=\"Escrito por\" \/>\n\t<meta name=\"twitter:data1\" content=\"moacir\" \/>\n\t<meta name=\"twitter:label2\" content=\"Est. tempo de leitura\" \/>\n\t<meta name=\"twitter:data2\" content=\"7 minutos\" \/>\n<script type=\"application\/ld+json\" class=\"yoast-schema-graph\">{\"@context\":\"https:\/\/schema.org\",\"@graph\":[{\"@type\":\"WebSite\",\"@id\":\"https:\/\/franciscanos.org.br\/vidacrista\/#website\",\"url\":\"https:\/\/franciscanos.org.br\/vidacrista\/\",\"name\":\"Vida Crist\u00e3 - Franciscanos\",\"description\":\"Prov\u00edncia Franciscana da Imaculada Concei\u00e7\u00e3o do Brasil - Ordem dos Frades Menores\",\"potentialAction\":[{\"@type\":\"SearchAction\",\"target\":{\"@type\":\"EntryPoint\",\"urlTemplate\":\"https:\/\/franciscanos.org.br\/vidacrista\/?s={search_term_string}\"},\"query-input\":\"required name=search_term_string\"}],\"inLanguage\":\"pt-BR\"},{\"@type\":\"WebPage\",\"@id\":\"https:\/\/franciscanos.org.br\/vidacrista\/acaso-nao-sabeis-que-eu-sou-da-imaculada\/\",\"url\":\"https:\/\/franciscanos.org.br\/vidacrista\/acaso-nao-sabeis-que-eu-sou-da-imaculada\/\",\"name\":\"Celebrar a Imaculada Concei\u00e7\u00e3o para acolher o Salvador - Vida Crist\u00e3 - Franciscanos\",\"isPartOf\":{\"@id\":\"https:\/\/franciscanos.org.br\/vidacrista\/#website\"},\"datePublished\":\"2023-12-05T10:53:11+00:00\",\"dateModified\":\"2023-12-05T12:44:25+00:00\",\"author\":{\"@id\":\"https:\/\/franciscanos.org.br\/vidacrista\/#\/schema\/person\/1880bdd2c350b735648725ef7614736a\"},\"breadcrumb\":{\"@id\":\"https:\/\/franciscanos.org.br\/vidacrista\/acaso-nao-sabeis-que-eu-sou-da-imaculada\/#breadcrumb\"},\"inLanguage\":\"pt-BR\",\"potentialAction\":[{\"@type\":\"ReadAction\",\"target\":[\"https:\/\/franciscanos.org.br\/vidacrista\/acaso-nao-sabeis-que-eu-sou-da-imaculada\/\"]}]},{\"@type\":\"BreadcrumbList\",\"@id\":\"https:\/\/franciscanos.org.br\/vidacrista\/acaso-nao-sabeis-que-eu-sou-da-imaculada\/#breadcrumb\",\"itemListElement\":[{\"@type\":\"ListItem\",\"position\":1,\"name\":\"Home\",\"item\":\"https:\/\/franciscanos.org.br\/vidacrista\/\"},{\"@type\":\"ListItem\",\"position\":2,\"name\":\"Celebrar a Imaculada Concei\u00e7\u00e3o para acolher o Salvador\"}]},{\"@type\":\"Person\",\"@id\":\"https:\/\/franciscanos.org.br\/vidacrista\/#\/schema\/person\/1880bdd2c350b735648725ef7614736a\",\"name\":\"moacir\",\"image\":{\"@type\":\"ImageObject\",\"inLanguage\":\"pt-BR\",\"@id\":\"https:\/\/franciscanos.org.br\/vidacrista\/#\/schema\/person\/image\/\",\"url\":\"https:\/\/secure.gravatar.com\/avatar\/d08aa2ce4c8dd416d4479aa8536fcf64?s=96&d=mm&r=g\",\"contentUrl\":\"https:\/\/secure.gravatar.com\/avatar\/d08aa2ce4c8dd416d4479aa8536fcf64?s=96&d=mm&r=g\",\"caption\":\"moacir\"},\"url\":\"https:\/\/franciscanos.org.br\/vidacrista\/author\/moacir\/\"}]}<\/script>\n<!-- \/ Yoast SEO plugin. -->","yoast_head_json":{"title":"Celebrar a Imaculada Concei\u00e7\u00e3o para acolher o Salvador - Vida Crist\u00e3 - Franciscanos","robots":{"index":"index","follow":"follow","max-snippet":"max-snippet:-1","max-image-preview":"max-image-preview:large","max-video-preview":"max-video-preview:-1"},"canonical":"https:\/\/franciscanos.org.br\/vidacrista\/acaso-nao-sabeis-que-eu-sou-da-imaculada\/","og_locale":"pt_BR","og_type":"article","og_title":"Celebrar a Imaculada Concei\u00e7\u00e3o para acolher o Salvador - Vida Crist\u00e3 - Franciscanos","og_description":"Artigo de Frei Augusto Luiz Gabriel","og_url":"https:\/\/franciscanos.org.br\/vidacrista\/acaso-nao-sabeis-que-eu-sou-da-imaculada\/","og_site_name":"Vida Crist\u00e3 - Franciscanos","article_published_time":"2023-12-05T10:53:11+00:00","article_modified_time":"2023-12-05T12:44:25+00:00","og_image":[{"width":840,"height":450,"url":"https:\/\/franciscanos.org.br\/vidacrista\/wp-content\/uploads\/2023\/12\/imaculada_0512.jpg","type":"image\/jpeg"}],"author":"moacir","twitter_card":"summary_large_image","twitter_misc":{"Escrito por":"moacir","Est. tempo de leitura":"7 minutos"},"schema":{"@context":"https:\/\/schema.org","@graph":[{"@type":"WebSite","@id":"https:\/\/franciscanos.org.br\/vidacrista\/#website","url":"https:\/\/franciscanos.org.br\/vidacrista\/","name":"Vida Crist\u00e3 - Franciscanos","description":"Prov\u00edncia Franciscana da Imaculada Concei\u00e7\u00e3o do Brasil - Ordem dos Frades Menores","potentialAction":[{"@type":"SearchAction","target":{"@type":"EntryPoint","urlTemplate":"https:\/\/franciscanos.org.br\/vidacrista\/?s={search_term_string}"},"query-input":"required name=search_term_string"}],"inLanguage":"pt-BR"},{"@type":"WebPage","@id":"https:\/\/franciscanos.org.br\/vidacrista\/acaso-nao-sabeis-que-eu-sou-da-imaculada\/","url":"https:\/\/franciscanos.org.br\/vidacrista\/acaso-nao-sabeis-que-eu-sou-da-imaculada\/","name":"Celebrar a Imaculada Concei\u00e7\u00e3o para acolher o Salvador - Vida Crist\u00e3 - Franciscanos","isPartOf":{"@id":"https:\/\/franciscanos.org.br\/vidacrista\/#website"},"datePublished":"2023-12-05T10:53:11+00:00","dateModified":"2023-12-05T12:44:25+00:00","author":{"@id":"https:\/\/franciscanos.org.br\/vidacrista\/#\/schema\/person\/1880bdd2c350b735648725ef7614736a"},"breadcrumb":{"@id":"https:\/\/franciscanos.org.br\/vidacrista\/acaso-nao-sabeis-que-eu-sou-da-imaculada\/#breadcrumb"},"inLanguage":"pt-BR","potentialAction":[{"@type":"ReadAction","target":["https:\/\/franciscanos.org.br\/vidacrista\/acaso-nao-sabeis-que-eu-sou-da-imaculada\/"]}]},{"@type":"BreadcrumbList","@id":"https:\/\/franciscanos.org.br\/vidacrista\/acaso-nao-sabeis-que-eu-sou-da-imaculada\/#breadcrumb","itemListElement":[{"@type":"ListItem","position":1,"name":"Home","item":"https:\/\/franciscanos.org.br\/vidacrista\/"},{"@type":"ListItem","position":2,"name":"Celebrar a Imaculada Concei\u00e7\u00e3o para acolher o Salvador"}]},{"@type":"Person","@id":"https:\/\/franciscanos.org.br\/vidacrista\/#\/schema\/person\/1880bdd2c350b735648725ef7614736a","name":"moacir","image":{"@type":"ImageObject","inLanguage":"pt-BR","@id":"https:\/\/franciscanos.org.br\/vidacrista\/#\/schema\/person\/image\/","url":"https:\/\/secure.gravatar.com\/avatar\/d08aa2ce4c8dd416d4479aa8536fcf64?s=96&d=mm&r=g","contentUrl":"https:\/\/secure.gravatar.com\/avatar\/d08aa2ce4c8dd416d4479aa8536fcf64?s=96&d=mm&r=g","caption":"moacir"},"url":"https:\/\/franciscanos.org.br\/vidacrista\/author\/moacir\/"}]}},"_links":{"self":[{"href":"https:\/\/franciscanos.org.br\/vidacrista\/wp-json\/wp\/v2\/posts\/194093"}],"collection":[{"href":"https:\/\/franciscanos.org.br\/vidacrista\/wp-json\/wp\/v2\/posts"}],"about":[{"href":"https:\/\/franciscanos.org.br\/vidacrista\/wp-json\/wp\/v2\/types\/post"}],"author":[{"embeddable":true,"href":"https:\/\/franciscanos.org.br\/vidacrista\/wp-json\/wp\/v2\/users\/3"}],"replies":[{"embeddable":true,"href":"https:\/\/franciscanos.org.br\/vidacrista\/wp-json\/wp\/v2\/comments?post=194093"}],"version-history":[{"count":3,"href":"https:\/\/franciscanos.org.br\/vidacrista\/wp-json\/wp\/v2\/posts\/194093\/revisions"}],"predecessor-version":[{"id":194097,"href":"https:\/\/franciscanos.org.br\/vidacrista\/wp-json\/wp\/v2\/posts\/194093\/revisions\/194097"}],"wp:featuredmedia":[{"embeddable":true,"href":"https:\/\/franciscanos.org.br\/vidacrista\/wp-json\/wp\/v2\/media\/194094"}],"wp:attachment":[{"href":"https:\/\/franciscanos.org.br\/vidacrista\/wp-json\/wp\/v2\/media?parent=194093"}],"wp:term":[{"taxonomy":"category","embeddable":true,"href":"https:\/\/franciscanos.org.br\/vidacrista\/wp-json\/wp\/v2\/categories?post=194093"},{"taxonomy":"post_tag","embeddable":true,"href":"https:\/\/franciscanos.org.br\/vidacrista\/wp-json\/wp\/v2\/tags?post=194093"}],"curies":[{"name":"wp","href":"https:\/\/api.w.org\/{rel}","templated":true}]}}