{"id":194090,"date":"2023-12-04T07:49:56","date_gmt":"2023-12-04T10:49:56","guid":{"rendered":"https:\/\/franciscanos.org.br\/vidacrista\/?p=194090"},"modified":"2023-12-04T07:49:56","modified_gmt":"2023-12-04T10:49:56","slug":"a-luz-de-esperancas","status":"publish","type":"post","link":"https:\/\/franciscanos.org.br\/vidacrista\/a-luz-de-esperancas\/","title":{"rendered":"A Luz de Esperan\u00e7as"},"content":{"rendered":"<div id=\"attachment_194091\" style=\"width: 850px\" class=\"wp-caption alignnone\"><img aria-describedby=\"caption-attachment-194091\" decoding=\"async\" loading=\"lazy\" class=\"wp-image-194091 size-full\" src=\"https:\/\/franciscanos.org.br\/vidacrista\/wp-content\/uploads\/2023\/12\/artigo_0412.png\" alt=\"\" width=\"840\" height=\"450\" srcset=\"https:\/\/franciscanos.org.br\/vidacrista\/wp-content\/uploads\/2023\/12\/artigo_0412.png 840w, https:\/\/franciscanos.org.br\/vidacrista\/wp-content\/uploads\/2023\/12\/artigo_0412-450x241.png 450w, https:\/\/franciscanos.org.br\/vidacrista\/wp-content\/uploads\/2023\/12\/artigo_0412-768x411.png 768w, https:\/\/franciscanos.org.br\/vidacrista\/wp-content\/uploads\/2023\/12\/artigo_0412-150x80.png 150w\" sizes=\"(max-width: 840px) 100vw, 840px\" \/><p id=\"caption-attachment-194091\" class=\"wp-caption-text\">Imagem ilustrativa: Canva (<a href=\"http:\/\/www.canva.com\/pt_br\/modelos\">www.canva.com\/pt_br\/modelos<\/a>)<\/p><\/div>\n<p><strong>Dom Walmor Oliveira de Azevedo<\/strong><\/p>\n<p>\u00c9 tempo do Advento, caminho de prepara\u00e7\u00e3o para o Natal que leva esperan\u00e7a ao cora\u00e7\u00e3o. N\u00e3o se trata simplesmente de uma \u00e9poca caracterizada por cores e luzes, compras, presentes, confraterniza\u00e7\u00f5es. No tempo do Advento est\u00e1 a oportunidade para cultivar a esperan\u00e7a que sustenta a exist\u00eancia humana. Trata-se, assim, de ant\u00eddoto para a desesperan\u00e7a que leva a um viver sem sentido, a uma car\u00eancia de solidariedades e de contribui\u00e7\u00f5es significativas para avan\u00e7os na humanidade. \u00c9 preciso ter muito cuidado considerando o qu\u00e3o especial \u00e9 este tempo. N\u00e3o se deve escutar a voz monossil\u00e1bica dos \u201cprofetas do agouro\u201d, que propagam as sombras da desesperan\u00e7a e do pessimismo, levando a um adoecimento existencial muito comum na contemporaneidade.<\/p>\n<p>H\u00e1 um conjunto de vis\u00f5es de mundo e de atitudes que projetam escurid\u00e3o sobre as esperan\u00e7as. Muito pessimismo \u00e9 disseminado at\u00e9 mesmo pelos que fazem an\u00e1lises intelectuais da realidade, indicando graves problemas, mas sem conseguir apontar caminhos para solucion\u00e1-los. A desesperan\u00e7a \u00e9 consolidada tamb\u00e9m pela crueldade das atitudes que est\u00e3o na contram\u00e3o do bem de todos, da justi\u00e7a e da solidariedade. Deve-se aprender a esperan\u00e7ar, sobre o alicerce que \u00e9 a luz luzente da esperan\u00e7a. Uma luz que ultrapassa a condi\u00e7\u00e3o humana. S\u00e3o Jo\u00e3o, poeticamente ensina, nos primeiros vers\u00edculos de seu Evangelho: Cristo Jesus \u00e9 esta luz que, vindo ao mundo, a todos ilumina.<\/p>\n<p>Grave \u00e9 o risco de rejeitar a luz. Significa viver nas trevas, distanciando-se da possibilidade de acolher a luz e, assim, renunciar \u00e0 \u00fanica chance de se tornar filho e filha de Deus. Eis a refer\u00eancia \u00fanica e qualificada da esperan\u00e7a crist\u00e3, a ser sempre mais cultivada, anunciada, com a celebra\u00e7\u00e3o do Natal: o Verbo, Cristo, se fez carne e habitou entre os homens. O cora\u00e7\u00e3o humano precisa saber esperar \u2013 e adequadamente reconhecer o que esperar \u2013 para evitar um modo de viver sem rumo, percebido como um grande fardo. Sem a luz da esperan\u00e7a, a humanidade alimenta-se de absurdos e atrocidades, at\u00e9 mesmo com o amparo da raz\u00e3o, que pode contracenar com a pequenez espiritual e humano-afetiva. Oportuno sublinhar que o progresso, \u00e0 luz da esperan\u00e7a crist\u00e3, n\u00e3o significa avan\u00e7ar em conquistas no campo material \u2013 n\u00e3o \u00e9 buscar dominar a natureza, frequentemente a partir de manipula\u00e7\u00f5es e procedimentos mesquinhos, com a explora\u00e7\u00e3o predat\u00f3ria e gananciosa do meio ambiente. A esperan\u00e7a \u00e9 alimentada a partir da consci\u00eancia \u00e9tica e moral que capacita cada pessoa a pautar suas pr\u00f3prias atitudes para al\u00e9m dos interesses materiais.<\/p>\n<p>A esperan\u00e7a fortalece a liberdade humana, \u00e9 impulso para gerar a sabedoria que reveste a vida de sentido. Faz crescer a convic\u00e7\u00e3o para fazer o bem, rem\u00e9dio que cura descompassos e alarga a tenda do cora\u00e7\u00e3o, afastando rancores, m\u00e1goas e preconceitos. H\u00e1 um tesouro moral da humanidade que pode ser fortalecido pela esperan\u00e7a crist\u00e3. Alimentar a esperan\u00e7a pelos raios da luz que \u00e9 Cristo, o menino-Deus, do Natal, \u00e9, pois, ampliar o horizonte do viver humano. Cres\u00e7a a convic\u00e7\u00e3o da import\u00e2ncia de exercitar-se na esperan\u00e7a crist\u00e3, aprendendo sua din\u00e2mica com humildade, em uma tarefa nunca conclu\u00edda, para que os cora\u00e7\u00f5es sejam sustentados pelo bem e pelo amor. Caminho para que possa crescer a compet\u00eancia cidad\u00e3 no desenvolvimento de projetos capazes de oferecer respostas aos problemas da humanidade. Trata-se de um investimento poss\u00edvel quando se tem esta certeza: a reden\u00e7\u00e3o humana n\u00e3o \u00e9 conquistada a partir de exterioridades. Os alicerces da genu\u00edna esperan\u00e7a se assentam na interioridade, o lugar da verdadeira manjedoura do Deus que vem no Natal. O amor maior, ao ser acolhido, redime.<\/p>\n<p>Advento \u00e9 tempo de conhecer e reconhecer um grande amor, o amor maior, de Deus, revelado na pessoa de Jesus. \u00c9 o \u00fanico amor que vence a morte e ultrapassa a fragilidade humana, transformando-a. \u00c9 hora de aprender a receber o amor divino, vivendo, com fecundidade, sil\u00eancio meditativo, o tempo do Advento, para que brilhe a luz de esperan\u00e7as.<\/p>\n<hr \/>\n<p><strong>Dom Walmor Oliveira de Azevedo<\/strong><em> \u00e9 Arcebispo metropolitano de Belo Horizonte<\/em><\/p>\n","protected":false},"excerpt":{"rendered":"<p>Artigo de Dom Walmor Oliveira de Azevedo<\/p>\n","protected":false},"author":3,"featured_media":194091,"comment_status":"open","ping_status":"open","sticky":false,"template":"","format":"standard","meta":{"footnotes":""},"categories":[26],"tags":[271],"yoast_head":"<!-- This site is optimized with the Yoast SEO plugin v19.4 - https:\/\/yoast.com\/wordpress\/plugins\/seo\/ -->\n<title>A Luz de Esperan\u00e7as - Vida Crist\u00e3 - Franciscanos<\/title>\n<meta name=\"robots\" content=\"index, follow, max-snippet:-1, max-image-preview:large, max-video-preview:-1\" \/>\n<link rel=\"canonical\" href=\"https:\/\/franciscanos.org.br\/vidacrista\/a-luz-de-esperancas\/\" \/>\n<meta property=\"og:locale\" content=\"pt_BR\" \/>\n<meta property=\"og:type\" content=\"article\" \/>\n<meta property=\"og:title\" content=\"A Luz de Esperan\u00e7as - Vida Crist\u00e3 - Franciscanos\" \/>\n<meta property=\"og:description\" content=\"Artigo de Dom Walmor Oliveira de Azevedo\" \/>\n<meta property=\"og:url\" content=\"https:\/\/franciscanos.org.br\/vidacrista\/a-luz-de-esperancas\/\" \/>\n<meta property=\"og:site_name\" content=\"Vida Crist\u00e3 - Franciscanos\" \/>\n<meta property=\"article:published_time\" content=\"2023-12-04T10:49:56+00:00\" \/>\n<meta property=\"og:image\" content=\"https:\/\/franciscanos.org.br\/vidacrista\/wp-content\/uploads\/2023\/12\/artigo_0412.png\" \/>\n\t<meta property=\"og:image:width\" content=\"840\" \/>\n\t<meta property=\"og:image:height\" content=\"450\" \/>\n\t<meta property=\"og:image:type\" content=\"image\/png\" \/>\n<meta name=\"author\" content=\"moacir\" \/>\n<meta name=\"twitter:card\" content=\"summary_large_image\" \/>\n<meta name=\"twitter:label1\" content=\"Escrito por\" \/>\n\t<meta name=\"twitter:data1\" content=\"moacir\" \/>\n\t<meta name=\"twitter:label2\" content=\"Est. tempo de leitura\" \/>\n\t<meta name=\"twitter:data2\" content=\"4 minutos\" \/>\n<script type=\"application\/ld+json\" class=\"yoast-schema-graph\">{\"@context\":\"https:\/\/schema.org\",\"@graph\":[{\"@type\":\"WebSite\",\"@id\":\"https:\/\/franciscanos.org.br\/vidacrista\/#website\",\"url\":\"https:\/\/franciscanos.org.br\/vidacrista\/\",\"name\":\"Vida Crist\u00e3 - Franciscanos\",\"description\":\"Prov\u00edncia Franciscana da Imaculada Concei\u00e7\u00e3o do Brasil - Ordem dos Frades Menores\",\"potentialAction\":[{\"@type\":\"SearchAction\",\"target\":{\"@type\":\"EntryPoint\",\"urlTemplate\":\"https:\/\/franciscanos.org.br\/vidacrista\/?s={search_term_string}\"},\"query-input\":\"required name=search_term_string\"}],\"inLanguage\":\"pt-BR\"},{\"@type\":\"WebPage\",\"@id\":\"https:\/\/franciscanos.org.br\/vidacrista\/a-luz-de-esperancas\/\",\"url\":\"https:\/\/franciscanos.org.br\/vidacrista\/a-luz-de-esperancas\/\",\"name\":\"A Luz de Esperan\u00e7as - Vida Crist\u00e3 - Franciscanos\",\"isPartOf\":{\"@id\":\"https:\/\/franciscanos.org.br\/vidacrista\/#website\"},\"datePublished\":\"2023-12-04T10:49:56+00:00\",\"dateModified\":\"2023-12-04T10:49:56+00:00\",\"author\":{\"@id\":\"https:\/\/franciscanos.org.br\/vidacrista\/#\/schema\/person\/1880bdd2c350b735648725ef7614736a\"},\"breadcrumb\":{\"@id\":\"https:\/\/franciscanos.org.br\/vidacrista\/a-luz-de-esperancas\/#breadcrumb\"},\"inLanguage\":\"pt-BR\",\"potentialAction\":[{\"@type\":\"ReadAction\",\"target\":[\"https:\/\/franciscanos.org.br\/vidacrista\/a-luz-de-esperancas\/\"]}]},{\"@type\":\"BreadcrumbList\",\"@id\":\"https:\/\/franciscanos.org.br\/vidacrista\/a-luz-de-esperancas\/#breadcrumb\",\"itemListElement\":[{\"@type\":\"ListItem\",\"position\":1,\"name\":\"Home\",\"item\":\"https:\/\/franciscanos.org.br\/vidacrista\/\"},{\"@type\":\"ListItem\",\"position\":2,\"name\":\"A Luz de Esperan\u00e7as\"}]},{\"@type\":\"Person\",\"@id\":\"https:\/\/franciscanos.org.br\/vidacrista\/#\/schema\/person\/1880bdd2c350b735648725ef7614736a\",\"name\":\"moacir\",\"image\":{\"@type\":\"ImageObject\",\"inLanguage\":\"pt-BR\",\"@id\":\"https:\/\/franciscanos.org.br\/vidacrista\/#\/schema\/person\/image\/\",\"url\":\"https:\/\/secure.gravatar.com\/avatar\/d08aa2ce4c8dd416d4479aa8536fcf64?s=96&d=mm&r=g\",\"contentUrl\":\"https:\/\/secure.gravatar.com\/avatar\/d08aa2ce4c8dd416d4479aa8536fcf64?s=96&d=mm&r=g\",\"caption\":\"moacir\"},\"url\":\"https:\/\/franciscanos.org.br\/vidacrista\/author\/moacir\/\"}]}<\/script>\n<!-- \/ Yoast SEO plugin. -->","yoast_head_json":{"title":"A Luz de Esperan\u00e7as - Vida Crist\u00e3 - Franciscanos","robots":{"index":"index","follow":"follow","max-snippet":"max-snippet:-1","max-image-preview":"max-image-preview:large","max-video-preview":"max-video-preview:-1"},"canonical":"https:\/\/franciscanos.org.br\/vidacrista\/a-luz-de-esperancas\/","og_locale":"pt_BR","og_type":"article","og_title":"A Luz de Esperan\u00e7as - Vida Crist\u00e3 - Franciscanos","og_description":"Artigo de Dom Walmor Oliveira de Azevedo","og_url":"https:\/\/franciscanos.org.br\/vidacrista\/a-luz-de-esperancas\/","og_site_name":"Vida Crist\u00e3 - Franciscanos","article_published_time":"2023-12-04T10:49:56+00:00","og_image":[{"width":840,"height":450,"url":"https:\/\/franciscanos.org.br\/vidacrista\/wp-content\/uploads\/2023\/12\/artigo_0412.png","type":"image\/png"}],"author":"moacir","twitter_card":"summary_large_image","twitter_misc":{"Escrito por":"moacir","Est. tempo de leitura":"4 minutos"},"schema":{"@context":"https:\/\/schema.org","@graph":[{"@type":"WebSite","@id":"https:\/\/franciscanos.org.br\/vidacrista\/#website","url":"https:\/\/franciscanos.org.br\/vidacrista\/","name":"Vida Crist\u00e3 - Franciscanos","description":"Prov\u00edncia Franciscana da Imaculada Concei\u00e7\u00e3o do Brasil - Ordem dos Frades Menores","potentialAction":[{"@type":"SearchAction","target":{"@type":"EntryPoint","urlTemplate":"https:\/\/franciscanos.org.br\/vidacrista\/?s={search_term_string}"},"query-input":"required name=search_term_string"}],"inLanguage":"pt-BR"},{"@type":"WebPage","@id":"https:\/\/franciscanos.org.br\/vidacrista\/a-luz-de-esperancas\/","url":"https:\/\/franciscanos.org.br\/vidacrista\/a-luz-de-esperancas\/","name":"A Luz de Esperan\u00e7as - Vida Crist\u00e3 - Franciscanos","isPartOf":{"@id":"https:\/\/franciscanos.org.br\/vidacrista\/#website"},"datePublished":"2023-12-04T10:49:56+00:00","dateModified":"2023-12-04T10:49:56+00:00","author":{"@id":"https:\/\/franciscanos.org.br\/vidacrista\/#\/schema\/person\/1880bdd2c350b735648725ef7614736a"},"breadcrumb":{"@id":"https:\/\/franciscanos.org.br\/vidacrista\/a-luz-de-esperancas\/#breadcrumb"},"inLanguage":"pt-BR","potentialAction":[{"@type":"ReadAction","target":["https:\/\/franciscanos.org.br\/vidacrista\/a-luz-de-esperancas\/"]}]},{"@type":"BreadcrumbList","@id":"https:\/\/franciscanos.org.br\/vidacrista\/a-luz-de-esperancas\/#breadcrumb","itemListElement":[{"@type":"ListItem","position":1,"name":"Home","item":"https:\/\/franciscanos.org.br\/vidacrista\/"},{"@type":"ListItem","position":2,"name":"A Luz de Esperan\u00e7as"}]},{"@type":"Person","@id":"https:\/\/franciscanos.org.br\/vidacrista\/#\/schema\/person\/1880bdd2c350b735648725ef7614736a","name":"moacir","image":{"@type":"ImageObject","inLanguage":"pt-BR","@id":"https:\/\/franciscanos.org.br\/vidacrista\/#\/schema\/person\/image\/","url":"https:\/\/secure.gravatar.com\/avatar\/d08aa2ce4c8dd416d4479aa8536fcf64?s=96&d=mm&r=g","contentUrl":"https:\/\/secure.gravatar.com\/avatar\/d08aa2ce4c8dd416d4479aa8536fcf64?s=96&d=mm&r=g","caption":"moacir"},"url":"https:\/\/franciscanos.org.br\/vidacrista\/author\/moacir\/"}]}},"_links":{"self":[{"href":"https:\/\/franciscanos.org.br\/vidacrista\/wp-json\/wp\/v2\/posts\/194090"}],"collection":[{"href":"https:\/\/franciscanos.org.br\/vidacrista\/wp-json\/wp\/v2\/posts"}],"about":[{"href":"https:\/\/franciscanos.org.br\/vidacrista\/wp-json\/wp\/v2\/types\/post"}],"author":[{"embeddable":true,"href":"https:\/\/franciscanos.org.br\/vidacrista\/wp-json\/wp\/v2\/users\/3"}],"replies":[{"embeddable":true,"href":"https:\/\/franciscanos.org.br\/vidacrista\/wp-json\/wp\/v2\/comments?post=194090"}],"version-history":[{"count":1,"href":"https:\/\/franciscanos.org.br\/vidacrista\/wp-json\/wp\/v2\/posts\/194090\/revisions"}],"predecessor-version":[{"id":194092,"href":"https:\/\/franciscanos.org.br\/vidacrista\/wp-json\/wp\/v2\/posts\/194090\/revisions\/194092"}],"wp:featuredmedia":[{"embeddable":true,"href":"https:\/\/franciscanos.org.br\/vidacrista\/wp-json\/wp\/v2\/media\/194091"}],"wp:attachment":[{"href":"https:\/\/franciscanos.org.br\/vidacrista\/wp-json\/wp\/v2\/media?parent=194090"}],"wp:term":[{"taxonomy":"category","embeddable":true,"href":"https:\/\/franciscanos.org.br\/vidacrista\/wp-json\/wp\/v2\/categories?post=194090"},{"taxonomy":"post_tag","embeddable":true,"href":"https:\/\/franciscanos.org.br\/vidacrista\/wp-json\/wp\/v2\/tags?post=194090"}],"curies":[{"name":"wp","href":"https:\/\/api.w.org\/{rel}","templated":true}]}}