{"id":194047,"date":"2023-11-17T07:38:58","date_gmt":"2023-11-17T10:38:58","guid":{"rendered":"https:\/\/franciscanos.org.br\/vidacrista\/?p=194047"},"modified":"2023-11-17T09:25:43","modified_gmt":"2023-11-17T12:25:43","slug":"fim-do-mundo","status":"publish","type":"post","link":"https:\/\/franciscanos.org.br\/vidacrista\/fim-do-mundo\/","title":{"rendered":"FIM DO MUNDO?"},"content":{"rendered":"<div id=\"attachment_194048\" style=\"width: 850px\" class=\"wp-caption alignnone\"><img aria-describedby=\"caption-attachment-194048\" decoding=\"async\" loading=\"lazy\" class=\"wp-image-194048 size-full\" src=\"https:\/\/franciscanos.org.br\/vidacrista\/wp-content\/uploads\/2023\/11\/artigo_17.png\" alt=\"\" width=\"840\" height=\"450\" srcset=\"https:\/\/franciscanos.org.br\/vidacrista\/wp-content\/uploads\/2023\/11\/artigo_17.png 840w, https:\/\/franciscanos.org.br\/vidacrista\/wp-content\/uploads\/2023\/11\/artigo_17-450x241.png 450w, https:\/\/franciscanos.org.br\/vidacrista\/wp-content\/uploads\/2023\/11\/artigo_17-768x411.png 768w, https:\/\/franciscanos.org.br\/vidacrista\/wp-content\/uploads\/2023\/11\/artigo_17-150x80.png 150w\" sizes=\"(max-width: 840px) 100vw, 840px\" \/><p id=\"caption-attachment-194048\" class=\"wp-caption-text\"><em>Imagem ilustrativa: Canva<\/em> <a href=\"http:\/\/(www.canva.com\/pt_br\/modelos)\">(www.canva.com\/pt_br\/modelos)<\/a><\/p><\/div>\n<p><strong>\u00a0<\/strong><strong>\u201cOnde estiver o cad\u00e1ver, a\u00ed se reunir\u00e3o os abutres!\u201d (Lc <\/strong><em><strong>17,26-37)<\/strong><\/em><\/p>\n<p><em>\u00a0<\/em><em>Frei Jacir de Freitas Faria<\/em> <a href=\"#_ftn1\" name=\"_ftnref1\">[1]<\/a><\/p>\n<p>O texto sobre o qual vamos refletir hoje \u00e9 Lc 17,26-37. Trata-se de um texto apocal\u00edptico. Jesus prepara a comunidade para a realiza\u00e7\u00e3o do Reino de Deus, faz uso de figuras e eventos que estavam no imagin\u00e1rio religioso do povo, como: No\u00e9 e o dil\u00favio; L\u00f3 e sua mulher que virou est\u00e1tua de sal; Dois homens no campo; Duas mulheres moendo e, por fim, um cad\u00e1ver e abutres. Hoje, celebramos a mem\u00f3ria de Santa Isabel da Hungria.<\/p>\n<p>Na B\u00edblia, formar pares tem o objetivo de dar credibilidade ao que se est\u00e1 dizendo. O n\u00famero dois significa testemunho. Jesus envia os disc\u00edpulos dois a dois. Somente o homem podia dar testemunho, substantivo que tem rela\u00e7\u00e3o com os dois test\u00edculos do var\u00e3o. Test\u00edculo \u00e9 o diminutivo de testemunho. No contexto b\u00edblico, todo testemunho tinha que ser feito segurando os test\u00edculos.<\/p>\n<p><iframe loading=\"lazy\" title=\"YouTube video player\" src=\"https:\/\/www.youtube.com\/embed\/4Vk910oNTSk?si=09lM-5vl2zLggQAw\" width=\"100%\" height=\"500\" frameborder=\"0\" allowfullscreen=\"allowfullscreen\"><span data-mce-type=\"bookmark\" style=\"display: inline-block; width: 0px; overflow: hidden; line-height: 0;\" class=\"mce_SELRES_start\">\ufeff<\/span><\/iframe><\/p>\n<p>Santa Isabel da Hungria foi uma mulher que testemunhou a sua f\u00e9 em Jesus, no seguimento de S\u00e3o Francisco de Assis (1996-1224) e de Santa Clara (1194-1253). A sua vida por marcada por uma rela\u00e7\u00e3o matrimonial muito intensa com o seu marido e os pobres. Dois santos, seu marido e os pobres fizeram dela uma terci\u00e1ria franciscana, da Ordem Franciscana Secular (OFS).<\/p>\n<p>Filha de fam\u00edlia nobre da Hungria, Isabel viveu entre os anos 1207 e 1231. Ela foi princesa no reino (Ducado) da Tur\u00edngia (Alemanha), quando se casou com o pr\u00edncipe Luiz, com quem teve tr\u00eas filhos.<\/p>\n<p>Seu marido morreu de peste, na It\u00e1lia, a caminho das cruzadas. Com a sua morte, Isabel foi expulsa do castelo, onde morava, pelos seus cunhados, sequiosos de sua fortuna. Mais tarde, ela foi resgatada e reapossou de todos os seus bens, com os quais fundou um hospital para o servi\u00e7o dos pobres, passando a viver numa choupana.<\/p>\n<p>Isabel \u00e9 representada com rosas nas m\u00e3os. A tradi\u00e7\u00e3o reza que certa vez seu esposo a encontrou levando comida para os pobres em seu avental. Questionado por ele sobre o que trazia, ela respondeu que eram rosas. N\u00e3o era primavera, mas, quando abriu avental, os alimentos foram transformados em rosas.<\/p>\n<p>Na inspira\u00e7\u00e3o das rosas de Santa Isabel da Hungria, voltemos ao dram\u00e1tico imagin\u00e1rio proposto por Jesus, sobretudo o dos urubus e dos cad\u00e1veres. Ser\u00e1 por que Jesus respondeu desse modo?<\/p>\n<p>O contramito b\u00edblico do dil\u00favio foi constru\u00eddo pelo povo de Deus, quando estava no Ex\u00edlio da Babil\u00f4nia (587-536 a.E.C.). Uma cat\u00e1strofe, ocorrida na regi\u00e3o da Turquia, tipo um tsunami, permaneceu na mem\u00f3ria do povo por s\u00e9culos. Os babil\u00f4nios tamb\u00e9m tinham seu mito de dil\u00favio. Portanto, o mito b\u00edblico \u00e9 um contramito ao mito babil\u00f4nico.<\/p>\n<p>O dil\u00favio, no imagin\u00e1rio religioso do povo judeu, ocorre porque Deus decide acabar com a maldade no mundo. Ele escolhe um homem \u00edntegro, chamado No\u00e9, que constr\u00f3i uma arca e nela coloca sua fam\u00edlia e um casal de cada um dos animais. Uma grande tempestade vem sobre a terra para devast\u00e1-la durante quarenta dias, quando, ent\u00e3o, cessa o dil\u00favio. A arca para sobre um monte. Ave, pomba e corvo certificam-se de que havia terra seca, pois trazem em seus bicos um ramo de \u00e1rvore. No\u00e9, ent\u00e3o, oferece um sacrif\u00edcio, recebe a promessa divina de que o dil\u00favio n\u00e3o mais destruiria o mundo. Um arco-\u00edris sela a alian\u00e7a e d\u00e1 a certeza de um novo tempo, um mundo que seria recriado a partir da nova postura do ser humano na terra.<\/p>\n<p>Dil\u00favio, em hebraico, <em>maboul<\/em>, deriva do verbo nabal, que significa perecer ou perder a raz\u00e3o. \u00c9 como se quisesse afirmar que a humanidade tinha perdido a raz\u00e3o. N\u00f3e \u00e9 o que prolonga a exist\u00eancia humana. Jesus estava querendo dizer que Ele \u00e9 o novo No\u00e9, e que uma interven\u00e7\u00e3o de Deus aconteceria em breve.<\/p>\n<p>A mulher de Lot, o sobrinho de Abra\u00e3o, \u00e9 outro imagin\u00e1rio de algo que n\u00e3o aconteceu, mas que serviu para demonstrar que a mulher n\u00e3o confiava totalmente nas promessas de Deus. Virar est\u00e1tua de sal \u00e9 simb\u00f3lico. O sal era usado nas alian\u00e7as entre reis. Olhar para tr\u00e1s \u00e9 n\u00e3o querer seguir o caminho da salva\u00e7\u00e3o. Jesus retoma esse imagin\u00e1rio para exigir o seguimento total de sua proposta de reino. Era pegar ou largar! Era segui-Lo ou mudar de caminho. O disc\u00edpulo tem que fazer a sua escolha.<\/p>\n<p>Jesus termina dizendo que, no tempo da realiza\u00e7\u00e3o do reino, os que est\u00e3o preparados ser\u00e3o levados para junto de Deus. Alguns ser\u00e3o deixados de fora, porque n\u00e3o fizeram o processo de seguimento.<\/p>\n<p>Por fim, \u00e0 pergunta dos disc\u00edpulos por quando isso acontecer\u00e1, Jesus responde pedindo para olhar os sinais do tempo: \u201cOnde estiver o cad\u00e1ver, a\u00ed se reunir\u00e3o os abutres!\u201d ((Lc <em>17,26-37)<\/em><\/p>\n<p>Jesus n\u00e3o diz data, mas pede para os seus ouvintes ficarem atentos aos sinais do tempo. Cientistas t\u00eam afirmado que o superaquecimento global vai destruir a terra. Astr\u00f4nomos apontam que um encontro e fus\u00e3o de estrelas de n\u00eautron, chamado de quilonova, previsto para acontecer, vai causar irradia\u00e7\u00e3o de raios gama capaz de destruir a terra. Todos eles projetam milh\u00f5es de anos para que isso aconte\u00e7a.<\/p>\n<p>Por outra lado, estamos vivendo em tempos de conflitos, guerra, genoc\u00eddio no Oriente M\u00e9dio de palestinos sem-terra e sem-p\u00e1tria, na p\u00e1tria colonizada pelo governo sionista de Israel. Ser\u00e1 isso o in\u00edcio do fim dos tempos? Uns dir\u00e3o que sim. Melhor acreditar que um novo mundo \u00e9 poss\u00edvel aqui e agora, sem a presen\u00e7a de cad\u00e1veres de guerra e abutres pol\u00edticos do reino do mal, na paz e no bem para a humanidade.<\/p>\n<hr \/>\n<p><a href=\"#_ftnref1\" name=\"_ftn1\">[1]<\/a>Doutor em Teologia B\u00edblica pela FAJE (BH). Mestre em Ci\u00eancias B\u00edblicas (Exegese) pelo Pontif\u00edcio Instituto B\u00edblico de Roma. Professor de Exegese B\u00edblica. \u00c9 membro da Associa\u00e7\u00e3o Brasileira de Pesquisa B\u00edblica (ABIB). Sacerdote Franciscano. Autor de dez livros e coautor de quinze. Youtube: Frei Jacir B\u00edblia e Apocrifos. <a href=\"https:\/\/www.youtube.com\/channel\/UCwbSE97jnR6jQwHRigX1KlQ\">https:\/\/www.youtube.com\/channel\/UCwbSE97jnR6jQwHRigX1KlQ<\/a><\/p>\n","protected":false},"excerpt":{"rendered":"<p>Artigo de Frei Jacir de Freitas Faria<\/p>\n","protected":false},"author":3,"featured_media":194048,"comment_status":"open","ping_status":"open","sticky":false,"template":"","format":"standard","meta":{"footnotes":""},"categories":[26],"tags":[43],"yoast_head":"<!-- This site is optimized with the Yoast SEO plugin v19.4 - https:\/\/yoast.com\/wordpress\/plugins\/seo\/ -->\n<title>FIM DO MUNDO? - Vida Crist\u00e3 - Franciscanos<\/title>\n<meta name=\"robots\" content=\"index, follow, max-snippet:-1, max-image-preview:large, max-video-preview:-1\" \/>\n<link rel=\"canonical\" href=\"https:\/\/franciscanos.org.br\/vidacrista\/fim-do-mundo\/\" \/>\n<meta property=\"og:locale\" content=\"pt_BR\" \/>\n<meta property=\"og:type\" content=\"article\" \/>\n<meta property=\"og:title\" content=\"FIM DO MUNDO? - Vida Crist\u00e3 - Franciscanos\" \/>\n<meta property=\"og:description\" content=\"Artigo de Frei Jacir de Freitas Faria\" \/>\n<meta property=\"og:url\" content=\"https:\/\/franciscanos.org.br\/vidacrista\/fim-do-mundo\/\" \/>\n<meta property=\"og:site_name\" content=\"Vida Crist\u00e3 - Franciscanos\" \/>\n<meta property=\"article:published_time\" content=\"2023-11-17T10:38:58+00:00\" \/>\n<meta property=\"article:modified_time\" content=\"2023-11-17T12:25:43+00:00\" \/>\n<meta property=\"og:image\" content=\"https:\/\/franciscanos.org.br\/vidacrista\/wp-content\/uploads\/2023\/11\/artigo_17.png\" \/>\n\t<meta property=\"og:image:width\" content=\"840\" \/>\n\t<meta property=\"og:image:height\" content=\"450\" \/>\n\t<meta property=\"og:image:type\" content=\"image\/png\" \/>\n<meta name=\"author\" content=\"moacir\" \/>\n<meta name=\"twitter:card\" content=\"summary_large_image\" \/>\n<meta name=\"twitter:label1\" content=\"Escrito por\" \/>\n\t<meta name=\"twitter:data1\" content=\"moacir\" \/>\n\t<meta name=\"twitter:label2\" content=\"Est. tempo de leitura\" \/>\n\t<meta name=\"twitter:data2\" content=\"5 minutos\" \/>\n<script type=\"application\/ld+json\" class=\"yoast-schema-graph\">{\"@context\":\"https:\/\/schema.org\",\"@graph\":[{\"@type\":\"WebSite\",\"@id\":\"https:\/\/franciscanos.org.br\/vidacrista\/#website\",\"url\":\"https:\/\/franciscanos.org.br\/vidacrista\/\",\"name\":\"Vida Crist\u00e3 - Franciscanos\",\"description\":\"Prov\u00edncia Franciscana da Imaculada Concei\u00e7\u00e3o do Brasil - Ordem dos Frades Menores\",\"potentialAction\":[{\"@type\":\"SearchAction\",\"target\":{\"@type\":\"EntryPoint\",\"urlTemplate\":\"https:\/\/franciscanos.org.br\/vidacrista\/?s={search_term_string}\"},\"query-input\":\"required name=search_term_string\"}],\"inLanguage\":\"pt-BR\"},{\"@type\":\"WebPage\",\"@id\":\"https:\/\/franciscanos.org.br\/vidacrista\/fim-do-mundo\/\",\"url\":\"https:\/\/franciscanos.org.br\/vidacrista\/fim-do-mundo\/\",\"name\":\"FIM DO MUNDO? - Vida Crist\u00e3 - Franciscanos\",\"isPartOf\":{\"@id\":\"https:\/\/franciscanos.org.br\/vidacrista\/#website\"},\"datePublished\":\"2023-11-17T10:38:58+00:00\",\"dateModified\":\"2023-11-17T12:25:43+00:00\",\"author\":{\"@id\":\"https:\/\/franciscanos.org.br\/vidacrista\/#\/schema\/person\/1880bdd2c350b735648725ef7614736a\"},\"breadcrumb\":{\"@id\":\"https:\/\/franciscanos.org.br\/vidacrista\/fim-do-mundo\/#breadcrumb\"},\"inLanguage\":\"pt-BR\",\"potentialAction\":[{\"@type\":\"ReadAction\",\"target\":[\"https:\/\/franciscanos.org.br\/vidacrista\/fim-do-mundo\/\"]}]},{\"@type\":\"BreadcrumbList\",\"@id\":\"https:\/\/franciscanos.org.br\/vidacrista\/fim-do-mundo\/#breadcrumb\",\"itemListElement\":[{\"@type\":\"ListItem\",\"position\":1,\"name\":\"Home\",\"item\":\"https:\/\/franciscanos.org.br\/vidacrista\/\"},{\"@type\":\"ListItem\",\"position\":2,\"name\":\"FIM DO MUNDO?\"}]},{\"@type\":\"Person\",\"@id\":\"https:\/\/franciscanos.org.br\/vidacrista\/#\/schema\/person\/1880bdd2c350b735648725ef7614736a\",\"name\":\"moacir\",\"image\":{\"@type\":\"ImageObject\",\"inLanguage\":\"pt-BR\",\"@id\":\"https:\/\/franciscanos.org.br\/vidacrista\/#\/schema\/person\/image\/\",\"url\":\"https:\/\/secure.gravatar.com\/avatar\/d08aa2ce4c8dd416d4479aa8536fcf64?s=96&d=mm&r=g\",\"contentUrl\":\"https:\/\/secure.gravatar.com\/avatar\/d08aa2ce4c8dd416d4479aa8536fcf64?s=96&d=mm&r=g\",\"caption\":\"moacir\"},\"url\":\"https:\/\/franciscanos.org.br\/vidacrista\/author\/moacir\/\"}]}<\/script>\n<!-- \/ Yoast SEO plugin. -->","yoast_head_json":{"title":"FIM DO MUNDO? - Vida Crist\u00e3 - Franciscanos","robots":{"index":"index","follow":"follow","max-snippet":"max-snippet:-1","max-image-preview":"max-image-preview:large","max-video-preview":"max-video-preview:-1"},"canonical":"https:\/\/franciscanos.org.br\/vidacrista\/fim-do-mundo\/","og_locale":"pt_BR","og_type":"article","og_title":"FIM DO MUNDO? - Vida Crist\u00e3 - Franciscanos","og_description":"Artigo de Frei Jacir de Freitas Faria","og_url":"https:\/\/franciscanos.org.br\/vidacrista\/fim-do-mundo\/","og_site_name":"Vida Crist\u00e3 - Franciscanos","article_published_time":"2023-11-17T10:38:58+00:00","article_modified_time":"2023-11-17T12:25:43+00:00","og_image":[{"width":840,"height":450,"url":"https:\/\/franciscanos.org.br\/vidacrista\/wp-content\/uploads\/2023\/11\/artigo_17.png","type":"image\/png"}],"author":"moacir","twitter_card":"summary_large_image","twitter_misc":{"Escrito por":"moacir","Est. tempo de leitura":"5 minutos"},"schema":{"@context":"https:\/\/schema.org","@graph":[{"@type":"WebSite","@id":"https:\/\/franciscanos.org.br\/vidacrista\/#website","url":"https:\/\/franciscanos.org.br\/vidacrista\/","name":"Vida Crist\u00e3 - Franciscanos","description":"Prov\u00edncia Franciscana da Imaculada Concei\u00e7\u00e3o do Brasil - Ordem dos Frades Menores","potentialAction":[{"@type":"SearchAction","target":{"@type":"EntryPoint","urlTemplate":"https:\/\/franciscanos.org.br\/vidacrista\/?s={search_term_string}"},"query-input":"required name=search_term_string"}],"inLanguage":"pt-BR"},{"@type":"WebPage","@id":"https:\/\/franciscanos.org.br\/vidacrista\/fim-do-mundo\/","url":"https:\/\/franciscanos.org.br\/vidacrista\/fim-do-mundo\/","name":"FIM DO MUNDO? - Vida Crist\u00e3 - Franciscanos","isPartOf":{"@id":"https:\/\/franciscanos.org.br\/vidacrista\/#website"},"datePublished":"2023-11-17T10:38:58+00:00","dateModified":"2023-11-17T12:25:43+00:00","author":{"@id":"https:\/\/franciscanos.org.br\/vidacrista\/#\/schema\/person\/1880bdd2c350b735648725ef7614736a"},"breadcrumb":{"@id":"https:\/\/franciscanos.org.br\/vidacrista\/fim-do-mundo\/#breadcrumb"},"inLanguage":"pt-BR","potentialAction":[{"@type":"ReadAction","target":["https:\/\/franciscanos.org.br\/vidacrista\/fim-do-mundo\/"]}]},{"@type":"BreadcrumbList","@id":"https:\/\/franciscanos.org.br\/vidacrista\/fim-do-mundo\/#breadcrumb","itemListElement":[{"@type":"ListItem","position":1,"name":"Home","item":"https:\/\/franciscanos.org.br\/vidacrista\/"},{"@type":"ListItem","position":2,"name":"FIM DO MUNDO?"}]},{"@type":"Person","@id":"https:\/\/franciscanos.org.br\/vidacrista\/#\/schema\/person\/1880bdd2c350b735648725ef7614736a","name":"moacir","image":{"@type":"ImageObject","inLanguage":"pt-BR","@id":"https:\/\/franciscanos.org.br\/vidacrista\/#\/schema\/person\/image\/","url":"https:\/\/secure.gravatar.com\/avatar\/d08aa2ce4c8dd416d4479aa8536fcf64?s=96&d=mm&r=g","contentUrl":"https:\/\/secure.gravatar.com\/avatar\/d08aa2ce4c8dd416d4479aa8536fcf64?s=96&d=mm&r=g","caption":"moacir"},"url":"https:\/\/franciscanos.org.br\/vidacrista\/author\/moacir\/"}]}},"_links":{"self":[{"href":"https:\/\/franciscanos.org.br\/vidacrista\/wp-json\/wp\/v2\/posts\/194047"}],"collection":[{"href":"https:\/\/franciscanos.org.br\/vidacrista\/wp-json\/wp\/v2\/posts"}],"about":[{"href":"https:\/\/franciscanos.org.br\/vidacrista\/wp-json\/wp\/v2\/types\/post"}],"author":[{"embeddable":true,"href":"https:\/\/franciscanos.org.br\/vidacrista\/wp-json\/wp\/v2\/users\/3"}],"replies":[{"embeddable":true,"href":"https:\/\/franciscanos.org.br\/vidacrista\/wp-json\/wp\/v2\/comments?post=194047"}],"version-history":[{"count":2,"href":"https:\/\/franciscanos.org.br\/vidacrista\/wp-json\/wp\/v2\/posts\/194047\/revisions"}],"predecessor-version":[{"id":194050,"href":"https:\/\/franciscanos.org.br\/vidacrista\/wp-json\/wp\/v2\/posts\/194047\/revisions\/194050"}],"wp:featuredmedia":[{"embeddable":true,"href":"https:\/\/franciscanos.org.br\/vidacrista\/wp-json\/wp\/v2\/media\/194048"}],"wp:attachment":[{"href":"https:\/\/franciscanos.org.br\/vidacrista\/wp-json\/wp\/v2\/media?parent=194047"}],"wp:term":[{"taxonomy":"category","embeddable":true,"href":"https:\/\/franciscanos.org.br\/vidacrista\/wp-json\/wp\/v2\/categories?post=194047"},{"taxonomy":"post_tag","embeddable":true,"href":"https:\/\/franciscanos.org.br\/vidacrista\/wp-json\/wp\/v2\/tags?post=194047"}],"curies":[{"name":"wp","href":"https:\/\/api.w.org\/{rel}","templated":true}]}}