{"id":194023,"date":"2023-11-13T11:06:18","date_gmt":"2023-11-13T14:06:18","guid":{"rendered":"https:\/\/franciscanos.org.br\/vidacrista\/?p=194023"},"modified":"2023-11-13T11:06:18","modified_gmt":"2023-11-13T14:06:18","slug":"a-insanidade-da-guerra-somos-belicosos","status":"publish","type":"post","link":"https:\/\/franciscanos.org.br\/vidacrista\/a-insanidade-da-guerra-somos-belicosos\/","title":{"rendered":"A insanidade da guerra: somos belicosos"},"content":{"rendered":"<div id=\"attachment_194024\" style=\"width: 850px\" class=\"wp-caption alignnone\"><img aria-describedby=\"caption-attachment-194024\" decoding=\"async\" loading=\"lazy\" class=\"wp-image-194024 size-full\" src=\"https:\/\/franciscanos.org.br\/vidacrista\/wp-content\/uploads\/2023\/11\/artigo_guerra_13.png\" alt=\"\" width=\"840\" height=\"450\" srcset=\"https:\/\/franciscanos.org.br\/vidacrista\/wp-content\/uploads\/2023\/11\/artigo_guerra_13.png 840w, https:\/\/franciscanos.org.br\/vidacrista\/wp-content\/uploads\/2023\/11\/artigo_guerra_13-450x241.png 450w, https:\/\/franciscanos.org.br\/vidacrista\/wp-content\/uploads\/2023\/11\/artigo_guerra_13-768x411.png 768w, https:\/\/franciscanos.org.br\/vidacrista\/wp-content\/uploads\/2023\/11\/artigo_guerra_13-150x80.png 150w\" sizes=\"(max-width: 840px) 100vw, 840px\" \/><p id=\"caption-attachment-194024\" class=\"wp-caption-text\"><em>Imagem ilustrativa:<\/em> <em>Canva<\/em> (<a href=\"http:\/\/www.canva.com\/pt_br\/modelos\">www.canva.com\/pt_br\/modelos<\/a>)<\/p><\/div>\n<p><strong>Leonardo Boff<\/strong><\/p>\n<p>O devastador e letal ataque ao hospital batista Al-Ahli, sustentado pelos anglicanos, no centro de Gaza \u00e9 um claro crime de guerra segundo leis internacionais. H\u00e1 uma guerra de vers\u00f5es sobre quem foi o causador. O que, na verdade, importa s\u00e3o as centenas de vidas humanas (471?) ceifadas criminosamente. O fato e as cenas nos tomaram de horror, indigna\u00e7\u00e3o e solidariedade para com os atingidos e com o povo palestino, v\u00edtima de uma puni\u00e7\u00e3o coletiva.<\/p>\n<p>Na penosa hist\u00f3ria dos palestinos em busca de uma p\u00e1tria, houve in\u00fameros assassinatos em massa em Hebron (1929), Dier Yassin (1948), Kufer Qassem (1956), Hebron (1994) o massacre da Marcha do Retorno (2018). Jamais deve ser esquecido e condenado o perverso ato terrorista do Hamas em Israel no dia 7 de outubro, assassinando aleatoriamente mais de mil israelenses, entre eles crian\u00e7as e duas centenas de ref\u00e9ns.<\/p>\n<p>O revide do Estado de Israel, com o escandaloso apoio incondicional dos USA, est\u00e1 sendo cruel e sem piedade, atingindo milhares de civis, sendo 50% da popula\u00e7\u00e3o de crian\u00e7as e de jovens. O cerco total com o corte de \u00e1gua, alimentos e energia, por parte de Israel, constitui um crime humanit\u00e1rio.<\/p>\n<p>Esta guerra, totalmente assim\u00e9trica, nos levanta a grande quest\u00e3o: por que os seres humanos se matam ou se assassinam reciprocamente? Quais s\u00e3o as ra\u00edzes desta perversidade? \u00c9 poss\u00edvel a paz entre os humanos e com a natureza?<\/p>\n<p>Seria longo refletir sobre as v\u00e1rias interpreta\u00e7\u00f5es do car\u00e1ter demente e belicoso do ser humano, coisa que tentamos fazer no artigo anterior. Aqui resumimos a quest\u00e3o na troca de cartas entre Albert Einstein e Sigmund Freud.<\/p>\n<p>Em 30 de julho de 1932 perguntava Einstein a Freud: &#8220;H\u00e1 um modo de libertar os seres humanos da fatalidade da guerra? Existe a possibilidade de dirigir a evolu\u00e7\u00e3o ps\u00edquica a ponto de tornar os seres humanos mais capazes de resistir \u00e0 psicose do \u00f3dio e da destrui\u00e7\u00e3o\u201d(<em>Natan&amp;Norden,Einstein on Peace<\/em>,98).<\/p>\n<p>Freud recorre a esta duas puls\u00f5es que sustentou durante a sua toda a sua vida e obra: temos em n\u00f3s a puls\u00e3o de morte (Th\u00e1natos) e a puls\u00e3o de vida (Eros). Ambos coexistem em cada ser humano. A puls\u00e3o de morte responde por todo tipo de viol\u00eancia e guerras que marcam a hist\u00f3ria pessoal e coletiva da humanidade. A puls\u00e3o de vida se expressa pelo amor, pela amizade, pela solidariedade, pela compaix\u00e3o, tamb\u00e9m coexistindo em cada ser humano.<\/p>\n<p>Realisticamente respondeu Freud a Einstein: &#8220;N\u00e3o existe a esperan\u00e7a de poder suprimir de modo direto a agressividade dos seres humanos. Contudo, podem-se recorrer a vias indiretas, refor\u00e7ando o Eros, princ\u00edpio de vida contra <em>o Th\u00e1natos,<\/em> princ\u00edpio de morte. Tudo o que faz surgir la\u00e7os emocionais entre os seres humanos age contra a guerra; tudo o que civiliza o ser humano trabalha contra a guerra\u201d (Obras Completas,III:3,215). Mas nos adverte que estas duas puls\u00f5es se enfrentam e buscam se equilibrar mas n\u00e3o sabemos qual ser\u00e1 a predomin\u00e2ncia de uma sobre a outra. Termina com uma frase misteriosa e resignada: &#8220;Esfaimados pensamos no moinho que t\u00e3o lentamente m\u00f3i que podemos morrer de fome antes de receber a farinha\u201d. Aqui aparece certo pessimismo de Freud face ao curso de nossa hist\u00f3ria. Agora estamos, horrorizados, assistindo ao que o grande psicanalista intuiu.<\/p>\n<p>N\u00e3o obstante, continuamos a buscar teimosamente a paz e nunca desistiremos. Se n\u00e3o pode ser como estado permanente pelo menos como um esp\u00edrito que nos faz preferir o di\u00e1logo ao confronto, a busca cordial de pontos em comum ao enfrentamento belicoso.<\/p>\n<p>O pressuposto b\u00e1sico para a paz consiste em afirmar a humanidade em todos e em cada ser humano, independente, de sua condi\u00e7\u00e3o \u00e9tnica, cultural, religiosa e de g\u00eanero. Devemos todos tratar-nos humanamente. Isso, lamentavelmente, n\u00e3o ocorre. H\u00e1 supremacistas raciais (de brancos), religiosos e todo tipo de exclusivismos. Por exemplo, o ministro da Defesa israelense, Yoav Gallant, numa atitude tipicamente supremacista declarou numa entrevista a jornalistas internacionais: &#8220;N\u00f3s estamos lutando contra animais e agindo de acordo\u2026 utilizando todo o poder b\u00e9lico para reduzir a Cidade de Gaza a escombros\u201d. Isso s\u00f3 \u00e9 poss\u00edvel negando humanidade aos habitantes da Faixa de Gaza, feitos n\u00e3o-humanos e, pior, reduzidos a animais.<\/p>\n<p>Desta forma, todo submetimento de um povo pela viol\u00eancia e pela guerra deixa neste um rastro de amargura, de \u00f3dio e de desejo de vingan\u00e7a, que dar\u00e1 origem a rea\u00e7\u00f5es violentas, a atentados e a novos conflitos. H\u00e1 de se considerar que Israel matou cerca de 15 vezes mais civis do que palestinos durante a \u00faltima d\u00e9cada como afirmou o prof. Oren Yiftachel, judeu israelense da Universidade Urban Studies da Ben Gurion University of Negev. H\u00e1 que se buscar o encontro confiado e cordial entre todos os diferentes povos. Belo exemplo nos d\u00e1 o regente de orquestra, o judeu Daniel Barenboim que em sua orquestra e escola em Israel convivem e cultivam a m\u00fasica israelenses, palestinos e judeus juntos. Afirma: &#8220;Isso refor\u00e7a a minha convic\u00e7\u00e3o de que s\u00f3 pode haver uma solu\u00e7\u00e3o para o conflito: com base no humanismo, na justi\u00e7a e na igualdade e sem for\u00e7a armada e ocupa\u00e7\u00e3o\u201d. A paz \u00e9 resultado e consequ\u00eancia deste tipo de atitude, bem expressa na Carta da Terra quando \u201creconhece que a paz \u00e9 a plenitude que resulta de rela\u00e7\u00f5es corretas consigo mesmo, com outras pessoas, com outras culturas, com outras vidas, com a Terra e com o Todo maior do qual somos parte\u201d (IV,16f).<\/p>\n<p>\u00c9 triste constatar que na terra do Pr\u00edncipe da Paz, Jesus de Nazar\u00e9, ocorram tais viol\u00eancias brutais e guerras devastadoras, cujas v\u00edtimas s\u00e3o na maioria civis e inocentes m\u00e3es e crian\u00e7as.<\/p>\n<p><em>No final nos cabe proclamar Shalom, Salam, Pax et Bonum, Paz e Bem.<\/em><\/p>\n<hr \/>\n<p><strong>Leonardo Boff<\/strong> <em>escreveu\u00a0 &#8220;Virtudes para outro mundo poss\u00edvel&#8221;, vol. III, &#8220;Beber e comer juntos e viver em paz&#8221;, Vozes 2006; &#8220;Ora\u00e7\u00e3o de S\u00e3o Francisco: uma mensagem de paz para o mundo atual&#8221;, Vozes 2014.<\/em><\/p>\n","protected":false},"excerpt":{"rendered":"<p>Artigo de Leonardo Boff<\/p>\n","protected":false},"author":3,"featured_media":194024,"comment_status":"open","ping_status":"open","sticky":false,"template":"","format":"standard","meta":{"footnotes":""},"categories":[26],"tags":[59],"yoast_head":"<!-- This site is optimized with the Yoast SEO plugin v19.4 - https:\/\/yoast.com\/wordpress\/plugins\/seo\/ -->\n<title>A insanidade da guerra: somos belicosos - Vida Crist\u00e3 - Franciscanos<\/title>\n<meta name=\"robots\" content=\"index, follow, max-snippet:-1, max-image-preview:large, max-video-preview:-1\" \/>\n<link rel=\"canonical\" href=\"https:\/\/franciscanos.org.br\/vidacrista\/a-insanidade-da-guerra-somos-belicosos\/\" \/>\n<meta property=\"og:locale\" content=\"pt_BR\" \/>\n<meta property=\"og:type\" content=\"article\" \/>\n<meta property=\"og:title\" content=\"A insanidade da guerra: somos belicosos - Vida Crist\u00e3 - Franciscanos\" \/>\n<meta property=\"og:description\" content=\"Artigo de Leonardo Boff\" \/>\n<meta property=\"og:url\" content=\"https:\/\/franciscanos.org.br\/vidacrista\/a-insanidade-da-guerra-somos-belicosos\/\" \/>\n<meta property=\"og:site_name\" content=\"Vida Crist\u00e3 - Franciscanos\" \/>\n<meta property=\"article:published_time\" content=\"2023-11-13T14:06:18+00:00\" \/>\n<meta property=\"og:image\" content=\"https:\/\/franciscanos.org.br\/vidacrista\/wp-content\/uploads\/2023\/11\/artigo_guerra_13.png\" \/>\n\t<meta property=\"og:image:width\" content=\"840\" \/>\n\t<meta property=\"og:image:height\" content=\"450\" \/>\n\t<meta property=\"og:image:type\" content=\"image\/png\" \/>\n<meta name=\"author\" content=\"moacir\" \/>\n<meta name=\"twitter:card\" content=\"summary_large_image\" \/>\n<meta name=\"twitter:label1\" content=\"Escrito por\" \/>\n\t<meta name=\"twitter:data1\" content=\"moacir\" \/>\n\t<meta name=\"twitter:label2\" content=\"Est. tempo de leitura\" \/>\n\t<meta name=\"twitter:data2\" content=\"5 minutos\" \/>\n<script type=\"application\/ld+json\" class=\"yoast-schema-graph\">{\"@context\":\"https:\/\/schema.org\",\"@graph\":[{\"@type\":\"WebSite\",\"@id\":\"https:\/\/franciscanos.org.br\/vidacrista\/#website\",\"url\":\"https:\/\/franciscanos.org.br\/vidacrista\/\",\"name\":\"Vida Crist\u00e3 - Franciscanos\",\"description\":\"Prov\u00edncia Franciscana da Imaculada Concei\u00e7\u00e3o do Brasil - Ordem dos Frades Menores\",\"potentialAction\":[{\"@type\":\"SearchAction\",\"target\":{\"@type\":\"EntryPoint\",\"urlTemplate\":\"https:\/\/franciscanos.org.br\/vidacrista\/?s={search_term_string}\"},\"query-input\":\"required name=search_term_string\"}],\"inLanguage\":\"pt-BR\"},{\"@type\":\"WebPage\",\"@id\":\"https:\/\/franciscanos.org.br\/vidacrista\/a-insanidade-da-guerra-somos-belicosos\/\",\"url\":\"https:\/\/franciscanos.org.br\/vidacrista\/a-insanidade-da-guerra-somos-belicosos\/\",\"name\":\"A insanidade da guerra: somos belicosos - Vida Crist\u00e3 - Franciscanos\",\"isPartOf\":{\"@id\":\"https:\/\/franciscanos.org.br\/vidacrista\/#website\"},\"datePublished\":\"2023-11-13T14:06:18+00:00\",\"dateModified\":\"2023-11-13T14:06:18+00:00\",\"author\":{\"@id\":\"https:\/\/franciscanos.org.br\/vidacrista\/#\/schema\/person\/1880bdd2c350b735648725ef7614736a\"},\"breadcrumb\":{\"@id\":\"https:\/\/franciscanos.org.br\/vidacrista\/a-insanidade-da-guerra-somos-belicosos\/#breadcrumb\"},\"inLanguage\":\"pt-BR\",\"potentialAction\":[{\"@type\":\"ReadAction\",\"target\":[\"https:\/\/franciscanos.org.br\/vidacrista\/a-insanidade-da-guerra-somos-belicosos\/\"]}]},{\"@type\":\"BreadcrumbList\",\"@id\":\"https:\/\/franciscanos.org.br\/vidacrista\/a-insanidade-da-guerra-somos-belicosos\/#breadcrumb\",\"itemListElement\":[{\"@type\":\"ListItem\",\"position\":1,\"name\":\"Home\",\"item\":\"https:\/\/franciscanos.org.br\/vidacrista\/\"},{\"@type\":\"ListItem\",\"position\":2,\"name\":\"A insanidade da guerra: somos belicosos\"}]},{\"@type\":\"Person\",\"@id\":\"https:\/\/franciscanos.org.br\/vidacrista\/#\/schema\/person\/1880bdd2c350b735648725ef7614736a\",\"name\":\"moacir\",\"image\":{\"@type\":\"ImageObject\",\"inLanguage\":\"pt-BR\",\"@id\":\"https:\/\/franciscanos.org.br\/vidacrista\/#\/schema\/person\/image\/\",\"url\":\"https:\/\/secure.gravatar.com\/avatar\/d08aa2ce4c8dd416d4479aa8536fcf64?s=96&d=mm&r=g\",\"contentUrl\":\"https:\/\/secure.gravatar.com\/avatar\/d08aa2ce4c8dd416d4479aa8536fcf64?s=96&d=mm&r=g\",\"caption\":\"moacir\"},\"url\":\"https:\/\/franciscanos.org.br\/vidacrista\/author\/moacir\/\"}]}<\/script>\n<!-- \/ Yoast SEO plugin. -->","yoast_head_json":{"title":"A insanidade da guerra: somos belicosos - Vida Crist\u00e3 - Franciscanos","robots":{"index":"index","follow":"follow","max-snippet":"max-snippet:-1","max-image-preview":"max-image-preview:large","max-video-preview":"max-video-preview:-1"},"canonical":"https:\/\/franciscanos.org.br\/vidacrista\/a-insanidade-da-guerra-somos-belicosos\/","og_locale":"pt_BR","og_type":"article","og_title":"A insanidade da guerra: somos belicosos - Vida Crist\u00e3 - Franciscanos","og_description":"Artigo de Leonardo Boff","og_url":"https:\/\/franciscanos.org.br\/vidacrista\/a-insanidade-da-guerra-somos-belicosos\/","og_site_name":"Vida Crist\u00e3 - Franciscanos","article_published_time":"2023-11-13T14:06:18+00:00","og_image":[{"width":840,"height":450,"url":"https:\/\/franciscanos.org.br\/vidacrista\/wp-content\/uploads\/2023\/11\/artigo_guerra_13.png","type":"image\/png"}],"author":"moacir","twitter_card":"summary_large_image","twitter_misc":{"Escrito por":"moacir","Est. tempo de leitura":"5 minutos"},"schema":{"@context":"https:\/\/schema.org","@graph":[{"@type":"WebSite","@id":"https:\/\/franciscanos.org.br\/vidacrista\/#website","url":"https:\/\/franciscanos.org.br\/vidacrista\/","name":"Vida Crist\u00e3 - Franciscanos","description":"Prov\u00edncia Franciscana da Imaculada Concei\u00e7\u00e3o do Brasil - Ordem dos Frades Menores","potentialAction":[{"@type":"SearchAction","target":{"@type":"EntryPoint","urlTemplate":"https:\/\/franciscanos.org.br\/vidacrista\/?s={search_term_string}"},"query-input":"required name=search_term_string"}],"inLanguage":"pt-BR"},{"@type":"WebPage","@id":"https:\/\/franciscanos.org.br\/vidacrista\/a-insanidade-da-guerra-somos-belicosos\/","url":"https:\/\/franciscanos.org.br\/vidacrista\/a-insanidade-da-guerra-somos-belicosos\/","name":"A insanidade da guerra: somos belicosos - Vida Crist\u00e3 - Franciscanos","isPartOf":{"@id":"https:\/\/franciscanos.org.br\/vidacrista\/#website"},"datePublished":"2023-11-13T14:06:18+00:00","dateModified":"2023-11-13T14:06:18+00:00","author":{"@id":"https:\/\/franciscanos.org.br\/vidacrista\/#\/schema\/person\/1880bdd2c350b735648725ef7614736a"},"breadcrumb":{"@id":"https:\/\/franciscanos.org.br\/vidacrista\/a-insanidade-da-guerra-somos-belicosos\/#breadcrumb"},"inLanguage":"pt-BR","potentialAction":[{"@type":"ReadAction","target":["https:\/\/franciscanos.org.br\/vidacrista\/a-insanidade-da-guerra-somos-belicosos\/"]}]},{"@type":"BreadcrumbList","@id":"https:\/\/franciscanos.org.br\/vidacrista\/a-insanidade-da-guerra-somos-belicosos\/#breadcrumb","itemListElement":[{"@type":"ListItem","position":1,"name":"Home","item":"https:\/\/franciscanos.org.br\/vidacrista\/"},{"@type":"ListItem","position":2,"name":"A insanidade da guerra: somos belicosos"}]},{"@type":"Person","@id":"https:\/\/franciscanos.org.br\/vidacrista\/#\/schema\/person\/1880bdd2c350b735648725ef7614736a","name":"moacir","image":{"@type":"ImageObject","inLanguage":"pt-BR","@id":"https:\/\/franciscanos.org.br\/vidacrista\/#\/schema\/person\/image\/","url":"https:\/\/secure.gravatar.com\/avatar\/d08aa2ce4c8dd416d4479aa8536fcf64?s=96&d=mm&r=g","contentUrl":"https:\/\/secure.gravatar.com\/avatar\/d08aa2ce4c8dd416d4479aa8536fcf64?s=96&d=mm&r=g","caption":"moacir"},"url":"https:\/\/franciscanos.org.br\/vidacrista\/author\/moacir\/"}]}},"_links":{"self":[{"href":"https:\/\/franciscanos.org.br\/vidacrista\/wp-json\/wp\/v2\/posts\/194023"}],"collection":[{"href":"https:\/\/franciscanos.org.br\/vidacrista\/wp-json\/wp\/v2\/posts"}],"about":[{"href":"https:\/\/franciscanos.org.br\/vidacrista\/wp-json\/wp\/v2\/types\/post"}],"author":[{"embeddable":true,"href":"https:\/\/franciscanos.org.br\/vidacrista\/wp-json\/wp\/v2\/users\/3"}],"replies":[{"embeddable":true,"href":"https:\/\/franciscanos.org.br\/vidacrista\/wp-json\/wp\/v2\/comments?post=194023"}],"version-history":[{"count":1,"href":"https:\/\/franciscanos.org.br\/vidacrista\/wp-json\/wp\/v2\/posts\/194023\/revisions"}],"predecessor-version":[{"id":194025,"href":"https:\/\/franciscanos.org.br\/vidacrista\/wp-json\/wp\/v2\/posts\/194023\/revisions\/194025"}],"wp:featuredmedia":[{"embeddable":true,"href":"https:\/\/franciscanos.org.br\/vidacrista\/wp-json\/wp\/v2\/media\/194024"}],"wp:attachment":[{"href":"https:\/\/franciscanos.org.br\/vidacrista\/wp-json\/wp\/v2\/media?parent=194023"}],"wp:term":[{"taxonomy":"category","embeddable":true,"href":"https:\/\/franciscanos.org.br\/vidacrista\/wp-json\/wp\/v2\/categories?post=194023"},{"taxonomy":"post_tag","embeddable":true,"href":"https:\/\/franciscanos.org.br\/vidacrista\/wp-json\/wp\/v2\/tags?post=194023"}],"curies":[{"name":"wp","href":"https:\/\/api.w.org\/{rel}","templated":true}]}}