{"id":193991,"date":"2023-11-07T06:44:21","date_gmt":"2023-11-07T09:44:21","guid":{"rendered":"https:\/\/franciscanos.org.br\/vidacrista\/?p=193991"},"modified":"2023-11-07T06:50:42","modified_gmt":"2023-11-07T09:50:42","slug":"hamas-e-israel-passo-a-passo-das-origens-biblicas-e-politicas-da-guerra-e-da-criacao-do-estado-de-israel","status":"publish","type":"post","link":"https:\/\/franciscanos.org.br\/vidacrista\/hamas-e-israel-passo-a-passo-das-origens-biblicas-e-politicas-da-guerra-e-da-criacao-do-estado-de-israel\/","title":{"rendered":"Hamas e Israel | Passo a passo das origens b\u00edblicas e pol\u00edticas  da guerra e da cria\u00e7\u00e3o do Estado de Israel!"},"content":{"rendered":"<p><img decoding=\"async\" loading=\"lazy\" class=\"alignnone size-full wp-image-193992\" src=\"https:\/\/franciscanos.org.br\/vidacrista\/wp-content\/uploads\/2023\/11\/israelepalestina_0711.png\" alt=\"\" width=\"840\" height=\"450\" srcset=\"https:\/\/franciscanos.org.br\/vidacrista\/wp-content\/uploads\/2023\/11\/israelepalestina_0711.png 840w, https:\/\/franciscanos.org.br\/vidacrista\/wp-content\/uploads\/2023\/11\/israelepalestina_0711-450x241.png 450w, https:\/\/franciscanos.org.br\/vidacrista\/wp-content\/uploads\/2023\/11\/israelepalestina_0711-768x411.png 768w, https:\/\/franciscanos.org.br\/vidacrista\/wp-content\/uploads\/2023\/11\/israelepalestina_0711-150x80.png 150w\" sizes=\"(max-width: 840px) 100vw, 840px\" \/><\/p>\n<p><em>Frei Jacir de Freitas Faria<\/em> <a href=\"#_ftn1\" name=\"_ftnref1\">[1]<\/a><\/p>\n<p>O conflito entre Hamas e Israel tem suscitado muita pol\u00eamica. H\u00e1 v\u00e1rias tend\u00eancias na interpreta\u00e7\u00e3o dos fatos. Quem est\u00e1 certo e quem est\u00e1 errado? O que est\u00e1 acontecendo no Oriente M\u00e9dio, na Terra Santa para judeus, crist\u00e3o e mu\u00e7ulmanos? \u00a0Guerra entre irm\u00e3os que se odeiam?<\/p>\n<p>Um passo a passo de fatos b\u00edblicos e pol\u00edticos que antecederam essa guerra de origem milenar, bem como os fatores que culminaram na cria\u00e7\u00e3o do Estado de Israel, no final da d\u00e9cada de 1940, s\u00e3o de fundamental import\u00e2ncia para compreender a quest\u00e3o.<\/p>\n<p>Na sequ\u00eancia, voc\u00ea poder\u00e1 ter\u00e1 os t\u00f3picos de cada passo. No videotexto, voc\u00ea encontrar\u00e1 a explica\u00e7\u00e3o de cada. Trata-se de uma palestra ministrada por n\u00f3s, no Centro Franciscano de Forma\u00e7\u00e3o e Espiritualidade, em Divin\u00f3polis (MG), sobre a quest\u00e3o.<\/p>\n<p>S\u00e3o doze pontos de origem b\u00edblica, ocorridos no primeiro mil\u00eanio de nossa hist\u00f3ria; Doze pontos pol\u00edticos do conflito, no segundo mil\u00eanio; Tr\u00eas pontos cruciais para entender o conflito a partir da cria\u00e7\u00e3o do Estado de Israel; O que \u00e9 o Hamas? Doze considera\u00e7\u00f5es finais sobre a atualidade e futuro dessa guerra.<\/p>\n<p><iframe loading=\"lazy\" title=\"YouTube video player\" src=\"https:\/\/www.youtube.com\/embed\/nre_riDuotk?si=xHZvK8gS4rxd_qLW\" width=\"100%\" height=\"500\" frameborder=\"0\" allowfullscreen=\"allowfullscreen\"><span data-mce-type=\"bookmark\" style=\"display: inline-block; width: 0px; overflow: hidden; line-height: 0;\" class=\"mce_SELRES_start\">\ufeff<\/span><\/iframe><\/p>\n<p><strong>Doze pontos da origem b\u00edblica do conflito, no primeiro mil\u00eanio!<\/strong><\/p>\n<ol>\n<li>Abra\u00e3o, vindo de Ur do Caldeus, chega em Cana\u00e3 (Palestina) e a ocupa em nome de Deus e (1850 a.E.C.).<\/li>\n<li>O neto de Abra\u00e3o, Jac\u00f3, tem o seu nome mudado para Israel, que significa \u201chomem forte que lutou com Deus\u201d (Gn 32,29), para dar ao pa\u00eds de Cana\u00e3.<\/li>\n<li>|No Egito, o povo vive momentos de opress\u00e3o e liberta\u00e7\u00e3o (1650-1250 a.E.C.).<\/li>\n<li>Mois\u00e9s e Josu\u00e9, voltando do Egito, retomam, com a for\u00e7a das armas, a terra de Cana\u00e3, que estava ocupada por outros povos h\u00e1 quatrocentos anos.<\/li>\n<li>A terra de Israel vive em paz, no tempo dos Ju\u00edzes, tendo sido a terra distribu\u00edda para os doze filhos de Jac\u00f3 (Israel) (1200-1030 a.E.C).<\/li>\n<li>Cana\u00e3, com a Monarquia Unida (1030-970 a.E.C) dos Reis Saul, Davi e Salom\u00e3o ocupa o territ\u00f3rio atual de Israel.<\/li>\n<li>Israel se divide em norte e sul: Israel e Jud\u00e1 (970-587 a.E.C.).<\/li>\n<li>Com a invas\u00e3o da Babil\u00f4nia (atual Iraque), ocorre a primeira dispers\u00e3o (di\u00e1spora) do povo.<\/li>\n<li>Na volta do Ex\u00edlio da Babil\u00f4nia, Esdras e Neemias, com a for\u00e7a das armas e da f\u00e9, tomam a terra dos que nela estavam habitando h\u00e1 50 anos.<\/li>\n<li>Os Gregos, com Alexandre Magno, ocupam a regi\u00e3o (333 a.E.C.) e imp\u00f5em a sua cultura, anulando a religi\u00e3o e cultura judaica.<\/li>\n<li>Romanos dominam os gregos. Cana\u00e3 passa a ser chamada de Palestina (69 a.E.C.).<\/li>\n<li>Judeus lutam, com as armas e f\u00e9, contra os romanos durante tr\u00eas anos (67 a 70 da E.C.). Perdem a batalha. Ocorre a segunda e \u00faltima di\u00e1spora (dispers\u00e3o) judaica.<\/li>\n<\/ol>\n<p><strong>Doze pontos da origem pol\u00edtica do conflito, no segundo mil\u00eanio<\/strong><strong>\u00a0<\/strong><\/p>\n<ol>\n<li>O imp\u00e9rio Romano Bizantino ocupa Oriente (330 a 630). Os crist\u00e3os ocupam a Terra Santa.<\/li>\n<li>Maom\u00e9 (622) funda a religi\u00e3o isl\u00e2mica, que passa a dominar a Palestina e os crist\u00e3os que habitavam a regi\u00e3o. Nasce o ideal de um estado teocr\u00e1tico, isto \u00e9, governado por Deus.<\/li>\n<li>Em 624 E.C., com a for\u00e7a das armas e da f\u00e9, os \u00e1rabes mu\u00e7ulmanos invadem e implantam o islamismo desde a Ar\u00e1bia at\u00e9 a P\u00e9rsia. Lugares religiosos do cristianismo s\u00e3o destru\u00eddos.<\/li>\n<li>Jerusal\u00e9m foi conquistada pelos califas e ali estes se estabeleceram com mesquitas e pal\u00e1cio. Em 692 \u00e9 constru\u00edda a mesquita \u201cDomo da Rocha\u201d, a da c\u00fapula de ouro.<\/li>\n<li>Os crist\u00e3os foram perseguidos na Terra Santa pelos mu\u00e7ulmanos.<\/li>\n<li>As Cruzadas (1096-1270) cat\u00f3licas reconquistam a Terra Santa para os crist\u00e3os<\/li>\n<li>Em 1187, o sult\u00e3o Saladino reconquistou Jerusal\u00e9m para os mu\u00e7ulmanos.<\/li>\n<li>A dinastia mu\u00e7ulmana dos Mamelucos (1250-1516 E.C) domina a Terra Santa. \u00c1rabes continuam na regi\u00e3o. Mameluco foram permissivos para com os crist\u00e3os.<\/li>\n<li>Os turcos otomanos dominam os mamelucos e ocupam a Terra Santa por 400 anos (1516 a 1917).<\/li>\n<li>Os ingleses, em uma guerra travada em Meguido, expulsam os turcos da Terra Santa e a\u00ed permanecem at\u00e9 1948.<\/li>\n<li>Com o fim da Primeira Guerra Mundial, a regi\u00e3o ficou dividida entre ingleses (Kuwait, Iraque, Jord\u00e2nia e Palestina) e franceses (L\u00edbano e S\u00edria).<\/li>\n<li>Em 1923, os ingleses reconhecem a Transjord\u00e2nia como um emirado \u00e1rabe aut\u00f4nomo, tendo Am\u00e3 como capital.<\/li>\n<\/ol>\n<p><strong>ORIGEM DO ESTADO DE ISRAEL EM TR\u00caS PONTOS<\/strong><\/p>\n<p>Para entender o conflito atual \u00e9 importante entender como tudo come\u00e7ou, quando ficou decidido que os judeus teriam novamente uma p\u00e1tria.<\/p>\n<ol>\n<li><strong>Surgimento do Sinonismo, com Theodor Herzl (1892)<\/strong><\/li>\n<\/ol>\n<p>Herzel escreve o livro <em>\u201cO Estado Judeu\u201d, <\/em>no qual defende a ideia de se criar um estado judeu, um lar para abrigar os judeus dispersos pelo mundo, na segunda Di\u00e1spora.<\/p>\n<p>O Congresso Sionista de 1897 decide pela cria\u00e7\u00e3o do estado de Israel. Ela poderia ser na Patag\u00f4nia (sul da Argentina), na \u00c1frica (Congo ou Uganda) ou na ilha de Chipre. A decis\u00e3o final foi pela Palestina, que j\u00e1 estava habitada pelos \u00e1rabes. Seria um estado laico com apoio dos judeus religiosos.<\/p>\n<p>Apoiados na ideia de Herzl, mais de 50 mil judeus, entre o final do s\u00e9culo XIX e in\u00edcio do s\u00e9culo XX, migraram para a Palestina. Esses novos judeus s\u00e3o constitu\u00eddos de valores \u00e9ticos e culturais assemelhados. Nem todos eram praticantes do juda\u00edsmo tradicional. Ainda hoje, muitos judeus n\u00e3o s\u00e3o religiosos.<\/p>\n<ol start=\"2\">\n<li><strong>A cria\u00e7\u00e3o do estado de Israel pela ONU, em 1947<\/strong><\/li>\n<\/ol>\n<p>David Ben Gurion declarou a independ\u00eancia do Estado judeu, na Terra de Israel, no dia 14 de maio de 1948. Muitos judeus refugiados e perseguidos pelo antissemitismo imigraram para Israel. Ben Gurion iniciou um processo de limpeza \u00e9tnica. Muitos palestinos morreram nesses confrontos.<\/p>\n<p>Gurion queria retomar o velho Israel da \u00e9poca de Davi. A cria\u00e7\u00e3o do estado de Israel teve apoio dos Estados Unidos e R\u00fassia. Posteriormente, Israel se alia aos Estados Unidos.<\/p>\n<ol start=\"3\">\n<li><strong> A ocupa\u00e7\u00e3o israelita dos territ\u00f3rios palestinos. Surge o Hamas!<\/strong><\/li>\n<\/ol>\n<p>Em 1948 e 1949, uma nova guerra foi travada entre \u00e1rabes e judeus. Nas suas incurs\u00f5es militares, Israel invadiu os territ\u00f3rios palestinos, chegando a ocupar 80% das \u00e1reas palestinas. \u00a0Jerusal\u00e9m estava sob o dom\u00ednio da Jord\u00e2nia. Mais de 750.000 palestinos se tornaram refugiados, perdendo tudo que tinham.<\/p>\n<p>Em 1956, Israel invadiu a pen\u00ednsula do Sinai, tendo que sair posteriormente.<\/p>\n<p>Em 1967, durante a guerra dos Seis Dias, Israel conquistou as colinas do Golan, na regi\u00e3o norte (S\u00edria), o Sinai e a Faixa de Gaza e toda a Cisjord\u00e2nia. Mais tarde, o Sinai foi devolvido ao Egito.<\/p>\n<p>Em 1973, Egito e S\u00edria atacaram Israel, que contra-atacou e recuperou o territ\u00f3rio perdido.<\/p>\n<p>Em 1974, Yasser Arafat criou uma entidade pol\u00edtica e paramilitar palestina, que levou o nome de Organiza\u00e7\u00e3o pela Liberta\u00e7\u00e3o da Palestina (OLP).<\/p>\n<p>Em 1979, Israel e Egito assinaram um tratado de paz.<\/p>\n<p>Em 1981, Jerusal\u00e9m voltou a ser a capital de Israel.<\/p>\n<p>Entre 1987 e 1991, Israel conheceu os embates populares entre judeus e palestinos, chamados de Intifadas, isto \u00e9, revolta popular \u00e1rabe contra a invas\u00e3o israelense na faixa de Gaza e na Cisjord\u00e2nia. As Intifadas foram retomadas em 2000, quando militantes palestinos come\u00e7aram a disparar foguetes de Gaza contra Israel.<\/p>\n<p>Em 1994, em Washington, o ent\u00e3o presidente dos EUA, Clinton, logrou que Yasser Arafat e o primeiro-ministro de Israel, Yitzhak Rabin, assinassem um acordo de paz, em Oslo, pondo fim \u00e0 guerra. Surgiu a possibilidade de cria\u00e7\u00e3o do Estado Palestino.<\/p>\n<p>Em 1995, quando um judeu radical assassinou o primeiro-ministro de Israel, Yitzhak Rabin, o acordo de paz caminhou para o fim. Esse judeu dizia que ceder seria perder a b\u00ean\u00e7\u00e3o divina de terra para Israel.<\/p>\n<p>Surgem os homens bombas, liderados pelo Hamas, para n\u00e3o aceitar o Acordo de Oslo. Hamas n\u00e3o aceita o Estado de Israel.<\/p>\n<p>No ano de 2000, houve uma nova tentativa de acordo entre Israel e Palestina com a cria\u00e7\u00e3o de dois estados. Os palestinos n\u00e3o aceitaram.<\/p>\n<p>O ministro israelense Ariel Sharon visitou o Domo da Rocha e a Mesquita do Al-Aqsa, em Jerusal\u00e9m, o que foi considerado uma afronta aos palestinos.<\/p>\n<p>Em 2003, em Genebra, uma nova tentativa de criar o estado palestino foi feita. A proposta n\u00e3o foi aceita em Israel.<\/p>\n<p>Em 2004, morre Arafat e instaura-se a luta pelo poder entre os palestinos, sob a lideran\u00e7a de Mahmoud Abbas.<\/p>\n<p>As duas organiza\u00e7\u00f5es pr\u00f3-Palestina, OLP e Hamas, se tornaram inimigas. Israel inicia, nessa mesma \u00e9poca, a constru\u00e7\u00e3o de um muro em Bel\u00e9m e em outras regi\u00f5es do pa\u00eds, como a Faixa de Gaza, com o discurso de proteger o pa\u00eds.<\/p>\n<p>Em 2005, Israel retirou todos os seus assentamentos e for\u00e7as militares da Faixa de Gaza.<\/p>\n<p>Em 2007, o grupo Hamas passa a governar Gaza, e o Fatah, a Cisjord\u00e2nia.<\/p>\n<p>Em 2009, com a elei\u00e7\u00e3o de Benjamin Netanyahu, o curso da paz entre israelenses e palestinos sofreu novamente um retrocesso. Nesse mesmo ano, Israel bombardeou Gaza.<\/p>\n<p>Em 2010, o Presidente norte-americano Barack Obama sinalizou a preocupa\u00e7\u00e3o de restabelecer a paz no Oriente M\u00e9dio por meio de uma tratativa de paz.<\/p>\n<p><strong>O que \u00e9 o Hamas<\/strong><\/p>\n<p>Seu fundador \u00e9 o Sheikh Ahmed Yassin, morto em 2004, v\u00edtima de ataque israelita em Gaza. Hamas luta por um Estado Palestino em Gaza, Cisjord\u00e2nia e Jerusal\u00e9m oriental. O Hamas quer um estado mu\u00e7ulmano. Hamas, em \u00e1rabe, significa \u201cMovimento de Resist\u00eancia Isl\u00e2mica\u201d. Esse grupo, no seu estatuto, n\u00e3o aceita a presen\u00e7a de judeus e israelenses na regi\u00e3o. Eles defendem a aniquila\u00e7\u00e3o deles para a cria\u00e7\u00e3o do Estado Palestino. O Hamas tem as vertentes pol\u00edtica, militar e a\u00e7\u00e3o social.<\/p>\n<p>O Hamas n\u00e3o tem di\u00e1logo com a Autoridade Palestina, que controla as outras regi\u00f5es palestinas dentro de Israel. A Autoridade Palestina \u00e9 controlada por outro grupo de resist\u00eancia, o Fatah, que \u00e9 oposi\u00e7\u00e3o ao Hamas, de origem xiita.<\/p>\n<p>Esses dois grupos se op\u00f5em, mas t\u00eam um inimigo comum, o Estado de Israel.<\/p>\n<p>O Hamas recorda o grupo de resist\u00eancia armada ao imp\u00e9rio romano, chamado de Zelotas, durante a guerra judaica, entre 67 e 70 E.C.<\/p>\n<p><strong>DOZE CONSIDERA\u00c7\u00d5ES FINAIS<\/strong><strong>\u00a0<\/strong><\/p>\n<ol>\n<li>O conflito tem ra\u00edzes b\u00edblicas que fundamentam grupos extremistas religiosos numa regi\u00e3o geopol\u00edtica importante para o mundo.<\/li>\n<li>O problema maior, no entanto, est\u00e1 na cria\u00e7\u00e3o do Estado de Israel, pelos sionistas.<\/li>\n<li>O conflito \u00e9 entre Hamas e Sionistas e est\u00e1 revestido de uma viol\u00eancia que mata de forma b\u00e1rbara.<\/li>\n<li>N\u00e3o h\u00e1 como negar a viol\u00eancia terrorista do Hamas, como a morte planejada de israelitas.<\/li>\n<li>N\u00e3o como negar que Israel repete o holocausto para o povo palestino.<\/li>\n<li>Israel n\u00e3o quer a na\u00e7\u00e3o Palestina. Hamas n\u00e3o quer o estado de Israel, mas um estado isl\u00e2mico, mas a guerra \u00e9 sempre o pior caminho que povos podem tomar. Ela destr\u00f3i o ser humano.<\/li>\n<li>H\u00e1 uma manipula\u00e7\u00e3o midi\u00e1tica sobre a situa\u00e7\u00e3o geopol\u00edtica no Oriente M\u00e9dio. Ser\u00e1 que Israel j\u00e1 n\u00e3o sabia que isso iria acontecer? Hamas n\u00e3o estraria agindo em leg\u00edtima defesa?<\/li>\n<li>Israel n\u00e3o teria criado o Hamas para ter um inimigo para combater, desacreditar Yasser Arafat, e ter apoio internacional na sua luta por um estado de Israel e retomar Gaza.<\/li>\n<li>O sionismo do atual governo \u00e9 uma doutrina racista de supremacia judaica que coloniza tirando as terras dos palestinos destinada \u00e0 cria\u00e7\u00e3o do Estado da Palestina. Palestinos t\u00eam, tanto quanto Israel, direito \u00e0 terra e a vida com dignidade.<\/li>\n<li>O Hamas e o Sionismo de Netanyahu n\u00e3o representam a maioria da popula\u00e7\u00e3o da Palestina e Israel. O atual Primeiro-Ministro de Israel, Benjamim Netanyahu, n\u00e3o tem apoio da maioria dos judeus.<\/li>\n<li>Enquanto n\u00e3o houver di\u00e1logo entre as partes, uma solu\u00e7\u00e3o n\u00e3o vir\u00e1. H\u00e1 atrocidades em ambos os lados. Di\u00e1logo entre radicais \u00e9 muito dif\u00edcil, quase imposs\u00edvel.<\/li>\n<li>A cria\u00e7\u00e3o de dois estados seria a melhor solu\u00e7\u00e3o? Alguns especialistas falam de um estado com duas nacionalidades.<\/li>\n<li>O acordo est\u00e1 longe de acontecer. Enquanto houver revolta, \u00f3dio e estados isl\u00e2micos e crist\u00e3os apoiando essa guerra, ela vai continuar. O acordo exige muita ren\u00fancia de ambas as partes. Quem vai ceder? Enquanto isso, pobres inocentes civis morrem pelas armas de uma guerra sem fim. O momento \u00e9 de muitas d\u00favidas e incertezas em rela\u00e7\u00e3o ao futuro desses dois povos irm\u00e3os na sua origem.<\/li>\n<\/ol>\n<hr \/>\n<p><a href=\"#_ftnref1\" name=\"_ftn1\">[1]<\/a>Doutor em Teologia B\u00edblica pela FAJE (BH). Mestre em Ci\u00eancias B\u00edblicas (Exegese) pelo Pontif\u00edcio Instituto B\u00edblico de Roma. Professor de Exegese B\u00edblica. Estudou em Jerusal\u00e9m, \u00c9cole Biblique. \u00c9 membro da Associa\u00e7\u00e3o Brasileira de Pesquisa B\u00edblica (ABIB). Sacerdote Franciscano. Autor de dez livros e coautor de quinze. Youtube: Frei Jacir B\u00edblia e Ap\u00f3crifos. <a href=\"https:\/\/www.youtube.com\/channel\/UCwbSE97jnR6jQwHRigX1KlQ\">https:\/\/www.youtube.com\/channel\/UCwbSE97jnR6jQwHRigX1KlQ<\/a><\/p>\n","protected":false},"excerpt":{"rendered":"<p>Artigo de Frei Jacir de Freitas Faria<\/p>\n","protected":false},"author":3,"featured_media":193992,"comment_status":"open","ping_status":"open","sticky":false,"template":"","format":"standard","meta":{"footnotes":""},"categories":[26],"tags":[43],"yoast_head":"<!-- This site is optimized with the Yoast SEO plugin v19.4 - https:\/\/yoast.com\/wordpress\/plugins\/seo\/ -->\n<title>Hamas e Israel | Passo a passo das origens b\u00edblicas e pol\u00edticas da guerra e da cria\u00e7\u00e3o do Estado de Israel! - Vida Crist\u00e3 - Franciscanos<\/title>\n<meta name=\"robots\" content=\"index, follow, max-snippet:-1, max-image-preview:large, max-video-preview:-1\" \/>\n<link rel=\"canonical\" href=\"https:\/\/franciscanos.org.br\/vidacrista\/hamas-e-israel-passo-a-passo-das-origens-biblicas-e-politicas-da-guerra-e-da-criacao-do-estado-de-israel\/\" \/>\n<meta property=\"og:locale\" content=\"pt_BR\" \/>\n<meta property=\"og:type\" content=\"article\" \/>\n<meta property=\"og:title\" content=\"Hamas e Israel | Passo a passo das origens b\u00edblicas e pol\u00edticas da guerra e da cria\u00e7\u00e3o do Estado de Israel! - Vida Crist\u00e3 - Franciscanos\" \/>\n<meta property=\"og:description\" content=\"Artigo de Frei Jacir de Freitas Faria\" \/>\n<meta property=\"og:url\" content=\"https:\/\/franciscanos.org.br\/vidacrista\/hamas-e-israel-passo-a-passo-das-origens-biblicas-e-politicas-da-guerra-e-da-criacao-do-estado-de-israel\/\" \/>\n<meta property=\"og:site_name\" content=\"Vida Crist\u00e3 - Franciscanos\" \/>\n<meta property=\"article:published_time\" content=\"2023-11-07T09:44:21+00:00\" \/>\n<meta property=\"article:modified_time\" content=\"2023-11-07T09:50:42+00:00\" \/>\n<meta property=\"og:image\" content=\"https:\/\/franciscanos.org.br\/vidacrista\/wp-content\/uploads\/2023\/11\/israelepalestina_0711.png\" \/>\n\t<meta property=\"og:image:width\" content=\"840\" \/>\n\t<meta property=\"og:image:height\" content=\"450\" \/>\n\t<meta property=\"og:image:type\" content=\"image\/png\" \/>\n<meta name=\"author\" content=\"moacir\" \/>\n<meta name=\"twitter:card\" content=\"summary_large_image\" \/>\n<meta name=\"twitter:label1\" content=\"Escrito por\" \/>\n\t<meta name=\"twitter:data1\" content=\"moacir\" \/>\n\t<meta name=\"twitter:label2\" content=\"Est. tempo de leitura\" \/>\n\t<meta name=\"twitter:data2\" content=\"11 minutos\" \/>\n<script type=\"application\/ld+json\" class=\"yoast-schema-graph\">{\"@context\":\"https:\/\/schema.org\",\"@graph\":[{\"@type\":\"WebSite\",\"@id\":\"https:\/\/franciscanos.org.br\/vidacrista\/#website\",\"url\":\"https:\/\/franciscanos.org.br\/vidacrista\/\",\"name\":\"Vida Crist\u00e3 - Franciscanos\",\"description\":\"Prov\u00edncia Franciscana da Imaculada Concei\u00e7\u00e3o do Brasil - Ordem dos Frades Menores\",\"potentialAction\":[{\"@type\":\"SearchAction\",\"target\":{\"@type\":\"EntryPoint\",\"urlTemplate\":\"https:\/\/franciscanos.org.br\/vidacrista\/?s={search_term_string}\"},\"query-input\":\"required name=search_term_string\"}],\"inLanguage\":\"pt-BR\"},{\"@type\":\"WebPage\",\"@id\":\"https:\/\/franciscanos.org.br\/vidacrista\/hamas-e-israel-passo-a-passo-das-origens-biblicas-e-politicas-da-guerra-e-da-criacao-do-estado-de-israel\/\",\"url\":\"https:\/\/franciscanos.org.br\/vidacrista\/hamas-e-israel-passo-a-passo-das-origens-biblicas-e-politicas-da-guerra-e-da-criacao-do-estado-de-israel\/\",\"name\":\"Hamas e Israel | Passo a passo das origens b\u00edblicas e pol\u00edticas da guerra e da cria\u00e7\u00e3o do Estado de Israel! - Vida Crist\u00e3 - Franciscanos\",\"isPartOf\":{\"@id\":\"https:\/\/franciscanos.org.br\/vidacrista\/#website\"},\"datePublished\":\"2023-11-07T09:44:21+00:00\",\"dateModified\":\"2023-11-07T09:50:42+00:00\",\"author\":{\"@id\":\"https:\/\/franciscanos.org.br\/vidacrista\/#\/schema\/person\/1880bdd2c350b735648725ef7614736a\"},\"breadcrumb\":{\"@id\":\"https:\/\/franciscanos.org.br\/vidacrista\/hamas-e-israel-passo-a-passo-das-origens-biblicas-e-politicas-da-guerra-e-da-criacao-do-estado-de-israel\/#breadcrumb\"},\"inLanguage\":\"pt-BR\",\"potentialAction\":[{\"@type\":\"ReadAction\",\"target\":[\"https:\/\/franciscanos.org.br\/vidacrista\/hamas-e-israel-passo-a-passo-das-origens-biblicas-e-politicas-da-guerra-e-da-criacao-do-estado-de-israel\/\"]}]},{\"@type\":\"BreadcrumbList\",\"@id\":\"https:\/\/franciscanos.org.br\/vidacrista\/hamas-e-israel-passo-a-passo-das-origens-biblicas-e-politicas-da-guerra-e-da-criacao-do-estado-de-israel\/#breadcrumb\",\"itemListElement\":[{\"@type\":\"ListItem\",\"position\":1,\"name\":\"Home\",\"item\":\"https:\/\/franciscanos.org.br\/vidacrista\/\"},{\"@type\":\"ListItem\",\"position\":2,\"name\":\"Hamas e Israel | Passo a passo das origens b\u00edblicas e pol\u00edticas da guerra e da cria\u00e7\u00e3o do Estado de Israel!\"}]},{\"@type\":\"Person\",\"@id\":\"https:\/\/franciscanos.org.br\/vidacrista\/#\/schema\/person\/1880bdd2c350b735648725ef7614736a\",\"name\":\"moacir\",\"image\":{\"@type\":\"ImageObject\",\"inLanguage\":\"pt-BR\",\"@id\":\"https:\/\/franciscanos.org.br\/vidacrista\/#\/schema\/person\/image\/\",\"url\":\"https:\/\/secure.gravatar.com\/avatar\/d08aa2ce4c8dd416d4479aa8536fcf64?s=96&d=mm&r=g\",\"contentUrl\":\"https:\/\/secure.gravatar.com\/avatar\/d08aa2ce4c8dd416d4479aa8536fcf64?s=96&d=mm&r=g\",\"caption\":\"moacir\"},\"url\":\"https:\/\/franciscanos.org.br\/vidacrista\/author\/moacir\/\"}]}<\/script>\n<!-- \/ Yoast SEO plugin. -->","yoast_head_json":{"title":"Hamas e Israel | Passo a passo das origens b\u00edblicas e pol\u00edticas da guerra e da cria\u00e7\u00e3o do Estado de Israel! - Vida Crist\u00e3 - Franciscanos","robots":{"index":"index","follow":"follow","max-snippet":"max-snippet:-1","max-image-preview":"max-image-preview:large","max-video-preview":"max-video-preview:-1"},"canonical":"https:\/\/franciscanos.org.br\/vidacrista\/hamas-e-israel-passo-a-passo-das-origens-biblicas-e-politicas-da-guerra-e-da-criacao-do-estado-de-israel\/","og_locale":"pt_BR","og_type":"article","og_title":"Hamas e Israel | Passo a passo das origens b\u00edblicas e pol\u00edticas da guerra e da cria\u00e7\u00e3o do Estado de Israel! - Vida Crist\u00e3 - Franciscanos","og_description":"Artigo de Frei Jacir de Freitas Faria","og_url":"https:\/\/franciscanos.org.br\/vidacrista\/hamas-e-israel-passo-a-passo-das-origens-biblicas-e-politicas-da-guerra-e-da-criacao-do-estado-de-israel\/","og_site_name":"Vida Crist\u00e3 - Franciscanos","article_published_time":"2023-11-07T09:44:21+00:00","article_modified_time":"2023-11-07T09:50:42+00:00","og_image":[{"width":840,"height":450,"url":"https:\/\/franciscanos.org.br\/vidacrista\/wp-content\/uploads\/2023\/11\/israelepalestina_0711.png","type":"image\/png"}],"author":"moacir","twitter_card":"summary_large_image","twitter_misc":{"Escrito por":"moacir","Est. tempo de leitura":"11 minutos"},"schema":{"@context":"https:\/\/schema.org","@graph":[{"@type":"WebSite","@id":"https:\/\/franciscanos.org.br\/vidacrista\/#website","url":"https:\/\/franciscanos.org.br\/vidacrista\/","name":"Vida Crist\u00e3 - Franciscanos","description":"Prov\u00edncia Franciscana da Imaculada Concei\u00e7\u00e3o do Brasil - Ordem dos Frades Menores","potentialAction":[{"@type":"SearchAction","target":{"@type":"EntryPoint","urlTemplate":"https:\/\/franciscanos.org.br\/vidacrista\/?s={search_term_string}"},"query-input":"required name=search_term_string"}],"inLanguage":"pt-BR"},{"@type":"WebPage","@id":"https:\/\/franciscanos.org.br\/vidacrista\/hamas-e-israel-passo-a-passo-das-origens-biblicas-e-politicas-da-guerra-e-da-criacao-do-estado-de-israel\/","url":"https:\/\/franciscanos.org.br\/vidacrista\/hamas-e-israel-passo-a-passo-das-origens-biblicas-e-politicas-da-guerra-e-da-criacao-do-estado-de-israel\/","name":"Hamas e Israel | Passo a passo das origens b\u00edblicas e pol\u00edticas da guerra e da cria\u00e7\u00e3o do Estado de Israel! - Vida Crist\u00e3 - Franciscanos","isPartOf":{"@id":"https:\/\/franciscanos.org.br\/vidacrista\/#website"},"datePublished":"2023-11-07T09:44:21+00:00","dateModified":"2023-11-07T09:50:42+00:00","author":{"@id":"https:\/\/franciscanos.org.br\/vidacrista\/#\/schema\/person\/1880bdd2c350b735648725ef7614736a"},"breadcrumb":{"@id":"https:\/\/franciscanos.org.br\/vidacrista\/hamas-e-israel-passo-a-passo-das-origens-biblicas-e-politicas-da-guerra-e-da-criacao-do-estado-de-israel\/#breadcrumb"},"inLanguage":"pt-BR","potentialAction":[{"@type":"ReadAction","target":["https:\/\/franciscanos.org.br\/vidacrista\/hamas-e-israel-passo-a-passo-das-origens-biblicas-e-politicas-da-guerra-e-da-criacao-do-estado-de-israel\/"]}]},{"@type":"BreadcrumbList","@id":"https:\/\/franciscanos.org.br\/vidacrista\/hamas-e-israel-passo-a-passo-das-origens-biblicas-e-politicas-da-guerra-e-da-criacao-do-estado-de-israel\/#breadcrumb","itemListElement":[{"@type":"ListItem","position":1,"name":"Home","item":"https:\/\/franciscanos.org.br\/vidacrista\/"},{"@type":"ListItem","position":2,"name":"Hamas e Israel | Passo a passo das origens b\u00edblicas e pol\u00edticas da guerra e da cria\u00e7\u00e3o do Estado de Israel!"}]},{"@type":"Person","@id":"https:\/\/franciscanos.org.br\/vidacrista\/#\/schema\/person\/1880bdd2c350b735648725ef7614736a","name":"moacir","image":{"@type":"ImageObject","inLanguage":"pt-BR","@id":"https:\/\/franciscanos.org.br\/vidacrista\/#\/schema\/person\/image\/","url":"https:\/\/secure.gravatar.com\/avatar\/d08aa2ce4c8dd416d4479aa8536fcf64?s=96&d=mm&r=g","contentUrl":"https:\/\/secure.gravatar.com\/avatar\/d08aa2ce4c8dd416d4479aa8536fcf64?s=96&d=mm&r=g","caption":"moacir"},"url":"https:\/\/franciscanos.org.br\/vidacrista\/author\/moacir\/"}]}},"_links":{"self":[{"href":"https:\/\/franciscanos.org.br\/vidacrista\/wp-json\/wp\/v2\/posts\/193991"}],"collection":[{"href":"https:\/\/franciscanos.org.br\/vidacrista\/wp-json\/wp\/v2\/posts"}],"about":[{"href":"https:\/\/franciscanos.org.br\/vidacrista\/wp-json\/wp\/v2\/types\/post"}],"author":[{"embeddable":true,"href":"https:\/\/franciscanos.org.br\/vidacrista\/wp-json\/wp\/v2\/users\/3"}],"replies":[{"embeddable":true,"href":"https:\/\/franciscanos.org.br\/vidacrista\/wp-json\/wp\/v2\/comments?post=193991"}],"version-history":[{"count":3,"href":"https:\/\/franciscanos.org.br\/vidacrista\/wp-json\/wp\/v2\/posts\/193991\/revisions"}],"predecessor-version":[{"id":193995,"href":"https:\/\/franciscanos.org.br\/vidacrista\/wp-json\/wp\/v2\/posts\/193991\/revisions\/193995"}],"wp:featuredmedia":[{"embeddable":true,"href":"https:\/\/franciscanos.org.br\/vidacrista\/wp-json\/wp\/v2\/media\/193992"}],"wp:attachment":[{"href":"https:\/\/franciscanos.org.br\/vidacrista\/wp-json\/wp\/v2\/media?parent=193991"}],"wp:term":[{"taxonomy":"category","embeddable":true,"href":"https:\/\/franciscanos.org.br\/vidacrista\/wp-json\/wp\/v2\/categories?post=193991"},{"taxonomy":"post_tag","embeddable":true,"href":"https:\/\/franciscanos.org.br\/vidacrista\/wp-json\/wp\/v2\/tags?post=193991"}],"curies":[{"name":"wp","href":"https:\/\/api.w.org\/{rel}","templated":true}]}}