{"id":193943,"date":"2023-10-12T07:04:03","date_gmt":"2023-10-12T10:04:03","guid":{"rendered":"https:\/\/franciscanos.org.br\/vidacrista\/?p=193943"},"modified":"2023-10-12T07:07:37","modified_gmt":"2023-10-12T10:07:37","slug":"nossa-senhora-de-aparecida-no-brasil-e-a-maria-de-nazare-em-cana","status":"publish","type":"post","link":"https:\/\/franciscanos.org.br\/vidacrista\/nossa-senhora-de-aparecida-no-brasil-e-a-maria-de-nazare-em-cana\/","title":{"rendered":"Nossa Senhora de Aparecida no Brasil e a Maria de Nazar\u00e9 em Can\u00e1!"},"content":{"rendered":"<p><img decoding=\"async\" loading=\"lazy\" class=\"alignnone size-full wp-image-193944\" src=\"https:\/\/franciscanos.org.br\/vidacrista\/wp-content\/uploads\/2023\/10\/aparecida_01.jpg\" alt=\"\" width=\"840\" height=\"450\" srcset=\"https:\/\/franciscanos.org.br\/vidacrista\/wp-content\/uploads\/2023\/10\/aparecida_01.jpg 840w, https:\/\/franciscanos.org.br\/vidacrista\/wp-content\/uploads\/2023\/10\/aparecida_01-450x241.jpg 450w, https:\/\/franciscanos.org.br\/vidacrista\/wp-content\/uploads\/2023\/10\/aparecida_01-768x411.jpg 768w, https:\/\/franciscanos.org.br\/vidacrista\/wp-content\/uploads\/2023\/10\/aparecida_01-150x80.jpg 150w\" sizes=\"(max-width: 840px) 100vw, 840px\" \/><\/p>\n<p><em>Frei Jacir de Freitas Faria<\/em> <a href=\"#_ftn1\" name=\"_ftnref1\">[1]<\/a><\/p>\n<p>A cada doze de outubro, o Brasil cat\u00f3lico celebra o dia de Nossa Senhora Aparecida, nossa padroeira, assim como o \u201cDia das Crian\u00e7as\u201d. M\u00e3e e filhos se encontram. No texto que inspira a nossa reflex\u00e3o Jo 2,1-11, nas bodas de Can\u00e1, a m\u00e3e Maria propicia o encontro de Jesus com a sua miss\u00e3o. No milagre de Aparecida, no ano 1717, pescadores recolhem das \u00e1guas do rio Para\u00edba do Sul uma imagem negra de Nossa Senhora da Concei\u00e7\u00e3o, que ficou conhecida como Nossa Senhora Aparecida.<\/p>\n<p><iframe loading=\"lazy\" title=\"YouTube video player\" src=\"https:\/\/www.youtube.com\/embed\/jFFHZ2odrRc?si=SFEDF1EILM6m64Nm\" width=\"100%\" height=\"500\" frameborder=\"0\" allowfullscreen=\"allowfullscreen\"><span data-mce-type=\"bookmark\" style=\"display: inline-block; width: 0px; overflow: hidden; line-height: 0;\" class=\"mce_SELRES_start\">\ufeff<\/span><\/iframe><\/p>\n<p>Como no evangelho de Jo 2,1-11, o contexto era tamb\u00e9m de uma festa. No vale do Para\u00edba, donos de fazendas estavam oferecendo uma festa para o futuro governador da capitania de S\u00e3o Paulo e Minas de Ouro, Dom Pedro Miguel de Almeida. Pescadores pescam uma quantidade suficiente de peixes para alimentar os convidados dessa a festa, assim como a imagem que mudou o rumo da regi\u00e3o.<\/p>\n<p>A festa em Can\u00e1 era de um casamento. Estavam Jesus e Maria como convidados e o vinho tinha acabado. E era somente o terceiro dia de uma festa que durava sete dias. Jesus transforma \u00e1gua em vinho. O que isso significa?<\/p>\n<p>Maria pede ao seu Filho que resolvesse a situa\u00e7\u00e3o. O seu objetivo era fazer com que Jesus fizesse o seu primeiro sinal como Salvador, o Messias que viria libertar Israel. Uma nova etapa na vida de Jesus estava iniciando. Um Novo Testamento, uma Nova Alian\u00e7a estava sendo apresentada aos convidados por iniciativa de Maria.<\/p>\n<p>O Primeiro Testamento, as t\u00e1buas da Lei, esteve representado pelas talhas de pedras. Jesus \u00e9 o novo Mois\u00e9s que inaugura um novo tempo. O vinho, naquele tempo, era o sinal de alegria nas festas, s\u00edmbolo do amor nos casamentos, sinal de que a justi\u00e7a da Lei estava sendo cumprida. No evangelho de Jo\u00e3o, Jesus \u00e9 o novo esposo de Israel que, simbolicamente estava celebrando a sua festa de matrimonio com Israel. Jesus, depois de Can\u00e1, realizou outros seis sinais, os quais revelam a sua pessoa e miss\u00e3o.<\/p>\n<p>A m\u00e3e, sabedora do papel do filho no novo Israel, pede para ele resolver imediatamente a quest\u00e3o, pois a festa n\u00e3o podia terminar e as promessas divinas nele deveriam se cumprir. Sendo Jesus o Messias, Ele passa a ser o esposo que deveria, por obriga\u00e7\u00e3o cultural, oferecer vinho durante a festa.<\/p>\n<p>A resposta de Jesus n\u00e3o \u00e9 muito elegante com a m\u00e3e, ao dizer-lhe: \u201c<em>Que queres de mim, mulher? A minha hora ainda n\u00e3o chegou.<\/em>\u201d (v.4).\u00a0 A hora de Jesus \u00e9 a sua morte que o levaria \u00e0 ressurrei\u00e7\u00e3o. Maria nem se importa com a sua resposta e diz aos criados que fa\u00e7am tudo que ele ordenar. Muitos j\u00e1 explicaram o fato de Jesus n\u00e3o se dirigir a Maria como m\u00e3e, mas como <em>mulher<\/em>, dizendo que mulher, aqui representa a nova Eva, a mulher m\u00e3e de Israel, a esposa de Jesus, os novos judeus seguidores do Messias Jesus.<\/p>\n<p>N\u00e3o temos como discordar dessas afirmativas. No entanto, vale lembrar que tradi\u00e7\u00e3o dos evangelhos ap\u00f3crifos, no evangelho de Nicodemos, ao relatar esse mesmo epis\u00f3dio, diz que Jesus ao receber os criados com talhas de \u00e1gua enviadas por Maria, balan\u00e7a a cabe\u00e7a, encolhe os ombros e diz rindo aos criados: \u201c<em>Fa\u00e7a o que ela est\u00e1 pedindo. Que filho pode negar um pedido de m\u00e3e? O melhor ser\u00e1 atend\u00ea-la o quanto antes, porque sen\u00e3o ir\u00e1 insistir at\u00e9 conseguir o que quer. E disse aos criados: Enchei as talhas de \u00e1gua!<\/em>\u201d<a href=\"#_ftn2\" name=\"_ftnref2\">[2]<\/a><\/p>\n<p>O relato ap\u00f3crifo aparece mais l\u00f3gico. Maria \u00e9 a m\u00e3e que adianta a hora do filho. Nela est\u00e3o todos que acreditaram e acreditam em Jesus, como Filho de Deus. Ela nos revela que seu Filho \u00e9 o pr\u00f3prio vinho novo, o esposo da nova humanidade, simbolicamente representada pelas seis talhas de pedra. O seis relembra o dia da cria\u00e7\u00e3o do ser humano (Gn 1,26), bem como a imperfei\u00e7\u00e3o, o incompleto. A besta do apocalipse \u00e9 representada com o n\u00famero 666. Por serem de pedras, as talhas recordam as t\u00e1buas da lei selada entre Deus e povo, na pessoa de Mois\u00e9s, o \u201ctirado das \u00e1guas\u201d. Agora, \u00e9 Jesus, o novo Mois\u00e9s, que pede para colocar \u00e1gua nas talhas e a transforma em vinho.<\/p>\n<p>Jesus realizou o seu primeiro sinal e nele a gl\u00f3ria de Deus. E todos crerem, mas quem roubou a cena no evento foi Maria. N\u00e3o por menos, ela deveria aparecer tamb\u00e9m em nosso pa\u00eds. Ela \u00e9 a Aparecida do Norte, do Brasil e de todos os crist\u00e3os, de modo especial, para os de f\u00e9 cat\u00f3lica. Que a m\u00e3e de Aparecida, a mesma Maria do Magnificat, cubra o nosso Brasil com seu manto de ternura e traga a paz para seu povo de outrora, Israel e Palestina, que est\u00e3o guerra.<\/p>\n<hr \/>\n<p><a href=\"#_ftnref1\" name=\"_ftn1\">[1]<\/a>Doutor em Teologia B\u00edblica pela FAJE (BH). Mestre em Ci\u00eancias B\u00edblicas (Exegese) pelo Pontif\u00edcio Instituto B\u00edblico de Roma. Professor de Exegese B\u00edblica. \u00c9 membro da Associa\u00e7\u00e3o Brasileira de Pesquisa B\u00edblica (ABIB). Sacerdote Franciscano. Autor de dez livros e coautor de quinze. Youtube: Frei Jacir B\u00edblia e Ap\u00f3crifos. <a href=\"https:\/\/www.youtube.com\/channel\/UCwbSE97jnR6jQwHRigX1KlQ\">https:\/\/www.youtube.com\/channel\/UCwbSE97jnR6jQwHRigX1KlQ<\/a><\/p>\n<p><a href=\"#_ftnref2\" name=\"_ftn2\">[2]<\/a> FARIA, Jacir de Freitas, <strong>Hist\u00f3ria de Maria, m\u00e3e e ap\u00f3stola de seu filho, segundo os evangelhos ap\u00f3crifos. <\/strong>3\u00aa reimpress\u00e3o<em>. <\/em>Petr\u00f3polis: Vozes, 2022, p 106.<\/p>\n","protected":false},"excerpt":{"rendered":"<p>Artigo de Frei Jacir de Freitas Faria<\/p>\n","protected":false},"author":3,"featured_media":193944,"comment_status":"open","ping_status":"open","sticky":false,"template":"","format":"standard","meta":{"footnotes":""},"categories":[26],"tags":[43],"yoast_head":"<!-- This site is optimized with the Yoast SEO plugin v19.4 - https:\/\/yoast.com\/wordpress\/plugins\/seo\/ -->\n<title>Nossa Senhora de Aparecida no Brasil e a Maria de Nazar\u00e9 em Can\u00e1! - Vida Crist\u00e3 - Franciscanos<\/title>\n<meta name=\"robots\" content=\"index, follow, max-snippet:-1, max-image-preview:large, max-video-preview:-1\" \/>\n<link rel=\"canonical\" href=\"https:\/\/franciscanos.org.br\/vidacrista\/nossa-senhora-de-aparecida-no-brasil-e-a-maria-de-nazare-em-cana\/\" \/>\n<meta property=\"og:locale\" content=\"pt_BR\" \/>\n<meta property=\"og:type\" content=\"article\" \/>\n<meta property=\"og:title\" content=\"Nossa Senhora de Aparecida no Brasil e a Maria de Nazar\u00e9 em Can\u00e1! - Vida Crist\u00e3 - Franciscanos\" \/>\n<meta property=\"og:description\" content=\"Artigo de Frei Jacir de Freitas Faria\" \/>\n<meta property=\"og:url\" content=\"https:\/\/franciscanos.org.br\/vidacrista\/nossa-senhora-de-aparecida-no-brasil-e-a-maria-de-nazare-em-cana\/\" \/>\n<meta property=\"og:site_name\" content=\"Vida Crist\u00e3 - Franciscanos\" \/>\n<meta property=\"article:published_time\" content=\"2023-10-12T10:04:03+00:00\" \/>\n<meta property=\"article:modified_time\" content=\"2023-10-12T10:07:37+00:00\" \/>\n<meta property=\"og:image\" content=\"https:\/\/franciscanos.org.br\/vidacrista\/wp-content\/uploads\/2023\/10\/aparecida_01.jpg\" \/>\n\t<meta property=\"og:image:width\" content=\"840\" \/>\n\t<meta property=\"og:image:height\" content=\"450\" \/>\n\t<meta property=\"og:image:type\" content=\"image\/jpeg\" \/>\n<meta name=\"author\" content=\"moacir\" \/>\n<meta name=\"twitter:card\" content=\"summary_large_image\" \/>\n<meta name=\"twitter:label1\" content=\"Escrito por\" \/>\n\t<meta name=\"twitter:data1\" content=\"moacir\" \/>\n\t<meta name=\"twitter:label2\" content=\"Est. tempo de leitura\" \/>\n\t<meta name=\"twitter:data2\" content=\"5 minutos\" \/>\n<script type=\"application\/ld+json\" class=\"yoast-schema-graph\">{\"@context\":\"https:\/\/schema.org\",\"@graph\":[{\"@type\":\"WebSite\",\"@id\":\"https:\/\/franciscanos.org.br\/vidacrista\/#website\",\"url\":\"https:\/\/franciscanos.org.br\/vidacrista\/\",\"name\":\"Vida Crist\u00e3 - Franciscanos\",\"description\":\"Prov\u00edncia Franciscana da Imaculada Concei\u00e7\u00e3o do Brasil - Ordem dos Frades Menores\",\"potentialAction\":[{\"@type\":\"SearchAction\",\"target\":{\"@type\":\"EntryPoint\",\"urlTemplate\":\"https:\/\/franciscanos.org.br\/vidacrista\/?s={search_term_string}\"},\"query-input\":\"required name=search_term_string\"}],\"inLanguage\":\"pt-BR\"},{\"@type\":\"WebPage\",\"@id\":\"https:\/\/franciscanos.org.br\/vidacrista\/nossa-senhora-de-aparecida-no-brasil-e-a-maria-de-nazare-em-cana\/\",\"url\":\"https:\/\/franciscanos.org.br\/vidacrista\/nossa-senhora-de-aparecida-no-brasil-e-a-maria-de-nazare-em-cana\/\",\"name\":\"Nossa Senhora de Aparecida no Brasil e a Maria de Nazar\u00e9 em Can\u00e1! - Vida Crist\u00e3 - Franciscanos\",\"isPartOf\":{\"@id\":\"https:\/\/franciscanos.org.br\/vidacrista\/#website\"},\"datePublished\":\"2023-10-12T10:04:03+00:00\",\"dateModified\":\"2023-10-12T10:07:37+00:00\",\"author\":{\"@id\":\"https:\/\/franciscanos.org.br\/vidacrista\/#\/schema\/person\/1880bdd2c350b735648725ef7614736a\"},\"breadcrumb\":{\"@id\":\"https:\/\/franciscanos.org.br\/vidacrista\/nossa-senhora-de-aparecida-no-brasil-e-a-maria-de-nazare-em-cana\/#breadcrumb\"},\"inLanguage\":\"pt-BR\",\"potentialAction\":[{\"@type\":\"ReadAction\",\"target\":[\"https:\/\/franciscanos.org.br\/vidacrista\/nossa-senhora-de-aparecida-no-brasil-e-a-maria-de-nazare-em-cana\/\"]}]},{\"@type\":\"BreadcrumbList\",\"@id\":\"https:\/\/franciscanos.org.br\/vidacrista\/nossa-senhora-de-aparecida-no-brasil-e-a-maria-de-nazare-em-cana\/#breadcrumb\",\"itemListElement\":[{\"@type\":\"ListItem\",\"position\":1,\"name\":\"Home\",\"item\":\"https:\/\/franciscanos.org.br\/vidacrista\/\"},{\"@type\":\"ListItem\",\"position\":2,\"name\":\"Nossa Senhora de Aparecida no Brasil e a Maria de Nazar\u00e9 em Can\u00e1!\"}]},{\"@type\":\"Person\",\"@id\":\"https:\/\/franciscanos.org.br\/vidacrista\/#\/schema\/person\/1880bdd2c350b735648725ef7614736a\",\"name\":\"moacir\",\"image\":{\"@type\":\"ImageObject\",\"inLanguage\":\"pt-BR\",\"@id\":\"https:\/\/franciscanos.org.br\/vidacrista\/#\/schema\/person\/image\/\",\"url\":\"https:\/\/secure.gravatar.com\/avatar\/d08aa2ce4c8dd416d4479aa8536fcf64?s=96&d=mm&r=g\",\"contentUrl\":\"https:\/\/secure.gravatar.com\/avatar\/d08aa2ce4c8dd416d4479aa8536fcf64?s=96&d=mm&r=g\",\"caption\":\"moacir\"},\"url\":\"https:\/\/franciscanos.org.br\/vidacrista\/author\/moacir\/\"}]}<\/script>\n<!-- \/ Yoast SEO plugin. -->","yoast_head_json":{"title":"Nossa Senhora de Aparecida no Brasil e a Maria de Nazar\u00e9 em Can\u00e1! - Vida Crist\u00e3 - Franciscanos","robots":{"index":"index","follow":"follow","max-snippet":"max-snippet:-1","max-image-preview":"max-image-preview:large","max-video-preview":"max-video-preview:-1"},"canonical":"https:\/\/franciscanos.org.br\/vidacrista\/nossa-senhora-de-aparecida-no-brasil-e-a-maria-de-nazare-em-cana\/","og_locale":"pt_BR","og_type":"article","og_title":"Nossa Senhora de Aparecida no Brasil e a Maria de Nazar\u00e9 em Can\u00e1! - Vida Crist\u00e3 - Franciscanos","og_description":"Artigo de Frei Jacir de Freitas Faria","og_url":"https:\/\/franciscanos.org.br\/vidacrista\/nossa-senhora-de-aparecida-no-brasil-e-a-maria-de-nazare-em-cana\/","og_site_name":"Vida Crist\u00e3 - Franciscanos","article_published_time":"2023-10-12T10:04:03+00:00","article_modified_time":"2023-10-12T10:07:37+00:00","og_image":[{"width":840,"height":450,"url":"https:\/\/franciscanos.org.br\/vidacrista\/wp-content\/uploads\/2023\/10\/aparecida_01.jpg","type":"image\/jpeg"}],"author":"moacir","twitter_card":"summary_large_image","twitter_misc":{"Escrito por":"moacir","Est. tempo de leitura":"5 minutos"},"schema":{"@context":"https:\/\/schema.org","@graph":[{"@type":"WebSite","@id":"https:\/\/franciscanos.org.br\/vidacrista\/#website","url":"https:\/\/franciscanos.org.br\/vidacrista\/","name":"Vida Crist\u00e3 - Franciscanos","description":"Prov\u00edncia Franciscana da Imaculada Concei\u00e7\u00e3o do Brasil - Ordem dos Frades Menores","potentialAction":[{"@type":"SearchAction","target":{"@type":"EntryPoint","urlTemplate":"https:\/\/franciscanos.org.br\/vidacrista\/?s={search_term_string}"},"query-input":"required name=search_term_string"}],"inLanguage":"pt-BR"},{"@type":"WebPage","@id":"https:\/\/franciscanos.org.br\/vidacrista\/nossa-senhora-de-aparecida-no-brasil-e-a-maria-de-nazare-em-cana\/","url":"https:\/\/franciscanos.org.br\/vidacrista\/nossa-senhora-de-aparecida-no-brasil-e-a-maria-de-nazare-em-cana\/","name":"Nossa Senhora de Aparecida no Brasil e a Maria de Nazar\u00e9 em Can\u00e1! - Vida Crist\u00e3 - Franciscanos","isPartOf":{"@id":"https:\/\/franciscanos.org.br\/vidacrista\/#website"},"datePublished":"2023-10-12T10:04:03+00:00","dateModified":"2023-10-12T10:07:37+00:00","author":{"@id":"https:\/\/franciscanos.org.br\/vidacrista\/#\/schema\/person\/1880bdd2c350b735648725ef7614736a"},"breadcrumb":{"@id":"https:\/\/franciscanos.org.br\/vidacrista\/nossa-senhora-de-aparecida-no-brasil-e-a-maria-de-nazare-em-cana\/#breadcrumb"},"inLanguage":"pt-BR","potentialAction":[{"@type":"ReadAction","target":["https:\/\/franciscanos.org.br\/vidacrista\/nossa-senhora-de-aparecida-no-brasil-e-a-maria-de-nazare-em-cana\/"]}]},{"@type":"BreadcrumbList","@id":"https:\/\/franciscanos.org.br\/vidacrista\/nossa-senhora-de-aparecida-no-brasil-e-a-maria-de-nazare-em-cana\/#breadcrumb","itemListElement":[{"@type":"ListItem","position":1,"name":"Home","item":"https:\/\/franciscanos.org.br\/vidacrista\/"},{"@type":"ListItem","position":2,"name":"Nossa Senhora de Aparecida no Brasil e a Maria de Nazar\u00e9 em Can\u00e1!"}]},{"@type":"Person","@id":"https:\/\/franciscanos.org.br\/vidacrista\/#\/schema\/person\/1880bdd2c350b735648725ef7614736a","name":"moacir","image":{"@type":"ImageObject","inLanguage":"pt-BR","@id":"https:\/\/franciscanos.org.br\/vidacrista\/#\/schema\/person\/image\/","url":"https:\/\/secure.gravatar.com\/avatar\/d08aa2ce4c8dd416d4479aa8536fcf64?s=96&d=mm&r=g","contentUrl":"https:\/\/secure.gravatar.com\/avatar\/d08aa2ce4c8dd416d4479aa8536fcf64?s=96&d=mm&r=g","caption":"moacir"},"url":"https:\/\/franciscanos.org.br\/vidacrista\/author\/moacir\/"}]}},"_links":{"self":[{"href":"https:\/\/franciscanos.org.br\/vidacrista\/wp-json\/wp\/v2\/posts\/193943"}],"collection":[{"href":"https:\/\/franciscanos.org.br\/vidacrista\/wp-json\/wp\/v2\/posts"}],"about":[{"href":"https:\/\/franciscanos.org.br\/vidacrista\/wp-json\/wp\/v2\/types\/post"}],"author":[{"embeddable":true,"href":"https:\/\/franciscanos.org.br\/vidacrista\/wp-json\/wp\/v2\/users\/3"}],"replies":[{"embeddable":true,"href":"https:\/\/franciscanos.org.br\/vidacrista\/wp-json\/wp\/v2\/comments?post=193943"}],"version-history":[{"count":3,"href":"https:\/\/franciscanos.org.br\/vidacrista\/wp-json\/wp\/v2\/posts\/193943\/revisions"}],"predecessor-version":[{"id":193947,"href":"https:\/\/franciscanos.org.br\/vidacrista\/wp-json\/wp\/v2\/posts\/193943\/revisions\/193947"}],"wp:featuredmedia":[{"embeddable":true,"href":"https:\/\/franciscanos.org.br\/vidacrista\/wp-json\/wp\/v2\/media\/193944"}],"wp:attachment":[{"href":"https:\/\/franciscanos.org.br\/vidacrista\/wp-json\/wp\/v2\/media?parent=193943"}],"wp:term":[{"taxonomy":"category","embeddable":true,"href":"https:\/\/franciscanos.org.br\/vidacrista\/wp-json\/wp\/v2\/categories?post=193943"},{"taxonomy":"post_tag","embeddable":true,"href":"https:\/\/franciscanos.org.br\/vidacrista\/wp-json\/wp\/v2\/tags?post=193943"}],"curies":[{"name":"wp","href":"https:\/\/api.w.org\/{rel}","templated":true}]}}