{"id":193940,"date":"2023-10-11T07:51:10","date_gmt":"2023-10-11T10:51:10","guid":{"rendered":"https:\/\/franciscanos.org.br\/vidacrista\/?p=193940"},"modified":"2023-10-11T07:51:10","modified_gmt":"2023-10-11T10:51:10","slug":"teologia-e-o-culto-misterico-a-deusa-cibele-na-carta-aos-efesios","status":"publish","type":"post","link":"https:\/\/franciscanos.org.br\/vidacrista\/teologia-e-o-culto-misterico-a-deusa-cibele-na-carta-aos-efesios\/","title":{"rendered":"Teologia e o culto mist\u00e9rico \u00e0 deusa Cibele na Carta aos Ef\u00e9sios!"},"content":{"rendered":"<div id=\"attachment_193941\" style=\"width: 850px\" class=\"wp-caption alignnone\"><img aria-describedby=\"caption-attachment-193941\" decoding=\"async\" loading=\"lazy\" class=\"wp-image-193941 size-full\" src=\"https:\/\/franciscanos.org.br\/vidacrista\/wp-content\/uploads\/2023\/10\/cibele_01.jpg\" alt=\"\" width=\"840\" height=\"450\" srcset=\"https:\/\/franciscanos.org.br\/vidacrista\/wp-content\/uploads\/2023\/10\/cibele_01.jpg 840w, https:\/\/franciscanos.org.br\/vidacrista\/wp-content\/uploads\/2023\/10\/cibele_01-450x241.jpg 450w, https:\/\/franciscanos.org.br\/vidacrista\/wp-content\/uploads\/2023\/10\/cibele_01-768x411.jpg 768w, https:\/\/franciscanos.org.br\/vidacrista\/wp-content\/uploads\/2023\/10\/cibele_01-150x80.jpg 150w\" sizes=\"(max-width: 840px) 100vw, 840px\" \/><p id=\"caption-attachment-193941\" class=\"wp-caption-text\"><em>Imagem: Deusa Cibele, licen\u00e7as Creative Commons<\/em><\/p><\/div>\n<p><em>Frei Jacir de Freitas Faria<\/em> <a href=\"#_ftn1\" name=\"_ftnref1\">[1]<\/a><\/p>\n<p>A carta aos Ef\u00e9sios apresenta uma Teologia Cristol\u00f3gica, Eclesiol\u00f3gica e Escatol\u00f3gica. Deus \u00e9 Pai e Criador de todas as coisas. Seu plano foi revelado por Deus a Jesus. Cristo ressuscitado tem autoridade sobre todo o universo. A Igreja \u00e9 universal, \u00fanica, corpo de Cristo, morada de Deus em constru\u00e7\u00e3o num corpo, templo de Deus (2,20-22) e como o amor matrimonial. A plenitude est\u00e1 no presente, ainda que exista a Parusia. A ressurrei\u00e7\u00e3o \u00e9 aqui. A experi\u00eancia batismal nos leva \u00e0 vida futura. Viver como batizado \u00e9 o que diferencia os crist\u00e3os dos outros grupos. Mist\u00e9rio (3,3.4.9; 5,32;6,19) e amor (1,4.6.15; 3,1.17.19; 5,1.2.25.33; 6,23.24) aparecem v\u00e1rias vezes na carta aos Ef\u00e9sios. A Igreja \u00e9 um espa\u00e7o para todos e n\u00e3o para um culto mist\u00e9rico, um grupo fechado.<\/p>\n<p><iframe loading=\"lazy\" title=\"YouTube video player\" src=\"https:\/\/www.youtube.com\/embed\/ccXHj5GsBgc?si=cRjaKvziag8FxeSH\" width=\"100%\" height=\"500\" frameborder=\"0\" allowfullscreen=\"allowfullscreen\"><span data-mce-type=\"bookmark\" style=\"display: inline-block; width: 0px; overflow: hidden; line-height: 0;\" class=\"mce_SELRES_start\">\ufeff<\/span><\/iframe><\/p>\n<p>A mistagogia do amor em Ef\u00e9sios nos coloca no mundo. Isso tem a ver com a proposta da S\u00ednodo. A unidade na diversidade faz dessa carta um desafio para os crist\u00e3os da \u00c1sia Menor de ontem, e para n\u00f3s, hoje.<\/p>\n<p>O autor dessa carta soube, com maestria, apresentar as etapas do culto mist\u00e9rico \u00e0 Deusa Cibele na reda\u00e7\u00e3o da carta aos Ef\u00e9sios, de modo que os seus leitores fossem capazes de compreender e aderir \u00e0 proposta de Cristo ressuscitado apresentado por Paulo. Como e por que ocorria o culto \u00e0 deusa Cibele? Acesse o v\u00eddeo proposto e confira.<\/p>\n<hr \/>\n<p><a href=\"#_ftnref1\" name=\"_ftn1\">[1]<\/a>Doutor em Teologia B\u00edblica pela FAJE (BH). Mestre em Ci\u00eancias B\u00edblicas (Exegese) pelo Pontif\u00edcio Instituto B\u00edblico de Roma. Professor de Exegese B\u00edblica. \u00c9 membro da Associa\u00e7\u00e3o Brasileira de Pesquisa B\u00edblica (ABIB). Sacerdote Franciscano. Autor de dez livros e coautor de quinze. Youtube: Frei Jacir B\u00edblia e Ap\u00f3crifos. <a href=\"https:\/\/www.youtube.com\/channel\/UCwbSE97jnR6jQwHRigX1KlQ\">https:\/\/www.youtube.com\/channel\/UCwbSE97jnR6jQwHRigX1KlQ<\/a><\/p>\n","protected":false},"excerpt":{"rendered":"<p>Artigo de Frei Jacir de Freitas Faria<\/p>\n","protected":false},"author":3,"featured_media":193941,"comment_status":"open","ping_status":"open","sticky":false,"template":"","format":"standard","meta":{"footnotes":""},"categories":[26],"tags":[43],"yoast_head":"<!-- This site is optimized with the Yoast SEO plugin v19.4 - https:\/\/yoast.com\/wordpress\/plugins\/seo\/ -->\n<title>Teologia e o culto mist\u00e9rico \u00e0 deusa Cibele na Carta aos Ef\u00e9sios! - Vida Crist\u00e3 - Franciscanos<\/title>\n<meta name=\"robots\" content=\"index, follow, max-snippet:-1, max-image-preview:large, max-video-preview:-1\" \/>\n<link rel=\"canonical\" href=\"https:\/\/franciscanos.org.br\/vidacrista\/teologia-e-o-culto-misterico-a-deusa-cibele-na-carta-aos-efesios\/\" \/>\n<meta property=\"og:locale\" content=\"pt_BR\" \/>\n<meta property=\"og:type\" content=\"article\" \/>\n<meta property=\"og:title\" content=\"Teologia e o culto mist\u00e9rico \u00e0 deusa Cibele na Carta aos Ef\u00e9sios! - Vida Crist\u00e3 - Franciscanos\" \/>\n<meta property=\"og:description\" content=\"Artigo de Frei Jacir de Freitas Faria\" \/>\n<meta property=\"og:url\" content=\"https:\/\/franciscanos.org.br\/vidacrista\/teologia-e-o-culto-misterico-a-deusa-cibele-na-carta-aos-efesios\/\" \/>\n<meta property=\"og:site_name\" content=\"Vida Crist\u00e3 - Franciscanos\" \/>\n<meta property=\"article:published_time\" content=\"2023-10-11T10:51:10+00:00\" \/>\n<meta property=\"og:image\" content=\"https:\/\/franciscanos.org.br\/vidacrista\/wp-content\/uploads\/2023\/10\/cibele_01.jpg\" \/>\n\t<meta property=\"og:image:width\" content=\"840\" \/>\n\t<meta property=\"og:image:height\" content=\"450\" \/>\n\t<meta property=\"og:image:type\" content=\"image\/jpeg\" \/>\n<meta name=\"author\" content=\"moacir\" \/>\n<meta name=\"twitter:card\" content=\"summary_large_image\" \/>\n<meta name=\"twitter:label1\" content=\"Escrito por\" \/>\n\t<meta name=\"twitter:data1\" content=\"moacir\" \/>\n\t<meta name=\"twitter:label2\" content=\"Est. tempo de leitura\" \/>\n\t<meta name=\"twitter:data2\" content=\"2 minutos\" \/>\n<script type=\"application\/ld+json\" class=\"yoast-schema-graph\">{\"@context\":\"https:\/\/schema.org\",\"@graph\":[{\"@type\":\"WebSite\",\"@id\":\"https:\/\/franciscanos.org.br\/vidacrista\/#website\",\"url\":\"https:\/\/franciscanos.org.br\/vidacrista\/\",\"name\":\"Vida Crist\u00e3 - Franciscanos\",\"description\":\"Prov\u00edncia Franciscana da Imaculada Concei\u00e7\u00e3o do Brasil - Ordem dos Frades Menores\",\"potentialAction\":[{\"@type\":\"SearchAction\",\"target\":{\"@type\":\"EntryPoint\",\"urlTemplate\":\"https:\/\/franciscanos.org.br\/vidacrista\/?s={search_term_string}\"},\"query-input\":\"required name=search_term_string\"}],\"inLanguage\":\"pt-BR\"},{\"@type\":\"WebPage\",\"@id\":\"https:\/\/franciscanos.org.br\/vidacrista\/teologia-e-o-culto-misterico-a-deusa-cibele-na-carta-aos-efesios\/\",\"url\":\"https:\/\/franciscanos.org.br\/vidacrista\/teologia-e-o-culto-misterico-a-deusa-cibele-na-carta-aos-efesios\/\",\"name\":\"Teologia e o culto mist\u00e9rico \u00e0 deusa Cibele na Carta aos Ef\u00e9sios! - Vida Crist\u00e3 - Franciscanos\",\"isPartOf\":{\"@id\":\"https:\/\/franciscanos.org.br\/vidacrista\/#website\"},\"datePublished\":\"2023-10-11T10:51:10+00:00\",\"dateModified\":\"2023-10-11T10:51:10+00:00\",\"author\":{\"@id\":\"https:\/\/franciscanos.org.br\/vidacrista\/#\/schema\/person\/1880bdd2c350b735648725ef7614736a\"},\"breadcrumb\":{\"@id\":\"https:\/\/franciscanos.org.br\/vidacrista\/teologia-e-o-culto-misterico-a-deusa-cibele-na-carta-aos-efesios\/#breadcrumb\"},\"inLanguage\":\"pt-BR\",\"potentialAction\":[{\"@type\":\"ReadAction\",\"target\":[\"https:\/\/franciscanos.org.br\/vidacrista\/teologia-e-o-culto-misterico-a-deusa-cibele-na-carta-aos-efesios\/\"]}]},{\"@type\":\"BreadcrumbList\",\"@id\":\"https:\/\/franciscanos.org.br\/vidacrista\/teologia-e-o-culto-misterico-a-deusa-cibele-na-carta-aos-efesios\/#breadcrumb\",\"itemListElement\":[{\"@type\":\"ListItem\",\"position\":1,\"name\":\"Home\",\"item\":\"https:\/\/franciscanos.org.br\/vidacrista\/\"},{\"@type\":\"ListItem\",\"position\":2,\"name\":\"Teologia e o culto mist\u00e9rico \u00e0 deusa Cibele na Carta aos Ef\u00e9sios!\"}]},{\"@type\":\"Person\",\"@id\":\"https:\/\/franciscanos.org.br\/vidacrista\/#\/schema\/person\/1880bdd2c350b735648725ef7614736a\",\"name\":\"moacir\",\"image\":{\"@type\":\"ImageObject\",\"inLanguage\":\"pt-BR\",\"@id\":\"https:\/\/franciscanos.org.br\/vidacrista\/#\/schema\/person\/image\/\",\"url\":\"https:\/\/secure.gravatar.com\/avatar\/d08aa2ce4c8dd416d4479aa8536fcf64?s=96&d=mm&r=g\",\"contentUrl\":\"https:\/\/secure.gravatar.com\/avatar\/d08aa2ce4c8dd416d4479aa8536fcf64?s=96&d=mm&r=g\",\"caption\":\"moacir\"},\"url\":\"https:\/\/franciscanos.org.br\/vidacrista\/author\/moacir\/\"}]}<\/script>\n<!-- \/ Yoast SEO plugin. -->","yoast_head_json":{"title":"Teologia e o culto mist\u00e9rico \u00e0 deusa Cibele na Carta aos Ef\u00e9sios! - Vida Crist\u00e3 - Franciscanos","robots":{"index":"index","follow":"follow","max-snippet":"max-snippet:-1","max-image-preview":"max-image-preview:large","max-video-preview":"max-video-preview:-1"},"canonical":"https:\/\/franciscanos.org.br\/vidacrista\/teologia-e-o-culto-misterico-a-deusa-cibele-na-carta-aos-efesios\/","og_locale":"pt_BR","og_type":"article","og_title":"Teologia e o culto mist\u00e9rico \u00e0 deusa Cibele na Carta aos Ef\u00e9sios! - Vida Crist\u00e3 - Franciscanos","og_description":"Artigo de Frei Jacir de Freitas Faria","og_url":"https:\/\/franciscanos.org.br\/vidacrista\/teologia-e-o-culto-misterico-a-deusa-cibele-na-carta-aos-efesios\/","og_site_name":"Vida Crist\u00e3 - Franciscanos","article_published_time":"2023-10-11T10:51:10+00:00","og_image":[{"width":840,"height":450,"url":"https:\/\/franciscanos.org.br\/vidacrista\/wp-content\/uploads\/2023\/10\/cibele_01.jpg","type":"image\/jpeg"}],"author":"moacir","twitter_card":"summary_large_image","twitter_misc":{"Escrito por":"moacir","Est. tempo de leitura":"2 minutos"},"schema":{"@context":"https:\/\/schema.org","@graph":[{"@type":"WebSite","@id":"https:\/\/franciscanos.org.br\/vidacrista\/#website","url":"https:\/\/franciscanos.org.br\/vidacrista\/","name":"Vida Crist\u00e3 - Franciscanos","description":"Prov\u00edncia Franciscana da Imaculada Concei\u00e7\u00e3o do Brasil - Ordem dos Frades Menores","potentialAction":[{"@type":"SearchAction","target":{"@type":"EntryPoint","urlTemplate":"https:\/\/franciscanos.org.br\/vidacrista\/?s={search_term_string}"},"query-input":"required name=search_term_string"}],"inLanguage":"pt-BR"},{"@type":"WebPage","@id":"https:\/\/franciscanos.org.br\/vidacrista\/teologia-e-o-culto-misterico-a-deusa-cibele-na-carta-aos-efesios\/","url":"https:\/\/franciscanos.org.br\/vidacrista\/teologia-e-o-culto-misterico-a-deusa-cibele-na-carta-aos-efesios\/","name":"Teologia e o culto mist\u00e9rico \u00e0 deusa Cibele na Carta aos Ef\u00e9sios! - Vida Crist\u00e3 - Franciscanos","isPartOf":{"@id":"https:\/\/franciscanos.org.br\/vidacrista\/#website"},"datePublished":"2023-10-11T10:51:10+00:00","dateModified":"2023-10-11T10:51:10+00:00","author":{"@id":"https:\/\/franciscanos.org.br\/vidacrista\/#\/schema\/person\/1880bdd2c350b735648725ef7614736a"},"breadcrumb":{"@id":"https:\/\/franciscanos.org.br\/vidacrista\/teologia-e-o-culto-misterico-a-deusa-cibele-na-carta-aos-efesios\/#breadcrumb"},"inLanguage":"pt-BR","potentialAction":[{"@type":"ReadAction","target":["https:\/\/franciscanos.org.br\/vidacrista\/teologia-e-o-culto-misterico-a-deusa-cibele-na-carta-aos-efesios\/"]}]},{"@type":"BreadcrumbList","@id":"https:\/\/franciscanos.org.br\/vidacrista\/teologia-e-o-culto-misterico-a-deusa-cibele-na-carta-aos-efesios\/#breadcrumb","itemListElement":[{"@type":"ListItem","position":1,"name":"Home","item":"https:\/\/franciscanos.org.br\/vidacrista\/"},{"@type":"ListItem","position":2,"name":"Teologia e o culto mist\u00e9rico \u00e0 deusa Cibele na Carta aos Ef\u00e9sios!"}]},{"@type":"Person","@id":"https:\/\/franciscanos.org.br\/vidacrista\/#\/schema\/person\/1880bdd2c350b735648725ef7614736a","name":"moacir","image":{"@type":"ImageObject","inLanguage":"pt-BR","@id":"https:\/\/franciscanos.org.br\/vidacrista\/#\/schema\/person\/image\/","url":"https:\/\/secure.gravatar.com\/avatar\/d08aa2ce4c8dd416d4479aa8536fcf64?s=96&d=mm&r=g","contentUrl":"https:\/\/secure.gravatar.com\/avatar\/d08aa2ce4c8dd416d4479aa8536fcf64?s=96&d=mm&r=g","caption":"moacir"},"url":"https:\/\/franciscanos.org.br\/vidacrista\/author\/moacir\/"}]}},"_links":{"self":[{"href":"https:\/\/franciscanos.org.br\/vidacrista\/wp-json\/wp\/v2\/posts\/193940"}],"collection":[{"href":"https:\/\/franciscanos.org.br\/vidacrista\/wp-json\/wp\/v2\/posts"}],"about":[{"href":"https:\/\/franciscanos.org.br\/vidacrista\/wp-json\/wp\/v2\/types\/post"}],"author":[{"embeddable":true,"href":"https:\/\/franciscanos.org.br\/vidacrista\/wp-json\/wp\/v2\/users\/3"}],"replies":[{"embeddable":true,"href":"https:\/\/franciscanos.org.br\/vidacrista\/wp-json\/wp\/v2\/comments?post=193940"}],"version-history":[{"count":1,"href":"https:\/\/franciscanos.org.br\/vidacrista\/wp-json\/wp\/v2\/posts\/193940\/revisions"}],"predecessor-version":[{"id":193942,"href":"https:\/\/franciscanos.org.br\/vidacrista\/wp-json\/wp\/v2\/posts\/193940\/revisions\/193942"}],"wp:featuredmedia":[{"embeddable":true,"href":"https:\/\/franciscanos.org.br\/vidacrista\/wp-json\/wp\/v2\/media\/193941"}],"wp:attachment":[{"href":"https:\/\/franciscanos.org.br\/vidacrista\/wp-json\/wp\/v2\/media?parent=193940"}],"wp:term":[{"taxonomy":"category","embeddable":true,"href":"https:\/\/franciscanos.org.br\/vidacrista\/wp-json\/wp\/v2\/categories?post=193940"},{"taxonomy":"post_tag","embeddable":true,"href":"https:\/\/franciscanos.org.br\/vidacrista\/wp-json\/wp\/v2\/tags?post=193940"}],"curies":[{"name":"wp","href":"https:\/\/api.w.org\/{rel}","templated":true}]}}