{"id":193924,"date":"2023-10-02T06:42:44","date_gmt":"2023-10-02T09:42:44","guid":{"rendered":"https:\/\/franciscanos.org.br\/vidacrista\/?p=193924"},"modified":"2023-10-02T07:28:24","modified_gmt":"2023-10-02T10:28:24","slug":"o-anjo-da-guarda-o-desvalor-e-valor-das-criancas-mt-181-5-10","status":"publish","type":"post","link":"https:\/\/franciscanos.org.br\/vidacrista\/o-anjo-da-guarda-o-desvalor-e-valor-das-criancas-mt-181-5-10\/","title":{"rendered":"O Anjo da Guarda, o desvalor e valor das crian\u00e7as! (Mt 18,1-5.10)"},"content":{"rendered":"<div id=\"attachment_193925\" style=\"width: 850px\" class=\"wp-caption alignnone\"><img aria-describedby=\"caption-attachment-193925\" decoding=\"async\" loading=\"lazy\" class=\"wp-image-193925 size-full\" src=\"https:\/\/franciscanos.org.br\/vidacrista\/wp-content\/uploads\/2023\/10\/miguel_02_10.jpg\" alt=\"\" width=\"840\" height=\"450\" srcset=\"https:\/\/franciscanos.org.br\/vidacrista\/wp-content\/uploads\/2023\/10\/miguel_02_10.jpg 840w, https:\/\/franciscanos.org.br\/vidacrista\/wp-content\/uploads\/2023\/10\/miguel_02_10-450x241.jpg 450w, https:\/\/franciscanos.org.br\/vidacrista\/wp-content\/uploads\/2023\/10\/miguel_02_10-768x411.jpg 768w, https:\/\/franciscanos.org.br\/vidacrista\/wp-content\/uploads\/2023\/10\/miguel_02_10-150x80.jpg 150w\" sizes=\"(max-width: 840px) 100vw, 840px\" \/><p id=\"caption-attachment-193925\" class=\"wp-caption-text\"><em>O Arcanjo Miguel, de Theodoros Poulakis ((1650 &#8211; 1699) (Google Art Project, Wikip\u00e9dia, dom\u00ednio p\u00fablico)<\/em><\/p><\/div>\n<p><em>Frei Jacir de Freitas Faria<\/em> <a href=\"#_ftn1\" name=\"_ftnref1\">[1]<\/a><\/p>\n<p><em>O texto sobre o qual vamos refletir \u00e9 Mt 18,1-5.10. Trata-se da passagem na qual Jesus coloca uma crian\u00e7a no meio dos ap\u00f3stolos e fala do valor dela como anjo em rela\u00e7\u00e3o ao Reino dos C\u00e9us. Essa passagem \u00e9 lida no dia dedicado aos Anjos da Guarda, festa celebrada, desde o s\u00e9culo V, na Espanha, no dia 29 de setembro, juntamente com o Arcanjo Miguel. A mudan\u00e7a de data para o dia 2 de outubro ocorreu a partir de 1670, quando o Papa Clemente X universalizou a celebra\u00e7\u00e3o com o objetivo de valorizar as crian\u00e7as. Ser\u00e1 por qu\u00ea?<\/em><\/p>\n<p><iframe loading=\"lazy\" title=\"YouTube video player\" src=\"https:\/\/www.youtube.com\/embed\/jmMksqKe2pY?si=Au2RCInjfOI88IKD\" width=\"100%\" height=\"500\" frameborder=\"0\" allowfullscreen=\"allowfullscreen\"><span data-mce-type=\"bookmark\" style=\"display: inline-block; width: 0px; overflow: hidden; line-height: 0;\" class=\"mce_SELRES_start\">\ufeff<\/span><\/iframe><\/p>\n<p><em>O Arcanjo Miguel tem rela\u00e7\u00e3o com o Anjo da Guarda! Ambos s\u00e3o protetores. Quem nunca ouviu uma crian\u00e7a rezar, com a candura da voz de um Enzo ou de um de Heitor, a ora\u00e7\u00e3o que a vov\u00f3 Lourdes ensinou: <\/em><em>\u201cAnjinho da\u00a0Guarda, meu bom amiguinho, me leve sempre, pelo bom caminho.\u201d<\/em> S\u00e3o v\u00e1rias as ora\u00e7\u00f5es ao Anjo da Guarda, mas essa \u00e9 a mais conhecida e de f\u00e1cil memoriza\u00e7\u00e3o para uma crian\u00e7a rezar ao dormir. Mt 18,1-5.10 apresenta Jesus valorizando a crian\u00e7a. Ser\u00e1 por qu\u00ea? Como o juda\u00edsmo assimilou a ideia de anjo?<\/p>\n<p>A cren\u00e7a em anjos \u00e9 antiga. Os judeus acreditavam que cada um tinha o seu anjo protetor. A concep\u00e7\u00e3o de anjo veio do mundo persa e foi inclu\u00edda na f\u00e9 judaica para afirmar que Deus tem uma corte de anjos ao seu lado. A B\u00edblia cita muito os anjos: Anjo de Jav\u00e9 (Gn 16,7), mas tamb\u00e9m o Anjo exterminador de Jav\u00e9 (Nm17,6-15). Evangelho \u00e9 composto do substantivo anjo, do grego <em>angelos <\/em>e significa Boa-Nova. Disso decorre que o anjo \u00e9 aquele que traz a palavra de Deus. O l\u00edder da comunidade, no Apocalipse, \u00e9 chamado de anjo. O anjo \u00e9 um ser criado por Deus para agir em seu nome. O anjo \u00e9 Deus mesmo.<\/p>\n<p>Os anjos s\u00e3o protetores. Miguel \u00e9 anjo protetor dos judeus (Dn 10,13-210; 12,1). Sua fama de protetor foi refor\u00e7ada, na Baixa Idade M\u00e9dia (s\u00e9c. X-XV), quando viver era sentir medo de ir para o fogo do Inferno, um imagin\u00e1rio criado pela Igreja para dominar as almas com a \u201cPastoral do Medo\u201d. Miguel passou a ser anjo da balan\u00e7a que pesa almas e faz todo o esfor\u00e7o para salv\u00e1-las. Por ser protetor de almas, ele passou a ser S\u00e3o Miguel e Almas. Sua fama se espalhou em velocidade \u2018cibern\u00e9tica\u2019. Virou santo e padroeiro da Igreja Cat\u00f3lica, mas tamb\u00e9m guerreiro, guarda do Para\u00edso e detentor do poder de ir ao Inferno para buscar almas.<a href=\"#_ftn2\" name=\"_ftnref2\">[2]<\/a><\/p>\n<p>O livro do \u00caxodo fala que Deus enviar\u00e1 um anjo para nos guiar pelo caminho at\u00e9 o lugar que Ele tem preparado para n\u00f3s (Ex 23,20). Tobias viajou, tendo ao seu lado, o anjo Rafael (Tob 5,6). Sabedor e conhecedor dessa vis\u00e3o, Jesus compara crian\u00e7as como anjos no c\u00e9u (Mt 18,10). Elas t\u00eam dentro delas a pequenez, a fraqueza e a humildade. Os ap\u00f3stolos s\u00e3o chamados a viver como as crian\u00e7as (Mt 18,3-4).<\/p>\n<p>Para os judeus, no tempo de Jesus, as crian\u00e7as eram privadas de direito e de considera\u00e7\u00e3o. Eram s\u00edmbolo de pequenez e de pobreza. N\u00e3o sendo consideradas como modelo de virtude, elas n\u00e3o tinham voz nas reuni\u00f5es. Deviam somente escutar e aprender. <a href=\"#_ftn3\" name=\"_ftnref3\">[3]<\/a> Os rabinos n\u00e3o demonstravam interesse pelas crian\u00e7as. Conta-se que certa vez o Rabino Dosa B. Arquinos disse: &#8220;O sono matinal, o vinho do meio-dia, o tagarelar com crian\u00e7as e o deter-se nos lugares de encontro do povinho fazem morrer o homem&#8221; (Ab.3,10).<a href=\"#_ftn4\" name=\"_ftnref4\">[4]<\/a> No mundo antigo, era normal a pr\u00e1tica de abandonar rec\u00e9m-nascidos no lix\u00e3o das cidades. Essas eram resgatadas e criadas como escravos. <a href=\"#_ftn5\" name=\"_ftnref5\">[5]<\/a><\/p>\n<p>Na Idade M\u00e9dia, as crian\u00e7as eram vistas como pessoas fr\u00e1geis, infantis, mas eram tratadas como adultas. Tinham que trabalhar e vestir como eles. Eram um adulto em miniatura, um ser imperfeito. Por isso, alguns pensavam que elas n\u00e3o tinham salva\u00e7\u00e3o, caso morressem. As pinturas medievais do menino Jesus com um rosto de adulto foi uma tentativa de valorizar e pedir a salva\u00e7\u00e3o para as crian\u00e7as. Houve, nessa \u00e9poca, muitas apari\u00e7\u00f5es de Jesus menino para os santos. Alguns idiomas, como o franc\u00eas, conservaram essa mentalidade, quando grafa crian\u00e7a como \u2018enfant\u2019, um infantil. J\u00e1 o portugu\u00eas usa crian\u00e7a, que vem de Deus Criador. A devo\u00e7\u00e3o ao Anjo da Guarda, no s\u00e9c. XVII, foi o modo como a Igreja encontrou para valorizar as crian\u00e7as diante da sociedade, ao afirmar que elas tinham que ser protegidas pelos adultos, pois eram caras a Deus, precisavam de catequese.<\/p>\n<p>Contr\u00e1rio ao comportamento dos seus coet\u00e2neos, Jesus acolhe crian\u00e7as. \u201cNa atitude de Jesus se percebe uma submiss\u00e3o volunt\u00e1ria e imediata \u00e0s crian\u00e7as. Nisso podemos perceber um aspecto caracter\u00edstico da sua atividade. Tendo como pano de fundo a insignific\u00e2ncia da crian\u00e7a, essa atitude de Jesus \u00e9 entendida atrav\u00e9s da oferta de gra\u00e7a \u00e0queles que nada t\u00eam, como uma cr\u00edtica aos preconceitos do mundo dos adultos. A crian\u00e7a \u00e9 considerada, de fato, como interlocutor de Deus.\u201d <a href=\"#_ftn6\" name=\"_ftnref6\">[6]<\/a> N\u00e3o querendo absolutizar a inoc\u00eancia das crian\u00e7as, Jesus chama a aten\u00e7\u00e3o para a mod\u00e9stia, a ingenuidade, a pequenez, a receptividade e a simplicidade das crian\u00e7as. Caracter\u00edsticas essas que possibilitam o acesso ao Reino de Deus. As crian\u00e7as s\u00e3o para Jesus os modelos ideais do Reino. Que as tenhamos como inspira\u00e7\u00e3o e delas cuidemos com o valor da justi\u00e7a, da igualdade do Reino de Deus aqui e agora. Am\u00e9m!<\/p>\n<hr \/>\n<p><a href=\"#_ftnref1\" name=\"_ftn1\">[1]<\/a>Doutor em Teologia B\u00edblica pela FAJE (BH). Mestre em Ci\u00eancias B\u00edblicas (Exegese) pelo Pontif\u00edcio Instituto B\u00edblico de Roma. Professor de Exegese B\u00edblica. \u00c9 membro da Associa\u00e7\u00e3o Brasileira de Pesquisa B\u00edblica (ABIB). Sacerdote Franciscano. Autor de dez livros e coautor de quinze. Youtube: Frei Jacir B\u00edblia e Ap\u00f3crifos. <a href=\"https:\/\/www.youtube.com\/channel\/UCwbSE97jnR6jQwHRigX1KlQ\">https:\/\/www.youtube.com\/channel\/UCwbSE97jnR6jQwHRigX1KlQ<\/a><\/p>\n<p><a href=\"#_ftnref2\" name=\"_ftn2\">[2]<\/a> S\u00c3O MIGUEL. In: VAN DER POEL, Francisco. <strong>Dicion\u00e1rio da religiosidade popular<\/strong><em>: <\/em>cultura e religi\u00e3o no Brasil. Curitiba: Editora Nossa Cultura LTDA, 2013, p. 992.<\/p>\n<p><a href=\"#_ftnref3\" name=\"_ftn3\">[3]<\/a> BONNARD, <strong>Evangelio segun San Mateo<\/strong>, 426. N\u00e3o obstante esse comportamento de recha\u00e7o das crian\u00e7as da vida social, os judeus, por outro lado, as consideravam como um dos principais sinais da b\u00ean\u00e7\u00e3o divina e, por isso, lhes reservavam muitos cuidados (Ez 16,4; Lc 2,27; Gn 17,12; Ex 13,1-15; 2Mac 44,7; Nm 15,39; Lc 2,42).<\/p>\n<p><a href=\"#_ftnref4\" name=\"_ftn4\">[4]<\/a> Texto citado por KITTEL, <strong>Grande Lessico<\/strong>, V, col. 645.<\/p>\n<p><a href=\"#_ftnref5\" name=\"_ftn5\">[5]<\/a>\u00a0 CROSSAN, J. D., <strong>O Jesus hist\u00f3rico<\/strong><em>, <\/em>Rio de Janeiro: Imago, 1994, p.306<\/p>\n<p><a href=\"#_ftnref6\" name=\"_ftn6\">[6]<\/a> GNILKA,<em> Il vangelo di Matteo<\/em>, II, 240-241.<\/p>\n","protected":false},"excerpt":{"rendered":"<p>Artigo de Frei Jacir de Freitas Faria<\/p>\n","protected":false},"author":3,"featured_media":193925,"comment_status":"open","ping_status":"open","sticky":false,"template":"","format":"standard","meta":{"footnotes":""},"categories":[26],"tags":[43],"yoast_head":"<!-- This site is optimized with the Yoast SEO plugin v19.4 - https:\/\/yoast.com\/wordpress\/plugins\/seo\/ -->\n<title>O Anjo da Guarda, o desvalor e valor das crian\u00e7as! (Mt 18,1-5.10) - Vida Crist\u00e3 - Franciscanos<\/title>\n<meta name=\"robots\" content=\"index, follow, max-snippet:-1, max-image-preview:large, max-video-preview:-1\" \/>\n<link rel=\"canonical\" href=\"https:\/\/franciscanos.org.br\/vidacrista\/o-anjo-da-guarda-o-desvalor-e-valor-das-criancas-mt-181-5-10\/\" \/>\n<meta property=\"og:locale\" content=\"pt_BR\" \/>\n<meta property=\"og:type\" content=\"article\" \/>\n<meta property=\"og:title\" content=\"O Anjo da Guarda, o desvalor e valor das crian\u00e7as! (Mt 18,1-5.10) - Vida Crist\u00e3 - Franciscanos\" \/>\n<meta property=\"og:description\" content=\"Artigo de Frei Jacir de Freitas Faria\" \/>\n<meta property=\"og:url\" content=\"https:\/\/franciscanos.org.br\/vidacrista\/o-anjo-da-guarda-o-desvalor-e-valor-das-criancas-mt-181-5-10\/\" \/>\n<meta property=\"og:site_name\" content=\"Vida Crist\u00e3 - Franciscanos\" \/>\n<meta property=\"article:published_time\" content=\"2023-10-02T09:42:44+00:00\" \/>\n<meta property=\"article:modified_time\" content=\"2023-10-02T10:28:24+00:00\" \/>\n<meta property=\"og:image\" content=\"https:\/\/franciscanos.org.br\/vidacrista\/wp-content\/uploads\/2023\/10\/miguel_02_10.jpg\" \/>\n\t<meta property=\"og:image:width\" content=\"840\" \/>\n\t<meta property=\"og:image:height\" content=\"450\" \/>\n\t<meta property=\"og:image:type\" content=\"image\/jpeg\" \/>\n<meta name=\"author\" content=\"moacir\" \/>\n<meta name=\"twitter:card\" content=\"summary_large_image\" \/>\n<meta name=\"twitter:label1\" content=\"Escrito por\" \/>\n\t<meta name=\"twitter:data1\" content=\"moacir\" \/>\n\t<meta name=\"twitter:label2\" content=\"Est. tempo de leitura\" \/>\n\t<meta name=\"twitter:data2\" content=\"6 minutos\" \/>\n<script type=\"application\/ld+json\" class=\"yoast-schema-graph\">{\"@context\":\"https:\/\/schema.org\",\"@graph\":[{\"@type\":\"WebSite\",\"@id\":\"https:\/\/franciscanos.org.br\/vidacrista\/#website\",\"url\":\"https:\/\/franciscanos.org.br\/vidacrista\/\",\"name\":\"Vida Crist\u00e3 - Franciscanos\",\"description\":\"Prov\u00edncia Franciscana da Imaculada Concei\u00e7\u00e3o do Brasil - Ordem dos Frades Menores\",\"potentialAction\":[{\"@type\":\"SearchAction\",\"target\":{\"@type\":\"EntryPoint\",\"urlTemplate\":\"https:\/\/franciscanos.org.br\/vidacrista\/?s={search_term_string}\"},\"query-input\":\"required name=search_term_string\"}],\"inLanguage\":\"pt-BR\"},{\"@type\":\"WebPage\",\"@id\":\"https:\/\/franciscanos.org.br\/vidacrista\/o-anjo-da-guarda-o-desvalor-e-valor-das-criancas-mt-181-5-10\/\",\"url\":\"https:\/\/franciscanos.org.br\/vidacrista\/o-anjo-da-guarda-o-desvalor-e-valor-das-criancas-mt-181-5-10\/\",\"name\":\"O Anjo da Guarda, o desvalor e valor das crian\u00e7as! (Mt 18,1-5.10) - Vida Crist\u00e3 - Franciscanos\",\"isPartOf\":{\"@id\":\"https:\/\/franciscanos.org.br\/vidacrista\/#website\"},\"datePublished\":\"2023-10-02T09:42:44+00:00\",\"dateModified\":\"2023-10-02T10:28:24+00:00\",\"author\":{\"@id\":\"https:\/\/franciscanos.org.br\/vidacrista\/#\/schema\/person\/1880bdd2c350b735648725ef7614736a\"},\"breadcrumb\":{\"@id\":\"https:\/\/franciscanos.org.br\/vidacrista\/o-anjo-da-guarda-o-desvalor-e-valor-das-criancas-mt-181-5-10\/#breadcrumb\"},\"inLanguage\":\"pt-BR\",\"potentialAction\":[{\"@type\":\"ReadAction\",\"target\":[\"https:\/\/franciscanos.org.br\/vidacrista\/o-anjo-da-guarda-o-desvalor-e-valor-das-criancas-mt-181-5-10\/\"]}]},{\"@type\":\"BreadcrumbList\",\"@id\":\"https:\/\/franciscanos.org.br\/vidacrista\/o-anjo-da-guarda-o-desvalor-e-valor-das-criancas-mt-181-5-10\/#breadcrumb\",\"itemListElement\":[{\"@type\":\"ListItem\",\"position\":1,\"name\":\"Home\",\"item\":\"https:\/\/franciscanos.org.br\/vidacrista\/\"},{\"@type\":\"ListItem\",\"position\":2,\"name\":\"O Anjo da Guarda, o desvalor e valor das crian\u00e7as! (Mt 18,1-5.10)\"}]},{\"@type\":\"Person\",\"@id\":\"https:\/\/franciscanos.org.br\/vidacrista\/#\/schema\/person\/1880bdd2c350b735648725ef7614736a\",\"name\":\"moacir\",\"image\":{\"@type\":\"ImageObject\",\"inLanguage\":\"pt-BR\",\"@id\":\"https:\/\/franciscanos.org.br\/vidacrista\/#\/schema\/person\/image\/\",\"url\":\"https:\/\/secure.gravatar.com\/avatar\/d08aa2ce4c8dd416d4479aa8536fcf64?s=96&d=mm&r=g\",\"contentUrl\":\"https:\/\/secure.gravatar.com\/avatar\/d08aa2ce4c8dd416d4479aa8536fcf64?s=96&d=mm&r=g\",\"caption\":\"moacir\"},\"url\":\"https:\/\/franciscanos.org.br\/vidacrista\/author\/moacir\/\"}]}<\/script>\n<!-- \/ Yoast SEO plugin. -->","yoast_head_json":{"title":"O Anjo da Guarda, o desvalor e valor das crian\u00e7as! (Mt 18,1-5.10) - Vida Crist\u00e3 - Franciscanos","robots":{"index":"index","follow":"follow","max-snippet":"max-snippet:-1","max-image-preview":"max-image-preview:large","max-video-preview":"max-video-preview:-1"},"canonical":"https:\/\/franciscanos.org.br\/vidacrista\/o-anjo-da-guarda-o-desvalor-e-valor-das-criancas-mt-181-5-10\/","og_locale":"pt_BR","og_type":"article","og_title":"O Anjo da Guarda, o desvalor e valor das crian\u00e7as! (Mt 18,1-5.10) - Vida Crist\u00e3 - Franciscanos","og_description":"Artigo de Frei Jacir de Freitas Faria","og_url":"https:\/\/franciscanos.org.br\/vidacrista\/o-anjo-da-guarda-o-desvalor-e-valor-das-criancas-mt-181-5-10\/","og_site_name":"Vida Crist\u00e3 - Franciscanos","article_published_time":"2023-10-02T09:42:44+00:00","article_modified_time":"2023-10-02T10:28:24+00:00","og_image":[{"width":840,"height":450,"url":"https:\/\/franciscanos.org.br\/vidacrista\/wp-content\/uploads\/2023\/10\/miguel_02_10.jpg","type":"image\/jpeg"}],"author":"moacir","twitter_card":"summary_large_image","twitter_misc":{"Escrito por":"moacir","Est. tempo de leitura":"6 minutos"},"schema":{"@context":"https:\/\/schema.org","@graph":[{"@type":"WebSite","@id":"https:\/\/franciscanos.org.br\/vidacrista\/#website","url":"https:\/\/franciscanos.org.br\/vidacrista\/","name":"Vida Crist\u00e3 - Franciscanos","description":"Prov\u00edncia Franciscana da Imaculada Concei\u00e7\u00e3o do Brasil - Ordem dos Frades Menores","potentialAction":[{"@type":"SearchAction","target":{"@type":"EntryPoint","urlTemplate":"https:\/\/franciscanos.org.br\/vidacrista\/?s={search_term_string}"},"query-input":"required name=search_term_string"}],"inLanguage":"pt-BR"},{"@type":"WebPage","@id":"https:\/\/franciscanos.org.br\/vidacrista\/o-anjo-da-guarda-o-desvalor-e-valor-das-criancas-mt-181-5-10\/","url":"https:\/\/franciscanos.org.br\/vidacrista\/o-anjo-da-guarda-o-desvalor-e-valor-das-criancas-mt-181-5-10\/","name":"O Anjo da Guarda, o desvalor e valor das crian\u00e7as! (Mt 18,1-5.10) - Vida Crist\u00e3 - Franciscanos","isPartOf":{"@id":"https:\/\/franciscanos.org.br\/vidacrista\/#website"},"datePublished":"2023-10-02T09:42:44+00:00","dateModified":"2023-10-02T10:28:24+00:00","author":{"@id":"https:\/\/franciscanos.org.br\/vidacrista\/#\/schema\/person\/1880bdd2c350b735648725ef7614736a"},"breadcrumb":{"@id":"https:\/\/franciscanos.org.br\/vidacrista\/o-anjo-da-guarda-o-desvalor-e-valor-das-criancas-mt-181-5-10\/#breadcrumb"},"inLanguage":"pt-BR","potentialAction":[{"@type":"ReadAction","target":["https:\/\/franciscanos.org.br\/vidacrista\/o-anjo-da-guarda-o-desvalor-e-valor-das-criancas-mt-181-5-10\/"]}]},{"@type":"BreadcrumbList","@id":"https:\/\/franciscanos.org.br\/vidacrista\/o-anjo-da-guarda-o-desvalor-e-valor-das-criancas-mt-181-5-10\/#breadcrumb","itemListElement":[{"@type":"ListItem","position":1,"name":"Home","item":"https:\/\/franciscanos.org.br\/vidacrista\/"},{"@type":"ListItem","position":2,"name":"O Anjo da Guarda, o desvalor e valor das crian\u00e7as! (Mt 18,1-5.10)"}]},{"@type":"Person","@id":"https:\/\/franciscanos.org.br\/vidacrista\/#\/schema\/person\/1880bdd2c350b735648725ef7614736a","name":"moacir","image":{"@type":"ImageObject","inLanguage":"pt-BR","@id":"https:\/\/franciscanos.org.br\/vidacrista\/#\/schema\/person\/image\/","url":"https:\/\/secure.gravatar.com\/avatar\/d08aa2ce4c8dd416d4479aa8536fcf64?s=96&d=mm&r=g","contentUrl":"https:\/\/secure.gravatar.com\/avatar\/d08aa2ce4c8dd416d4479aa8536fcf64?s=96&d=mm&r=g","caption":"moacir"},"url":"https:\/\/franciscanos.org.br\/vidacrista\/author\/moacir\/"}]}},"_links":{"self":[{"href":"https:\/\/franciscanos.org.br\/vidacrista\/wp-json\/wp\/v2\/posts\/193924"}],"collection":[{"href":"https:\/\/franciscanos.org.br\/vidacrista\/wp-json\/wp\/v2\/posts"}],"about":[{"href":"https:\/\/franciscanos.org.br\/vidacrista\/wp-json\/wp\/v2\/types\/post"}],"author":[{"embeddable":true,"href":"https:\/\/franciscanos.org.br\/vidacrista\/wp-json\/wp\/v2\/users\/3"}],"replies":[{"embeddable":true,"href":"https:\/\/franciscanos.org.br\/vidacrista\/wp-json\/wp\/v2\/comments?post=193924"}],"version-history":[{"count":2,"href":"https:\/\/franciscanos.org.br\/vidacrista\/wp-json\/wp\/v2\/posts\/193924\/revisions"}],"predecessor-version":[{"id":193927,"href":"https:\/\/franciscanos.org.br\/vidacrista\/wp-json\/wp\/v2\/posts\/193924\/revisions\/193927"}],"wp:featuredmedia":[{"embeddable":true,"href":"https:\/\/franciscanos.org.br\/vidacrista\/wp-json\/wp\/v2\/media\/193925"}],"wp:attachment":[{"href":"https:\/\/franciscanos.org.br\/vidacrista\/wp-json\/wp\/v2\/media?parent=193924"}],"wp:term":[{"taxonomy":"category","embeddable":true,"href":"https:\/\/franciscanos.org.br\/vidacrista\/wp-json\/wp\/v2\/categories?post=193924"},{"taxonomy":"post_tag","embeddable":true,"href":"https:\/\/franciscanos.org.br\/vidacrista\/wp-json\/wp\/v2\/tags?post=193924"}],"curies":[{"name":"wp","href":"https:\/\/api.w.org\/{rel}","templated":true}]}}