{"id":193848,"date":"2023-09-25T07:27:36","date_gmt":"2023-09-25T10:27:36","guid":{"rendered":"https:\/\/franciscanos.org.br\/vidacrista\/?p=193848"},"modified":"2023-09-25T07:30:39","modified_gmt":"2023-09-25T10:30:39","slug":"carta-aos-efesios-nao-e-de-paulo-e-nem-foi-escrita-para-os-efesios-sera-por-que","status":"publish","type":"post","link":"https:\/\/franciscanos.org.br\/vidacrista\/carta-aos-efesios-nao-e-de-paulo-e-nem-foi-escrita-para-os-efesios-sera-por-que\/","title":{"rendered":"Carta aos Ef\u00e9sios: n\u00e3o \u00e9 de Paulo e nem foi escrita para os ef\u00e9sios!  Ser\u00e1 por qu\u00ea?"},"content":{"rendered":"<div id=\"attachment_193849\" style=\"width: 850px\" class=\"wp-caption alignnone\"><img aria-describedby=\"caption-attachment-193849\" decoding=\"async\" loading=\"lazy\" class=\"wp-image-193849 size-full\" src=\"https:\/\/franciscanos.org.br\/vidacrista\/wp-content\/uploads\/2023\/09\/paulo_2509.jpg\" alt=\"\" width=\"840\" height=\"450\" srcset=\"https:\/\/franciscanos.org.br\/vidacrista\/wp-content\/uploads\/2023\/09\/paulo_2509.jpg 840w, https:\/\/franciscanos.org.br\/vidacrista\/wp-content\/uploads\/2023\/09\/paulo_2509-450x241.jpg 450w, https:\/\/franciscanos.org.br\/vidacrista\/wp-content\/uploads\/2023\/09\/paulo_2509-768x411.jpg 768w, https:\/\/franciscanos.org.br\/vidacrista\/wp-content\/uploads\/2023\/09\/paulo_2509-150x80.jpg 150w\" sizes=\"(max-width: 840px) 100vw, 840px\" \/><p id=\"caption-attachment-193849\" class=\"wp-caption-text\"><em>Paulo escreve suas Ep\u00edstolas, de Valentin de Boulogne (dom\u00ednio p\u00fablico, Wikip\u00e9dia)<\/em><\/p><\/div>\n<p><em>Frei Jacir de Freitas Faria<\/em> <a href=\"#_ftn1\" name=\"_ftnref1\">[1]<\/a><\/p>\n<p>A carta aos Ef\u00e9sios sempre despertou muitas cr\u00edticas dos biblistas. O seu conte\u00fado diverge do pensamento de Paulo. A primeira suspeita \u00e9 que ela n\u00e3o faz parte das cartas aut\u00eanticas de Paulo. Por que um disc\u00edpulo seu da segunda e terceira gera\u00e7\u00e3o resolveu escrever essa hom\u00edlia para os crist\u00e3os da \u00c1sia Menor? Quais tem\u00e1ticas ele escolheu para falar da necessidade de uni\u00e3o dos crist\u00e3os? Qual \u00e9 a sua estrutura e finalidade?<\/p>\n<p>Em tempos de prepara\u00e7\u00e3o para o S\u00ednodo na Igreja Cat\u00f3lica, em que essa carta pode contribuir? Ela realmente pode acrescentar algo? Qual tipo de Igreja queremos ser? Por que o enfoque dado \u00e0 centralidade de Cristo e da Igreja, em tempos de di\u00e1logo ecum\u00eanico?<\/p>\n<p>Acesse o v\u00eddeo proposto para compreender melhor o sentido da Carta aos Ef\u00e9sios.<\/p>\n<p><iframe loading=\"lazy\" title=\"YouTube video player\" src=\"https:\/\/www.youtube.com\/embed\/fwZIDT5fhgg?si=pYvio-BkkEVtnoSm\" width=\"100%\" height=\"500\" frameborder=\"0\" allowfullscreen=\"allowfullscreen\"><span data-mce-type=\"bookmark\" style=\"display: inline-block; width: 0px; overflow: hidden; line-height: 0;\" class=\"mce_SELRES_start\">\ufeff<\/span><\/iframe><\/p>\n<hr \/>\n<p><a href=\"#_ftnref1\" name=\"_ftn1\">[1]<\/a>Doutor em Teologia B\u00edblica pela FAJE (BH). Mestre em Ci\u00eancias B\u00edblicas (Exegese) pelo Pontif\u00edcio Instituto B\u00edblico de Roma. Professor de Exegese B\u00edblica. \u00c9 membro da Associa\u00e7\u00e3o Brasileira de Pesquisa B\u00edblica (ABIB). Sacerdote Franciscano. Autor de dez livros e coautor de quinze. Youtube: Frei Jacir B\u00edblia e Apocrifos. <a href=\"https:\/\/www.youtube.com\/channel\/UCwbSE97jnR6jQwHRigX1KlQ\">https:\/\/www.youtube.com\/channel\/UCwbSE97jnR6jQwHRigX1KlQ<\/a><\/p>\n","protected":false},"excerpt":{"rendered":"<p>Reflex\u00e3o de Frei Jacir de Freitas Faria<\/p>\n","protected":false},"author":3,"featured_media":193849,"comment_status":"open","ping_status":"open","sticky":false,"template":"","format":"standard","meta":{"footnotes":""},"categories":[26],"tags":[43],"yoast_head":"<!-- This site is optimized with the Yoast SEO plugin v19.4 - https:\/\/yoast.com\/wordpress\/plugins\/seo\/ -->\n<title>Carta aos Ef\u00e9sios: n\u00e3o \u00e9 de Paulo e nem foi escrita para os ef\u00e9sios! Ser\u00e1 por qu\u00ea? - Vida Crist\u00e3 - Franciscanos<\/title>\n<meta name=\"robots\" content=\"index, follow, max-snippet:-1, max-image-preview:large, max-video-preview:-1\" \/>\n<link rel=\"canonical\" href=\"https:\/\/franciscanos.org.br\/vidacrista\/carta-aos-efesios-nao-e-de-paulo-e-nem-foi-escrita-para-os-efesios-sera-por-que\/\" \/>\n<meta property=\"og:locale\" content=\"pt_BR\" \/>\n<meta property=\"og:type\" content=\"article\" \/>\n<meta property=\"og:title\" content=\"Carta aos Ef\u00e9sios: n\u00e3o \u00e9 de Paulo e nem foi escrita para os ef\u00e9sios! Ser\u00e1 por qu\u00ea? - Vida Crist\u00e3 - Franciscanos\" \/>\n<meta property=\"og:description\" content=\"Reflex\u00e3o de Frei Jacir de Freitas Faria\" \/>\n<meta property=\"og:url\" content=\"https:\/\/franciscanos.org.br\/vidacrista\/carta-aos-efesios-nao-e-de-paulo-e-nem-foi-escrita-para-os-efesios-sera-por-que\/\" \/>\n<meta property=\"og:site_name\" content=\"Vida Crist\u00e3 - Franciscanos\" \/>\n<meta property=\"article:published_time\" content=\"2023-09-25T10:27:36+00:00\" \/>\n<meta property=\"article:modified_time\" content=\"2023-09-25T10:30:39+00:00\" \/>\n<meta property=\"og:image\" content=\"https:\/\/franciscanos.org.br\/vidacrista\/wp-content\/uploads\/2023\/09\/paulo_2509.jpg\" \/>\n\t<meta property=\"og:image:width\" content=\"840\" \/>\n\t<meta property=\"og:image:height\" content=\"450\" \/>\n\t<meta property=\"og:image:type\" content=\"image\/jpeg\" \/>\n<meta name=\"author\" content=\"moacir\" \/>\n<meta name=\"twitter:card\" content=\"summary_large_image\" \/>\n<meta name=\"twitter:label1\" content=\"Escrito por\" \/>\n\t<meta name=\"twitter:data1\" content=\"moacir\" \/>\n\t<meta name=\"twitter:label2\" content=\"Est. tempo de leitura\" \/>\n\t<meta name=\"twitter:data2\" content=\"1 minuto\" \/>\n<script type=\"application\/ld+json\" class=\"yoast-schema-graph\">{\"@context\":\"https:\/\/schema.org\",\"@graph\":[{\"@type\":\"WebSite\",\"@id\":\"https:\/\/franciscanos.org.br\/vidacrista\/#website\",\"url\":\"https:\/\/franciscanos.org.br\/vidacrista\/\",\"name\":\"Vida Crist\u00e3 - Franciscanos\",\"description\":\"Prov\u00edncia Franciscana da Imaculada Concei\u00e7\u00e3o do Brasil - Ordem dos Frades Menores\",\"potentialAction\":[{\"@type\":\"SearchAction\",\"target\":{\"@type\":\"EntryPoint\",\"urlTemplate\":\"https:\/\/franciscanos.org.br\/vidacrista\/?s={search_term_string}\"},\"query-input\":\"required name=search_term_string\"}],\"inLanguage\":\"pt-BR\"},{\"@type\":\"WebPage\",\"@id\":\"https:\/\/franciscanos.org.br\/vidacrista\/carta-aos-efesios-nao-e-de-paulo-e-nem-foi-escrita-para-os-efesios-sera-por-que\/\",\"url\":\"https:\/\/franciscanos.org.br\/vidacrista\/carta-aos-efesios-nao-e-de-paulo-e-nem-foi-escrita-para-os-efesios-sera-por-que\/\",\"name\":\"Carta aos Ef\u00e9sios: n\u00e3o \u00e9 de Paulo e nem foi escrita para os ef\u00e9sios! Ser\u00e1 por qu\u00ea? - Vida Crist\u00e3 - Franciscanos\",\"isPartOf\":{\"@id\":\"https:\/\/franciscanos.org.br\/vidacrista\/#website\"},\"datePublished\":\"2023-09-25T10:27:36+00:00\",\"dateModified\":\"2023-09-25T10:30:39+00:00\",\"author\":{\"@id\":\"https:\/\/franciscanos.org.br\/vidacrista\/#\/schema\/person\/1880bdd2c350b735648725ef7614736a\"},\"breadcrumb\":{\"@id\":\"https:\/\/franciscanos.org.br\/vidacrista\/carta-aos-efesios-nao-e-de-paulo-e-nem-foi-escrita-para-os-efesios-sera-por-que\/#breadcrumb\"},\"inLanguage\":\"pt-BR\",\"potentialAction\":[{\"@type\":\"ReadAction\",\"target\":[\"https:\/\/franciscanos.org.br\/vidacrista\/carta-aos-efesios-nao-e-de-paulo-e-nem-foi-escrita-para-os-efesios-sera-por-que\/\"]}]},{\"@type\":\"BreadcrumbList\",\"@id\":\"https:\/\/franciscanos.org.br\/vidacrista\/carta-aos-efesios-nao-e-de-paulo-e-nem-foi-escrita-para-os-efesios-sera-por-que\/#breadcrumb\",\"itemListElement\":[{\"@type\":\"ListItem\",\"position\":1,\"name\":\"Home\",\"item\":\"https:\/\/franciscanos.org.br\/vidacrista\/\"},{\"@type\":\"ListItem\",\"position\":2,\"name\":\"Carta aos Ef\u00e9sios: n\u00e3o \u00e9 de Paulo e nem foi escrita para os ef\u00e9sios! Ser\u00e1 por qu\u00ea?\"}]},{\"@type\":\"Person\",\"@id\":\"https:\/\/franciscanos.org.br\/vidacrista\/#\/schema\/person\/1880bdd2c350b735648725ef7614736a\",\"name\":\"moacir\",\"image\":{\"@type\":\"ImageObject\",\"inLanguage\":\"pt-BR\",\"@id\":\"https:\/\/franciscanos.org.br\/vidacrista\/#\/schema\/person\/image\/\",\"url\":\"https:\/\/secure.gravatar.com\/avatar\/d08aa2ce4c8dd416d4479aa8536fcf64?s=96&d=mm&r=g\",\"contentUrl\":\"https:\/\/secure.gravatar.com\/avatar\/d08aa2ce4c8dd416d4479aa8536fcf64?s=96&d=mm&r=g\",\"caption\":\"moacir\"},\"url\":\"https:\/\/franciscanos.org.br\/vidacrista\/author\/moacir\/\"}]}<\/script>\n<!-- \/ Yoast SEO plugin. -->","yoast_head_json":{"title":"Carta aos Ef\u00e9sios: n\u00e3o \u00e9 de Paulo e nem foi escrita para os ef\u00e9sios! Ser\u00e1 por qu\u00ea? - Vida Crist\u00e3 - Franciscanos","robots":{"index":"index","follow":"follow","max-snippet":"max-snippet:-1","max-image-preview":"max-image-preview:large","max-video-preview":"max-video-preview:-1"},"canonical":"https:\/\/franciscanos.org.br\/vidacrista\/carta-aos-efesios-nao-e-de-paulo-e-nem-foi-escrita-para-os-efesios-sera-por-que\/","og_locale":"pt_BR","og_type":"article","og_title":"Carta aos Ef\u00e9sios: n\u00e3o \u00e9 de Paulo e nem foi escrita para os ef\u00e9sios! Ser\u00e1 por qu\u00ea? - Vida Crist\u00e3 - Franciscanos","og_description":"Reflex\u00e3o de Frei Jacir de Freitas Faria","og_url":"https:\/\/franciscanos.org.br\/vidacrista\/carta-aos-efesios-nao-e-de-paulo-e-nem-foi-escrita-para-os-efesios-sera-por-que\/","og_site_name":"Vida Crist\u00e3 - Franciscanos","article_published_time":"2023-09-25T10:27:36+00:00","article_modified_time":"2023-09-25T10:30:39+00:00","og_image":[{"width":840,"height":450,"url":"https:\/\/franciscanos.org.br\/vidacrista\/wp-content\/uploads\/2023\/09\/paulo_2509.jpg","type":"image\/jpeg"}],"author":"moacir","twitter_card":"summary_large_image","twitter_misc":{"Escrito por":"moacir","Est. tempo de leitura":"1 minuto"},"schema":{"@context":"https:\/\/schema.org","@graph":[{"@type":"WebSite","@id":"https:\/\/franciscanos.org.br\/vidacrista\/#website","url":"https:\/\/franciscanos.org.br\/vidacrista\/","name":"Vida Crist\u00e3 - Franciscanos","description":"Prov\u00edncia Franciscana da Imaculada Concei\u00e7\u00e3o do Brasil - Ordem dos Frades Menores","potentialAction":[{"@type":"SearchAction","target":{"@type":"EntryPoint","urlTemplate":"https:\/\/franciscanos.org.br\/vidacrista\/?s={search_term_string}"},"query-input":"required name=search_term_string"}],"inLanguage":"pt-BR"},{"@type":"WebPage","@id":"https:\/\/franciscanos.org.br\/vidacrista\/carta-aos-efesios-nao-e-de-paulo-e-nem-foi-escrita-para-os-efesios-sera-por-que\/","url":"https:\/\/franciscanos.org.br\/vidacrista\/carta-aos-efesios-nao-e-de-paulo-e-nem-foi-escrita-para-os-efesios-sera-por-que\/","name":"Carta aos Ef\u00e9sios: n\u00e3o \u00e9 de Paulo e nem foi escrita para os ef\u00e9sios! Ser\u00e1 por qu\u00ea? - Vida Crist\u00e3 - Franciscanos","isPartOf":{"@id":"https:\/\/franciscanos.org.br\/vidacrista\/#website"},"datePublished":"2023-09-25T10:27:36+00:00","dateModified":"2023-09-25T10:30:39+00:00","author":{"@id":"https:\/\/franciscanos.org.br\/vidacrista\/#\/schema\/person\/1880bdd2c350b735648725ef7614736a"},"breadcrumb":{"@id":"https:\/\/franciscanos.org.br\/vidacrista\/carta-aos-efesios-nao-e-de-paulo-e-nem-foi-escrita-para-os-efesios-sera-por-que\/#breadcrumb"},"inLanguage":"pt-BR","potentialAction":[{"@type":"ReadAction","target":["https:\/\/franciscanos.org.br\/vidacrista\/carta-aos-efesios-nao-e-de-paulo-e-nem-foi-escrita-para-os-efesios-sera-por-que\/"]}]},{"@type":"BreadcrumbList","@id":"https:\/\/franciscanos.org.br\/vidacrista\/carta-aos-efesios-nao-e-de-paulo-e-nem-foi-escrita-para-os-efesios-sera-por-que\/#breadcrumb","itemListElement":[{"@type":"ListItem","position":1,"name":"Home","item":"https:\/\/franciscanos.org.br\/vidacrista\/"},{"@type":"ListItem","position":2,"name":"Carta aos Ef\u00e9sios: n\u00e3o \u00e9 de Paulo e nem foi escrita para os ef\u00e9sios! Ser\u00e1 por qu\u00ea?"}]},{"@type":"Person","@id":"https:\/\/franciscanos.org.br\/vidacrista\/#\/schema\/person\/1880bdd2c350b735648725ef7614736a","name":"moacir","image":{"@type":"ImageObject","inLanguage":"pt-BR","@id":"https:\/\/franciscanos.org.br\/vidacrista\/#\/schema\/person\/image\/","url":"https:\/\/secure.gravatar.com\/avatar\/d08aa2ce4c8dd416d4479aa8536fcf64?s=96&d=mm&r=g","contentUrl":"https:\/\/secure.gravatar.com\/avatar\/d08aa2ce4c8dd416d4479aa8536fcf64?s=96&d=mm&r=g","caption":"moacir"},"url":"https:\/\/franciscanos.org.br\/vidacrista\/author\/moacir\/"}]}},"_links":{"self":[{"href":"https:\/\/franciscanos.org.br\/vidacrista\/wp-json\/wp\/v2\/posts\/193848"}],"collection":[{"href":"https:\/\/franciscanos.org.br\/vidacrista\/wp-json\/wp\/v2\/posts"}],"about":[{"href":"https:\/\/franciscanos.org.br\/vidacrista\/wp-json\/wp\/v2\/types\/post"}],"author":[{"embeddable":true,"href":"https:\/\/franciscanos.org.br\/vidacrista\/wp-json\/wp\/v2\/users\/3"}],"replies":[{"embeddable":true,"href":"https:\/\/franciscanos.org.br\/vidacrista\/wp-json\/wp\/v2\/comments?post=193848"}],"version-history":[{"count":2,"href":"https:\/\/franciscanos.org.br\/vidacrista\/wp-json\/wp\/v2\/posts\/193848\/revisions"}],"predecessor-version":[{"id":193852,"href":"https:\/\/franciscanos.org.br\/vidacrista\/wp-json\/wp\/v2\/posts\/193848\/revisions\/193852"}],"wp:featuredmedia":[{"embeddable":true,"href":"https:\/\/franciscanos.org.br\/vidacrista\/wp-json\/wp\/v2\/media\/193849"}],"wp:attachment":[{"href":"https:\/\/franciscanos.org.br\/vidacrista\/wp-json\/wp\/v2\/media?parent=193848"}],"wp:term":[{"taxonomy":"category","embeddable":true,"href":"https:\/\/franciscanos.org.br\/vidacrista\/wp-json\/wp\/v2\/categories?post=193848"},{"taxonomy":"post_tag","embeddable":true,"href":"https:\/\/franciscanos.org.br\/vidacrista\/wp-json\/wp\/v2\/tags?post=193848"}],"curies":[{"name":"wp","href":"https:\/\/api.w.org\/{rel}","templated":true}]}}