{"id":193838,"date":"2023-09-17T07:39:06","date_gmt":"2023-09-17T10:39:06","guid":{"rendered":"https:\/\/franciscanos.org.br\/vidacrista\/?p=193838"},"modified":"2023-09-17T07:40:03","modified_gmt":"2023-09-17T10:40:03","slug":"o-perdoar-o-esquecer-e-o-rancor-na-lida-humana-mt-1821-35","status":"publish","type":"post","link":"https:\/\/franciscanos.org.br\/vidacrista\/o-perdoar-o-esquecer-e-o-rancor-na-lida-humana-mt-1821-35\/","title":{"rendered":"O perdoar, o esquecer e o rancor na lida humana! (Mt 18,21-35)"},"content":{"rendered":"<div id=\"attachment_193839\" style=\"width: 850px\" class=\"wp-caption alignnone\"><img aria-describedby=\"caption-attachment-193839\" decoding=\"async\" loading=\"lazy\" class=\"wp-image-193839 size-full\" src=\"https:\/\/franciscanos.org.br\/vidacrista\/wp-content\/uploads\/2023\/09\/jseus_1509.jpg\" alt=\"\" width=\"840\" height=\"488\" srcset=\"https:\/\/franciscanos.org.br\/vidacrista\/wp-content\/uploads\/2023\/09\/jseus_1509.jpg 840w, https:\/\/franciscanos.org.br\/vidacrista\/wp-content\/uploads\/2023\/09\/jseus_1509-450x261.jpg 450w, https:\/\/franciscanos.org.br\/vidacrista\/wp-content\/uploads\/2023\/09\/jseus_1509-768x446.jpg 768w, https:\/\/franciscanos.org.br\/vidacrista\/wp-content\/uploads\/2023\/09\/jseus_1509-150x87.jpg 150w\" sizes=\"(max-width: 840px) 100vw, 840px\" \/><p id=\"caption-attachment-193839\" class=\"wp-caption-text\"><em>Imagem ilustrativa: James Tissot (1890), &#8220;Jesus fala aos disc\u00edpulos&#8221; (Wikip\u00e9dia, dom\u00ednio p\u00fablico)<\/em><\/p><\/div>\n<h3><strong><em>\u201cO homem \u00e9 o lobo do homem!\u201d (Plauto)<\/em><\/strong><\/h3>\n<p><em>Frei Jacir de Freitas Faria<\/em> <a href=\"#_ftn1\" name=\"_ftnref1\">[1]<\/a><\/p>\n<p>O evangelho que vamos refletir hoje, Mt 18,21-35, n\u00e3o pode ser lido sem considerar os vers\u00edculos anteriores, 15 a 20. Trata-se do perd\u00e3o. Impactado com os ensinamentos de Jesus sobre o perd\u00e3o e o modo como ele prop\u00f5e: chamar o irm\u00e3o em particular e, caso seja necess\u00e1rio, lev\u00e1-lo \u00e0 comunidade, mas nunca desistir daquele que erra, Pedro pergunta a Jesus se devemos perdoar o nosso irm\u00e3o at\u00e9 sete vezes. Jesus responde n\u00e3o, mas setenta e sete, o que significa infinitamente. Se o n\u00famero sete, para o juda\u00edsmo, representa a perfei\u00e7\u00e3o, imagine setenta vezes sete. Na tradi\u00e7\u00e3o do ensinamento juda\u00edsmo sobre as rela\u00e7\u00f5es humanas e Deus, Jesus conta uma par\u00e1bola para falar do castigo para quem n\u00e3o perdoa o irm\u00e3o.<\/p>\n<p><iframe loading=\"lazy\" title=\"YouTube video player\" src=\"https:\/\/www.youtube.com\/embed\/zPxGyP-_Lac?si=78xnvtYWc2xNj58Q\" width=\"100%\" height=\"500\" frameborder=\"0\" allowfullscreen=\"allowfullscreen\"><span data-mce-type=\"bookmark\" style=\"display: inline-block; width: 0px; overflow: hidden; line-height: 0;\" class=\"mce_SELRES_start\">\ufeff<\/span><\/iframe><\/p>\n<p>Nesse sentido, o livro do Eclesi\u00e1stico 27,33\u201428,1-3 diz que o rancor e a raiva s\u00e3o coisas detest\u00e1veis, at\u00e9 o pecador procura domin\u00e1-las. Se algu\u00e9m guarda raiva contra o outro, como poder\u00e1 pedir a Deus a cura? Quem se vingar encontrar\u00e1 a vingan\u00e7a do Senhor, que pedir\u00e1 severas conta dos seus pecados. Se n\u00e3o tem compaix\u00e3o do seu semelhante, como poder\u00e1 pedir perd\u00e3o dos seus pecados?<\/p>\n<p>Jesus sabia que a coisa mais dif\u00edcil para o ser humano \u00e9 perdoar. N\u00e3o fomos feitos para o perd\u00e3o. \u201cO homem \u00e9 o lobo do homem\u201d, afirmou o dramaturgo romano Plauto, morto no ano 184 a.C. Essa frase foi eternizada por Thomas Hobbes, ao inclu\u00ed-la em sua obra Leviat\u00e3, em 1657. Por isso, podemos afirmar que o perd\u00e3o n\u00e3o existe. Entre os traficantes, quem erra, quem delata algu\u00e9m, morre como queima de arquivo. Um juiz n\u00e3o perdoa, ele declara culpado e n\u00e3o culpado, pune com uma senten\u00e7a, e basta.<\/p>\n<p>Perd\u00e3o \u00e9 uma cria\u00e7\u00e3o das religi\u00f5es. \u00c9 um aprendizado que somente humanos podem atingir. O perd\u00e3o s\u00f3 \u00e9 poss\u00edvel em pessoas que amam ou que foram amadas por meio de sacrif\u00edcios, assim como o amor de m\u00e3e por um filho.<\/p>\n<p>Perd\u00e3o em hebraico se diz <em>nassah <\/em>que significa levar embora, levantar. Disso decorre que perdoar \u00e9 esquecer. Quem perdoa esquece. Quem n\u00e3o esquece, guarda rancor. O rancor adoece quem sofre a injusti\u00e7a.<\/p>\n<p>Muitas vezes, j\u00e1 me perguntei o porqu\u00ea da penit\u00eancia que muitos padres ainda imp\u00f5em aos fi\u00e9is depois de uma confiss\u00e3o. Trata-se de castigo pelo pecado? N\u00e3o, n\u00e3o pode ser! A penit\u00eancia \u00e9 simplesmente para nos lembrar que devemos perdoar sempre. Para Jesus, quem consegue perdoar liga a terra com o c\u00e9u, eternizando-se, pois n\u00f3s seremos aquilo que fomos em vida. Jesus disse que o que ligamos na terra est\u00e1 ligado no c\u00e9u (Mt 18,18). Isto quer dizer que, na liberdade sagrada que recebemos, somos capazes de criar v\u00ednculos, relacionamentos. Como isso \u00e9 bonito, maravilhoso! S\u00f3 n\u00f3s, os humanos, somos capazes disso.<\/p>\n<p>Coisas n\u00e3o criam la\u00e7os afetivos. Temos a responsabilidade de criar la\u00e7os, desatando os n\u00f3s da depress\u00e3o, do sofrimento que est\u00e3o em n\u00f3s e nos outros. Para que isso aconte\u00e7a, s\u00f3 existe um rem\u00e9dio: o perd\u00e3o, seguido da penit\u00eancia do amor. O perd\u00e3o nos torna infinitos como Deus. Quem perdoa n\u00e3o perde, mas ganha o amor, uma nova rela\u00e7\u00e3o na finitude do ser humano que sonha ser perfeito, semelhante a Deus. Devemos perdoar o outro e a n\u00f3s mesmos para viver na liberdade como filhos e filhas de Deus. Recome\u00e7ar sempre \u00e9 nossa sina! Ame sempre! Perdoe sempre!<\/p>\n<p>Somos desafiados por Jesus a vivenciar o perd\u00e3o, que se concretiza em rela\u00e7\u00f5es justas e fraternas, em todos os seus n\u00edveis: religioso, cultural, econ\u00f4mico, pol\u00edtico etc. Que tal se a penit\u00eancia para esse pecado social fosse o fim do racismo, das desigualdades sociais, da corrup\u00e7\u00e3o pol\u00edtica e tantos outros sofrimentos que assolam o nosso pa\u00eds? Am\u00e9m!<\/p>\n<hr \/>\n<p><a href=\"#_ftnref1\" name=\"_ftn1\">[1]<\/a>Doutor em Teologia B\u00edblica pela Faje (BH). Mestre em Ci\u00eancias B\u00edblicas (Exegese) pelo Pontif\u00edcio Instituto B\u00edblico de Roma. Professor de Exegese B\u00edblica. \u00c9 membro da Associa\u00e7\u00e3o Brasileira de Pesquisa B\u00edblica (ABIB). Sacerdote Franciscano. Autor de dez livros e coautor de quinze. Youtube: Frei Jacir B\u00edblia e Apocrifos. <a href=\"https:\/\/www.youtube.com\/channel\/UCwbSE97jnR6jQwHRigX1KlQ\">https:\/\/www.youtube.com\/channel\/UCwbSE97jnR6jQwHRigX1KlQ<\/a><\/p>\n","protected":false},"excerpt":{"rendered":"<p>Artigo de Frei Jacir de Freitas Faria<\/p>\n","protected":false},"author":3,"featured_media":193839,"comment_status":"open","ping_status":"open","sticky":false,"template":"","format":"standard","meta":{"footnotes":""},"categories":[26],"tags":[43],"yoast_head":"<!-- This site is optimized with the Yoast SEO plugin v19.4 - https:\/\/yoast.com\/wordpress\/plugins\/seo\/ -->\n<title>O perdoar, o esquecer e o rancor na lida humana! (Mt 18,21-35) - Vida Crist\u00e3 - Franciscanos<\/title>\n<meta name=\"robots\" content=\"index, follow, max-snippet:-1, max-image-preview:large, max-video-preview:-1\" \/>\n<link rel=\"canonical\" href=\"https:\/\/franciscanos.org.br\/vidacrista\/o-perdoar-o-esquecer-e-o-rancor-na-lida-humana-mt-1821-35\/\" \/>\n<meta property=\"og:locale\" content=\"pt_BR\" \/>\n<meta property=\"og:type\" content=\"article\" \/>\n<meta property=\"og:title\" content=\"O perdoar, o esquecer e o rancor na lida humana! (Mt 18,21-35) - Vida Crist\u00e3 - Franciscanos\" \/>\n<meta property=\"og:description\" content=\"Artigo de Frei Jacir de Freitas Faria\" \/>\n<meta property=\"og:url\" content=\"https:\/\/franciscanos.org.br\/vidacrista\/o-perdoar-o-esquecer-e-o-rancor-na-lida-humana-mt-1821-35\/\" \/>\n<meta property=\"og:site_name\" content=\"Vida Crist\u00e3 - Franciscanos\" \/>\n<meta property=\"article:published_time\" content=\"2023-09-17T10:39:06+00:00\" \/>\n<meta property=\"article:modified_time\" content=\"2023-09-17T10:40:03+00:00\" \/>\n<meta property=\"og:image\" content=\"https:\/\/franciscanos.org.br\/vidacrista\/wp-content\/uploads\/2023\/09\/jseus_1509.jpg\" \/>\n\t<meta property=\"og:image:width\" content=\"840\" \/>\n\t<meta property=\"og:image:height\" content=\"488\" \/>\n\t<meta property=\"og:image:type\" content=\"image\/jpeg\" \/>\n<meta name=\"author\" content=\"moacir\" \/>\n<meta name=\"twitter:card\" content=\"summary_large_image\" \/>\n<meta name=\"twitter:label1\" content=\"Escrito por\" \/>\n\t<meta name=\"twitter:data1\" content=\"moacir\" \/>\n\t<meta name=\"twitter:label2\" content=\"Est. tempo de leitura\" \/>\n\t<meta name=\"twitter:data2\" content=\"4 minutos\" \/>\n<script type=\"application\/ld+json\" class=\"yoast-schema-graph\">{\"@context\":\"https:\/\/schema.org\",\"@graph\":[{\"@type\":\"WebSite\",\"@id\":\"https:\/\/franciscanos.org.br\/vidacrista\/#website\",\"url\":\"https:\/\/franciscanos.org.br\/vidacrista\/\",\"name\":\"Vida Crist\u00e3 - Franciscanos\",\"description\":\"Prov\u00edncia Franciscana da Imaculada Concei\u00e7\u00e3o do Brasil - Ordem dos Frades Menores\",\"potentialAction\":[{\"@type\":\"SearchAction\",\"target\":{\"@type\":\"EntryPoint\",\"urlTemplate\":\"https:\/\/franciscanos.org.br\/vidacrista\/?s={search_term_string}\"},\"query-input\":\"required name=search_term_string\"}],\"inLanguage\":\"pt-BR\"},{\"@type\":\"WebPage\",\"@id\":\"https:\/\/franciscanos.org.br\/vidacrista\/o-perdoar-o-esquecer-e-o-rancor-na-lida-humana-mt-1821-35\/\",\"url\":\"https:\/\/franciscanos.org.br\/vidacrista\/o-perdoar-o-esquecer-e-o-rancor-na-lida-humana-mt-1821-35\/\",\"name\":\"O perdoar, o esquecer e o rancor na lida humana! (Mt 18,21-35) - Vida Crist\u00e3 - Franciscanos\",\"isPartOf\":{\"@id\":\"https:\/\/franciscanos.org.br\/vidacrista\/#website\"},\"datePublished\":\"2023-09-17T10:39:06+00:00\",\"dateModified\":\"2023-09-17T10:40:03+00:00\",\"author\":{\"@id\":\"https:\/\/franciscanos.org.br\/vidacrista\/#\/schema\/person\/1880bdd2c350b735648725ef7614736a\"},\"breadcrumb\":{\"@id\":\"https:\/\/franciscanos.org.br\/vidacrista\/o-perdoar-o-esquecer-e-o-rancor-na-lida-humana-mt-1821-35\/#breadcrumb\"},\"inLanguage\":\"pt-BR\",\"potentialAction\":[{\"@type\":\"ReadAction\",\"target\":[\"https:\/\/franciscanos.org.br\/vidacrista\/o-perdoar-o-esquecer-e-o-rancor-na-lida-humana-mt-1821-35\/\"]}]},{\"@type\":\"BreadcrumbList\",\"@id\":\"https:\/\/franciscanos.org.br\/vidacrista\/o-perdoar-o-esquecer-e-o-rancor-na-lida-humana-mt-1821-35\/#breadcrumb\",\"itemListElement\":[{\"@type\":\"ListItem\",\"position\":1,\"name\":\"Home\",\"item\":\"https:\/\/franciscanos.org.br\/vidacrista\/\"},{\"@type\":\"ListItem\",\"position\":2,\"name\":\"O perdoar, o esquecer e o rancor na lida humana! (Mt 18,21-35)\"}]},{\"@type\":\"Person\",\"@id\":\"https:\/\/franciscanos.org.br\/vidacrista\/#\/schema\/person\/1880bdd2c350b735648725ef7614736a\",\"name\":\"moacir\",\"image\":{\"@type\":\"ImageObject\",\"inLanguage\":\"pt-BR\",\"@id\":\"https:\/\/franciscanos.org.br\/vidacrista\/#\/schema\/person\/image\/\",\"url\":\"https:\/\/secure.gravatar.com\/avatar\/d08aa2ce4c8dd416d4479aa8536fcf64?s=96&d=mm&r=g\",\"contentUrl\":\"https:\/\/secure.gravatar.com\/avatar\/d08aa2ce4c8dd416d4479aa8536fcf64?s=96&d=mm&r=g\",\"caption\":\"moacir\"},\"url\":\"https:\/\/franciscanos.org.br\/vidacrista\/author\/moacir\/\"}]}<\/script>\n<!-- \/ Yoast SEO plugin. -->","yoast_head_json":{"title":"O perdoar, o esquecer e o rancor na lida humana! (Mt 18,21-35) - Vida Crist\u00e3 - Franciscanos","robots":{"index":"index","follow":"follow","max-snippet":"max-snippet:-1","max-image-preview":"max-image-preview:large","max-video-preview":"max-video-preview:-1"},"canonical":"https:\/\/franciscanos.org.br\/vidacrista\/o-perdoar-o-esquecer-e-o-rancor-na-lida-humana-mt-1821-35\/","og_locale":"pt_BR","og_type":"article","og_title":"O perdoar, o esquecer e o rancor na lida humana! (Mt 18,21-35) - Vida Crist\u00e3 - Franciscanos","og_description":"Artigo de Frei Jacir de Freitas Faria","og_url":"https:\/\/franciscanos.org.br\/vidacrista\/o-perdoar-o-esquecer-e-o-rancor-na-lida-humana-mt-1821-35\/","og_site_name":"Vida Crist\u00e3 - Franciscanos","article_published_time":"2023-09-17T10:39:06+00:00","article_modified_time":"2023-09-17T10:40:03+00:00","og_image":[{"width":840,"height":488,"url":"https:\/\/franciscanos.org.br\/vidacrista\/wp-content\/uploads\/2023\/09\/jseus_1509.jpg","type":"image\/jpeg"}],"author":"moacir","twitter_card":"summary_large_image","twitter_misc":{"Escrito por":"moacir","Est. tempo de leitura":"4 minutos"},"schema":{"@context":"https:\/\/schema.org","@graph":[{"@type":"WebSite","@id":"https:\/\/franciscanos.org.br\/vidacrista\/#website","url":"https:\/\/franciscanos.org.br\/vidacrista\/","name":"Vida Crist\u00e3 - Franciscanos","description":"Prov\u00edncia Franciscana da Imaculada Concei\u00e7\u00e3o do Brasil - Ordem dos Frades Menores","potentialAction":[{"@type":"SearchAction","target":{"@type":"EntryPoint","urlTemplate":"https:\/\/franciscanos.org.br\/vidacrista\/?s={search_term_string}"},"query-input":"required name=search_term_string"}],"inLanguage":"pt-BR"},{"@type":"WebPage","@id":"https:\/\/franciscanos.org.br\/vidacrista\/o-perdoar-o-esquecer-e-o-rancor-na-lida-humana-mt-1821-35\/","url":"https:\/\/franciscanos.org.br\/vidacrista\/o-perdoar-o-esquecer-e-o-rancor-na-lida-humana-mt-1821-35\/","name":"O perdoar, o esquecer e o rancor na lida humana! (Mt 18,21-35) - Vida Crist\u00e3 - Franciscanos","isPartOf":{"@id":"https:\/\/franciscanos.org.br\/vidacrista\/#website"},"datePublished":"2023-09-17T10:39:06+00:00","dateModified":"2023-09-17T10:40:03+00:00","author":{"@id":"https:\/\/franciscanos.org.br\/vidacrista\/#\/schema\/person\/1880bdd2c350b735648725ef7614736a"},"breadcrumb":{"@id":"https:\/\/franciscanos.org.br\/vidacrista\/o-perdoar-o-esquecer-e-o-rancor-na-lida-humana-mt-1821-35\/#breadcrumb"},"inLanguage":"pt-BR","potentialAction":[{"@type":"ReadAction","target":["https:\/\/franciscanos.org.br\/vidacrista\/o-perdoar-o-esquecer-e-o-rancor-na-lida-humana-mt-1821-35\/"]}]},{"@type":"BreadcrumbList","@id":"https:\/\/franciscanos.org.br\/vidacrista\/o-perdoar-o-esquecer-e-o-rancor-na-lida-humana-mt-1821-35\/#breadcrumb","itemListElement":[{"@type":"ListItem","position":1,"name":"Home","item":"https:\/\/franciscanos.org.br\/vidacrista\/"},{"@type":"ListItem","position":2,"name":"O perdoar, o esquecer e o rancor na lida humana! (Mt 18,21-35)"}]},{"@type":"Person","@id":"https:\/\/franciscanos.org.br\/vidacrista\/#\/schema\/person\/1880bdd2c350b735648725ef7614736a","name":"moacir","image":{"@type":"ImageObject","inLanguage":"pt-BR","@id":"https:\/\/franciscanos.org.br\/vidacrista\/#\/schema\/person\/image\/","url":"https:\/\/secure.gravatar.com\/avatar\/d08aa2ce4c8dd416d4479aa8536fcf64?s=96&d=mm&r=g","contentUrl":"https:\/\/secure.gravatar.com\/avatar\/d08aa2ce4c8dd416d4479aa8536fcf64?s=96&d=mm&r=g","caption":"moacir"},"url":"https:\/\/franciscanos.org.br\/vidacrista\/author\/moacir\/"}]}},"_links":{"self":[{"href":"https:\/\/franciscanos.org.br\/vidacrista\/wp-json\/wp\/v2\/posts\/193838"}],"collection":[{"href":"https:\/\/franciscanos.org.br\/vidacrista\/wp-json\/wp\/v2\/posts"}],"about":[{"href":"https:\/\/franciscanos.org.br\/vidacrista\/wp-json\/wp\/v2\/types\/post"}],"author":[{"embeddable":true,"href":"https:\/\/franciscanos.org.br\/vidacrista\/wp-json\/wp\/v2\/users\/3"}],"replies":[{"embeddable":true,"href":"https:\/\/franciscanos.org.br\/vidacrista\/wp-json\/wp\/v2\/comments?post=193838"}],"version-history":[{"count":2,"href":"https:\/\/franciscanos.org.br\/vidacrista\/wp-json\/wp\/v2\/posts\/193838\/revisions"}],"predecessor-version":[{"id":193841,"href":"https:\/\/franciscanos.org.br\/vidacrista\/wp-json\/wp\/v2\/posts\/193838\/revisions\/193841"}],"wp:featuredmedia":[{"embeddable":true,"href":"https:\/\/franciscanos.org.br\/vidacrista\/wp-json\/wp\/v2\/media\/193839"}],"wp:attachment":[{"href":"https:\/\/franciscanos.org.br\/vidacrista\/wp-json\/wp\/v2\/media?parent=193838"}],"wp:term":[{"taxonomy":"category","embeddable":true,"href":"https:\/\/franciscanos.org.br\/vidacrista\/wp-json\/wp\/v2\/categories?post=193838"},{"taxonomy":"post_tag","embeddable":true,"href":"https:\/\/franciscanos.org.br\/vidacrista\/wp-json\/wp\/v2\/tags?post=193838"}],"curies":[{"name":"wp","href":"https:\/\/api.w.org\/{rel}","templated":true}]}}