{"id":193808,"date":"2023-09-06T09:53:26","date_gmt":"2023-09-06T12:53:26","guid":{"rendered":"https:\/\/franciscanos.org.br\/vidacrista\/?p=193808"},"modified":"2023-09-06T10:02:21","modified_gmt":"2023-09-06T13:02:21","slug":"o-santissimo-nome-de-maria","status":"publish","type":"post","link":"https:\/\/franciscanos.org.br\/vidacrista\/o-santissimo-nome-de-maria\/","title":{"rendered":"O Sant\u00edssimo Nome de Maria"},"content":{"rendered":"<div id=\"attachment_193809\" style=\"width: 850px\" class=\"wp-caption alignnone\"><img aria-describedby=\"caption-attachment-193809\" decoding=\"async\" loading=\"lazy\" class=\"wp-image-193809 size-full\" src=\"https:\/\/franciscanos.org.br\/vidacrista\/wp-content\/uploads\/2023\/09\/senhora_06.jpg\" alt=\"\" width=\"840\" height=\"450\" srcset=\"https:\/\/franciscanos.org.br\/vidacrista\/wp-content\/uploads\/2023\/09\/senhora_06.jpg 840w, https:\/\/franciscanos.org.br\/vidacrista\/wp-content\/uploads\/2023\/09\/senhora_06-450x241.jpg 450w, https:\/\/franciscanos.org.br\/vidacrista\/wp-content\/uploads\/2023\/09\/senhora_06-768x411.jpg 768w, https:\/\/franciscanos.org.br\/vidacrista\/wp-content\/uploads\/2023\/09\/senhora_06-150x80.jpg 150w\" sizes=\"(max-width: 840px) 100vw, 840px\" \/><p id=\"caption-attachment-193809\" class=\"wp-caption-text\"><em>Nossa Senhora com o Menino Jesus, S\u00e3o Francisco e os Quatro Anjos, de Cimabue, Wikimedia Commons (dom\u00ednio p\u00fablico)<\/em><\/p><\/div>\n<p>Celebrada por toda a Igreja no dia 12 de setembro, a devo\u00e7\u00e3o ao Sant\u00edssimo Nome de Maria recorda a f\u00e9 em Maria, a M\u00e3e de Jesus.<\/p>\n<p>Nas Sagradas Escrituras o nome tem um significado muito importante, pois representa a pr\u00f3pria pessoa. H\u00e1 v\u00e1rios relatos desde o Antigo at\u00e9 o Novo Testamento em que Deus chama a cada um por seu nome como fez, por exemplo, com Samuel e alguns dos profetas. Outra passagem conhecida \u00e9 a de Jeremias e revela a predile\u00e7\u00e3o de Deus: \u201cAntes mesmo de te formar no ventre materno, Eu te escolhi; antes que viesses ao mundo, Eu te separei e te designei para a miss\u00e3o de profeta para as na\u00e7\u00f5es!\u201d<\/p>\n<p>No Novo Testamento isto fica mais evidente. O chamado dos doze se deu nominalmente por exemplo. J\u00e1 em Jesus, seu pr\u00f3prio nome indica a sua identidade: \u201cDeus salva\u201d.\u00a0 Com o chamado de \u2018Maria\u2019 n\u00e3o foi diferente. O Evangelista S\u00e3o Lucas registra: \u201cO nome da Virgem era Maria\u201d. Por\u00e9m, at\u00e9 o an\u00fancio do anjo, sua refer\u00eancia nas profecias era tratada como uma simples jovem, virgem, desposada. Seu primeiro chamado veio pela boca do anjo Gabriel: \u201cN\u00e3o temas, Maria! Encontraste gra\u00e7a junto de Deus\u201d. Esta pequena per\u00edcope apresenta qu\u00e3o grandiosa \u00e9 a for\u00e7a deste nome. Ele carrega consigo uma for\u00e7a inesgot\u00e1vel da gra\u00e7a e bondade de Deus. Carrega todo um projeto de liberta\u00e7\u00e3o de toda a humanidade do pecado. Pelo an\u00fancio do anjo a esta simples e pobre serva, a cada invoca\u00e7\u00e3o do seu santo nome, Maria traz a vit\u00f3ria e a Ressurei\u00e7\u00e3o de seu amado e dileto Filho. O nome de Maria s\u00f3 pode ter toda esta simbologia se cada crist\u00e3o estiver intimamente ligado ao mist\u00e9rio de seu Filho, Jesus Cristo.<\/p>\n<p>Vale destacar que essa devo\u00e7\u00e3o teve in\u00edcio na Espanha em 1513 e espalhou-se por todo o pa\u00eds. Em 1683 o Papa Inoc\u00eancio XI a estendeu para toda a Igreja do Ocidente como um ato de a\u00e7\u00e3o de gra\u00e7as pelo levantamento do cerco de Viena e a derrota dos turcos por Jo\u00e3o Sobieski, rei da Pol\u00f4nia. Na \u00e9poca, a data desta celebra\u00e7\u00e3o foi definida para ser no domingo, dentro da oitava da Natividade de Nossa Senhora.<\/p>\n<p>Pelo sacramento do batismo todos os crist\u00e3os s\u00e3o inscritos e selados na comunidade crist\u00e3 por toda a eternidade. Deus chama a cada um pelo nome. \u00c9 por isso que a Igreja celebra com festa o Sant\u00edssimo Nome de Maria. \u00c9 o nome da M\u00e3e de Deus e deve ser invocado sempre.<\/p>\n<p>S\u00e3o Francisco de Assis tinha uma especial devo\u00e7\u00e3o a Maria. S\u00e3o Boaventura explica o motivo desse amor t\u00e3o terno e filial: \u201cO homem de Deus tinha uma devo\u00e7\u00e3o fervente por Maria, Senhora do mundo. Fixou-se em Porci\u00fancula por causa de seu amor pela m\u00e3e de Cristo. Amou sempre este lugar mais do que qualquer outro do mundo. Foi este lugar que, ao morrer, confiou aos irm\u00e3os como particularmente caro \u00e0 Virgem. Foi neste lugar que Francisco, impelido por Deus, que lhe revelou sua vontade, fundou a Ordem dos Frades Menores\u201d. E assim rezava S\u00e3o Francisco entoando seus louvores e a sua sauda\u00e7\u00e3o \u00e0 M\u00e3e de Deus: \u201cSalve \u00f3 Senhora Santa, Rainha Sant\u00edssima, M\u00e3e de Deus, \u00f3 Maria, que sois Virgem perp\u00e9tua, eleita pelo Sant\u00edssimo Pai celestial, que vos consagrou por seu sant\u00edssimo e dileto Filho e o Esp\u00edrito Santo Par\u00e1clito! Em v\u00f3s residiu e reside toda a plenitude da gra\u00e7a e todo o bem! Assim, a exemplo de S\u00e3o Francisco, somos chamados a recorrer sempre a Maria, ela \u00e9 o nosso b\u00e1lsamo!<\/p>\n<hr \/>\n<p><strong>Frei Augusto Luiz Gabriel, OFM*<\/strong><\/p>\n<p><em>*Religioso franciscano da Ordem dos Frades Menores. \u00c9 graduado em Filosofia pela FAE Centro Universit\u00e1rio de Curitiba (PR), e em Teologia pelo Instituto Teol\u00f3gico Franciscano de Petr\u00f3polis (RJ). Atualmente comp\u00f5e a equipe de Anima\u00e7\u00e3o da Evangeliza\u00e7\u00e3o com as Juventudes da Prov\u00edncia da Imaculada Concei\u00e7\u00e3o do Brasil e desempenha seus trabalhos pastorais como di\u00e1cono na Par\u00f3quia Santa Clara de Assis de Colatina (ES). Ser\u00e1 ordenado presb\u00edtero em outubro deste ano.<\/em><\/p>\n<hr \/>\n<p><em>Este artigo foi publicado originalmente na \u201cRevista Ave-Maria\u201d.<\/em><\/p>\n","protected":false},"excerpt":{"rendered":"<p>Artigo de Frei Augusto Luiz Gabriel<\/p>\n","protected":false},"author":3,"featured_media":193812,"comment_status":"open","ping_status":"open","sticky":false,"template":"","format":"standard","meta":{"footnotes":""},"categories":[26],"tags":[352],"yoast_head":"<!-- This site is optimized with the Yoast SEO plugin v19.4 - https:\/\/yoast.com\/wordpress\/plugins\/seo\/ -->\n<title>O Sant\u00edssimo Nome de Maria - Vida Crist\u00e3 - Franciscanos<\/title>\n<meta name=\"robots\" content=\"index, follow, max-snippet:-1, max-image-preview:large, max-video-preview:-1\" \/>\n<link rel=\"canonical\" href=\"https:\/\/franciscanos.org.br\/vidacrista\/o-santissimo-nome-de-maria\/\" \/>\n<meta property=\"og:locale\" content=\"pt_BR\" \/>\n<meta property=\"og:type\" content=\"article\" \/>\n<meta property=\"og:title\" content=\"O Sant\u00edssimo Nome de Maria - Vida Crist\u00e3 - Franciscanos\" \/>\n<meta property=\"og:description\" content=\"Artigo de Frei Augusto Luiz Gabriel\" \/>\n<meta property=\"og:url\" content=\"https:\/\/franciscanos.org.br\/vidacrista\/o-santissimo-nome-de-maria\/\" \/>\n<meta property=\"og:site_name\" content=\"Vida Crist\u00e3 - Franciscanos\" \/>\n<meta property=\"article:published_time\" content=\"2023-09-06T12:53:26+00:00\" \/>\n<meta property=\"article:modified_time\" content=\"2023-09-06T13:02:21+00:00\" \/>\n<meta property=\"og:image\" content=\"https:\/\/franciscanos.org.br\/vidacrista\/wp-content\/uploads\/2023\/09\/maria_06092023.jpg\" \/>\n\t<meta property=\"og:image:width\" content=\"800\" \/>\n\t<meta property=\"og:image:height\" content=\"500\" \/>\n\t<meta property=\"og:image:type\" content=\"image\/jpeg\" \/>\n<meta name=\"author\" content=\"moacir\" \/>\n<meta name=\"twitter:card\" content=\"summary_large_image\" \/>\n<meta name=\"twitter:label1\" content=\"Escrito por\" \/>\n\t<meta name=\"twitter:data1\" content=\"moacir\" \/>\n\t<meta name=\"twitter:label2\" content=\"Est. tempo de leitura\" \/>\n\t<meta name=\"twitter:data2\" content=\"4 minutos\" \/>\n<script type=\"application\/ld+json\" class=\"yoast-schema-graph\">{\"@context\":\"https:\/\/schema.org\",\"@graph\":[{\"@type\":\"WebSite\",\"@id\":\"https:\/\/franciscanos.org.br\/vidacrista\/#website\",\"url\":\"https:\/\/franciscanos.org.br\/vidacrista\/\",\"name\":\"Vida Crist\u00e3 - Franciscanos\",\"description\":\"Prov\u00edncia Franciscana da Imaculada Concei\u00e7\u00e3o do Brasil - Ordem dos Frades Menores\",\"potentialAction\":[{\"@type\":\"SearchAction\",\"target\":{\"@type\":\"EntryPoint\",\"urlTemplate\":\"https:\/\/franciscanos.org.br\/vidacrista\/?s={search_term_string}\"},\"query-input\":\"required name=search_term_string\"}],\"inLanguage\":\"pt-BR\"},{\"@type\":\"WebPage\",\"@id\":\"https:\/\/franciscanos.org.br\/vidacrista\/o-santissimo-nome-de-maria\/\",\"url\":\"https:\/\/franciscanos.org.br\/vidacrista\/o-santissimo-nome-de-maria\/\",\"name\":\"O Sant\u00edssimo Nome de Maria - Vida Crist\u00e3 - Franciscanos\",\"isPartOf\":{\"@id\":\"https:\/\/franciscanos.org.br\/vidacrista\/#website\"},\"datePublished\":\"2023-09-06T12:53:26+00:00\",\"dateModified\":\"2023-09-06T13:02:21+00:00\",\"author\":{\"@id\":\"https:\/\/franciscanos.org.br\/vidacrista\/#\/schema\/person\/1880bdd2c350b735648725ef7614736a\"},\"breadcrumb\":{\"@id\":\"https:\/\/franciscanos.org.br\/vidacrista\/o-santissimo-nome-de-maria\/#breadcrumb\"},\"inLanguage\":\"pt-BR\",\"potentialAction\":[{\"@type\":\"ReadAction\",\"target\":[\"https:\/\/franciscanos.org.br\/vidacrista\/o-santissimo-nome-de-maria\/\"]}]},{\"@type\":\"BreadcrumbList\",\"@id\":\"https:\/\/franciscanos.org.br\/vidacrista\/o-santissimo-nome-de-maria\/#breadcrumb\",\"itemListElement\":[{\"@type\":\"ListItem\",\"position\":1,\"name\":\"Home\",\"item\":\"https:\/\/franciscanos.org.br\/vidacrista\/\"},{\"@type\":\"ListItem\",\"position\":2,\"name\":\"O Sant\u00edssimo Nome de Maria\"}]},{\"@type\":\"Person\",\"@id\":\"https:\/\/franciscanos.org.br\/vidacrista\/#\/schema\/person\/1880bdd2c350b735648725ef7614736a\",\"name\":\"moacir\",\"image\":{\"@type\":\"ImageObject\",\"inLanguage\":\"pt-BR\",\"@id\":\"https:\/\/franciscanos.org.br\/vidacrista\/#\/schema\/person\/image\/\",\"url\":\"https:\/\/secure.gravatar.com\/avatar\/d08aa2ce4c8dd416d4479aa8536fcf64?s=96&d=mm&r=g\",\"contentUrl\":\"https:\/\/secure.gravatar.com\/avatar\/d08aa2ce4c8dd416d4479aa8536fcf64?s=96&d=mm&r=g\",\"caption\":\"moacir\"},\"url\":\"https:\/\/franciscanos.org.br\/vidacrista\/author\/moacir\/\"}]}<\/script>\n<!-- \/ Yoast SEO plugin. -->","yoast_head_json":{"title":"O Sant\u00edssimo Nome de Maria - Vida Crist\u00e3 - Franciscanos","robots":{"index":"index","follow":"follow","max-snippet":"max-snippet:-1","max-image-preview":"max-image-preview:large","max-video-preview":"max-video-preview:-1"},"canonical":"https:\/\/franciscanos.org.br\/vidacrista\/o-santissimo-nome-de-maria\/","og_locale":"pt_BR","og_type":"article","og_title":"O Sant\u00edssimo Nome de Maria - Vida Crist\u00e3 - Franciscanos","og_description":"Artigo de Frei Augusto Luiz Gabriel","og_url":"https:\/\/franciscanos.org.br\/vidacrista\/o-santissimo-nome-de-maria\/","og_site_name":"Vida Crist\u00e3 - Franciscanos","article_published_time":"2023-09-06T12:53:26+00:00","article_modified_time":"2023-09-06T13:02:21+00:00","og_image":[{"width":800,"height":500,"url":"https:\/\/franciscanos.org.br\/vidacrista\/wp-content\/uploads\/2023\/09\/maria_06092023.jpg","type":"image\/jpeg"}],"author":"moacir","twitter_card":"summary_large_image","twitter_misc":{"Escrito por":"moacir","Est. tempo de leitura":"4 minutos"},"schema":{"@context":"https:\/\/schema.org","@graph":[{"@type":"WebSite","@id":"https:\/\/franciscanos.org.br\/vidacrista\/#website","url":"https:\/\/franciscanos.org.br\/vidacrista\/","name":"Vida Crist\u00e3 - Franciscanos","description":"Prov\u00edncia Franciscana da Imaculada Concei\u00e7\u00e3o do Brasil - Ordem dos Frades Menores","potentialAction":[{"@type":"SearchAction","target":{"@type":"EntryPoint","urlTemplate":"https:\/\/franciscanos.org.br\/vidacrista\/?s={search_term_string}"},"query-input":"required name=search_term_string"}],"inLanguage":"pt-BR"},{"@type":"WebPage","@id":"https:\/\/franciscanos.org.br\/vidacrista\/o-santissimo-nome-de-maria\/","url":"https:\/\/franciscanos.org.br\/vidacrista\/o-santissimo-nome-de-maria\/","name":"O Sant\u00edssimo Nome de Maria - Vida Crist\u00e3 - Franciscanos","isPartOf":{"@id":"https:\/\/franciscanos.org.br\/vidacrista\/#website"},"datePublished":"2023-09-06T12:53:26+00:00","dateModified":"2023-09-06T13:02:21+00:00","author":{"@id":"https:\/\/franciscanos.org.br\/vidacrista\/#\/schema\/person\/1880bdd2c350b735648725ef7614736a"},"breadcrumb":{"@id":"https:\/\/franciscanos.org.br\/vidacrista\/o-santissimo-nome-de-maria\/#breadcrumb"},"inLanguage":"pt-BR","potentialAction":[{"@type":"ReadAction","target":["https:\/\/franciscanos.org.br\/vidacrista\/o-santissimo-nome-de-maria\/"]}]},{"@type":"BreadcrumbList","@id":"https:\/\/franciscanos.org.br\/vidacrista\/o-santissimo-nome-de-maria\/#breadcrumb","itemListElement":[{"@type":"ListItem","position":1,"name":"Home","item":"https:\/\/franciscanos.org.br\/vidacrista\/"},{"@type":"ListItem","position":2,"name":"O Sant\u00edssimo Nome de Maria"}]},{"@type":"Person","@id":"https:\/\/franciscanos.org.br\/vidacrista\/#\/schema\/person\/1880bdd2c350b735648725ef7614736a","name":"moacir","image":{"@type":"ImageObject","inLanguage":"pt-BR","@id":"https:\/\/franciscanos.org.br\/vidacrista\/#\/schema\/person\/image\/","url":"https:\/\/secure.gravatar.com\/avatar\/d08aa2ce4c8dd416d4479aa8536fcf64?s=96&d=mm&r=g","contentUrl":"https:\/\/secure.gravatar.com\/avatar\/d08aa2ce4c8dd416d4479aa8536fcf64?s=96&d=mm&r=g","caption":"moacir"},"url":"https:\/\/franciscanos.org.br\/vidacrista\/author\/moacir\/"}]}},"_links":{"self":[{"href":"https:\/\/franciscanos.org.br\/vidacrista\/wp-json\/wp\/v2\/posts\/193808"}],"collection":[{"href":"https:\/\/franciscanos.org.br\/vidacrista\/wp-json\/wp\/v2\/posts"}],"about":[{"href":"https:\/\/franciscanos.org.br\/vidacrista\/wp-json\/wp\/v2\/types\/post"}],"author":[{"embeddable":true,"href":"https:\/\/franciscanos.org.br\/vidacrista\/wp-json\/wp\/v2\/users\/3"}],"replies":[{"embeddable":true,"href":"https:\/\/franciscanos.org.br\/vidacrista\/wp-json\/wp\/v2\/comments?post=193808"}],"version-history":[{"count":3,"href":"https:\/\/franciscanos.org.br\/vidacrista\/wp-json\/wp\/v2\/posts\/193808\/revisions"}],"predecessor-version":[{"id":193814,"href":"https:\/\/franciscanos.org.br\/vidacrista\/wp-json\/wp\/v2\/posts\/193808\/revisions\/193814"}],"wp:featuredmedia":[{"embeddable":true,"href":"https:\/\/franciscanos.org.br\/vidacrista\/wp-json\/wp\/v2\/media\/193812"}],"wp:attachment":[{"href":"https:\/\/franciscanos.org.br\/vidacrista\/wp-json\/wp\/v2\/media?parent=193808"}],"wp:term":[{"taxonomy":"category","embeddable":true,"href":"https:\/\/franciscanos.org.br\/vidacrista\/wp-json\/wp\/v2\/categories?post=193808"},{"taxonomy":"post_tag","embeddable":true,"href":"https:\/\/franciscanos.org.br\/vidacrista\/wp-json\/wp\/v2\/tags?post=193808"}],"curies":[{"name":"wp","href":"https:\/\/api.w.org\/{rel}","templated":true}]}}