{"id":193796,"date":"2023-09-01T07:58:07","date_gmt":"2023-09-01T10:58:07","guid":{"rendered":"https:\/\/franciscanos.org.br\/vidacrista\/?p=193796"},"modified":"2023-09-01T07:58:07","modified_gmt":"2023-09-01T10:58:07","slug":"o-setembro-da-biblia-e-o-tomar-a-cruz","status":"publish","type":"post","link":"https:\/\/franciscanos.org.br\/vidacrista\/o-setembro-da-biblia-e-o-tomar-a-cruz\/","title":{"rendered":"O setembro da B\u00edblia e o tomar a cruz!"},"content":{"rendered":"<div id=\"attachment_193797\" style=\"width: 850px\" class=\"wp-caption alignnone\"><img aria-describedby=\"caption-attachment-193797\" decoding=\"async\" loading=\"lazy\" class=\"wp-image-193797 size-full\" src=\"https:\/\/franciscanos.org.br\/vidacrista\/wp-content\/uploads\/2023\/09\/cruz_0109.jpg\" alt=\"\" width=\"840\" height=\"450\" srcset=\"https:\/\/franciscanos.org.br\/vidacrista\/wp-content\/uploads\/2023\/09\/cruz_0109.jpg 840w, https:\/\/franciscanos.org.br\/vidacrista\/wp-content\/uploads\/2023\/09\/cruz_0109-450x241.jpg 450w, https:\/\/franciscanos.org.br\/vidacrista\/wp-content\/uploads\/2023\/09\/cruz_0109-768x411.jpg 768w, https:\/\/franciscanos.org.br\/vidacrista\/wp-content\/uploads\/2023\/09\/cruz_0109-150x80.jpg 150w\" sizes=\"(max-width: 840px) 100vw, 840px\" \/><p id=\"caption-attachment-193797\" class=\"wp-caption-text\"><em>Acervo Prov\u00edncia da Imaculada Concei\u00e7\u00e3o<\/em><\/p><\/div>\n<p>(Mc 8,34\u20149,1; Mt 16,21-27; Lc9,23-27)<\/p>\n<p><em>\u00a0<\/em><em>Frei Jacir de Freitas Faria<\/em> <a href=\"#_ftn1\" name=\"_ftnref1\">[1]<\/a><\/p>\n<p>Setembro, quando a primavera inicia; quando \u00e9 celebrado, no dia 30, a mem\u00f3ria de S\u00e3o Jer\u00f4nimo (morto em 420), o grande tradutor da B\u00edblia do hebraico\/grego para o latim, a Igreja Cat\u00f3lica, no Brasil, desde 1971, tem celebrado setembro como m\u00eas da B\u00edblia. Tudo come\u00e7ou em Belo Horizonte (MG). A cada ano \u00e9 escolhido um livro. Para 2023, teremos a Carta aos Ef\u00e9sios, texto de fundamental import\u00e2ncia para compreender as rela\u00e7\u00f5es humanas a partir da f\u00e9.<\/p>\n<p><iframe loading=\"lazy\" title=\"YouTube video player\" src=\"https:\/\/www.youtube.com\/embed\/cWUAwitUKxU?si=2rkp4InHZIBv3krH\" width=\"100%\" height=\"500\" frameborder=\"0\" allowfullscreen=\"allowfullscreen\"><span data-mce-type=\"bookmark\" style=\"display: inline-block; width: 0px; overflow: hidden; line-height: 0;\" class=\"mce_SELRES_start\">\ufeff<\/span><\/iframe><\/p>\n<p>Falar da B\u00edblia \u00e9 o mesmo que tratar de uma biblioteca composta de 73 livros \u2013 39 para os judeus, 66 para os evang\u00e9licos e 73 para os cat\u00f3licos \u2013, os quais fazem parte de uma literatura que levou s\u00e9culos para ser escrita. O grande mestre da leitura popular da B\u00edblia no Brasil, Frei Carlos Mesters, escreveu que a B\u00edblia nasceu da vontade de o povo ser fiel a Deus e a si mesmo. Nasceu da preocupa\u00e7\u00e3o de transmitir aos outros e a n\u00f3s essa fidelidade. A B\u00edblia nasceu sem r\u00f3tulo. S\u00f3 mais tarde, o pr\u00f3prio povo descobriu nela a express\u00e3o da vontade e da presen\u00e7a real de uma Palavra Santa, a Palavra de Deus na palavra do ser humano.<a href=\"#_ftn2\" name=\"_ftnref2\">[2]<\/a> E se esse fato, o de palavra inspirada, \u00e9 posterior ao momento da escrita em um livro, imagine o quanto \u00e9 recente a aceita\u00e7\u00e3o da B\u00edblia como literatura! E tem tamb\u00e9m a B\u00edblia Ap\u00f3crifa, outros 180 livros que ficaram fora da lista dos livros inspirado (can\u00f4nicos).<\/p>\n<p>Grandes temas perfazem os livros b\u00edblicos. No Primeiro Testamento temos narrativas que fundamentam as seguintes intui\u00e7\u00f5es de f\u00e9 :<\/p>\n<ol>\n<li>Origem do mundo e Israel: Deus de Israel \u00e9 o mesmo que criou o mundo (Gn).<\/li>\n<li>Israel \u00e9 o povo eleito: Deus fez uma alian\u00e7a com Israel, expressa nos patriarcas, garantida pelos reis, defendida pelos profetas, testemunhada pelos her\u00f3is, rezada nos Salmos (Dt, Lv, Nm, Js, Jz, 1e2Rs, 1e2Sm, Rt, Es, Tb, Profetas, Sl)<\/li>\n<li>Teologia do \u00eaxodo: Deus sempre desceu para libertar e caminhar com o seu povo. Ele exige fidelidade e compromisso eterno com a liberta\u00e7\u00e3o (Ex,Dt).<\/li>\n<li>Teologia messi\u00e2nica: Deus enviar\u00e1 o seu messias para libertar Israel (Profetas).<\/li>\n<li>Teologia da retribui\u00e7\u00e3o: o justo receber\u00e1 de Deus a retribui\u00e7\u00e3o. (Pr,Eclo,Ecl,J\u00f3,Sab)<\/li>\n<\/ol>\n<p>J\u00e1 o Segundo Testamento procura elucidar e fundamentar a f\u00e9 em Jesus Cristo, a partir dos \u00a0seguintes temas:<\/p>\n<ol>\n<li>Morte e ressurrei\u00e7\u00e3o: aniquilamento de Jesus, o Deus que se fez humano e morreu na cruz (Todos).<\/li>\n<li>Reino de Deus (c\u00e9us): \u00e9 dos pobres, exige convers\u00e3o, \u00e9 servi\u00e7o, nasce pequeno etc. (Mc, Mt e Lc).<\/li>\n<li>Vida: Jesus \u00e9 o caminho e a vida que se manifesta em sinais e nas festas (Jo\u00e3o).<\/li>\n<li>Liberdade: a salva\u00e7\u00e3o n\u00e3o vem pela Lei, mas pela f\u00e9 em Jesus, que comunica o Esp\u00edrito da vida e da liberdade. Lei de Cristo \u00e9 lei do amor (Cartas paulinas).<\/li>\n<li>Trindade: batismo, transfigura\u00e7\u00e3o, que me viu, viu o Pai, Pentecostes (Evangelhos e Atos)<\/li>\n<\/ol>\n<p>Ainda que n\u00e3o apare\u00e7a de forma explicita, a cruz aparece nos evangelhos sin\u00f3ticos com um uma frase emblem\u00e1tica: \u201cSe algu\u00e9m quer vir ap\u00f3s mim, negue-se a si mesmo, tome a sua cruz e siga-me!\u201d (Mc 8,34\u20149,1; Mt 16,21-27; Lc 9,23-27). Trata-se de condi\u00e7\u00f5es ditas por Jesus para quem quisesse segui-lo. Muito j\u00e1 foi dito sobre o significado da cruz e do seguimento.<\/p>\n<p>A cruz, por causa de suas hastes vertical e horizontal, c\u00e9u e terra, muito antes do cristianismo, j\u00e1 fazia parte do imagin\u00e1rio de povos. Os primeiros crist\u00e3os n\u00e3o a tinham como s\u00edmbolo do cristianismo, mas o peixe, que era utilizado nas celebra\u00e7\u00f5es eucar\u00edsticas. Foi somente a partir do s\u00e9culo segundo que a cruz foi identificada com os crist\u00e3os, os quais passaram a ser chamados de \u201cos devotos da Cruz\u201d. Com isso, a cruz passou a simbolizar a f\u00e9 na morte e na ressurrei\u00e7\u00e3o de Jesus, o perd\u00e3o dos pecados, a salva\u00e7\u00e3o, o sofrimento de Jesus e do ser humano na labuta da vida.<\/p>\n<p>Infelizmente, na Idade M\u00e9dia, a cruz passou a ser sinal de conformismo com o sofrimento e aceita\u00e7\u00e3o das injusti\u00e7as sociais. Para compreender melhor o sentido da cruz na hist\u00f3ria do cristianismo e sua rela\u00e7\u00e3o os sofrimentos da vida, assista ao v\u00eddeo proposto. Apresento uma reflex\u00e3o sobre a cruz como met\u00e1fora da vit\u00f3ria.<\/p>\n<hr \/>\n<p><a href=\"#_ftnref1\" name=\"_ftn1\">[1]<\/a>Doutor em Teologia B\u00edblica pela Faje (BH). Mestre em Ci\u00eancias B\u00edblicas (Exegese) pelo Pontif\u00edcio Instituto B\u00edblico de Roma. Professor de Exegese B\u00edblica. \u00c9 membro da Associa\u00e7\u00e3o Brasileira de Pesquisa B\u00edblica (ABIB). Sacerdote Franciscano. Autor de dez livros e coautor de quinze. Youtube: Frei Jacir B\u00edblia e Apocrifos. <a href=\"https:\/\/www.youtube.com\/channel\/UCwbSE97jnR6jQwHRigX1KlQ\">https:\/\/www.youtube.com\/channel\/UCwbSE97jnR6jQwHRigX1KlQ<\/a><\/p>\n<p><a href=\"#_ftnref2\" name=\"_ftn2\">[2]<\/a> MESTERS, Carlos. <em>B\u00edblia, livro feito em mutir\u00e3o. S\u00e3o Paulo: Paulinas, 1986, p.8.<\/em><\/p>\n","protected":false},"excerpt":{"rendered":"<p>Artigo de Frei Jacir de Freitas Faria<\/p>\n","protected":false},"author":3,"featured_media":193797,"comment_status":"open","ping_status":"open","sticky":false,"template":"","format":"standard","meta":{"footnotes":""},"categories":[26],"tags":[43],"yoast_head":"<!-- This site is optimized with the Yoast SEO plugin v19.4 - https:\/\/yoast.com\/wordpress\/plugins\/seo\/ -->\n<title>O setembro da B\u00edblia e o tomar a cruz! - Vida Crist\u00e3 - Franciscanos<\/title>\n<meta name=\"robots\" content=\"index, follow, max-snippet:-1, max-image-preview:large, max-video-preview:-1\" \/>\n<link rel=\"canonical\" href=\"https:\/\/franciscanos.org.br\/vidacrista\/o-setembro-da-biblia-e-o-tomar-a-cruz\/\" \/>\n<meta property=\"og:locale\" content=\"pt_BR\" \/>\n<meta property=\"og:type\" content=\"article\" \/>\n<meta property=\"og:title\" content=\"O setembro da B\u00edblia e o tomar a cruz! - Vida Crist\u00e3 - Franciscanos\" \/>\n<meta property=\"og:description\" content=\"Artigo de Frei Jacir de Freitas Faria\" \/>\n<meta property=\"og:url\" content=\"https:\/\/franciscanos.org.br\/vidacrista\/o-setembro-da-biblia-e-o-tomar-a-cruz\/\" \/>\n<meta property=\"og:site_name\" content=\"Vida Crist\u00e3 - Franciscanos\" \/>\n<meta property=\"article:published_time\" content=\"2023-09-01T10:58:07+00:00\" \/>\n<meta property=\"og:image\" content=\"https:\/\/franciscanos.org.br\/vidacrista\/wp-content\/uploads\/2023\/09\/cruz_0109.jpg\" \/>\n\t<meta property=\"og:image:width\" content=\"840\" \/>\n\t<meta property=\"og:image:height\" content=\"450\" \/>\n\t<meta property=\"og:image:type\" content=\"image\/jpeg\" \/>\n<meta name=\"author\" content=\"moacir\" \/>\n<meta name=\"twitter:card\" content=\"summary_large_image\" \/>\n<meta name=\"twitter:label1\" content=\"Escrito por\" \/>\n\t<meta name=\"twitter:data1\" content=\"moacir\" \/>\n\t<meta name=\"twitter:label2\" content=\"Est. tempo de leitura\" \/>\n\t<meta name=\"twitter:data2\" content=\"4 minutos\" \/>\n<script type=\"application\/ld+json\" class=\"yoast-schema-graph\">{\"@context\":\"https:\/\/schema.org\",\"@graph\":[{\"@type\":\"WebSite\",\"@id\":\"https:\/\/franciscanos.org.br\/vidacrista\/#website\",\"url\":\"https:\/\/franciscanos.org.br\/vidacrista\/\",\"name\":\"Vida Crist\u00e3 - Franciscanos\",\"description\":\"Prov\u00edncia Franciscana da Imaculada Concei\u00e7\u00e3o do Brasil - Ordem dos Frades Menores\",\"potentialAction\":[{\"@type\":\"SearchAction\",\"target\":{\"@type\":\"EntryPoint\",\"urlTemplate\":\"https:\/\/franciscanos.org.br\/vidacrista\/?s={search_term_string}\"},\"query-input\":\"required name=search_term_string\"}],\"inLanguage\":\"pt-BR\"},{\"@type\":\"WebPage\",\"@id\":\"https:\/\/franciscanos.org.br\/vidacrista\/o-setembro-da-biblia-e-o-tomar-a-cruz\/\",\"url\":\"https:\/\/franciscanos.org.br\/vidacrista\/o-setembro-da-biblia-e-o-tomar-a-cruz\/\",\"name\":\"O setembro da B\u00edblia e o tomar a cruz! - Vida Crist\u00e3 - Franciscanos\",\"isPartOf\":{\"@id\":\"https:\/\/franciscanos.org.br\/vidacrista\/#website\"},\"datePublished\":\"2023-09-01T10:58:07+00:00\",\"dateModified\":\"2023-09-01T10:58:07+00:00\",\"author\":{\"@id\":\"https:\/\/franciscanos.org.br\/vidacrista\/#\/schema\/person\/1880bdd2c350b735648725ef7614736a\"},\"breadcrumb\":{\"@id\":\"https:\/\/franciscanos.org.br\/vidacrista\/o-setembro-da-biblia-e-o-tomar-a-cruz\/#breadcrumb\"},\"inLanguage\":\"pt-BR\",\"potentialAction\":[{\"@type\":\"ReadAction\",\"target\":[\"https:\/\/franciscanos.org.br\/vidacrista\/o-setembro-da-biblia-e-o-tomar-a-cruz\/\"]}]},{\"@type\":\"BreadcrumbList\",\"@id\":\"https:\/\/franciscanos.org.br\/vidacrista\/o-setembro-da-biblia-e-o-tomar-a-cruz\/#breadcrumb\",\"itemListElement\":[{\"@type\":\"ListItem\",\"position\":1,\"name\":\"Home\",\"item\":\"https:\/\/franciscanos.org.br\/vidacrista\/\"},{\"@type\":\"ListItem\",\"position\":2,\"name\":\"O setembro da B\u00edblia e o tomar a cruz!\"}]},{\"@type\":\"Person\",\"@id\":\"https:\/\/franciscanos.org.br\/vidacrista\/#\/schema\/person\/1880bdd2c350b735648725ef7614736a\",\"name\":\"moacir\",\"image\":{\"@type\":\"ImageObject\",\"inLanguage\":\"pt-BR\",\"@id\":\"https:\/\/franciscanos.org.br\/vidacrista\/#\/schema\/person\/image\/\",\"url\":\"https:\/\/secure.gravatar.com\/avatar\/d08aa2ce4c8dd416d4479aa8536fcf64?s=96&d=mm&r=g\",\"contentUrl\":\"https:\/\/secure.gravatar.com\/avatar\/d08aa2ce4c8dd416d4479aa8536fcf64?s=96&d=mm&r=g\",\"caption\":\"moacir\"},\"url\":\"https:\/\/franciscanos.org.br\/vidacrista\/author\/moacir\/\"}]}<\/script>\n<!-- \/ Yoast SEO plugin. -->","yoast_head_json":{"title":"O setembro da B\u00edblia e o tomar a cruz! - Vida Crist\u00e3 - Franciscanos","robots":{"index":"index","follow":"follow","max-snippet":"max-snippet:-1","max-image-preview":"max-image-preview:large","max-video-preview":"max-video-preview:-1"},"canonical":"https:\/\/franciscanos.org.br\/vidacrista\/o-setembro-da-biblia-e-o-tomar-a-cruz\/","og_locale":"pt_BR","og_type":"article","og_title":"O setembro da B\u00edblia e o tomar a cruz! - Vida Crist\u00e3 - Franciscanos","og_description":"Artigo de Frei Jacir de Freitas Faria","og_url":"https:\/\/franciscanos.org.br\/vidacrista\/o-setembro-da-biblia-e-o-tomar-a-cruz\/","og_site_name":"Vida Crist\u00e3 - Franciscanos","article_published_time":"2023-09-01T10:58:07+00:00","og_image":[{"width":840,"height":450,"url":"https:\/\/franciscanos.org.br\/vidacrista\/wp-content\/uploads\/2023\/09\/cruz_0109.jpg","type":"image\/jpeg"}],"author":"moacir","twitter_card":"summary_large_image","twitter_misc":{"Escrito por":"moacir","Est. tempo de leitura":"4 minutos"},"schema":{"@context":"https:\/\/schema.org","@graph":[{"@type":"WebSite","@id":"https:\/\/franciscanos.org.br\/vidacrista\/#website","url":"https:\/\/franciscanos.org.br\/vidacrista\/","name":"Vida Crist\u00e3 - Franciscanos","description":"Prov\u00edncia Franciscana da Imaculada Concei\u00e7\u00e3o do Brasil - Ordem dos Frades Menores","potentialAction":[{"@type":"SearchAction","target":{"@type":"EntryPoint","urlTemplate":"https:\/\/franciscanos.org.br\/vidacrista\/?s={search_term_string}"},"query-input":"required name=search_term_string"}],"inLanguage":"pt-BR"},{"@type":"WebPage","@id":"https:\/\/franciscanos.org.br\/vidacrista\/o-setembro-da-biblia-e-o-tomar-a-cruz\/","url":"https:\/\/franciscanos.org.br\/vidacrista\/o-setembro-da-biblia-e-o-tomar-a-cruz\/","name":"O setembro da B\u00edblia e o tomar a cruz! - Vida Crist\u00e3 - Franciscanos","isPartOf":{"@id":"https:\/\/franciscanos.org.br\/vidacrista\/#website"},"datePublished":"2023-09-01T10:58:07+00:00","dateModified":"2023-09-01T10:58:07+00:00","author":{"@id":"https:\/\/franciscanos.org.br\/vidacrista\/#\/schema\/person\/1880bdd2c350b735648725ef7614736a"},"breadcrumb":{"@id":"https:\/\/franciscanos.org.br\/vidacrista\/o-setembro-da-biblia-e-o-tomar-a-cruz\/#breadcrumb"},"inLanguage":"pt-BR","potentialAction":[{"@type":"ReadAction","target":["https:\/\/franciscanos.org.br\/vidacrista\/o-setembro-da-biblia-e-o-tomar-a-cruz\/"]}]},{"@type":"BreadcrumbList","@id":"https:\/\/franciscanos.org.br\/vidacrista\/o-setembro-da-biblia-e-o-tomar-a-cruz\/#breadcrumb","itemListElement":[{"@type":"ListItem","position":1,"name":"Home","item":"https:\/\/franciscanos.org.br\/vidacrista\/"},{"@type":"ListItem","position":2,"name":"O setembro da B\u00edblia e o tomar a cruz!"}]},{"@type":"Person","@id":"https:\/\/franciscanos.org.br\/vidacrista\/#\/schema\/person\/1880bdd2c350b735648725ef7614736a","name":"moacir","image":{"@type":"ImageObject","inLanguage":"pt-BR","@id":"https:\/\/franciscanos.org.br\/vidacrista\/#\/schema\/person\/image\/","url":"https:\/\/secure.gravatar.com\/avatar\/d08aa2ce4c8dd416d4479aa8536fcf64?s=96&d=mm&r=g","contentUrl":"https:\/\/secure.gravatar.com\/avatar\/d08aa2ce4c8dd416d4479aa8536fcf64?s=96&d=mm&r=g","caption":"moacir"},"url":"https:\/\/franciscanos.org.br\/vidacrista\/author\/moacir\/"}]}},"_links":{"self":[{"href":"https:\/\/franciscanos.org.br\/vidacrista\/wp-json\/wp\/v2\/posts\/193796"}],"collection":[{"href":"https:\/\/franciscanos.org.br\/vidacrista\/wp-json\/wp\/v2\/posts"}],"about":[{"href":"https:\/\/franciscanos.org.br\/vidacrista\/wp-json\/wp\/v2\/types\/post"}],"author":[{"embeddable":true,"href":"https:\/\/franciscanos.org.br\/vidacrista\/wp-json\/wp\/v2\/users\/3"}],"replies":[{"embeddable":true,"href":"https:\/\/franciscanos.org.br\/vidacrista\/wp-json\/wp\/v2\/comments?post=193796"}],"version-history":[{"count":1,"href":"https:\/\/franciscanos.org.br\/vidacrista\/wp-json\/wp\/v2\/posts\/193796\/revisions"}],"predecessor-version":[{"id":193798,"href":"https:\/\/franciscanos.org.br\/vidacrista\/wp-json\/wp\/v2\/posts\/193796\/revisions\/193798"}],"wp:featuredmedia":[{"embeddable":true,"href":"https:\/\/franciscanos.org.br\/vidacrista\/wp-json\/wp\/v2\/media\/193797"}],"wp:attachment":[{"href":"https:\/\/franciscanos.org.br\/vidacrista\/wp-json\/wp\/v2\/media?parent=193796"}],"wp:term":[{"taxonomy":"category","embeddable":true,"href":"https:\/\/franciscanos.org.br\/vidacrista\/wp-json\/wp\/v2\/categories?post=193796"},{"taxonomy":"post_tag","embeddable":true,"href":"https:\/\/franciscanos.org.br\/vidacrista\/wp-json\/wp\/v2\/tags?post=193796"}],"curies":[{"name":"wp","href":"https:\/\/api.w.org\/{rel}","templated":true}]}}