{"id":193793,"date":"2023-08-31T14:25:14","date_gmt":"2023-08-31T17:25:14","guid":{"rendered":"https:\/\/franciscanos.org.br\/vidacrista\/?p=193793"},"modified":"2023-08-31T14:25:14","modified_gmt":"2023-08-31T17:25:14","slug":"a-urgencia-do-cuidado-e-da-autocontencao","status":"publish","type":"post","link":"https:\/\/franciscanos.org.br\/vidacrista\/a-urgencia-do-cuidado-e-da-autocontencao\/","title":{"rendered":"A urg\u00eancia do cuidado e da autoconten\u00e7\u00e3o"},"content":{"rendered":"<div id=\"attachment_193794\" style=\"width: 850px\" class=\"wp-caption alignnone\"><img aria-describedby=\"caption-attachment-193794\" decoding=\"async\" loading=\"lazy\" class=\"wp-image-193794 size-full\" src=\"https:\/\/franciscanos.org.br\/vidacrista\/wp-content\/uploads\/2023\/08\/artigo_31.jpg\" alt=\"\" width=\"840\" height=\"450\" \/><p id=\"caption-attachment-193794\" class=\"wp-caption-text\"><em>Imagem do Acervo da Prov\u00edncia da Imaculada<\/em><\/p><\/div>\n<p>Alinho-me \u00e0queles cientistas descritos pela jornalista de assuntos ecol\u00f3gico-cient\u00edficos, Elizabeth Kolbert em seus dois livros famosos, &#8220;A sexta extin\u00e7\u00e3o&#8221; e o outro &#8220;Sob o c\u00e9u branco: a natureza do futuro&#8221; (Intr\u00ednseca, 2021).Embora alimente alguma esperan\u00e7a, Kolbert delineia como seria o c\u00e9u ap\u00f3s uma guerra nuclear devastadora: branco, impedindo a passagem dos raios sol dos quais quase tudo depende na Terra.<\/p>\n<p>\u00c9 um fato experimental, embora haja um grande n\u00famero de negacionistas, particularmente entre os CEOs dos grandes oligop\u00f3lios que negam o estado degradado da Terra que agora, possivelmente, inaugurou uma nova era: <strong>o piroceno.<\/strong><\/p>\n<p>A cultura do consumo daquelas por\u00e7\u00f5es opulentas, ego-centradas e desalmadas j\u00e1 est\u00e1 cobrando mais de uma Terra e meia (1,7) para atender voracidade deles. A Sobrecarga da Terra deste ano foi constatada no dia 22 de julho. Isso significa que que seus bens e servi\u00e7os renov\u00e1veis, indispens\u00e1veis para a nossa sobreviv\u00eancia, se exauriram. Acenderam todos os sinais. Mesmo assim lhe fazem viol\u00eancia, arrancando-lhe o que n\u00e3o lhes pode mais dar. Como \u00e9 um super-ente vivo que funciona sistemicamente, a Terra reage mandando eventos extremos como grandes secas de um lado, espantosas nevascas por outro, diminuindo as fontes de \u00e1gua, aumentando os desertos, destruindo com tuf\u00f5es regi\u00f5es inteiras, sacrificando a biodiversidade, enviando mais v\u00edrus e outras enfermidades. O aumento da temperatura esperada para o ano 2030,um crescimento de 1,5 graus C, est\u00e1 celeremente se antecipando para os pr\u00f3ximos 3-5 anos.<\/p>\n<p>Compreende-se que muitos climat\u00f3logos se mostrem c\u00e9ticos e at\u00e9 fatalistas ao se dar conta de que a ci\u00eancia a t\u00e9cnica chegaram atrasadas. N\u00e3o temos muito que fazer sen\u00e3o prevenir as cat\u00e1strofes e minorar seus efeitos danosos. A Terra est\u00e1 mudando, dia-a-dia, de forma irrevers\u00edvel, procurando um novo equil\u00edbrio cujo centro de gravidade n\u00e3o nos \u00e9 conhecido. Supomos que climaticamente se estabilize entre 38-40 graus C. Quem puder se adaptar a esta temperatura sobreviver\u00e1 mas muitas pessoas, crian\u00e7as e idosos e principalmente in\u00fameros organismos vivos n\u00e3o ter\u00e3o o tempo suficiente para se adaptar e ser\u00e3o condenados a desaparecer depois de milh\u00f5es de anos de vida sobre este planeta.<\/p>\n<p>S\u00e3o s\u00e9rias as advert\u00eancias dos s\u00e1bios. A Carta da Terra (documento assumido pela ONU) ou as duas enc\u00edclicas do Papa Francisco: Como cuidar da Casa Comum e o outro Todos irm\u00e3os e irm\u00e3s peremptoriamente denunciam o alarme ecol\u00f3gico. A Carta da Terra adverte: \u201cA humanidade deve escolher o seu futuro\u2026ou formar uma alian\u00e7a global para cuidar da Terra e uns dos outros ou arriscar a nossa destrui\u00e7\u00e3o e a da diversidade da vida\u201d. O Papa \u00e9 mais severo: \u201cEstamos todos no mesmo barco; ou nos salvamos todos ou ningu\u00e9m se salva\u201d.<\/p>\n<p>A grande maioria n\u00e3o pensa em tais coisas, pois parece-lhe insuport\u00e1vel lidar com os limites e eventualmente com o desastre coletivo, poss\u00edvel ainda dentro de nossa gera\u00e7\u00e3o. Alienados. acabar\u00e3o engrossando o cortejo daqueles que rumar\u00e3o na dire\u00e7\u00e3o da fossa comum.<\/p>\n<p>Resta-nos uma r\u00e9stia de esperan\u00e7a sempre suscitada pelo s\u00e1bio de 103 anos Edgar Morin: \u201cA hist\u00f3ria v\u00e1rias vezes mostrou que o surgimento do inesperado e o aparecimento do improv\u00e1vel s\u00e3o plaus\u00edveis e podem mudar o rumo dos acontecimentos\u201d. Cremos que ambos \u2013 o inesperado e o plaus\u00edvel \u2013 sejam poss\u00edveis. Seria nossa salva\u00e7\u00e3o.<\/p>\n<p>Entretanto, temos que fazer a nossa parte. Se quisermos garantir um futuro comum, da Terra e da humanidade, se imp\u00f5em duas virtudes: a autoconten\u00e7\u00e3o e a justa medida, ambas express\u00f5es da cultura do cuidado.<\/p>\n<p>Mas como postular essas virtudes se todo o sistema est\u00e1 montado em sua nega\u00e7\u00e3o? Desta vez, por\u00e9m, n\u00e3o h\u00e1 escolha: ou mudamos e nos pautamos pelo cuidado, nos autolimitando em nossa voracidade e vivendo a justa medida em todas as coisas ou enfrentaremos uma trag\u00e9dia coletiva. O cuidado nos leva a estabelecer um la\u00e7o afetivo para com todos os seres para que continuem entre n\u00f3s.<\/p>\n<p>A autoconten\u00e7\u00e3o significa um sacrif\u00edcio necess\u00e1rio que salvaguarda o Planeta, tutela interesses coletivos e funda uma cultura da simplicidade volunt\u00e1ria. N\u00e3o se trata de n\u00e3o consumir, mas de consumir de forma respons\u00e1vel e solid\u00e1ria para com aqueles que vir\u00e3o depois de n\u00f3s. Eles tamb\u00e9m t\u00eam direito \u00e0 Terra e a uma vida com qualidade.<\/p>\n<hr \/>\n<p><strong>Leonardo Boff<\/strong> <em>escreveu &#8220;A justa medida: como equilibrar o planeta Terra&#8221;, Vozes 2023; &#8220;Habitar a Terra&#8221;, Vozes 2021.<\/em><\/p>\n","protected":false},"excerpt":{"rendered":"<p>Artigo de Leonardo Boff<\/p>\n","protected":false},"author":3,"featured_media":0,"comment_status":"open","ping_status":"open","sticky":false,"template":"","format":"standard","meta":{"footnotes":""},"categories":[26],"tags":[59],"yoast_head":"<!-- This site is optimized with the Yoast SEO plugin v19.4 - https:\/\/yoast.com\/wordpress\/plugins\/seo\/ -->\n<title>A urg\u00eancia do cuidado e da autoconten\u00e7\u00e3o - Vida Crist\u00e3 - Franciscanos<\/title>\n<meta name=\"robots\" content=\"index, follow, max-snippet:-1, max-image-preview:large, max-video-preview:-1\" \/>\n<link rel=\"canonical\" href=\"https:\/\/franciscanos.org.br\/vidacrista\/a-urgencia-do-cuidado-e-da-autocontencao\/\" \/>\n<meta property=\"og:locale\" content=\"pt_BR\" \/>\n<meta property=\"og:type\" content=\"article\" \/>\n<meta property=\"og:title\" content=\"A urg\u00eancia do cuidado e da autoconten\u00e7\u00e3o - Vida Crist\u00e3 - Franciscanos\" \/>\n<meta property=\"og:description\" content=\"Artigo de Leonardo Boff\" \/>\n<meta property=\"og:url\" content=\"https:\/\/franciscanos.org.br\/vidacrista\/a-urgencia-do-cuidado-e-da-autocontencao\/\" \/>\n<meta property=\"og:site_name\" content=\"Vida Crist\u00e3 - Franciscanos\" \/>\n<meta property=\"article:published_time\" content=\"2023-08-31T17:25:14+00:00\" \/>\n<meta property=\"og:image\" content=\"https:\/\/franciscanos.org.br\/vidacrista\/wp-content\/uploads\/2023\/08\/artigo_31.jpg\" \/>\n\t<meta property=\"og:image:width\" content=\"840\" \/>\n\t<meta property=\"og:image:height\" content=\"450\" \/>\n\t<meta property=\"og:image:type\" content=\"image\/jpeg\" \/>\n<meta name=\"author\" content=\"moacir\" \/>\n<meta name=\"twitter:card\" content=\"summary_large_image\" \/>\n<meta name=\"twitter:label1\" content=\"Escrito por\" \/>\n\t<meta name=\"twitter:data1\" content=\"moacir\" \/>\n\t<meta name=\"twitter:label2\" content=\"Est. tempo de leitura\" \/>\n\t<meta name=\"twitter:data2\" content=\"4 minutos\" \/>\n<script type=\"application\/ld+json\" class=\"yoast-schema-graph\">{\"@context\":\"https:\/\/schema.org\",\"@graph\":[{\"@type\":\"WebSite\",\"@id\":\"https:\/\/franciscanos.org.br\/vidacrista\/#website\",\"url\":\"https:\/\/franciscanos.org.br\/vidacrista\/\",\"name\":\"Vida Crist\u00e3 - Franciscanos\",\"description\":\"Prov\u00edncia Franciscana da Imaculada Concei\u00e7\u00e3o do Brasil - Ordem dos Frades Menores\",\"potentialAction\":[{\"@type\":\"SearchAction\",\"target\":{\"@type\":\"EntryPoint\",\"urlTemplate\":\"https:\/\/franciscanos.org.br\/vidacrista\/?s={search_term_string}\"},\"query-input\":\"required name=search_term_string\"}],\"inLanguage\":\"pt-BR\"},{\"@type\":\"WebPage\",\"@id\":\"https:\/\/franciscanos.org.br\/vidacrista\/a-urgencia-do-cuidado-e-da-autocontencao\/\",\"url\":\"https:\/\/franciscanos.org.br\/vidacrista\/a-urgencia-do-cuidado-e-da-autocontencao\/\",\"name\":\"A urg\u00eancia do cuidado e da autoconten\u00e7\u00e3o - Vida Crist\u00e3 - Franciscanos\",\"isPartOf\":{\"@id\":\"https:\/\/franciscanos.org.br\/vidacrista\/#website\"},\"datePublished\":\"2023-08-31T17:25:14+00:00\",\"dateModified\":\"2023-08-31T17:25:14+00:00\",\"author\":{\"@id\":\"https:\/\/franciscanos.org.br\/vidacrista\/#\/schema\/person\/1880bdd2c350b735648725ef7614736a\"},\"breadcrumb\":{\"@id\":\"https:\/\/franciscanos.org.br\/vidacrista\/a-urgencia-do-cuidado-e-da-autocontencao\/#breadcrumb\"},\"inLanguage\":\"pt-BR\",\"potentialAction\":[{\"@type\":\"ReadAction\",\"target\":[\"https:\/\/franciscanos.org.br\/vidacrista\/a-urgencia-do-cuidado-e-da-autocontencao\/\"]}]},{\"@type\":\"BreadcrumbList\",\"@id\":\"https:\/\/franciscanos.org.br\/vidacrista\/a-urgencia-do-cuidado-e-da-autocontencao\/#breadcrumb\",\"itemListElement\":[{\"@type\":\"ListItem\",\"position\":1,\"name\":\"Home\",\"item\":\"https:\/\/franciscanos.org.br\/vidacrista\/\"},{\"@type\":\"ListItem\",\"position\":2,\"name\":\"A urg\u00eancia do cuidado e da autoconten\u00e7\u00e3o\"}]},{\"@type\":\"Person\",\"@id\":\"https:\/\/franciscanos.org.br\/vidacrista\/#\/schema\/person\/1880bdd2c350b735648725ef7614736a\",\"name\":\"moacir\",\"image\":{\"@type\":\"ImageObject\",\"inLanguage\":\"pt-BR\",\"@id\":\"https:\/\/franciscanos.org.br\/vidacrista\/#\/schema\/person\/image\/\",\"url\":\"https:\/\/secure.gravatar.com\/avatar\/d08aa2ce4c8dd416d4479aa8536fcf64?s=96&d=mm&r=g\",\"contentUrl\":\"https:\/\/secure.gravatar.com\/avatar\/d08aa2ce4c8dd416d4479aa8536fcf64?s=96&d=mm&r=g\",\"caption\":\"moacir\"},\"url\":\"https:\/\/franciscanos.org.br\/vidacrista\/author\/moacir\/\"}]}<\/script>\n<!-- \/ Yoast SEO plugin. -->","yoast_head_json":{"title":"A urg\u00eancia do cuidado e da autoconten\u00e7\u00e3o - Vida Crist\u00e3 - Franciscanos","robots":{"index":"index","follow":"follow","max-snippet":"max-snippet:-1","max-image-preview":"max-image-preview:large","max-video-preview":"max-video-preview:-1"},"canonical":"https:\/\/franciscanos.org.br\/vidacrista\/a-urgencia-do-cuidado-e-da-autocontencao\/","og_locale":"pt_BR","og_type":"article","og_title":"A urg\u00eancia do cuidado e da autoconten\u00e7\u00e3o - Vida Crist\u00e3 - Franciscanos","og_description":"Artigo de Leonardo Boff","og_url":"https:\/\/franciscanos.org.br\/vidacrista\/a-urgencia-do-cuidado-e-da-autocontencao\/","og_site_name":"Vida Crist\u00e3 - Franciscanos","article_published_time":"2023-08-31T17:25:14+00:00","og_image":[{"width":840,"height":450,"url":"https:\/\/franciscanos.org.br\/vidacrista\/wp-content\/uploads\/2023\/08\/artigo_31.jpg","type":"image\/jpeg"}],"author":"moacir","twitter_card":"summary_large_image","twitter_misc":{"Escrito por":"moacir","Est. tempo de leitura":"4 minutos"},"schema":{"@context":"https:\/\/schema.org","@graph":[{"@type":"WebSite","@id":"https:\/\/franciscanos.org.br\/vidacrista\/#website","url":"https:\/\/franciscanos.org.br\/vidacrista\/","name":"Vida Crist\u00e3 - Franciscanos","description":"Prov\u00edncia Franciscana da Imaculada Concei\u00e7\u00e3o do Brasil - Ordem dos Frades Menores","potentialAction":[{"@type":"SearchAction","target":{"@type":"EntryPoint","urlTemplate":"https:\/\/franciscanos.org.br\/vidacrista\/?s={search_term_string}"},"query-input":"required name=search_term_string"}],"inLanguage":"pt-BR"},{"@type":"WebPage","@id":"https:\/\/franciscanos.org.br\/vidacrista\/a-urgencia-do-cuidado-e-da-autocontencao\/","url":"https:\/\/franciscanos.org.br\/vidacrista\/a-urgencia-do-cuidado-e-da-autocontencao\/","name":"A urg\u00eancia do cuidado e da autoconten\u00e7\u00e3o - Vida Crist\u00e3 - Franciscanos","isPartOf":{"@id":"https:\/\/franciscanos.org.br\/vidacrista\/#website"},"datePublished":"2023-08-31T17:25:14+00:00","dateModified":"2023-08-31T17:25:14+00:00","author":{"@id":"https:\/\/franciscanos.org.br\/vidacrista\/#\/schema\/person\/1880bdd2c350b735648725ef7614736a"},"breadcrumb":{"@id":"https:\/\/franciscanos.org.br\/vidacrista\/a-urgencia-do-cuidado-e-da-autocontencao\/#breadcrumb"},"inLanguage":"pt-BR","potentialAction":[{"@type":"ReadAction","target":["https:\/\/franciscanos.org.br\/vidacrista\/a-urgencia-do-cuidado-e-da-autocontencao\/"]}]},{"@type":"BreadcrumbList","@id":"https:\/\/franciscanos.org.br\/vidacrista\/a-urgencia-do-cuidado-e-da-autocontencao\/#breadcrumb","itemListElement":[{"@type":"ListItem","position":1,"name":"Home","item":"https:\/\/franciscanos.org.br\/vidacrista\/"},{"@type":"ListItem","position":2,"name":"A urg\u00eancia do cuidado e da autoconten\u00e7\u00e3o"}]},{"@type":"Person","@id":"https:\/\/franciscanos.org.br\/vidacrista\/#\/schema\/person\/1880bdd2c350b735648725ef7614736a","name":"moacir","image":{"@type":"ImageObject","inLanguage":"pt-BR","@id":"https:\/\/franciscanos.org.br\/vidacrista\/#\/schema\/person\/image\/","url":"https:\/\/secure.gravatar.com\/avatar\/d08aa2ce4c8dd416d4479aa8536fcf64?s=96&d=mm&r=g","contentUrl":"https:\/\/secure.gravatar.com\/avatar\/d08aa2ce4c8dd416d4479aa8536fcf64?s=96&d=mm&r=g","caption":"moacir"},"url":"https:\/\/franciscanos.org.br\/vidacrista\/author\/moacir\/"}]}},"_links":{"self":[{"href":"https:\/\/franciscanos.org.br\/vidacrista\/wp-json\/wp\/v2\/posts\/193793"}],"collection":[{"href":"https:\/\/franciscanos.org.br\/vidacrista\/wp-json\/wp\/v2\/posts"}],"about":[{"href":"https:\/\/franciscanos.org.br\/vidacrista\/wp-json\/wp\/v2\/types\/post"}],"author":[{"embeddable":true,"href":"https:\/\/franciscanos.org.br\/vidacrista\/wp-json\/wp\/v2\/users\/3"}],"replies":[{"embeddable":true,"href":"https:\/\/franciscanos.org.br\/vidacrista\/wp-json\/wp\/v2\/comments?post=193793"}],"version-history":[{"count":1,"href":"https:\/\/franciscanos.org.br\/vidacrista\/wp-json\/wp\/v2\/posts\/193793\/revisions"}],"predecessor-version":[{"id":193795,"href":"https:\/\/franciscanos.org.br\/vidacrista\/wp-json\/wp\/v2\/posts\/193793\/revisions\/193795"}],"wp:attachment":[{"href":"https:\/\/franciscanos.org.br\/vidacrista\/wp-json\/wp\/v2\/media?parent=193793"}],"wp:term":[{"taxonomy":"category","embeddable":true,"href":"https:\/\/franciscanos.org.br\/vidacrista\/wp-json\/wp\/v2\/categories?post=193793"},{"taxonomy":"post_tag","embeddable":true,"href":"https:\/\/franciscanos.org.br\/vidacrista\/wp-json\/wp\/v2\/tags?post=193793"}],"curies":[{"name":"wp","href":"https:\/\/api.w.org\/{rel}","templated":true}]}}