{"id":193746,"date":"2023-08-21T07:33:54","date_gmt":"2023-08-21T10:33:54","guid":{"rendered":"https:\/\/franciscanos.org.br\/vidacrista\/?p=193746"},"modified":"2023-08-21T07:40:09","modified_gmt":"2023-08-21T10:40:09","slug":"assuncao-de-nossa-senhora-e-o-poder-da-mulher-apocaliptica-ap-121-10","status":"publish","type":"post","link":"https:\/\/franciscanos.org.br\/vidacrista\/assuncao-de-nossa-senhora-e-o-poder-da-mulher-apocaliptica-ap-121-10\/","title":{"rendered":"Assun\u00e7\u00e3o de Nossa Senhora e o poder da mulher apocal\u00edptica! (Ap 12,1-10)"},"content":{"rendered":"<div id=\"attachment_193747\" style=\"width: 850px\" class=\"wp-caption alignnone\"><img aria-describedby=\"caption-attachment-193747\" decoding=\"async\" loading=\"lazy\" class=\"wp-image-193747 size-full\" src=\"https:\/\/franciscanos.org.br\/vidacrista\/wp-content\/uploads\/2023\/08\/assuncao_21.jpg\" alt=\"\" width=\"840\" height=\"450\" srcset=\"https:\/\/franciscanos.org.br\/vidacrista\/wp-content\/uploads\/2023\/08\/assuncao_21.jpg 840w, https:\/\/franciscanos.org.br\/vidacrista\/wp-content\/uploads\/2023\/08\/assuncao_21-450x241.jpg 450w, https:\/\/franciscanos.org.br\/vidacrista\/wp-content\/uploads\/2023\/08\/assuncao_21-768x411.jpg 768w, https:\/\/franciscanos.org.br\/vidacrista\/wp-content\/uploads\/2023\/08\/assuncao_21-150x80.jpg 150w\" sizes=\"(max-width: 840px) 100vw, 840px\" \/><p id=\"caption-attachment-193747\" class=\"wp-caption-text\"><em>Assun\u00e7\u00e3o da Virgem, de Bartolom\u00e9 Esteban Murillo (1617\u20131682) &#8211; Wikimedia Commons<\/em><\/p><\/div>\n<p><em>Frei Jacir de Freitas Faria<\/em> <a href=\"#_ftn1\" name=\"_ftnref1\">[1]<\/a><\/p>\n<p>Na celebra\u00e7\u00e3o da Assun\u00e7\u00e3o de Maria, a liturgia nos prop\u00f5e como leitura Ap 12,1-10, texto que fala de uma mulher vestida de sol, um drag\u00e3o poderoso e um filho indefeso. Essa passagem revela o poder da mulher Maria e a for\u00e7a da linguagem apocal\u00edptica.<\/p>\n<p>Apocalipse 12,1-10 trata, em linguagem apocal\u00edptica, da realidade de persegui\u00e7\u00e3o dos primeiros crist\u00e3os. O texto fala de esperan\u00e7a e n\u00e3o de medo. Os primeiros crist\u00e3os s\u00e3o chamados a resistir, e esperar diante do Drag\u00e3o, o imp\u00e9rio romano, que os perseguia. O poder do mal \u00e9 absoluto, forte, parece invenc\u00edvel, tem sete cabe\u00e7as, sete chifres e sete diademas. Sua cor \u00e9 vermelha, o que simboliza o sangue derramado por ele. O drag\u00e3o, apesar de toda a sua for\u00e7a, ser\u00e1 derrotado pela for\u00e7a do ressuscitado, que derramou sangue de vida nova. A mulher vestida de sol est\u00e1 integrada com a cria\u00e7\u00e3o, tem rela\u00e7\u00e3o com as comunidades que sofre dores de parto.<\/p>\n<p><iframe loading=\"lazy\" title=\"YouTube video player\" src=\"https:\/\/www.youtube.com\/embed\/C77BS1iGzQQ\" width=\"100%\" height=\"500\" frameborder=\"0\" allowfullscreen=\"allowfullscreen\"><span data-mce-type=\"bookmark\" style=\"display: inline-block; width: 0px; overflow: hidden; line-height: 0;\" class=\"mce_SELRES_start\">\ufeff<\/span><\/iframe><\/p>\n<p>Ainda que o poder do mal queira devorar o seu filho, ele nasce e vai para junto de Deus. A mulher foge para o deserto, lugar que simboliza a presen\u00e7a da for\u00e7a de Deus na terra. A mulher \u00e9 terrena. Seu Filho, o Messias, \u00e9 divino.<\/p>\n<p>Na hist\u00f3ria da devo\u00e7\u00e3o mariana, o s\u00e9culo V marcou no Oriente a celebra\u00e7\u00e3o \u00fanica da <em>Theotokos<\/em>, a M\u00e3e de Deus, celebrada tamb\u00e9m no dia de Natal, uma semana antes ou um dia depois dele. Na verdade, o nascimento de Jesus era celebrado junto com a sua m\u00e3e. Essa devo\u00e7\u00e3o foi substitu\u00edda, com a popularidade dos ap\u00f3crifos da dormi\u00e7\u00e3o, para a festa da Dormi\u00e7\u00e3o, com consequente desmembramento dela do evento do Natal. O s\u00e9culo VI marcou no oriente a celebra\u00e7\u00e3o de duas festas: a da Dormi\u00e7\u00e3o e a da Assun\u00e7\u00e3o.<\/p>\n<p>O Imp\u00e9rio Romano no Ocidente, no s\u00e9culo VII, com o papa S\u00e9rgio I incorporou festas marianas importantes, como o Nascimento, a Dormi\u00e7\u00e3o e a Assun\u00e7\u00e3o, no seu calend\u00e1rio. A festa da Assun\u00e7\u00e3o de Maria no Imp\u00e9rio Romano, ao celebrar o natal\u00edcio de Maria, isto \u00e9, a sua assun\u00e7\u00e3o, ap\u00f3s a dormi\u00e7\u00e3o\/morte, teve como objetivo afirmar que ela \u00e9 excelsa sobre todos os m\u00e1rtires. Essa festa passou a ser a \u2018festa das festas\u2019. Por isso, no dia 15 de agosto, o povo, alegremente, tomava as ruas em honra \u00e0 M\u00e3e de Deus, assunta aos C\u00e9us. <a href=\"#_ftn2\" name=\"_ftnref2\">[2]<\/a><\/p>\n<p>No per\u00edodo da Alta Idade M\u00e9dia (s\u00e9culos V ao X), a devo\u00e7\u00e3o a Maria se expandiu em demasia na piedade popular, influenciada pelos ap\u00f3crifos marianos assuncionistas, largamente difundidos entre os crist\u00e3os. A Igreja assumiu, como parte de seus ensinamentos e celebra\u00e7\u00f5es lit\u00fargicas, a festa da Assun\u00e7\u00e3o de Maria de corpo e alma para o c\u00e9u. A Dormi\u00e7\u00e3o evolui para assun\u00e7\u00e3o.<\/p>\n<p>Na Baixa Idade M\u00e9dia (S\u00e9c. X ao XV), Maria, por ser a m\u00e3e de Jesus, foi revestida de poder para intervir diante do Filho em prol dos crist\u00e3os que viviam amea\u00e7ados pela Igreja, com o seu discurso de medo da morte e do Inferno. A Igreja esperou muitos s\u00e9culos para definir o dogma Assun\u00e7\u00e3o de Maria, somente em 1950. Essa festa era celebrada, primeiramente do Oriente.<\/p>\n<p>Celebrar a Assun\u00e7\u00e3o de Maria, em nossos dias, significa n\u00e3o retomar o poder glorioso e triunfalista a ela atribu\u00eddo na sua Assun\u00e7\u00e3o, o que representou o poder da Igreja Medieval, mas resgatar o poder libertador que ela nos mostrou no canto\u00a0<em>Magnificat,<\/em>\u00a0em Lc 1,39-57 e no Apocalipse. N\u00e3o o poder do mal, mas da for\u00e7a que nasce de uma vida liberta, quando os poderosos ser\u00e3o destitu\u00eddos de seus tronos. Alimentemos, com Maria, essa esperan\u00e7a para continuar vivendo em meio a drag\u00f5es, a exemplo da mulher apocal\u00edptica.<\/p>\n<hr \/>\n<p><a href=\"#_ftnref1\" name=\"_ftn1\">[1]<\/a>Doutor em Teologia B\u00edblica pela FAJE (BH). Mestre em Ci\u00eancias B\u00edblicas (Exegese) pelo Pontif\u00edcio Instituto B\u00edblico de Roma. Professor de Exegese B\u00edblica. \u00c9 membro da Associa\u00e7\u00e3o Brasileira de Pesquisa B\u00edblica (ABIB). Sacerdote Franciscano. Autor de dez livros e coautor de quinze. Youtube: Frei Jacir B\u00edblia e Ap\u00f3crifos. <a href=\"https:\/\/www.youtube.com\/channel\/UCwbSE97jnR6jQwHRigX1KlQ\">https:\/\/www.youtube.com\/channel\/UCwbSE97jnR6jQwHRigX1KlQ<\/a><\/p>\n<p><a href=\"#_ftnref2\" name=\"_ftn2\">[2]<\/a> RIGHETTI, M. <em>Hist\u00f3ria de la liturgia<\/em>. Madrid: Biblioteca de los Autores Cristianos, 1995. v. I. p. 901-904, <em>apud<\/em> BOROBIO, <em>A celebra\u00e7\u00e3o na Igreja<\/em>, v. 3, p. 205.<\/p>\n","protected":false},"excerpt":{"rendered":"<p>Artigo de Frei Jacir de Freitas Faria<\/p>\n","protected":false},"author":3,"featured_media":193747,"comment_status":"open","ping_status":"open","sticky":false,"template":"","format":"standard","meta":{"footnotes":""},"categories":[26],"tags":[43],"yoast_head":"<!-- This site is optimized with the Yoast SEO plugin v19.4 - https:\/\/yoast.com\/wordpress\/plugins\/seo\/ -->\n<title>Assun\u00e7\u00e3o de Nossa Senhora e o poder da mulher apocal\u00edptica! (Ap 12,1-10) - Vida Crist\u00e3 - Franciscanos<\/title>\n<meta name=\"robots\" content=\"index, follow, max-snippet:-1, max-image-preview:large, max-video-preview:-1\" \/>\n<link rel=\"canonical\" href=\"https:\/\/franciscanos.org.br\/vidacrista\/assuncao-de-nossa-senhora-e-o-poder-da-mulher-apocaliptica-ap-121-10\/\" \/>\n<meta property=\"og:locale\" content=\"pt_BR\" \/>\n<meta property=\"og:type\" content=\"article\" \/>\n<meta property=\"og:title\" content=\"Assun\u00e7\u00e3o de Nossa Senhora e o poder da mulher apocal\u00edptica! (Ap 12,1-10) - Vida Crist\u00e3 - Franciscanos\" \/>\n<meta property=\"og:description\" content=\"Artigo de Frei Jacir de Freitas Faria\" \/>\n<meta property=\"og:url\" content=\"https:\/\/franciscanos.org.br\/vidacrista\/assuncao-de-nossa-senhora-e-o-poder-da-mulher-apocaliptica-ap-121-10\/\" \/>\n<meta property=\"og:site_name\" content=\"Vida Crist\u00e3 - Franciscanos\" \/>\n<meta property=\"article:published_time\" content=\"2023-08-21T10:33:54+00:00\" \/>\n<meta property=\"article:modified_time\" content=\"2023-08-21T10:40:09+00:00\" \/>\n<meta property=\"og:image\" content=\"https:\/\/franciscanos.org.br\/vidacrista\/wp-content\/uploads\/2023\/08\/assuncao_21.jpg\" \/>\n\t<meta property=\"og:image:width\" content=\"840\" \/>\n\t<meta property=\"og:image:height\" content=\"450\" \/>\n\t<meta property=\"og:image:type\" content=\"image\/jpeg\" \/>\n<meta name=\"author\" content=\"moacir\" \/>\n<meta name=\"twitter:card\" content=\"summary_large_image\" \/>\n<meta name=\"twitter:label1\" content=\"Escrito por\" \/>\n\t<meta name=\"twitter:data1\" content=\"moacir\" \/>\n\t<meta name=\"twitter:label2\" content=\"Est. tempo de leitura\" \/>\n\t<meta name=\"twitter:data2\" content=\"5 minutos\" \/>\n<script type=\"application\/ld+json\" class=\"yoast-schema-graph\">{\"@context\":\"https:\/\/schema.org\",\"@graph\":[{\"@type\":\"WebSite\",\"@id\":\"https:\/\/franciscanos.org.br\/vidacrista\/#website\",\"url\":\"https:\/\/franciscanos.org.br\/vidacrista\/\",\"name\":\"Vida Crist\u00e3 - Franciscanos\",\"description\":\"Prov\u00edncia Franciscana da Imaculada Concei\u00e7\u00e3o do Brasil - Ordem dos Frades Menores\",\"potentialAction\":[{\"@type\":\"SearchAction\",\"target\":{\"@type\":\"EntryPoint\",\"urlTemplate\":\"https:\/\/franciscanos.org.br\/vidacrista\/?s={search_term_string}\"},\"query-input\":\"required name=search_term_string\"}],\"inLanguage\":\"pt-BR\"},{\"@type\":\"WebPage\",\"@id\":\"https:\/\/franciscanos.org.br\/vidacrista\/assuncao-de-nossa-senhora-e-o-poder-da-mulher-apocaliptica-ap-121-10\/\",\"url\":\"https:\/\/franciscanos.org.br\/vidacrista\/assuncao-de-nossa-senhora-e-o-poder-da-mulher-apocaliptica-ap-121-10\/\",\"name\":\"Assun\u00e7\u00e3o de Nossa Senhora e o poder da mulher apocal\u00edptica! (Ap 12,1-10) - Vida Crist\u00e3 - Franciscanos\",\"isPartOf\":{\"@id\":\"https:\/\/franciscanos.org.br\/vidacrista\/#website\"},\"datePublished\":\"2023-08-21T10:33:54+00:00\",\"dateModified\":\"2023-08-21T10:40:09+00:00\",\"author\":{\"@id\":\"https:\/\/franciscanos.org.br\/vidacrista\/#\/schema\/person\/1880bdd2c350b735648725ef7614736a\"},\"breadcrumb\":{\"@id\":\"https:\/\/franciscanos.org.br\/vidacrista\/assuncao-de-nossa-senhora-e-o-poder-da-mulher-apocaliptica-ap-121-10\/#breadcrumb\"},\"inLanguage\":\"pt-BR\",\"potentialAction\":[{\"@type\":\"ReadAction\",\"target\":[\"https:\/\/franciscanos.org.br\/vidacrista\/assuncao-de-nossa-senhora-e-o-poder-da-mulher-apocaliptica-ap-121-10\/\"]}]},{\"@type\":\"BreadcrumbList\",\"@id\":\"https:\/\/franciscanos.org.br\/vidacrista\/assuncao-de-nossa-senhora-e-o-poder-da-mulher-apocaliptica-ap-121-10\/#breadcrumb\",\"itemListElement\":[{\"@type\":\"ListItem\",\"position\":1,\"name\":\"Home\",\"item\":\"https:\/\/franciscanos.org.br\/vidacrista\/\"},{\"@type\":\"ListItem\",\"position\":2,\"name\":\"Assun\u00e7\u00e3o de Nossa Senhora e o poder da mulher apocal\u00edptica! (Ap 12,1-10)\"}]},{\"@type\":\"Person\",\"@id\":\"https:\/\/franciscanos.org.br\/vidacrista\/#\/schema\/person\/1880bdd2c350b735648725ef7614736a\",\"name\":\"moacir\",\"image\":{\"@type\":\"ImageObject\",\"inLanguage\":\"pt-BR\",\"@id\":\"https:\/\/franciscanos.org.br\/vidacrista\/#\/schema\/person\/image\/\",\"url\":\"https:\/\/secure.gravatar.com\/avatar\/d08aa2ce4c8dd416d4479aa8536fcf64?s=96&d=mm&r=g\",\"contentUrl\":\"https:\/\/secure.gravatar.com\/avatar\/d08aa2ce4c8dd416d4479aa8536fcf64?s=96&d=mm&r=g\",\"caption\":\"moacir\"},\"url\":\"https:\/\/franciscanos.org.br\/vidacrista\/author\/moacir\/\"}]}<\/script>\n<!-- \/ Yoast SEO plugin. -->","yoast_head_json":{"title":"Assun\u00e7\u00e3o de Nossa Senhora e o poder da mulher apocal\u00edptica! (Ap 12,1-10) - Vida Crist\u00e3 - Franciscanos","robots":{"index":"index","follow":"follow","max-snippet":"max-snippet:-1","max-image-preview":"max-image-preview:large","max-video-preview":"max-video-preview:-1"},"canonical":"https:\/\/franciscanos.org.br\/vidacrista\/assuncao-de-nossa-senhora-e-o-poder-da-mulher-apocaliptica-ap-121-10\/","og_locale":"pt_BR","og_type":"article","og_title":"Assun\u00e7\u00e3o de Nossa Senhora e o poder da mulher apocal\u00edptica! (Ap 12,1-10) - Vida Crist\u00e3 - Franciscanos","og_description":"Artigo de Frei Jacir de Freitas Faria","og_url":"https:\/\/franciscanos.org.br\/vidacrista\/assuncao-de-nossa-senhora-e-o-poder-da-mulher-apocaliptica-ap-121-10\/","og_site_name":"Vida Crist\u00e3 - Franciscanos","article_published_time":"2023-08-21T10:33:54+00:00","article_modified_time":"2023-08-21T10:40:09+00:00","og_image":[{"width":840,"height":450,"url":"https:\/\/franciscanos.org.br\/vidacrista\/wp-content\/uploads\/2023\/08\/assuncao_21.jpg","type":"image\/jpeg"}],"author":"moacir","twitter_card":"summary_large_image","twitter_misc":{"Escrito por":"moacir","Est. tempo de leitura":"5 minutos"},"schema":{"@context":"https:\/\/schema.org","@graph":[{"@type":"WebSite","@id":"https:\/\/franciscanos.org.br\/vidacrista\/#website","url":"https:\/\/franciscanos.org.br\/vidacrista\/","name":"Vida Crist\u00e3 - Franciscanos","description":"Prov\u00edncia Franciscana da Imaculada Concei\u00e7\u00e3o do Brasil - Ordem dos Frades Menores","potentialAction":[{"@type":"SearchAction","target":{"@type":"EntryPoint","urlTemplate":"https:\/\/franciscanos.org.br\/vidacrista\/?s={search_term_string}"},"query-input":"required name=search_term_string"}],"inLanguage":"pt-BR"},{"@type":"WebPage","@id":"https:\/\/franciscanos.org.br\/vidacrista\/assuncao-de-nossa-senhora-e-o-poder-da-mulher-apocaliptica-ap-121-10\/","url":"https:\/\/franciscanos.org.br\/vidacrista\/assuncao-de-nossa-senhora-e-o-poder-da-mulher-apocaliptica-ap-121-10\/","name":"Assun\u00e7\u00e3o de Nossa Senhora e o poder da mulher apocal\u00edptica! (Ap 12,1-10) - Vida Crist\u00e3 - Franciscanos","isPartOf":{"@id":"https:\/\/franciscanos.org.br\/vidacrista\/#website"},"datePublished":"2023-08-21T10:33:54+00:00","dateModified":"2023-08-21T10:40:09+00:00","author":{"@id":"https:\/\/franciscanos.org.br\/vidacrista\/#\/schema\/person\/1880bdd2c350b735648725ef7614736a"},"breadcrumb":{"@id":"https:\/\/franciscanos.org.br\/vidacrista\/assuncao-de-nossa-senhora-e-o-poder-da-mulher-apocaliptica-ap-121-10\/#breadcrumb"},"inLanguage":"pt-BR","potentialAction":[{"@type":"ReadAction","target":["https:\/\/franciscanos.org.br\/vidacrista\/assuncao-de-nossa-senhora-e-o-poder-da-mulher-apocaliptica-ap-121-10\/"]}]},{"@type":"BreadcrumbList","@id":"https:\/\/franciscanos.org.br\/vidacrista\/assuncao-de-nossa-senhora-e-o-poder-da-mulher-apocaliptica-ap-121-10\/#breadcrumb","itemListElement":[{"@type":"ListItem","position":1,"name":"Home","item":"https:\/\/franciscanos.org.br\/vidacrista\/"},{"@type":"ListItem","position":2,"name":"Assun\u00e7\u00e3o de Nossa Senhora e o poder da mulher apocal\u00edptica! (Ap 12,1-10)"}]},{"@type":"Person","@id":"https:\/\/franciscanos.org.br\/vidacrista\/#\/schema\/person\/1880bdd2c350b735648725ef7614736a","name":"moacir","image":{"@type":"ImageObject","inLanguage":"pt-BR","@id":"https:\/\/franciscanos.org.br\/vidacrista\/#\/schema\/person\/image\/","url":"https:\/\/secure.gravatar.com\/avatar\/d08aa2ce4c8dd416d4479aa8536fcf64?s=96&d=mm&r=g","contentUrl":"https:\/\/secure.gravatar.com\/avatar\/d08aa2ce4c8dd416d4479aa8536fcf64?s=96&d=mm&r=g","caption":"moacir"},"url":"https:\/\/franciscanos.org.br\/vidacrista\/author\/moacir\/"}]}},"_links":{"self":[{"href":"https:\/\/franciscanos.org.br\/vidacrista\/wp-json\/wp\/v2\/posts\/193746"}],"collection":[{"href":"https:\/\/franciscanos.org.br\/vidacrista\/wp-json\/wp\/v2\/posts"}],"about":[{"href":"https:\/\/franciscanos.org.br\/vidacrista\/wp-json\/wp\/v2\/types\/post"}],"author":[{"embeddable":true,"href":"https:\/\/franciscanos.org.br\/vidacrista\/wp-json\/wp\/v2\/users\/3"}],"replies":[{"embeddable":true,"href":"https:\/\/franciscanos.org.br\/vidacrista\/wp-json\/wp\/v2\/comments?post=193746"}],"version-history":[{"count":2,"href":"https:\/\/franciscanos.org.br\/vidacrista\/wp-json\/wp\/v2\/posts\/193746\/revisions"}],"predecessor-version":[{"id":193750,"href":"https:\/\/franciscanos.org.br\/vidacrista\/wp-json\/wp\/v2\/posts\/193746\/revisions\/193750"}],"wp:featuredmedia":[{"embeddable":true,"href":"https:\/\/franciscanos.org.br\/vidacrista\/wp-json\/wp\/v2\/media\/193747"}],"wp:attachment":[{"href":"https:\/\/franciscanos.org.br\/vidacrista\/wp-json\/wp\/v2\/media?parent=193746"}],"wp:term":[{"taxonomy":"category","embeddable":true,"href":"https:\/\/franciscanos.org.br\/vidacrista\/wp-json\/wp\/v2\/categories?post=193746"},{"taxonomy":"post_tag","embeddable":true,"href":"https:\/\/franciscanos.org.br\/vidacrista\/wp-json\/wp\/v2\/tags?post=193746"}],"curies":[{"name":"wp","href":"https:\/\/api.w.org\/{rel}","templated":true}]}}