{"id":193721,"date":"2023-08-13T05:04:36","date_gmt":"2023-08-13T08:04:36","guid":{"rendered":"https:\/\/franciscanos.org.br\/vidacrista\/?p=193721"},"modified":"2023-08-13T05:06:09","modified_gmt":"2023-08-13T08:06:09","slug":"medo-e-fe-uma-relacao-de-poder-e-superacao","status":"publish","type":"post","link":"https:\/\/franciscanos.org.br\/vidacrista\/medo-e-fe-uma-relacao-de-poder-e-superacao\/","title":{"rendered":"Medo e f\u00e9: uma rela\u00e7\u00e3o de poder e supera\u00e7\u00e3o"},"content":{"rendered":"<div id=\"attachment_193722\" style=\"width: 850px\" class=\"wp-caption alignnone\"><img aria-describedby=\"caption-attachment-193722\" decoding=\"async\" loading=\"lazy\" class=\"wp-image-193722 size-full\" src=\"https:\/\/franciscanos.org.br\/vidacrista\/wp-content\/uploads\/2023\/08\/artigo_1103.jpg\" alt=\"\" width=\"840\" height=\"450\" srcset=\"https:\/\/franciscanos.org.br\/vidacrista\/wp-content\/uploads\/2023\/08\/artigo_1103.jpg 840w, https:\/\/franciscanos.org.br\/vidacrista\/wp-content\/uploads\/2023\/08\/artigo_1103-450x241.jpg 450w, https:\/\/franciscanos.org.br\/vidacrista\/wp-content\/uploads\/2023\/08\/artigo_1103-768x411.jpg 768w, https:\/\/franciscanos.org.br\/vidacrista\/wp-content\/uploads\/2023\/08\/artigo_1103-150x80.jpg 150w\" sizes=\"(max-width: 840px) 100vw, 840px\" \/><p id=\"caption-attachment-193722\" class=\"wp-caption-text\"><em>Imagem ilustrativa: Jesus caminha sobre as \u00e1guas, de Ivan Aivazovsky (1888), Wikip\u00e9dia (dom\u00ednio p\u00fablico)<\/em><\/p><\/div>\n<h3>A prop\u00f3sito do \u201cDia dos Pais\u201d (Mt 14,22-33)<\/h3>\n<p>Reflitamos sobre o sentido do medo em nossas vidas. Por que a Igreja uniu o medo com religi\u00e3o? Voc\u00ea tem medo de qu\u00ea? Por que o medo existe? O que estudiosos dizem sobre o medo? \u00a0Mateus 14,22-22, lido na liturgia do segundo domingo do m\u00eas de agosto, quando no Brasil, desde 1953, \u00e9 celebrado o \u201cDia dos Pais\u201d, nos faz pensar sobre a paternidade. O que significa exerc\u00ea-la sem medo? Acesse e compartilhe!<\/p>\n<p><iframe loading=\"lazy\" title=\"YouTube video player\" src=\"https:\/\/www.youtube.com\/embed\/OV2LWX1FxiE\" width=\"100%\" height=\"500\" frameborder=\"0\" allowfullscreen=\"allowfullscreen\"><span data-mce-type=\"bookmark\" style=\"display: inline-block; width: 0px; overflow: hidden; line-height: 0;\" class=\"mce_SELRES_start\">\ufeff<\/span><\/iframe><\/p>\n<p><em>Frei Jacir de Freitas Faria<\/em> <a href=\"#_ftn1\" name=\"_ftnref1\">[1]<\/a><\/p>\n<p>O texto que inspira a nossa reflex\u00e3o de hoje \u00e9 Mt 14,22-33. Trata-se de Jesus que, ap\u00f3s ter feito a multiplica\u00e7\u00e3o dos p\u00e3es e rezado na montanha, aparece aos disc\u00edpulos caminhando sobre as \u00e1guas do mar da Galileia. Era madrugada, entre 3 e 6 horas da manh\u00e3. Os disc\u00edpulos pensavam que se tratava de um fantasma. Pedro vai ao encontro de Jesus e afunda por falta de f\u00e9 s\u00f3lida. Jesus o toma pela m\u00e3o. Na cena anterior, Jesus havia dito aos disc\u00edpulos: \u201cTende confian\u00e7a, sou eu, n\u00e3o tenhais medo\u201d (Mt 14,27). A prop\u00f3sito, refletimos sobre o sentido do medo em nossas vidas. Por que a Igreja uniu o medo com religi\u00e3o? Voc\u00ea tem medo de qu\u00ea? Por que o medo existe? O que estudiosos dizem sobre o medo? Vejamos!<\/p>\n<p>Esse texto de Mateus, lido na liturgia do segundo domingo do m\u00eas de agosto, quando no Brasil, desde 1953, \u00e9 celebrado o \u201cDia dos Pais\u201d, nos faz pensar sobre a paternidade. O que significa exerc\u00ea-la sem medo?<\/p>\n<p>Na passagem de Mateus, ousaria afirmar que Jesus \u00e9 o pai que se relaciona com os seus filhos adotivos, os ap\u00f3stolos, com o objetivo de encoraj\u00e1-los a ter f\u00e9. Ser pai n\u00e3o \u00e9 tarefa f\u00e1cil. A vida \u00e9 constantemente um mar de perigos. Somos chamados a navegar, a avan\u00e7ar sem medo e com f\u00e9.<\/p>\n<p>Depois da multiplica\u00e7\u00e3o dos p\u00e3es, Jesus sente medo diante da multid\u00e3o que o cercava. Ele prefere ficar a s\u00f3s para rezar, pois sente que as coisas n\u00e3o estavam f\u00e1ceis. Ele precisava recorrer ao seu Pai, no alto de uma montanha, isto \u00e9, de forma pr\u00f3xima. Todo pai, diante dos sofrimentos, precisa distanciar-se dos filhos para encontrar for\u00e7as para seguir adiante. Jesus manda os disc\u00edpulos para o outro lado do mar. Estar no mar \u00e9 estar em perigo. O mar, no tempo de Jesus, \u00e9 o lugar do perigo, da morada de um dem\u00f4nio, visto como um grande peixe ou serpente marinha, chamado de Leviat\u00e3. A devo\u00e7\u00e3o a Nossa Senhora da Boa Viagem tem rela\u00e7\u00e3o com os perigos do mar. A Igreja pedia aos marinheiros que levassem a imagem de Nossa Senhora e carneiros, os quais deveriam ser despeda\u00e7ados e atirados ao mar, quando esse estivesse revolto. Desse modo, o monstro, o dem\u00f4nio das \u00e1guas, ficaria calmo. Para eles, o mar revolto era sinal evidente da presen\u00e7a do Leviat\u00e3.<\/p>\n<p>Para Jesus, os ap\u00f3stolos deveriam enfrentar as dificuldades inerentes ao mar, \u00e0 miss\u00e3o. Na vida, n\u00e3o podemos fugir dos problemas, mas enfrent\u00e1-los. O caminhar de Jesus sobre as \u00e1guas \u00e9 o sinal de que ele tem poder sobre as for\u00e7as demon\u00edacas. A comunidade se lembra desse epis\u00f3dio com Jesus para incentivar os desanimados e os que estavam aderindo Roma a voltarem para o caminho da f\u00e9 no ressuscitado.<\/p>\n<p>\u201cTende confian\u00e7a, sou eu, n\u00e3o tenhais medo\u201d (Mt 14,27), disse Jesus aos disc\u00edpulos. O \u201csou eu\u201d \u00e9 o nome de Deus que nos liberta da dor e da opress\u00e3o. Deus est\u00e1 com os disc\u00edpulos, est\u00e1 conosco. Deus est\u00e1 com todos os pais que educam, na labuta do dia a dia, os filhos para enfrentar o mar da vida. Pedro diz a Jesus: \u201cSenhor, se \u00e9s tu mesmo, manda que eu caminhe sobre as \u00e1guas\u201d. Pedro tem f\u00e9 ao chamar Jesus de Senhor, mas ela ainda \u00e9 fraca. Como um filho que ensaia seus primeiros passos, Jesus lhe diz: \u201cVem!\u201d E estende a sua m\u00e3o para o filho. Quando o filho, por causa da sua imaturidade, afunda no mar de lama, nas drogas, nos descaminhos, h\u00e1 sempre por perto um pai, um amigo, que novamente estende-lhe a m\u00e3o e o recoloca na barca da vida, da comunidade de f\u00e9. H\u00e1 pais que nunca passaram seguran\u00e7a para os seus filhos enfrentarem os medos nas ondas agitadas da vida! H\u00e1 filhos que choram uma vida inteira a aus\u00eancia de um pai, um \u201cporto seguro\u201d que nunca tiveram. A m\u00fasica do Pastor Nelson Mota, composta em 1973, \u201cSegura nas m\u00e3os de Deus\u201d, \u00e9 muita significativa diante do medo. \u201cSe as \u00e1guas do mar da vida quiserem te afogar, segura nas m\u00e3os de Deus e vai, pois ela te sustentar\u00e1&#8230;\u201d<\/p>\n<p>Ainda sobre o medo, podemos afirmar que o ser humano, diferentemente dos animais, vive num medo eterno. Estudiosos, como Philippe Ari\u00e8s, Jean Delumeau, Jacques Le Goff, estudaram o fen\u00f4meno do medo na Idade M\u00e9dia e o modo como a Igreja os explicitou no imagin\u00e1rio religioso e tornou o medo presente na vida das pessoas para control\u00e1-las.<\/p>\n<p>O franc\u00eas Jean Delumeau, morto em 2020, grande historiador sobre o medo, citando Delpierre, diz: \u201cO homem \u00e9 o \u00fanico no mundo a conhecer o medo em um grau t\u00e3o terr\u00edvel e duradouro. Sem o medo nenhuma esp\u00e9cie teria sobrevivido\u201d.<a href=\"#_ftn2\" name=\"_ftnref2\">[2]<\/a> O medo paralisa as pessoas, impede o crescimento, pode ser usado como arma de dom\u00ednio, controle. Pior ainda quando vem associado ao fator religioso.<a href=\"#_ftn3\" name=\"_ftnref3\">[3]<\/a><\/p>\n<p>No mundo antigo, o medo estava associado a divindades. Os gregos adoravam <em>Deimos<\/em> e <em>Fobos<\/em>: o primeiro representava o temor, e o segundo, o medo. Essas divindades estavam associadas e interferiam na vida das pessoas. Portanto, era necess\u00e1rio prestar-lhe culto para obter favores. Foi assim entre gregos e romanos.<a href=\"#_ftn4\" name=\"_ftnref4\">[4]<\/a><\/p>\n<p>A Europa da Idade M\u00e9dia conheceu v\u00e1rias pestes que dizimaram popula\u00e7\u00f5es inteiras, sendo as mais importantes a peste de Justiniano (s\u00e9c. VI), a peste bub\u00f4nica ou negra (1348-1351) e a peste de Marselha (1720). Essas epidemias, associadas \u00e0s guerras, criaram situa\u00e7\u00f5es de medo da morte e da peste nas popula\u00e7\u00f5es. N\u00e3o foi diferente conosco, entre os anos de 2020 e 2021.<\/p>\n<p>Ao longo da hist\u00f3ria, outros tantos medos aterrorizavam as pessoas: medo de lobos, da natureza, do mar, de cemit\u00e9rios, das almas penadas, do diabo, dos torturadores, do pregador (padre), etc. Frei Tito de Alencar Lima, torturado na \u00e9poca da repress\u00e3o militar no Brasil, exilado na Fran\u00e7a, enforcou-se em uma \u00e1rvore, em 1974, possivelmente por medo do torturador que carregava dentro de sua mente. N\u00e3o conseguiu superar a situa\u00e7\u00e3o.<\/p>\n<p>O medo de almas penadas faz parte da cultura portuguesa e est\u00e1 associado \u00e0 cren\u00e7a de que as almas que foram para o Purgat\u00f3rio, depois de um determinado tempo, poderiam voltar para penar (vagar) diante dos vivos, buscando solu\u00e7\u00f5es para situa\u00e7\u00f5es n\u00e3o resolvidas.<a href=\"#_ftn5\" name=\"_ftnref5\">[5]<\/a><\/p>\n<p>Os medos da Idade M\u00e9dia ganharam for\u00e7a com a Inquisi\u00e7\u00e3o na Igreja (s\u00e9c. XIII-XVIII). O crist\u00e3o era levado a ter medo de si mesmo, o que equivaleria a ter medo de Satan\u00e1s, para n\u00e3o se tornar agente dele. Diante de uma ang\u00fastia coletiva, o Ju\u00edzo Final estabeleceria a puni\u00e7\u00e3o para os culpados, os quais impediam a a\u00e7\u00e3o de Cristo no mundo. Para a inquisi\u00e7\u00e3o, os culpados tinham nomes: turcos, judeus, her\u00e9ticos, mulheres feiticeiras etc.<\/p>\n<p>Bom, diante de tantos medos, o importante \u00e9 libertar-se deles e n\u00e3o deixar que eles voltem, sobretudo os utilizados para o controle de religioso. Pais nunca imponham o medo para dominar. Deus est\u00e1 conosco! Ele \u00e9 sempre um pai disposto a nos dar as m\u00e3os nas horas dif\u00edceis. Ele n\u00e3o \u00e9 um fantasma, mas real. No mar da vida, encontramos muitas dificuldades. Sem a f\u00e9 podemos afundar, mas quem cr\u00ea est\u00e1 salvo. Segura nas m\u00e3os Deus e vai&#8230;<\/p>\n<hr \/>\n<p><a href=\"#_ftnref1\" name=\"_ftn1\">[1]<\/a>Doutor em Teologia B\u00edblica pela FAJE (BH). Mestre em Ci\u00eancias B\u00edblicas (Exegese) pelo Pontif\u00edcio Instituto B\u00edblico de Roma. Professor de Exegese B\u00edblica. \u00c9 membro da Associa\u00e7\u00e3o Brasileira de Pesquisa B\u00edblica (ABIB). Sacerdote Franciscano. Autor de dez livros e coautor de quinze. Youtube: Frei Jacir B\u00edblia e Ap\u00f3crifos. <a href=\"https:\/\/www.youtube.com\/channel\/UCwbSE97jnR6jQwHRigX1KlQ\">https:\/\/www.youtube.com\/channel\/UCwbSE97jnR6jQwHRigX1KlQ<\/a><\/p>\n<p><a href=\"#_ftnref2\" name=\"_ftn2\">[2]<\/a> DELUMEAU, Jean. <strong>Hist\u00f3ria do Medo no Ocidente 1300 \u2013 1800<\/strong>: uma cidade sitiada. 3. reimpress\u00e3o. S\u00e3o Paulo: Companhia das Letras, 1996. p. 19.<\/p>\n<p><a href=\"#_ftnref3\" name=\"_ftn3\">[3]<\/a> Para um um estudo sobre o medo do Inferno e a morte, veja o nosso livro: FARIA, Jacir de Freitas; O medo do Inferno e a arte de bem morrer. <strong>Da devo\u00e7\u00e3o ap\u00f3crifa \u00e0 Dormi\u00e7\u00e3o de Maria \u00e0s irmandades de Nossa Senhora da Boa Moa Morte<\/strong>. Petr\u00f3polis: Vozes, 2019..<\/p>\n<p><a href=\"#_ftnref4\" name=\"_ftn4\">[4]<\/a> DELUMEAU, Jean. <strong>Hist\u00f3ria do Medo no Ocidente 1300 \u2013 1800<\/strong>: uma cidade sitiada. 3. reimpress\u00e3o. S\u00e3o Paulo: Companhia das Letras, 1996. p. 20-21.<\/p>\n<p><a href=\"#_ftnref5\" name=\"_ftn5\">[5]<\/a> PARAFITA, Alexandre. <strong>O Maravilhoso Popular<\/strong><em>: contos \u2013 lendas \u2013 mitos<\/em>. Lisboa: Pl\u00e1tano Editora, 2000.<\/p>\n","protected":false},"excerpt":{"rendered":"<p>Artigo de Frei Jacir de Freitas Faria<\/p>\n","protected":false},"author":3,"featured_media":193722,"comment_status":"open","ping_status":"open","sticky":false,"template":"","format":"standard","meta":{"footnotes":""},"categories":[26],"tags":[43],"yoast_head":"<!-- This site is optimized with the Yoast SEO plugin v19.4 - https:\/\/yoast.com\/wordpress\/plugins\/seo\/ -->\n<title>Medo e f\u00e9: uma rela\u00e7\u00e3o de poder e supera\u00e7\u00e3o - Vida Crist\u00e3 - Franciscanos<\/title>\n<meta name=\"robots\" content=\"index, follow, max-snippet:-1, max-image-preview:large, max-video-preview:-1\" \/>\n<link rel=\"canonical\" href=\"https:\/\/franciscanos.org.br\/vidacrista\/medo-e-fe-uma-relacao-de-poder-e-superacao\/\" \/>\n<meta property=\"og:locale\" content=\"pt_BR\" \/>\n<meta property=\"og:type\" content=\"article\" \/>\n<meta property=\"og:title\" content=\"Medo e f\u00e9: uma rela\u00e7\u00e3o de poder e supera\u00e7\u00e3o - Vida Crist\u00e3 - Franciscanos\" \/>\n<meta property=\"og:description\" content=\"Artigo de Frei Jacir de Freitas Faria\" \/>\n<meta property=\"og:url\" content=\"https:\/\/franciscanos.org.br\/vidacrista\/medo-e-fe-uma-relacao-de-poder-e-superacao\/\" \/>\n<meta property=\"og:site_name\" content=\"Vida Crist\u00e3 - Franciscanos\" \/>\n<meta property=\"article:published_time\" content=\"2023-08-13T08:04:36+00:00\" \/>\n<meta property=\"article:modified_time\" content=\"2023-08-13T08:06:09+00:00\" \/>\n<meta property=\"og:image\" content=\"https:\/\/franciscanos.org.br\/vidacrista\/wp-content\/uploads\/2023\/08\/artigo_1103.jpg\" \/>\n\t<meta property=\"og:image:width\" content=\"840\" \/>\n\t<meta property=\"og:image:height\" content=\"450\" \/>\n\t<meta property=\"og:image:type\" content=\"image\/jpeg\" \/>\n<meta name=\"author\" content=\"moacir\" \/>\n<meta name=\"twitter:card\" content=\"summary_large_image\" \/>\n<meta name=\"twitter:label1\" content=\"Escrito por\" \/>\n\t<meta name=\"twitter:data1\" content=\"moacir\" \/>\n\t<meta name=\"twitter:label2\" content=\"Est. tempo de leitura\" \/>\n\t<meta name=\"twitter:data2\" content=\"9 minutos\" \/>\n<script type=\"application\/ld+json\" class=\"yoast-schema-graph\">{\"@context\":\"https:\/\/schema.org\",\"@graph\":[{\"@type\":\"WebSite\",\"@id\":\"https:\/\/franciscanos.org.br\/vidacrista\/#website\",\"url\":\"https:\/\/franciscanos.org.br\/vidacrista\/\",\"name\":\"Vida Crist\u00e3 - Franciscanos\",\"description\":\"Prov\u00edncia Franciscana da Imaculada Concei\u00e7\u00e3o do Brasil - Ordem dos Frades Menores\",\"potentialAction\":[{\"@type\":\"SearchAction\",\"target\":{\"@type\":\"EntryPoint\",\"urlTemplate\":\"https:\/\/franciscanos.org.br\/vidacrista\/?s={search_term_string}\"},\"query-input\":\"required name=search_term_string\"}],\"inLanguage\":\"pt-BR\"},{\"@type\":\"WebPage\",\"@id\":\"https:\/\/franciscanos.org.br\/vidacrista\/medo-e-fe-uma-relacao-de-poder-e-superacao\/\",\"url\":\"https:\/\/franciscanos.org.br\/vidacrista\/medo-e-fe-uma-relacao-de-poder-e-superacao\/\",\"name\":\"Medo e f\u00e9: uma rela\u00e7\u00e3o de poder e supera\u00e7\u00e3o - Vida Crist\u00e3 - Franciscanos\",\"isPartOf\":{\"@id\":\"https:\/\/franciscanos.org.br\/vidacrista\/#website\"},\"datePublished\":\"2023-08-13T08:04:36+00:00\",\"dateModified\":\"2023-08-13T08:06:09+00:00\",\"author\":{\"@id\":\"https:\/\/franciscanos.org.br\/vidacrista\/#\/schema\/person\/1880bdd2c350b735648725ef7614736a\"},\"breadcrumb\":{\"@id\":\"https:\/\/franciscanos.org.br\/vidacrista\/medo-e-fe-uma-relacao-de-poder-e-superacao\/#breadcrumb\"},\"inLanguage\":\"pt-BR\",\"potentialAction\":[{\"@type\":\"ReadAction\",\"target\":[\"https:\/\/franciscanos.org.br\/vidacrista\/medo-e-fe-uma-relacao-de-poder-e-superacao\/\"]}]},{\"@type\":\"BreadcrumbList\",\"@id\":\"https:\/\/franciscanos.org.br\/vidacrista\/medo-e-fe-uma-relacao-de-poder-e-superacao\/#breadcrumb\",\"itemListElement\":[{\"@type\":\"ListItem\",\"position\":1,\"name\":\"Home\",\"item\":\"https:\/\/franciscanos.org.br\/vidacrista\/\"},{\"@type\":\"ListItem\",\"position\":2,\"name\":\"Medo e f\u00e9: uma rela\u00e7\u00e3o de poder e supera\u00e7\u00e3o\"}]},{\"@type\":\"Person\",\"@id\":\"https:\/\/franciscanos.org.br\/vidacrista\/#\/schema\/person\/1880bdd2c350b735648725ef7614736a\",\"name\":\"moacir\",\"image\":{\"@type\":\"ImageObject\",\"inLanguage\":\"pt-BR\",\"@id\":\"https:\/\/franciscanos.org.br\/vidacrista\/#\/schema\/person\/image\/\",\"url\":\"https:\/\/secure.gravatar.com\/avatar\/d08aa2ce4c8dd416d4479aa8536fcf64?s=96&d=mm&r=g\",\"contentUrl\":\"https:\/\/secure.gravatar.com\/avatar\/d08aa2ce4c8dd416d4479aa8536fcf64?s=96&d=mm&r=g\",\"caption\":\"moacir\"},\"url\":\"https:\/\/franciscanos.org.br\/vidacrista\/author\/moacir\/\"}]}<\/script>\n<!-- \/ Yoast SEO plugin. -->","yoast_head_json":{"title":"Medo e f\u00e9: uma rela\u00e7\u00e3o de poder e supera\u00e7\u00e3o - Vida Crist\u00e3 - Franciscanos","robots":{"index":"index","follow":"follow","max-snippet":"max-snippet:-1","max-image-preview":"max-image-preview:large","max-video-preview":"max-video-preview:-1"},"canonical":"https:\/\/franciscanos.org.br\/vidacrista\/medo-e-fe-uma-relacao-de-poder-e-superacao\/","og_locale":"pt_BR","og_type":"article","og_title":"Medo e f\u00e9: uma rela\u00e7\u00e3o de poder e supera\u00e7\u00e3o - Vida Crist\u00e3 - Franciscanos","og_description":"Artigo de Frei Jacir de Freitas Faria","og_url":"https:\/\/franciscanos.org.br\/vidacrista\/medo-e-fe-uma-relacao-de-poder-e-superacao\/","og_site_name":"Vida Crist\u00e3 - Franciscanos","article_published_time":"2023-08-13T08:04:36+00:00","article_modified_time":"2023-08-13T08:06:09+00:00","og_image":[{"width":840,"height":450,"url":"https:\/\/franciscanos.org.br\/vidacrista\/wp-content\/uploads\/2023\/08\/artigo_1103.jpg","type":"image\/jpeg"}],"author":"moacir","twitter_card":"summary_large_image","twitter_misc":{"Escrito por":"moacir","Est. tempo de leitura":"9 minutos"},"schema":{"@context":"https:\/\/schema.org","@graph":[{"@type":"WebSite","@id":"https:\/\/franciscanos.org.br\/vidacrista\/#website","url":"https:\/\/franciscanos.org.br\/vidacrista\/","name":"Vida Crist\u00e3 - Franciscanos","description":"Prov\u00edncia Franciscana da Imaculada Concei\u00e7\u00e3o do Brasil - Ordem dos Frades Menores","potentialAction":[{"@type":"SearchAction","target":{"@type":"EntryPoint","urlTemplate":"https:\/\/franciscanos.org.br\/vidacrista\/?s={search_term_string}"},"query-input":"required name=search_term_string"}],"inLanguage":"pt-BR"},{"@type":"WebPage","@id":"https:\/\/franciscanos.org.br\/vidacrista\/medo-e-fe-uma-relacao-de-poder-e-superacao\/","url":"https:\/\/franciscanos.org.br\/vidacrista\/medo-e-fe-uma-relacao-de-poder-e-superacao\/","name":"Medo e f\u00e9: uma rela\u00e7\u00e3o de poder e supera\u00e7\u00e3o - Vida Crist\u00e3 - Franciscanos","isPartOf":{"@id":"https:\/\/franciscanos.org.br\/vidacrista\/#website"},"datePublished":"2023-08-13T08:04:36+00:00","dateModified":"2023-08-13T08:06:09+00:00","author":{"@id":"https:\/\/franciscanos.org.br\/vidacrista\/#\/schema\/person\/1880bdd2c350b735648725ef7614736a"},"breadcrumb":{"@id":"https:\/\/franciscanos.org.br\/vidacrista\/medo-e-fe-uma-relacao-de-poder-e-superacao\/#breadcrumb"},"inLanguage":"pt-BR","potentialAction":[{"@type":"ReadAction","target":["https:\/\/franciscanos.org.br\/vidacrista\/medo-e-fe-uma-relacao-de-poder-e-superacao\/"]}]},{"@type":"BreadcrumbList","@id":"https:\/\/franciscanos.org.br\/vidacrista\/medo-e-fe-uma-relacao-de-poder-e-superacao\/#breadcrumb","itemListElement":[{"@type":"ListItem","position":1,"name":"Home","item":"https:\/\/franciscanos.org.br\/vidacrista\/"},{"@type":"ListItem","position":2,"name":"Medo e f\u00e9: uma rela\u00e7\u00e3o de poder e supera\u00e7\u00e3o"}]},{"@type":"Person","@id":"https:\/\/franciscanos.org.br\/vidacrista\/#\/schema\/person\/1880bdd2c350b735648725ef7614736a","name":"moacir","image":{"@type":"ImageObject","inLanguage":"pt-BR","@id":"https:\/\/franciscanos.org.br\/vidacrista\/#\/schema\/person\/image\/","url":"https:\/\/secure.gravatar.com\/avatar\/d08aa2ce4c8dd416d4479aa8536fcf64?s=96&d=mm&r=g","contentUrl":"https:\/\/secure.gravatar.com\/avatar\/d08aa2ce4c8dd416d4479aa8536fcf64?s=96&d=mm&r=g","caption":"moacir"},"url":"https:\/\/franciscanos.org.br\/vidacrista\/author\/moacir\/"}]}},"_links":{"self":[{"href":"https:\/\/franciscanos.org.br\/vidacrista\/wp-json\/wp\/v2\/posts\/193721"}],"collection":[{"href":"https:\/\/franciscanos.org.br\/vidacrista\/wp-json\/wp\/v2\/posts"}],"about":[{"href":"https:\/\/franciscanos.org.br\/vidacrista\/wp-json\/wp\/v2\/types\/post"}],"author":[{"embeddable":true,"href":"https:\/\/franciscanos.org.br\/vidacrista\/wp-json\/wp\/v2\/users\/3"}],"replies":[{"embeddable":true,"href":"https:\/\/franciscanos.org.br\/vidacrista\/wp-json\/wp\/v2\/comments?post=193721"}],"version-history":[{"count":3,"href":"https:\/\/franciscanos.org.br\/vidacrista\/wp-json\/wp\/v2\/posts\/193721\/revisions"}],"predecessor-version":[{"id":193725,"href":"https:\/\/franciscanos.org.br\/vidacrista\/wp-json\/wp\/v2\/posts\/193721\/revisions\/193725"}],"wp:featuredmedia":[{"embeddable":true,"href":"https:\/\/franciscanos.org.br\/vidacrista\/wp-json\/wp\/v2\/media\/193722"}],"wp:attachment":[{"href":"https:\/\/franciscanos.org.br\/vidacrista\/wp-json\/wp\/v2\/media?parent=193721"}],"wp:term":[{"taxonomy":"category","embeddable":true,"href":"https:\/\/franciscanos.org.br\/vidacrista\/wp-json\/wp\/v2\/categories?post=193721"},{"taxonomy":"post_tag","embeddable":true,"href":"https:\/\/franciscanos.org.br\/vidacrista\/wp-json\/wp\/v2\/tags?post=193721"}],"curies":[{"name":"wp","href":"https:\/\/api.w.org\/{rel}","templated":true}]}}