{"id":193626,"date":"2023-07-24T09:02:47","date_gmt":"2023-07-24T12:02:47","guid":{"rendered":"https:\/\/franciscanos.org.br\/vidacrista\/?p=193626"},"modified":"2023-07-24T09:04:13","modified_gmt":"2023-07-24T12:04:13","slug":"o-sinal-na-parabola-de-jonas-a-sabedoria-opressora-de-salomao-e-o-ser-maior-jesus-mt-1238-42","status":"publish","type":"post","link":"https:\/\/franciscanos.org.br\/vidacrista\/o-sinal-na-parabola-de-jonas-a-sabedoria-opressora-de-salomao-e-o-ser-maior-jesus-mt-1238-42\/","title":{"rendered":"O sinal na par\u00e1bola de Jonas, a sabedoria opressora de Salom\u00e3o e o \u2018ser maior\u2019 Jesus! (Mt 12,38-42)"},"content":{"rendered":"<div id=\"attachment_193627\" style=\"width: 850px\" class=\"wp-caption alignnone\"><img aria-describedby=\"caption-attachment-193627\" decoding=\"async\" loading=\"lazy\" class=\"wp-image-193627 size-full\" src=\"https:\/\/franciscanos.org.br\/vidacrista\/wp-content\/uploads\/2023\/07\/jonas_2407.jpg\" alt=\"\" width=\"840\" height=\"450\" srcset=\"https:\/\/franciscanos.org.br\/vidacrista\/wp-content\/uploads\/2023\/07\/jonas_2407.jpg 840w, https:\/\/franciscanos.org.br\/vidacrista\/wp-content\/uploads\/2023\/07\/jonas_2407-450x241.jpg 450w, https:\/\/franciscanos.org.br\/vidacrista\/wp-content\/uploads\/2023\/07\/jonas_2407-768x411.jpg 768w, https:\/\/franciscanos.org.br\/vidacrista\/wp-content\/uploads\/2023\/07\/jonas_2407-150x80.jpg 150w\" sizes=\"(max-width: 840px) 100vw, 840px\" \/><p id=\"caption-attachment-193627\" class=\"wp-caption-text\"><em>Jonas e a Baleia (1621) por Pieter Lastman, Google Art Project<\/em><\/p><\/div>\n<p><em>Frei Jacir de Freitas Faria<\/em> <a href=\"#_ftn1\" name=\"_ftnref1\">[1]<\/a><\/p>\n<p>O texto que inspira a nossa reflex\u00e3o de hoje \u00e9 Mt 12,38-42. Trata-se da fala de Jesus sobre o sinal de Jonas e a sabedoria de Salom\u00e3o. Por que Jesus fez quest\u00e3o de relacionar a sua a\u00e7\u00e3o evangelizadora com o sinal de Jonas e a sabedoria de Salom\u00e3o? Jonas existiu ou \u00e9 simplesmente uma par\u00e1bola? Qual \u00e9 o sinal de Jonas? Ser\u00e1 que Salom\u00e3o foi de fato um s\u00e1bio? O tr\u00eas novamente aparece num texto b\u00edblico. Ser\u00e1 por qu\u00ea? Primeira resposta: assim como Deus deixou a sua marca no mundo com o n\u00famero tr\u00eas, Jesus demonstra como o tr\u00eas na vida de Jonas tem rela\u00e7\u00e3o com a sua a\u00e7\u00e3o redentora.<a href=\"#_ftn2\" name=\"_ftnref2\">[2]<\/a><\/p>\n<p><iframe loading=\"lazy\" title=\"YouTube video player\" src=\"https:\/\/www.youtube.com\/embed\/bbFIS5XE0RI\" width=\"100%\" height=\"500\" frameborder=\"0\" allowfullscreen=\"allowfullscreen\"><span data-mce-type=\"bookmark\" style=\"display: inline-block; width: 0px; overflow: hidden; line-height: 0;\" class=\"mce_SELRES_start\">\ufeff<\/span><\/iframe><\/p>\n<p>O profeta Jonas n\u00e3o existiu? Sim e n\u00e3o! O livro de Reis fala de um profeta Jonas, filho de Amati, que era de Gad-Ofer (2Rs 14,25). Esse Jonas atuou aproximadamente no ano 400 a.E.C, per\u00edodo da reconstru\u00e7\u00e3o do pa\u00eds, ap\u00f3s a cat\u00e1strofe do ex\u00edlio da Babil\u00f4nia (587 a 536 a.E.C.). Considerando esse contexto, o autor do livro de Jonas, ainda que fale de uma realidade que aconteceu 300 anos antes, denuncia a mentalidade exclusivista dos judeus, exacerbada por Neemias e Esdras, os quais pregavam uma ra\u00e7a pura de judeus baseada na Lei de Mois\u00e9s. O povo n\u00e3o podia suportar estrangeiros no meio dos puros judeus. Esdras obrigou os homens casados que voltaram da Babil\u00f4nia a abandonar as mulheres estrangeiras. Tudo aconteceu, conforme relata o cap\u00edtulo dez do livro de Esdras, numa tarde chuvosa e melanc\u00f3lica.<\/p>\n<p>Jonas denuncia os pecados da cidade de N\u00ednive, capital da Ass\u00edria (1,1-2), pa\u00eds que destruiu o Norte do pa\u00eds por volta de 722 a.E.C. N\u00ednive ficou na mem\u00f3ria do povo de Israel como s\u00edmbolo das crueldades do sistema opressor ass\u00edrio (Is 10,5-15; Sf 2,13-15). O livro prop\u00f5e ao povo de N\u00ednive a penit\u00eancia (3,7-9). Deus ter\u00e1 miseric\u00f3rdia para com N\u00ednive (3,10), que representa o opressor. Basicamente, o livro atribu\u00eddo a Jonas quer discutir a universalidade da salva\u00e7\u00e3o e a convers\u00e3o. Deus salva e ama o opressor convertido. A salva\u00e7\u00e3o n\u00e3o \u00e9 somente para o povo judeu. O sinal de Jonas \u00e9 a inclus\u00e3o, a universalidade da salva\u00e7\u00e3o, a convers\u00e3o e o perd\u00e3o. Por isso, Jesus sabiamente aplicou essa vis\u00e3o a Ele. E acrescentou: \u201cEst\u00e1 aqui algo mais do que Jonas\u201d. O ap\u00f3crifo <em>Vida dos Profetas<\/em> conta que Jonas, no final de sua vida, deu um sinal sobre Jerusal\u00e9m e o pa\u00eds inteiro que, quando ouvissem uma pedra gritar amargamente, o fim estava pr\u00f3ximo. <a href=\"#_ftn3\" name=\"_ftnref3\">[3]<\/a><\/p>\n<p>Deus chama Jonas para profetizar, mas ele foge. Ele prefere ir para uma Col\u00f4nia de f\u00e9rias, a cidade de T\u00e1rsis. E para l\u00e1 embarca. No barco para T\u00e1rsis, ocorre uma terr\u00edvel tempestade, o capit\u00e3o e os marinheiros que o interrogam representam Deus que continua desafiando Jonas. Uma tempestade assola os viajantes. Para salvar a todos, Jonas prop\u00f5e que ele seja jogado ao mar. No fundo do mar, lugar do mal e das incertezas, Jonas cai justamente no interior de um peixe grande, a imagin\u00e1ria baleia, e ali fica por tr\u00eas dias e tr\u00eas noites. Nesse momento, Jonas toma consci\u00eancia de seus atos, mergulha no sil\u00eancio de si mesmo, enfrenta o monstro do mar, lugar do perigo, que mora dentro dele mesmo.<\/p>\n<p>Da leitura do livro como sendo uma par\u00e1bola resulta que Jonas somos todos n\u00f3s, quando cultivamos medos que nos impedem de seguir adiante.<a href=\"#_ftn4\" name=\"_ftnref4\">[4]<\/a> Medo de sair proclamando a Palavra que liberta. Medo de mergulhar no Sagrado, de assumir as responsabilidades que a vida nos imp\u00f5e. Jonas, em hebraico, <em>Yon\u00e1, <\/em>significa pomba de asas aparadas.<a href=\"#_ftn5\" name=\"_ftnref5\">[5]<\/a> Jonas nos convoca a mergulha nos mais profundo de n\u00f3s mesmos, a fazer uma viagem interior ao t\u00fanel do tempo, para superar traumas e recobrar for\u00e7as para viver o presente intensamente. Jonas \u00e9 todo aquele que prefere ficar na baleia, descansando sem assumir a sua miss\u00e3o de anunciar a miseric\u00f3rdia, a convers\u00e3o e o perd\u00e3o para todos. Ele n\u00e3o cr\u00ea que o opressor possa se salvar.<\/p>\n<p>O outro personagem que Jesus tamb\u00e9m se diz maior \u00e9 muito conhecido na \u00e9poca. Trata-se de Salom\u00e3o, filho de Davi com a Betsabeia, a mulher de Urias, aquele soldado que ele mandou para o front da guerra para morrer. Salom\u00e3o foi rei em Israel entre 979 a 932 a.E.C. Ele fez construir um Templo em Jerusal\u00e9m e nele colocou a arca da alian\u00e7a. O Templo se tornou uma empresa de sacerdotes funcion\u00e1rios do Rei. Diplomata, devido aos v\u00e1rios casamentos com mulheres estrangeiras (300 mulheres e 700 concubinas), Salom\u00e3o imp\u00f4s \u00e0s tribos do Norte o pagamento de impostos para manter a capital do reinado, Jerusal\u00e9m. Salom\u00e3o desenvolveu o com\u00e9rcio internacional. Ele construiu grandes e luxuosos pal\u00e1cios para suas esposas com o fruto dos altos tributos recolhidos do povo. Com Salom\u00e3o, a economia de Israel e as rela\u00e7\u00f5es internacionais prosperaram. A paz reinou por 40 anos. \u00a0Jerusal\u00e9m se tornou o centro da f\u00e9 judaica. Todos iam a Jerusal\u00e9m para ver Deus e o rei. Salom\u00e3o passou para hist\u00f3ria como rei s\u00e1bio, mas tamb\u00e9m como opressor.<\/p>\n<p>Em que Jesus \u00e9 maior do que Jonas e Salom\u00e3o? Para falar de sua miss\u00e3o redentora, Jesus relaciona o fato de Jonas ficar tr\u00eas dias e tr\u00eas noites na baleia com a sua morte. Ele morreria, visitaria a mans\u00e3o dos mortos, o <em>Xeol<\/em>, para resgatar para a vida os mortos que ali estavam, e ao terceiro dia ressuscitaria. Jesus \u00e9 maior do que Jonas porque ele prop\u00f5e e vive a experi\u00eancia da miseric\u00f3rdia eterna. J\u00e1 em rela\u00e7\u00e3o a Salom\u00e3o, Jesus tem consci\u00eancia de que Ele n\u00e3o \u00e9 rei como Salom\u00e3o, mas um rei justo, que julga com a sabedoria que vai al\u00e9m da opress\u00e3o contra o seu povo. Jesus ser\u00e1 o rei juiz no fim dos tempos, quando saber\u00e1 julgar com sabedoria e miseric\u00f3rdia para com todos.<\/p>\n<p>Aos mestres da Lei e aos fariseus, os quais impunham o rigorismo da Lei para o povo, pois eram de \u00edndole m\u00e1 e desvirtuada (ad\u00faltera), Jesus prop\u00f5e o eterno sinal da miseric\u00f3rdia e do amor. O sinal eterno do Deus de Jonas, que \u00e9 o mesmo de Jesus, \u00e9 o da miseric\u00f3rdia com os que voltam para o caminho do Amor. Quem tem medo, como o Jonas da par\u00e1bola, n\u00e3o fala o que pensa. Quem fala que o pensa cultiva amigos e inimigos! Jesus sabia disso, por isso foi e \u00e9 maior que Jonas.<\/p>\n<hr \/>\n<p><a href=\"#_ftnref1\" name=\"_ftn1\">[1]<\/a>Doutor em Teologia B\u00edblica pela FAJE (BH). Mestre em Ci\u00eancias B\u00edblicas (Exegese) pelo Pontif\u00edcio Instituto B\u00edblico de Roma. Professor de Exegese B\u00edblica. \u00c9 membro da Associa\u00e7\u00e3o Brasileira de Pesquisa B\u00edblica (ABIB). Sacerdote Franciscano. Autor de dez livros e coautor de quinze. Youtube: Frei Jacir B\u00edblia e Ap\u00f3crifos. <a href=\"https:\/\/www.youtube.com\/channel\/UCwbSE97jnR6jQwHRigX1KlQ\">https:\/\/www.youtube.com\/channel\/UCwbSE97jnR6jQwHRigX1KlQ<\/a><\/p>\n<p><a href=\"#_ftnref2\" name=\"_ftn2\">[2]<\/a> Para entender o alcance o n\u00famero tr\u00eas, sugiro assistir ao nosso v\u00eddeo: <a href=\"https:\/\/www.youtube.com\/watch?v=4Pi03rn7MQo&amp;t=157s\">https:\/\/www.youtube.com\/watch?v=4Pi03rn7MQo&amp;t=157s<\/a><\/p>\n<p><a href=\"#_ftnref3\" name=\"_ftn3\">[3]<\/a> FARIA, Jacir de Freitas, Profetas e profetisas na B\u00edblia. Hist\u00f3ria e teologia prof\u00e9tica na den\u00fancia, solu\u00e7\u00e3o e esperan\u00e7a, perd\u00e3o e nova alian\u00e7a. Teologia B\u00edblicas, v. 5. S\u00e3o Paulo: Paulinas, 2006, p.73-74.<\/p>\n<p><a href=\"#_ftnref4\" name=\"_ftn4\">[4]<\/a> FARIA, Jacir de Freitas, Profetas e profetisas na B\u00edblia. Hist\u00f3ria e teologia prof\u00e9tica na den\u00fancia, solu\u00e7\u00e3o e esperan\u00e7a, perd\u00e3o e nova alian\u00e7a. Teologia B\u00edblicas, v. 5. S\u00e3o Paulo: Paulinas, 2006, p.28-29.<\/p>\n<p><a href=\"#_ftnref5\" name=\"_ftn5\">[5]<\/a> LELOUP, Jean-Ives, <em>Caminhos da realiza\u00e7\u00e3o. Dos medos do eu ao mergulho do ser, <\/em>Petr\u00f3polis: Vozes, 2000, p. 17-79.<\/p>\n","protected":false},"excerpt":{"rendered":"<p>Artigo de Frei Jacir de Freitas Faria<\/p>\n","protected":false},"author":3,"featured_media":193627,"comment_status":"open","ping_status":"open","sticky":false,"template":"","format":"standard","meta":{"footnotes":""},"categories":[26],"tags":[43],"yoast_head":"<!-- This site is optimized with the Yoast SEO plugin v19.4 - https:\/\/yoast.com\/wordpress\/plugins\/seo\/ -->\n<title>O sinal na par\u00e1bola de Jonas, a sabedoria opressora de Salom\u00e3o e o \u2018ser maior\u2019 Jesus! (Mt 12,38-42) - Vida Crist\u00e3 - Franciscanos<\/title>\n<meta name=\"robots\" content=\"index, follow, max-snippet:-1, max-image-preview:large, max-video-preview:-1\" \/>\n<link rel=\"canonical\" href=\"https:\/\/franciscanos.org.br\/vidacrista\/o-sinal-na-parabola-de-jonas-a-sabedoria-opressora-de-salomao-e-o-ser-maior-jesus-mt-1238-42\/\" \/>\n<meta property=\"og:locale\" content=\"pt_BR\" \/>\n<meta property=\"og:type\" content=\"article\" \/>\n<meta property=\"og:title\" content=\"O sinal na par\u00e1bola de Jonas, a sabedoria opressora de Salom\u00e3o e o \u2018ser maior\u2019 Jesus! (Mt 12,38-42) - Vida Crist\u00e3 - Franciscanos\" \/>\n<meta property=\"og:description\" content=\"Artigo de Frei Jacir de Freitas Faria\" \/>\n<meta property=\"og:url\" content=\"https:\/\/franciscanos.org.br\/vidacrista\/o-sinal-na-parabola-de-jonas-a-sabedoria-opressora-de-salomao-e-o-ser-maior-jesus-mt-1238-42\/\" \/>\n<meta property=\"og:site_name\" content=\"Vida Crist\u00e3 - Franciscanos\" \/>\n<meta property=\"article:published_time\" content=\"2023-07-24T12:02:47+00:00\" \/>\n<meta property=\"article:modified_time\" content=\"2023-07-24T12:04:13+00:00\" \/>\n<meta property=\"og:image\" content=\"https:\/\/franciscanos.org.br\/vidacrista\/wp-content\/uploads\/2023\/07\/jonas_2407.jpg\" \/>\n\t<meta property=\"og:image:width\" content=\"840\" \/>\n\t<meta property=\"og:image:height\" content=\"450\" \/>\n\t<meta property=\"og:image:type\" content=\"image\/jpeg\" \/>\n<meta name=\"author\" content=\"moacir\" \/>\n<meta name=\"twitter:card\" content=\"summary_large_image\" \/>\n<meta name=\"twitter:label1\" content=\"Escrito por\" \/>\n\t<meta name=\"twitter:data1\" content=\"moacir\" \/>\n\t<meta name=\"twitter:label2\" content=\"Est. tempo de leitura\" \/>\n\t<meta name=\"twitter:data2\" content=\"7 minutos\" \/>\n<script type=\"application\/ld+json\" class=\"yoast-schema-graph\">{\"@context\":\"https:\/\/schema.org\",\"@graph\":[{\"@type\":\"WebSite\",\"@id\":\"https:\/\/franciscanos.org.br\/vidacrista\/#website\",\"url\":\"https:\/\/franciscanos.org.br\/vidacrista\/\",\"name\":\"Vida Crist\u00e3 - Franciscanos\",\"description\":\"Prov\u00edncia Franciscana da Imaculada Concei\u00e7\u00e3o do Brasil - Ordem dos Frades Menores\",\"potentialAction\":[{\"@type\":\"SearchAction\",\"target\":{\"@type\":\"EntryPoint\",\"urlTemplate\":\"https:\/\/franciscanos.org.br\/vidacrista\/?s={search_term_string}\"},\"query-input\":\"required name=search_term_string\"}],\"inLanguage\":\"pt-BR\"},{\"@type\":\"WebPage\",\"@id\":\"https:\/\/franciscanos.org.br\/vidacrista\/o-sinal-na-parabola-de-jonas-a-sabedoria-opressora-de-salomao-e-o-ser-maior-jesus-mt-1238-42\/\",\"url\":\"https:\/\/franciscanos.org.br\/vidacrista\/o-sinal-na-parabola-de-jonas-a-sabedoria-opressora-de-salomao-e-o-ser-maior-jesus-mt-1238-42\/\",\"name\":\"O sinal na par\u00e1bola de Jonas, a sabedoria opressora de Salom\u00e3o e o \u2018ser maior\u2019 Jesus! (Mt 12,38-42) - Vida Crist\u00e3 - Franciscanos\",\"isPartOf\":{\"@id\":\"https:\/\/franciscanos.org.br\/vidacrista\/#website\"},\"datePublished\":\"2023-07-24T12:02:47+00:00\",\"dateModified\":\"2023-07-24T12:04:13+00:00\",\"author\":{\"@id\":\"https:\/\/franciscanos.org.br\/vidacrista\/#\/schema\/person\/1880bdd2c350b735648725ef7614736a\"},\"breadcrumb\":{\"@id\":\"https:\/\/franciscanos.org.br\/vidacrista\/o-sinal-na-parabola-de-jonas-a-sabedoria-opressora-de-salomao-e-o-ser-maior-jesus-mt-1238-42\/#breadcrumb\"},\"inLanguage\":\"pt-BR\",\"potentialAction\":[{\"@type\":\"ReadAction\",\"target\":[\"https:\/\/franciscanos.org.br\/vidacrista\/o-sinal-na-parabola-de-jonas-a-sabedoria-opressora-de-salomao-e-o-ser-maior-jesus-mt-1238-42\/\"]}]},{\"@type\":\"BreadcrumbList\",\"@id\":\"https:\/\/franciscanos.org.br\/vidacrista\/o-sinal-na-parabola-de-jonas-a-sabedoria-opressora-de-salomao-e-o-ser-maior-jesus-mt-1238-42\/#breadcrumb\",\"itemListElement\":[{\"@type\":\"ListItem\",\"position\":1,\"name\":\"Home\",\"item\":\"https:\/\/franciscanos.org.br\/vidacrista\/\"},{\"@type\":\"ListItem\",\"position\":2,\"name\":\"O sinal na par\u00e1bola de Jonas, a sabedoria opressora de Salom\u00e3o e o \u2018ser maior\u2019 Jesus! (Mt 12,38-42)\"}]},{\"@type\":\"Person\",\"@id\":\"https:\/\/franciscanos.org.br\/vidacrista\/#\/schema\/person\/1880bdd2c350b735648725ef7614736a\",\"name\":\"moacir\",\"image\":{\"@type\":\"ImageObject\",\"inLanguage\":\"pt-BR\",\"@id\":\"https:\/\/franciscanos.org.br\/vidacrista\/#\/schema\/person\/image\/\",\"url\":\"https:\/\/secure.gravatar.com\/avatar\/d08aa2ce4c8dd416d4479aa8536fcf64?s=96&d=mm&r=g\",\"contentUrl\":\"https:\/\/secure.gravatar.com\/avatar\/d08aa2ce4c8dd416d4479aa8536fcf64?s=96&d=mm&r=g\",\"caption\":\"moacir\"},\"url\":\"https:\/\/franciscanos.org.br\/vidacrista\/author\/moacir\/\"}]}<\/script>\n<!-- \/ Yoast SEO plugin. -->","yoast_head_json":{"title":"O sinal na par\u00e1bola de Jonas, a sabedoria opressora de Salom\u00e3o e o \u2018ser maior\u2019 Jesus! (Mt 12,38-42) - Vida Crist\u00e3 - Franciscanos","robots":{"index":"index","follow":"follow","max-snippet":"max-snippet:-1","max-image-preview":"max-image-preview:large","max-video-preview":"max-video-preview:-1"},"canonical":"https:\/\/franciscanos.org.br\/vidacrista\/o-sinal-na-parabola-de-jonas-a-sabedoria-opressora-de-salomao-e-o-ser-maior-jesus-mt-1238-42\/","og_locale":"pt_BR","og_type":"article","og_title":"O sinal na par\u00e1bola de Jonas, a sabedoria opressora de Salom\u00e3o e o \u2018ser maior\u2019 Jesus! (Mt 12,38-42) - Vida Crist\u00e3 - Franciscanos","og_description":"Artigo de Frei Jacir de Freitas Faria","og_url":"https:\/\/franciscanos.org.br\/vidacrista\/o-sinal-na-parabola-de-jonas-a-sabedoria-opressora-de-salomao-e-o-ser-maior-jesus-mt-1238-42\/","og_site_name":"Vida Crist\u00e3 - Franciscanos","article_published_time":"2023-07-24T12:02:47+00:00","article_modified_time":"2023-07-24T12:04:13+00:00","og_image":[{"width":840,"height":450,"url":"https:\/\/franciscanos.org.br\/vidacrista\/wp-content\/uploads\/2023\/07\/jonas_2407.jpg","type":"image\/jpeg"}],"author":"moacir","twitter_card":"summary_large_image","twitter_misc":{"Escrito por":"moacir","Est. tempo de leitura":"7 minutos"},"schema":{"@context":"https:\/\/schema.org","@graph":[{"@type":"WebSite","@id":"https:\/\/franciscanos.org.br\/vidacrista\/#website","url":"https:\/\/franciscanos.org.br\/vidacrista\/","name":"Vida Crist\u00e3 - Franciscanos","description":"Prov\u00edncia Franciscana da Imaculada Concei\u00e7\u00e3o do Brasil - Ordem dos Frades Menores","potentialAction":[{"@type":"SearchAction","target":{"@type":"EntryPoint","urlTemplate":"https:\/\/franciscanos.org.br\/vidacrista\/?s={search_term_string}"},"query-input":"required name=search_term_string"}],"inLanguage":"pt-BR"},{"@type":"WebPage","@id":"https:\/\/franciscanos.org.br\/vidacrista\/o-sinal-na-parabola-de-jonas-a-sabedoria-opressora-de-salomao-e-o-ser-maior-jesus-mt-1238-42\/","url":"https:\/\/franciscanos.org.br\/vidacrista\/o-sinal-na-parabola-de-jonas-a-sabedoria-opressora-de-salomao-e-o-ser-maior-jesus-mt-1238-42\/","name":"O sinal na par\u00e1bola de Jonas, a sabedoria opressora de Salom\u00e3o e o \u2018ser maior\u2019 Jesus! (Mt 12,38-42) - Vida Crist\u00e3 - Franciscanos","isPartOf":{"@id":"https:\/\/franciscanos.org.br\/vidacrista\/#website"},"datePublished":"2023-07-24T12:02:47+00:00","dateModified":"2023-07-24T12:04:13+00:00","author":{"@id":"https:\/\/franciscanos.org.br\/vidacrista\/#\/schema\/person\/1880bdd2c350b735648725ef7614736a"},"breadcrumb":{"@id":"https:\/\/franciscanos.org.br\/vidacrista\/o-sinal-na-parabola-de-jonas-a-sabedoria-opressora-de-salomao-e-o-ser-maior-jesus-mt-1238-42\/#breadcrumb"},"inLanguage":"pt-BR","potentialAction":[{"@type":"ReadAction","target":["https:\/\/franciscanos.org.br\/vidacrista\/o-sinal-na-parabola-de-jonas-a-sabedoria-opressora-de-salomao-e-o-ser-maior-jesus-mt-1238-42\/"]}]},{"@type":"BreadcrumbList","@id":"https:\/\/franciscanos.org.br\/vidacrista\/o-sinal-na-parabola-de-jonas-a-sabedoria-opressora-de-salomao-e-o-ser-maior-jesus-mt-1238-42\/#breadcrumb","itemListElement":[{"@type":"ListItem","position":1,"name":"Home","item":"https:\/\/franciscanos.org.br\/vidacrista\/"},{"@type":"ListItem","position":2,"name":"O sinal na par\u00e1bola de Jonas, a sabedoria opressora de Salom\u00e3o e o \u2018ser maior\u2019 Jesus! (Mt 12,38-42)"}]},{"@type":"Person","@id":"https:\/\/franciscanos.org.br\/vidacrista\/#\/schema\/person\/1880bdd2c350b735648725ef7614736a","name":"moacir","image":{"@type":"ImageObject","inLanguage":"pt-BR","@id":"https:\/\/franciscanos.org.br\/vidacrista\/#\/schema\/person\/image\/","url":"https:\/\/secure.gravatar.com\/avatar\/d08aa2ce4c8dd416d4479aa8536fcf64?s=96&d=mm&r=g","contentUrl":"https:\/\/secure.gravatar.com\/avatar\/d08aa2ce4c8dd416d4479aa8536fcf64?s=96&d=mm&r=g","caption":"moacir"},"url":"https:\/\/franciscanos.org.br\/vidacrista\/author\/moacir\/"}]}},"_links":{"self":[{"href":"https:\/\/franciscanos.org.br\/vidacrista\/wp-json\/wp\/v2\/posts\/193626"}],"collection":[{"href":"https:\/\/franciscanos.org.br\/vidacrista\/wp-json\/wp\/v2\/posts"}],"about":[{"href":"https:\/\/franciscanos.org.br\/vidacrista\/wp-json\/wp\/v2\/types\/post"}],"author":[{"embeddable":true,"href":"https:\/\/franciscanos.org.br\/vidacrista\/wp-json\/wp\/v2\/users\/3"}],"replies":[{"embeddable":true,"href":"https:\/\/franciscanos.org.br\/vidacrista\/wp-json\/wp\/v2\/comments?post=193626"}],"version-history":[{"count":3,"href":"https:\/\/franciscanos.org.br\/vidacrista\/wp-json\/wp\/v2\/posts\/193626\/revisions"}],"predecessor-version":[{"id":193630,"href":"https:\/\/franciscanos.org.br\/vidacrista\/wp-json\/wp\/v2\/posts\/193626\/revisions\/193630"}],"wp:featuredmedia":[{"embeddable":true,"href":"https:\/\/franciscanos.org.br\/vidacrista\/wp-json\/wp\/v2\/media\/193627"}],"wp:attachment":[{"href":"https:\/\/franciscanos.org.br\/vidacrista\/wp-json\/wp\/v2\/media?parent=193626"}],"wp:term":[{"taxonomy":"category","embeddable":true,"href":"https:\/\/franciscanos.org.br\/vidacrista\/wp-json\/wp\/v2\/categories?post=193626"},{"taxonomy":"post_tag","embeddable":true,"href":"https:\/\/franciscanos.org.br\/vidacrista\/wp-json\/wp\/v2\/tags?post=193626"}],"curies":[{"name":"wp","href":"https:\/\/api.w.org\/{rel}","templated":true}]}}