{"id":193621,"date":"2023-07-18T10:35:05","date_gmt":"2023-07-18T13:35:05","guid":{"rendered":"https:\/\/franciscanos.org.br\/vidacrista\/?p=193621"},"modified":"2023-07-18T10:35:05","modified_gmt":"2023-07-18T13:35:05","slug":"aprendemos-a-licao-da-covid-19","status":"publish","type":"post","link":"https:\/\/franciscanos.org.br\/vidacrista\/aprendemos-a-licao-da-covid-19\/","title":{"rendered":"Aprendemos a li\u00e7\u00e3o da Covid-19"},"content":{"rendered":"<div id=\"attachment_193622\" style=\"width: 850px\" class=\"wp-caption alignnone\"><img aria-describedby=\"caption-attachment-193622\" decoding=\"async\" loading=\"lazy\" class=\"wp-image-193622 size-full\" src=\"https:\/\/franciscanos.org.br\/vidacrista\/wp-content\/uploads\/2023\/07\/artigo_18.png\" alt=\"\" width=\"840\" height=\"450\" srcset=\"https:\/\/franciscanos.org.br\/vidacrista\/wp-content\/uploads\/2023\/07\/artigo_18.png 840w, https:\/\/franciscanos.org.br\/vidacrista\/wp-content\/uploads\/2023\/07\/artigo_18-450x241.png 450w, https:\/\/franciscanos.org.br\/vidacrista\/wp-content\/uploads\/2023\/07\/artigo_18-768x411.png 768w, https:\/\/franciscanos.org.br\/vidacrista\/wp-content\/uploads\/2023\/07\/artigo_18-150x80.png 150w\" sizes=\"(max-width: 840px) 100vw, 840px\" \/><p id=\"caption-attachment-193622\" class=\"wp-caption-text\"><em>Imagem ilustrativa:<\/em> Canva (<a href=\"http:\/\/www.canva.com\/pt_br\/modelos\">www.canva.com\/pt_br\/modelos<\/a>)<\/p><\/div>\n<p><strong>Leonardo Boff<\/strong><\/p>\n<p>Superamos, em grande parte, as amea\u00e7as representadas pela Covid-19 que, por tr\u00eas anos, colocou em risco a vida de milh\u00f5es de pessoas. \u00c9 verdade que sequelas foram deixadas: o v\u00edrus afetou os rins, os pulm\u00f5es, os intestinos e at\u00e9 o c\u00e9rebro. De certa forma, ele se instalou em nosso corpo e, provavelmente, como ocorre com a gripe, devemos continuar tomando vacinas protetoras.<\/p>\n<p>Indiscutivelmente, a a\u00e7\u00e3o delet\u00e9ria do v\u00edrus fez crescer a nossa consci\u00eancia ecol\u00f3gica. Basta ver o quanto se escreveu sobre o assunto e as centenas de \u201clives\u201d sobre o cuidado da Casa Comum, feitas em todos os pa\u00edses e como foram se formando grupos ecol\u00f3gicos.<\/p>\n<p>No entanto, em termos sociais e globais, imagin\u00e1vamos que ter\u00edamos compreendido o sentido profundo da li\u00e7\u00e3o que a pandemia nos legou. N\u00e3o foi o que ocorreu. Tudo parece que voltou \u00e0 antiga normalidade, aquela que trouxe o v\u00edrus, seja nas formas de produ\u00e7\u00e3o que exigiriam uma rela\u00e7\u00e3o mais amig\u00e1vel para com a natureza; a superexplora\u00e7\u00e3o dos ecossistemas continua; o desflorestamento, seja na Amaz\u00f4nia, no Cerrado e no Congo. segue a um ritmo preocupante, por mais que os governos fa\u00e7am esfor\u00e7os por limitar a voracidade do capital mundial. Especialmente, a minera\u00e7\u00e3o, explorada em quase todos os pa\u00edses, degrada inteiros ecossistemas e prejudica a sa\u00fade de milhares de pessoas. A escassez de \u00e1gua pot\u00e1vel ser\u00e1 possivelmente um dos fatores de grandes conflitos nos pr\u00f3ximos tempos, pois est\u00e1 cada vez mais escassa e diminuindo seu fluxo em raz\u00e3o do aquecimento global.<\/p>\n<p>Talvez o mais grave vazio pol\u00edtico seja a n\u00e3o cria\u00e7\u00e3o de um centro global e plural de decis\u00e3o para enfrentar problemas globais (como pandemias, aquecimento global, exaust\u00e3o da biodiversidade, deteriora\u00e7\u00e3o dos solos e das safras etc) que exigem uma solu\u00e7\u00e3o global. Prevalecem ainda as obsoletas soberanias, pois, em nome delas, cada pa\u00eds procura defender suas vantagens sem tomar em conta o car\u00e1ter sist\u00eamico dos problemas. A Carta da Terra (2003) j\u00e1 advertia: &#8220;Nossos desafios ambientais, econ\u00f4micos, pol\u00edticos, sociais e espirituais est\u00e3o interligados e juntos podemos forjar solu\u00e7\u00f5es includentes (Pre\u00e2mbulo). Essas solu\u00e7\u00f5es includentes demandam um centro plural de gest\u00e3o global, porque somos advertidos pela melhor ci\u00eancia das graves crises que est\u00e3o se aproximando e contra as quais pouco podemos fazer.<\/p>\n<p>E o mais importante: temos que inaugurar um novo paradigma de como habitar a Casa Comum, porque o atual, ao ser mantido, pode nos levar a grav\u00edssimos desastres sociopsicol\u00f3gico. O Programa das Na\u00e7\u00f5es Unidas para o Desenvolvimento de 2022 (PNUD) que vem sob o <em>motto<\/em> \u201ctempos incertos, vidas inst\u00e1veis\u201d, deixa claro \u201cque sem uma dr\u00e1stica mudan\u00e7a de rumo, podemos estar caminhando para ainda mais priva\u00e7\u00f5es e injusti\u00e7as\u201d.<\/p>\n<p>Sem um novo paradigma, as desigualdades s\u00f3 tendem a crescer. Anos atr\u00e1s em 1990, este mesmo organismo mundial mostrava a rela\u00e7\u00e3o entre os 5% mais ricos e os 5% mais pobres que era em 1960, de 1 para 30; em 1990 saltou de 1 para 60 e em 1995 de 1 para 74. Atualmente, o fosso entre ambos deve ter se agravado muito mais, pois, a pandemia causou 800 mil pobres.<\/p>\n<p>Acresce um outro dado que nos faz pensar: a defasagem entre o que n\u00f3s produzimos com nossa ci\u00eancia e t\u00e9cnica e o que a natureza produz por ela mesma e que nos permite continuar sobre este planeta. Ocorre que n\u00f3s a estamos deteriorando dia ap\u00f3s dia. A contribui\u00e7\u00e3o da natureza na economia atual se aprecia em 33 trilh\u00f5es de d\u00f3lares por ano. O produto interno bruto global alcan\u00e7a cerca de 18 trilh\u00f5es de d\u00f3lares. Se a f\u00faria capitalista de acumula\u00e7\u00e3o tiver feito est\u00e9ril grande parte da natureza, precisar\u00edamos acrescentar ao PIB mundial os 33 trilh\u00f5es de d\u00f3lares, provindos da natureza. Nenhuma teoria nem alguma t\u00e9cnica saberiam de onde tir\u00e1-los. Como se depreende, tocamos nos limites da Terra. Precisamos de mais de uma Terra e meia para atender ao consumo mundial, especialmente, aquele suntuoso das classes endinheiradas.<\/p>\n<p>Mais e mais nos acercamos ao momento em que a humanidade deve escolher entre continuar como tudo est\u00e1 e a\u00ed nossa sobreviv\u00eancia est\u00e1 amea\u00e7ada, ou mudar para garantir nossa subsist\u00eancia sobre a Terra.<\/p>\n<p>Essa alternativa nos foi colocada pela Covid-19, obrigando-nos \u00e0 reclus\u00e3o social para pensar (um verdadeiro retiro existencial coletivo), o uso de m\u00e1scaras para n\u00e3o nos contaminar mutuamente e a busca desesperada de vacinas, felizmente encontradas. Mas elas n\u00e3o obviaram o dilema: ou ir ao encontro do pior ou mudar de rumo.<\/p>\n<p>O tempo se acelera e n\u00f3s n\u00e3o tomamos em considera\u00e7\u00e3o seu ritmo, ocupados com nossos neg\u00f3cios, com nossos projetos de crescimento, sem se dar conta dos limites dos bens e servi\u00e7os do planeta.<\/p>\n<p>Os tempos s\u00e3o cada vez mais incertos e as vidas cada vez mais inst\u00e1veis e amea\u00e7adas, particularmente com o novo regime clim\u00e1tico irrefre\u00e1vel ao qual nem todos os seres vivos conseguem se adaptar, inclusive boa parte da humanidade.<\/p>\n<p>Diz acertadamente o principal redator do PNUD, Pedro Concei\u00e7\u00e3o: \u201cPara navegar na incerteza, precisamos dobrar o desenvolvimento humano e olhar para al\u00e9m da melhoria da riqueza ou da sa\u00fade das pessoas. Estes continuam importantes. Mas tamb\u00e9m precisamos proteger o planeta e fornecer \u00e0s pessoas as ferramentas necess\u00e1rias para se sentirem mais seguras, recuperarem o controle sobre suas vidas e terem esperan\u00e7a no futuro\u201d. Esse futuro est\u00e1 em nossas m\u00e3os. Mas ele n\u00e3o cai do c\u00e9u.<\/p>\n<hr \/>\n<p><strong>Leonardo Boff<\/strong> <em>escreveu A op\u00e7\u00e3o Terra: a solu\u00e7\u00e3o para a Terra n\u00e3o cai do c\u00e9u, Record, Rio 2009.<\/em><\/p>\n","protected":false},"excerpt":{"rendered":"<p>Artigo de Leonardo Boff<\/p>\n","protected":false},"author":3,"featured_media":193622,"comment_status":"open","ping_status":"open","sticky":false,"template":"","format":"standard","meta":{"footnotes":""},"categories":[26],"tags":[59],"yoast_head":"<!-- This site is optimized with the Yoast SEO plugin v19.4 - https:\/\/yoast.com\/wordpress\/plugins\/seo\/ -->\n<title>Aprendemos a li\u00e7\u00e3o da Covid-19 - Vida Crist\u00e3 - Franciscanos<\/title>\n<meta name=\"robots\" content=\"index, follow, max-snippet:-1, max-image-preview:large, max-video-preview:-1\" \/>\n<link rel=\"canonical\" href=\"https:\/\/franciscanos.org.br\/vidacrista\/aprendemos-a-licao-da-covid-19\/\" \/>\n<meta property=\"og:locale\" content=\"pt_BR\" \/>\n<meta property=\"og:type\" content=\"article\" \/>\n<meta property=\"og:title\" content=\"Aprendemos a li\u00e7\u00e3o da Covid-19 - Vida Crist\u00e3 - Franciscanos\" \/>\n<meta property=\"og:description\" content=\"Artigo de Leonardo Boff\" \/>\n<meta property=\"og:url\" content=\"https:\/\/franciscanos.org.br\/vidacrista\/aprendemos-a-licao-da-covid-19\/\" \/>\n<meta property=\"og:site_name\" content=\"Vida Crist\u00e3 - Franciscanos\" \/>\n<meta property=\"article:published_time\" content=\"2023-07-18T13:35:05+00:00\" \/>\n<meta property=\"og:image\" content=\"https:\/\/franciscanos.org.br\/vidacrista\/wp-content\/uploads\/2023\/07\/artigo_18.png\" \/>\n\t<meta property=\"og:image:width\" content=\"840\" \/>\n\t<meta property=\"og:image:height\" content=\"450\" \/>\n\t<meta property=\"og:image:type\" content=\"image\/png\" \/>\n<meta name=\"author\" content=\"moacir\" \/>\n<meta name=\"twitter:card\" content=\"summary_large_image\" \/>\n<meta name=\"twitter:label1\" content=\"Escrito por\" \/>\n\t<meta name=\"twitter:data1\" content=\"moacir\" \/>\n\t<meta name=\"twitter:label2\" content=\"Est. tempo de leitura\" \/>\n\t<meta name=\"twitter:data2\" content=\"6 minutos\" \/>\n<script type=\"application\/ld+json\" class=\"yoast-schema-graph\">{\"@context\":\"https:\/\/schema.org\",\"@graph\":[{\"@type\":\"WebSite\",\"@id\":\"https:\/\/franciscanos.org.br\/vidacrista\/#website\",\"url\":\"https:\/\/franciscanos.org.br\/vidacrista\/\",\"name\":\"Vida Crist\u00e3 - Franciscanos\",\"description\":\"Prov\u00edncia Franciscana da Imaculada Concei\u00e7\u00e3o do Brasil - Ordem dos Frades Menores\",\"potentialAction\":[{\"@type\":\"SearchAction\",\"target\":{\"@type\":\"EntryPoint\",\"urlTemplate\":\"https:\/\/franciscanos.org.br\/vidacrista\/?s={search_term_string}\"},\"query-input\":\"required name=search_term_string\"}],\"inLanguage\":\"pt-BR\"},{\"@type\":\"WebPage\",\"@id\":\"https:\/\/franciscanos.org.br\/vidacrista\/aprendemos-a-licao-da-covid-19\/\",\"url\":\"https:\/\/franciscanos.org.br\/vidacrista\/aprendemos-a-licao-da-covid-19\/\",\"name\":\"Aprendemos a li\u00e7\u00e3o da Covid-19 - Vida Crist\u00e3 - Franciscanos\",\"isPartOf\":{\"@id\":\"https:\/\/franciscanos.org.br\/vidacrista\/#website\"},\"datePublished\":\"2023-07-18T13:35:05+00:00\",\"dateModified\":\"2023-07-18T13:35:05+00:00\",\"author\":{\"@id\":\"https:\/\/franciscanos.org.br\/vidacrista\/#\/schema\/person\/1880bdd2c350b735648725ef7614736a\"},\"breadcrumb\":{\"@id\":\"https:\/\/franciscanos.org.br\/vidacrista\/aprendemos-a-licao-da-covid-19\/#breadcrumb\"},\"inLanguage\":\"pt-BR\",\"potentialAction\":[{\"@type\":\"ReadAction\",\"target\":[\"https:\/\/franciscanos.org.br\/vidacrista\/aprendemos-a-licao-da-covid-19\/\"]}]},{\"@type\":\"BreadcrumbList\",\"@id\":\"https:\/\/franciscanos.org.br\/vidacrista\/aprendemos-a-licao-da-covid-19\/#breadcrumb\",\"itemListElement\":[{\"@type\":\"ListItem\",\"position\":1,\"name\":\"Home\",\"item\":\"https:\/\/franciscanos.org.br\/vidacrista\/\"},{\"@type\":\"ListItem\",\"position\":2,\"name\":\"Aprendemos a li\u00e7\u00e3o da Covid-19\"}]},{\"@type\":\"Person\",\"@id\":\"https:\/\/franciscanos.org.br\/vidacrista\/#\/schema\/person\/1880bdd2c350b735648725ef7614736a\",\"name\":\"moacir\",\"image\":{\"@type\":\"ImageObject\",\"inLanguage\":\"pt-BR\",\"@id\":\"https:\/\/franciscanos.org.br\/vidacrista\/#\/schema\/person\/image\/\",\"url\":\"https:\/\/secure.gravatar.com\/avatar\/d08aa2ce4c8dd416d4479aa8536fcf64?s=96&d=mm&r=g\",\"contentUrl\":\"https:\/\/secure.gravatar.com\/avatar\/d08aa2ce4c8dd416d4479aa8536fcf64?s=96&d=mm&r=g\",\"caption\":\"moacir\"},\"url\":\"https:\/\/franciscanos.org.br\/vidacrista\/author\/moacir\/\"}]}<\/script>\n<!-- \/ Yoast SEO plugin. -->","yoast_head_json":{"title":"Aprendemos a li\u00e7\u00e3o da Covid-19 - Vida Crist\u00e3 - Franciscanos","robots":{"index":"index","follow":"follow","max-snippet":"max-snippet:-1","max-image-preview":"max-image-preview:large","max-video-preview":"max-video-preview:-1"},"canonical":"https:\/\/franciscanos.org.br\/vidacrista\/aprendemos-a-licao-da-covid-19\/","og_locale":"pt_BR","og_type":"article","og_title":"Aprendemos a li\u00e7\u00e3o da Covid-19 - Vida Crist\u00e3 - Franciscanos","og_description":"Artigo de Leonardo Boff","og_url":"https:\/\/franciscanos.org.br\/vidacrista\/aprendemos-a-licao-da-covid-19\/","og_site_name":"Vida Crist\u00e3 - Franciscanos","article_published_time":"2023-07-18T13:35:05+00:00","og_image":[{"width":840,"height":450,"url":"https:\/\/franciscanos.org.br\/vidacrista\/wp-content\/uploads\/2023\/07\/artigo_18.png","type":"image\/png"}],"author":"moacir","twitter_card":"summary_large_image","twitter_misc":{"Escrito por":"moacir","Est. tempo de leitura":"6 minutos"},"schema":{"@context":"https:\/\/schema.org","@graph":[{"@type":"WebSite","@id":"https:\/\/franciscanos.org.br\/vidacrista\/#website","url":"https:\/\/franciscanos.org.br\/vidacrista\/","name":"Vida Crist\u00e3 - Franciscanos","description":"Prov\u00edncia Franciscana da Imaculada Concei\u00e7\u00e3o do Brasil - Ordem dos Frades Menores","potentialAction":[{"@type":"SearchAction","target":{"@type":"EntryPoint","urlTemplate":"https:\/\/franciscanos.org.br\/vidacrista\/?s={search_term_string}"},"query-input":"required name=search_term_string"}],"inLanguage":"pt-BR"},{"@type":"WebPage","@id":"https:\/\/franciscanos.org.br\/vidacrista\/aprendemos-a-licao-da-covid-19\/","url":"https:\/\/franciscanos.org.br\/vidacrista\/aprendemos-a-licao-da-covid-19\/","name":"Aprendemos a li\u00e7\u00e3o da Covid-19 - Vida Crist\u00e3 - Franciscanos","isPartOf":{"@id":"https:\/\/franciscanos.org.br\/vidacrista\/#website"},"datePublished":"2023-07-18T13:35:05+00:00","dateModified":"2023-07-18T13:35:05+00:00","author":{"@id":"https:\/\/franciscanos.org.br\/vidacrista\/#\/schema\/person\/1880bdd2c350b735648725ef7614736a"},"breadcrumb":{"@id":"https:\/\/franciscanos.org.br\/vidacrista\/aprendemos-a-licao-da-covid-19\/#breadcrumb"},"inLanguage":"pt-BR","potentialAction":[{"@type":"ReadAction","target":["https:\/\/franciscanos.org.br\/vidacrista\/aprendemos-a-licao-da-covid-19\/"]}]},{"@type":"BreadcrumbList","@id":"https:\/\/franciscanos.org.br\/vidacrista\/aprendemos-a-licao-da-covid-19\/#breadcrumb","itemListElement":[{"@type":"ListItem","position":1,"name":"Home","item":"https:\/\/franciscanos.org.br\/vidacrista\/"},{"@type":"ListItem","position":2,"name":"Aprendemos a li\u00e7\u00e3o da Covid-19"}]},{"@type":"Person","@id":"https:\/\/franciscanos.org.br\/vidacrista\/#\/schema\/person\/1880bdd2c350b735648725ef7614736a","name":"moacir","image":{"@type":"ImageObject","inLanguage":"pt-BR","@id":"https:\/\/franciscanos.org.br\/vidacrista\/#\/schema\/person\/image\/","url":"https:\/\/secure.gravatar.com\/avatar\/d08aa2ce4c8dd416d4479aa8536fcf64?s=96&d=mm&r=g","contentUrl":"https:\/\/secure.gravatar.com\/avatar\/d08aa2ce4c8dd416d4479aa8536fcf64?s=96&d=mm&r=g","caption":"moacir"},"url":"https:\/\/franciscanos.org.br\/vidacrista\/author\/moacir\/"}]}},"_links":{"self":[{"href":"https:\/\/franciscanos.org.br\/vidacrista\/wp-json\/wp\/v2\/posts\/193621"}],"collection":[{"href":"https:\/\/franciscanos.org.br\/vidacrista\/wp-json\/wp\/v2\/posts"}],"about":[{"href":"https:\/\/franciscanos.org.br\/vidacrista\/wp-json\/wp\/v2\/types\/post"}],"author":[{"embeddable":true,"href":"https:\/\/franciscanos.org.br\/vidacrista\/wp-json\/wp\/v2\/users\/3"}],"replies":[{"embeddable":true,"href":"https:\/\/franciscanos.org.br\/vidacrista\/wp-json\/wp\/v2\/comments?post=193621"}],"version-history":[{"count":1,"href":"https:\/\/franciscanos.org.br\/vidacrista\/wp-json\/wp\/v2\/posts\/193621\/revisions"}],"predecessor-version":[{"id":193623,"href":"https:\/\/franciscanos.org.br\/vidacrista\/wp-json\/wp\/v2\/posts\/193621\/revisions\/193623"}],"wp:featuredmedia":[{"embeddable":true,"href":"https:\/\/franciscanos.org.br\/vidacrista\/wp-json\/wp\/v2\/media\/193622"}],"wp:attachment":[{"href":"https:\/\/franciscanos.org.br\/vidacrista\/wp-json\/wp\/v2\/media?parent=193621"}],"wp:term":[{"taxonomy":"category","embeddable":true,"href":"https:\/\/franciscanos.org.br\/vidacrista\/wp-json\/wp\/v2\/categories?post=193621"},{"taxonomy":"post_tag","embeddable":true,"href":"https:\/\/franciscanos.org.br\/vidacrista\/wp-json\/wp\/v2\/tags?post=193621"}],"curies":[{"name":"wp","href":"https:\/\/api.w.org\/{rel}","templated":true}]}}