{"id":193568,"date":"2023-07-11T07:13:22","date_gmt":"2023-07-11T10:13:22","guid":{"rendered":"https:\/\/franciscanos.org.br\/vidacrista\/?p=193568"},"modified":"2023-07-11T07:13:22","modified_gmt":"2023-07-11T10:13:22","slug":"jaco-ou-israel","status":"publish","type":"post","link":"https:\/\/franciscanos.org.br\/vidacrista\/jaco-ou-israel\/","title":{"rendered":"Jac\u00f3 ou Israel?"},"content":{"rendered":"<div id=\"attachment_193569\" style=\"width: 850px\" class=\"wp-caption alignnone\"><img aria-describedby=\"caption-attachment-193569\" decoding=\"async\" loading=\"lazy\" class=\"wp-image-193569 size-full\" src=\"https:\/\/franciscanos.org.br\/vidacrista\/wp-content\/uploads\/2023\/07\/artigo_11.jpg\" alt=\"\" width=\"840\" height=\"450\" srcset=\"https:\/\/franciscanos.org.br\/vidacrista\/wp-content\/uploads\/2023\/07\/artigo_11.jpg 840w, https:\/\/franciscanos.org.br\/vidacrista\/wp-content\/uploads\/2023\/07\/artigo_11-450x241.jpg 450w, https:\/\/franciscanos.org.br\/vidacrista\/wp-content\/uploads\/2023\/07\/artigo_11-768x411.jpg 768w, https:\/\/franciscanos.org.br\/vidacrista\/wp-content\/uploads\/2023\/07\/artigo_11-150x80.jpg 150w\" sizes=\"(max-width: 840px) 100vw, 840px\" \/><p id=\"caption-attachment-193569\" class=\"wp-caption-text\"><em>Imagem: Jacob lutando com o anjo &#8211; Google Art Project (dom\u00ednio p\u00fablico)<\/em><\/p><\/div>\n<h3><strong>B\u00ean\u00e7\u00e3o inv\u00e1lida e o combate espiritual na noite escura da vida! <\/strong><\/h3>\n<p><strong>(Gn 32,23-33)<\/strong><\/p>\n<p><strong>\u00a0<\/strong><em>Frei Jacir de Freitas Faria<\/em> <a href=\"#_ftn1\" name=\"_ftnref1\">[1]<\/a><\/p>\n<p>O texto sobre o qual vamos refletir hoje \u00e9 tirado do livro do Gn 32, 23-33. Trata-se da luta corpo a corpo de Jac\u00f3 com Deus, que aparece de forma misteriosa como um homem ou um anjo. Qual o sentido dessa narrativa? Por que Jac\u00f3 exigiu uma nova b\u00ean\u00e7\u00e3o? Isaac, seu pai, j\u00e1 n\u00e3o o havia aben\u00e7oado? Por Jac\u00f3 teve o seu nome mudado? Quem j\u00e1 n\u00e3o passou por momentos de luta, nas noites escuras da vida!<\/p>\n<p>Vale ressaltar a escolha desse texto para a liturgia que celebra a mem\u00f3ria de S\u00e3o Bento, o monge italiano respons\u00e1vel pelo revigoramento espiritual da Europa, a partir do ano 507 E.C. Bento de N\u00f3rcia, sua cidade natal, usava a cruz para fazer milagres e vencer as tenta\u00e7\u00f5es. A partir da Idade M\u00e9dia, a medalha de S\u00e3o Bento, com a cruz, passou a ser usada como amuleto, fato que ainda permanece em nossos dias. S\u00e3o Bento tinha como lema: \u201cTrabalha e reza!\u201d. Jac\u00f3 exigiu de Deus uma b\u00ean\u00e7\u00e3o. Trabalho, ora\u00e7\u00e3o e b\u00ean\u00e7\u00e3os nos mant\u00eam no caminho de Deus.<\/p>\n<p><iframe loading=\"lazy\" title=\"YouTube video player\" src=\"https:\/\/www.youtube.com\/embed\/ewDk6VzqCtQ\" width=\"100%\" height=\"500\" frameborder=\"0\" allowfullscreen=\"allowfullscreen\"><span data-mce-type=\"bookmark\" style=\"display: inline-block; width: 0px; overflow: hidden; line-height: 0;\" class=\"mce_SELRES_start\">\ufeff<\/span><\/iframe><\/p>\n<p>S\u00e3o Bento escolheu a vida solit\u00e1ria e teve a cruz como instrumento de f\u00e9. Jac\u00f3, na penumbra de uma noite escura, na solid\u00e3o do vau de Jaboc, luta corpo a corpo com Deus, que se revela na escurid\u00e3o da batalha espiritual. Diferentemente de Mois\u00e9s, com Jac\u00f3 o que prevalece \u00e9 a for\u00e7a. Deus parece ter perdido a luta. N\u00e3o revela o seu nome, mas se v\u00ea obrigado a aben\u00e7oar o vencedor.<\/p>\n<p>Antes desse fato, Jac\u00f3, em comum acordo com a sua m\u00e3e, Rebeca, havia armado uma trapa\u00e7a para roubar a b\u00ean\u00e7\u00e3o do primog\u00eanito de Isaac, Esa\u00fa, conforme relata o cap\u00edtulo vinte e sete de G\u00eanesis. Esa\u00fa havia cometido um erro fatal, tinha se casado com mulheres estrangeiras (Gn 26,34-35). Com isso, a genealogia, a descend\u00eancia abra\u00e2mica, estava rompida. Isaac, portanto, trama com Rebeca um modo de resolver a situa\u00e7\u00e3o. A hist\u00f3ria do prato de lentilha levado ao pai, por Jac\u00f3, tendo os seus bra\u00e7os lisos cobertos por pelo de cabrito, seguida da b\u00ean\u00e7\u00e3o de Isaac, foi a solu\u00e7\u00e3o encontrada para reparar o erro de Esa\u00fa (Gn 27,1-45). A pergunta \u00e9: Como um pai n\u00e3o reconheceria o seu filho? Imposs\u00edvel! Trata-se de uma trapa\u00e7a, o que invalidou a b\u00ean\u00e7\u00e3o do patriarca Isaac. <a href=\"#_ftn2\" name=\"_ftnref2\">[2]<\/a><\/p>\n<p>A narrativa de Gn 32 foi um modo encontrado para garantir a b\u00ean\u00e7\u00e3o de Deus a Jac\u00f3. A mudan\u00e7a de seu nome para Israel, que significa \u201c<em>que Deus se mostre forte<\/em>\u201d ou \u201c<em>homem forte que lutou contra Deus<\/em>\u201d, garantiu para sempre as b\u00ean\u00e7\u00e3os para Israel, o povo que surge da uni\u00e3o entre as tradi\u00e7\u00f5es dos grupos ligados a Jac\u00f3 e Israel. Se Jac\u00f3 conseguiu com fraude a b\u00ean\u00e7\u00e3o divina do pai, agora consegue com esfor\u00e7o a b\u00ean\u00e7\u00e3o de um personagem sobre-humano e misterioso, que \u00e9 Deus, mas que n\u00e3o podia ser visto e tocado. \u201c<em>Larga-me, pois j\u00e1 surge a aurora<\/em>\u201d, disse Deus a Jac\u00f3. Seria o mesmo: \u201cSiga o seu caminho!\u201d Jac\u00f3 exigiu de Deus a b\u00ean\u00e7\u00e3o. Sem ela, ningu\u00e9m pode caminhar.<\/p>\n<p>O sinal na coxa de Jac\u00f3, no nervo ci\u00e1tico, fez com que Israel sa\u00edsse mancando da luta. Trata-se do sinal eterno da fraude realizada anteriormente. Caim, o imagin\u00e1rio filho de Ad\u00e3o, traz na fronte a marca da maldade humana e da prote\u00e7\u00e3o divina que barra a viol\u00eancia que mata o irm\u00e3o, o semelhante. Com a sua marca na coxa, Israel vai sempre se lembrar do seu destino errante pelo mundo, nas lutas e nas esperan\u00e7as de recome\u00e7ar sempre.<\/p>\n<p>Jac\u00f3 viu Deus face a face e n\u00e3o morreu. Isso quer dizer que o tempo da trapa\u00e7a ficou no passado. Jac\u00f3 passa a ser o pai do povo de Israel. A tr\u00edplice promessa a Abra\u00e3o: terra, fam\u00edlia e b\u00ean\u00e7\u00e3o estavam garantidas para sempre.<\/p>\n<p>A vida de Israel e a nossa ser\u00e3o sempre um caminhar mancando, claudicando. Ainda que a luz do dia brilhe, haver\u00e1 sempre uma noite escura na f\u00e9, um vau para atravessar, quando, ent\u00e3o, haveremos de combater espiritualmente, com certeza de que Deus deixou em nossa vida a sua marca. O importante \u00e9 combater sempre o Caim que mora dentro de n\u00f3s. Acreditar sempre! Lutar sempre! Como Jac\u00f3, nos embates da vida, \u00e9 importante ressignificar sempre, mudar o rumo da hist\u00f3ria. Deixar o passado no seu lugar. Uma nova aurora surge todos os dias. Muitas delas podem ser boreal, uma chuva de sol, ainda que n\u00e3o vivamos no polo Norte. Que Deus nos aben\u00e7oe!<\/p>\n<hr \/>\n<p><a href=\"#_ftnref1\" name=\"_ftn1\">[1]<\/a>Doutor em Teologia B\u00edblica pela FAJE (BH). Mestre em Ci\u00eancias B\u00edblicas (Exegese) pelo Pontif\u00edcio Instituto B\u00edblico de Roma. Professor de Exegese B\u00edblica. \u00c9 membro da Associa\u00e7\u00e3o Brasileira de Pesquisa B\u00edblica (ABIB). Sacerdote Franciscano. Autor de dez livros e coautor de quinze. Youtube: Frei Jacir B\u00edblia e Ap\u00f3crifos. <a href=\"https:\/\/www.youtube.com\/channel\/UCwbSE97jnR6jQwHRigX1KlQ\">https:\/\/www.youtube.com\/channel\/UCwbSE97jnR6jQwHRigX1KlQ<\/a><\/p>\n<p><a href=\"#_ftnref2\" name=\"_ftn2\">[2]<\/a>BLEDSTEIN, Adrien Janis; A amarradora, o trapaceiro, o calcanhar e o cabeludo: relendo G\u00eanesis 27 como uma trapa\u00e7a contado por uma mulher. In.: BRENNER, Athalya (Org.). <em>G\u00eanesis a partir de uma leitura de g\u00eanero<\/em>. S\u00e3o Paulo: Paulinas, 2000, p.308-323.<\/p>\n","protected":false},"excerpt":{"rendered":"<p>Artigo de Frei Jacir de Freitas Faria<\/p>\n","protected":false},"author":3,"featured_media":193569,"comment_status":"open","ping_status":"open","sticky":false,"template":"","format":"standard","meta":{"footnotes":""},"categories":[26],"tags":[43],"yoast_head":"<!-- This site is optimized with the Yoast SEO plugin v19.4 - https:\/\/yoast.com\/wordpress\/plugins\/seo\/ -->\n<title>Jac\u00f3 ou Israel? - Vida Crist\u00e3 - Franciscanos<\/title>\n<meta name=\"robots\" content=\"index, follow, max-snippet:-1, max-image-preview:large, max-video-preview:-1\" \/>\n<link rel=\"canonical\" href=\"https:\/\/franciscanos.org.br\/vidacrista\/jaco-ou-israel\/\" \/>\n<meta property=\"og:locale\" content=\"pt_BR\" \/>\n<meta property=\"og:type\" content=\"article\" \/>\n<meta property=\"og:title\" content=\"Jac\u00f3 ou Israel? - Vida Crist\u00e3 - Franciscanos\" \/>\n<meta property=\"og:description\" content=\"Artigo de Frei Jacir de Freitas Faria\" \/>\n<meta property=\"og:url\" content=\"https:\/\/franciscanos.org.br\/vidacrista\/jaco-ou-israel\/\" \/>\n<meta property=\"og:site_name\" content=\"Vida Crist\u00e3 - Franciscanos\" \/>\n<meta property=\"article:published_time\" content=\"2023-07-11T10:13:22+00:00\" \/>\n<meta property=\"og:image\" content=\"https:\/\/franciscanos.org.br\/vidacrista\/wp-content\/uploads\/2023\/07\/artigo_11.jpg\" \/>\n\t<meta property=\"og:image:width\" content=\"840\" \/>\n\t<meta property=\"og:image:height\" content=\"450\" \/>\n\t<meta property=\"og:image:type\" content=\"image\/jpeg\" \/>\n<meta name=\"author\" content=\"moacir\" \/>\n<meta name=\"twitter:card\" content=\"summary_large_image\" \/>\n<meta name=\"twitter:label1\" content=\"Escrito por\" \/>\n\t<meta name=\"twitter:data1\" content=\"moacir\" \/>\n\t<meta name=\"twitter:label2\" content=\"Est. tempo de leitura\" \/>\n\t<meta name=\"twitter:data2\" content=\"5 minutos\" \/>\n<script type=\"application\/ld+json\" class=\"yoast-schema-graph\">{\"@context\":\"https:\/\/schema.org\",\"@graph\":[{\"@type\":\"WebSite\",\"@id\":\"https:\/\/franciscanos.org.br\/vidacrista\/#website\",\"url\":\"https:\/\/franciscanos.org.br\/vidacrista\/\",\"name\":\"Vida Crist\u00e3 - Franciscanos\",\"description\":\"Prov\u00edncia Franciscana da Imaculada Concei\u00e7\u00e3o do Brasil - Ordem dos Frades Menores\",\"potentialAction\":[{\"@type\":\"SearchAction\",\"target\":{\"@type\":\"EntryPoint\",\"urlTemplate\":\"https:\/\/franciscanos.org.br\/vidacrista\/?s={search_term_string}\"},\"query-input\":\"required name=search_term_string\"}],\"inLanguage\":\"pt-BR\"},{\"@type\":\"WebPage\",\"@id\":\"https:\/\/franciscanos.org.br\/vidacrista\/jaco-ou-israel\/\",\"url\":\"https:\/\/franciscanos.org.br\/vidacrista\/jaco-ou-israel\/\",\"name\":\"Jac\u00f3 ou Israel? - Vida Crist\u00e3 - Franciscanos\",\"isPartOf\":{\"@id\":\"https:\/\/franciscanos.org.br\/vidacrista\/#website\"},\"datePublished\":\"2023-07-11T10:13:22+00:00\",\"dateModified\":\"2023-07-11T10:13:22+00:00\",\"author\":{\"@id\":\"https:\/\/franciscanos.org.br\/vidacrista\/#\/schema\/person\/1880bdd2c350b735648725ef7614736a\"},\"breadcrumb\":{\"@id\":\"https:\/\/franciscanos.org.br\/vidacrista\/jaco-ou-israel\/#breadcrumb\"},\"inLanguage\":\"pt-BR\",\"potentialAction\":[{\"@type\":\"ReadAction\",\"target\":[\"https:\/\/franciscanos.org.br\/vidacrista\/jaco-ou-israel\/\"]}]},{\"@type\":\"BreadcrumbList\",\"@id\":\"https:\/\/franciscanos.org.br\/vidacrista\/jaco-ou-israel\/#breadcrumb\",\"itemListElement\":[{\"@type\":\"ListItem\",\"position\":1,\"name\":\"Home\",\"item\":\"https:\/\/franciscanos.org.br\/vidacrista\/\"},{\"@type\":\"ListItem\",\"position\":2,\"name\":\"Jac\u00f3 ou Israel?\"}]},{\"@type\":\"Person\",\"@id\":\"https:\/\/franciscanos.org.br\/vidacrista\/#\/schema\/person\/1880bdd2c350b735648725ef7614736a\",\"name\":\"moacir\",\"image\":{\"@type\":\"ImageObject\",\"inLanguage\":\"pt-BR\",\"@id\":\"https:\/\/franciscanos.org.br\/vidacrista\/#\/schema\/person\/image\/\",\"url\":\"https:\/\/secure.gravatar.com\/avatar\/d08aa2ce4c8dd416d4479aa8536fcf64?s=96&d=mm&r=g\",\"contentUrl\":\"https:\/\/secure.gravatar.com\/avatar\/d08aa2ce4c8dd416d4479aa8536fcf64?s=96&d=mm&r=g\",\"caption\":\"moacir\"},\"url\":\"https:\/\/franciscanos.org.br\/vidacrista\/author\/moacir\/\"}]}<\/script>\n<!-- \/ Yoast SEO plugin. -->","yoast_head_json":{"title":"Jac\u00f3 ou Israel? - Vida Crist\u00e3 - Franciscanos","robots":{"index":"index","follow":"follow","max-snippet":"max-snippet:-1","max-image-preview":"max-image-preview:large","max-video-preview":"max-video-preview:-1"},"canonical":"https:\/\/franciscanos.org.br\/vidacrista\/jaco-ou-israel\/","og_locale":"pt_BR","og_type":"article","og_title":"Jac\u00f3 ou Israel? - Vida Crist\u00e3 - Franciscanos","og_description":"Artigo de Frei Jacir de Freitas Faria","og_url":"https:\/\/franciscanos.org.br\/vidacrista\/jaco-ou-israel\/","og_site_name":"Vida Crist\u00e3 - Franciscanos","article_published_time":"2023-07-11T10:13:22+00:00","og_image":[{"width":840,"height":450,"url":"https:\/\/franciscanos.org.br\/vidacrista\/wp-content\/uploads\/2023\/07\/artigo_11.jpg","type":"image\/jpeg"}],"author":"moacir","twitter_card":"summary_large_image","twitter_misc":{"Escrito por":"moacir","Est. tempo de leitura":"5 minutos"},"schema":{"@context":"https:\/\/schema.org","@graph":[{"@type":"WebSite","@id":"https:\/\/franciscanos.org.br\/vidacrista\/#website","url":"https:\/\/franciscanos.org.br\/vidacrista\/","name":"Vida Crist\u00e3 - Franciscanos","description":"Prov\u00edncia Franciscana da Imaculada Concei\u00e7\u00e3o do Brasil - Ordem dos Frades Menores","potentialAction":[{"@type":"SearchAction","target":{"@type":"EntryPoint","urlTemplate":"https:\/\/franciscanos.org.br\/vidacrista\/?s={search_term_string}"},"query-input":"required name=search_term_string"}],"inLanguage":"pt-BR"},{"@type":"WebPage","@id":"https:\/\/franciscanos.org.br\/vidacrista\/jaco-ou-israel\/","url":"https:\/\/franciscanos.org.br\/vidacrista\/jaco-ou-israel\/","name":"Jac\u00f3 ou Israel? - Vida Crist\u00e3 - Franciscanos","isPartOf":{"@id":"https:\/\/franciscanos.org.br\/vidacrista\/#website"},"datePublished":"2023-07-11T10:13:22+00:00","dateModified":"2023-07-11T10:13:22+00:00","author":{"@id":"https:\/\/franciscanos.org.br\/vidacrista\/#\/schema\/person\/1880bdd2c350b735648725ef7614736a"},"breadcrumb":{"@id":"https:\/\/franciscanos.org.br\/vidacrista\/jaco-ou-israel\/#breadcrumb"},"inLanguage":"pt-BR","potentialAction":[{"@type":"ReadAction","target":["https:\/\/franciscanos.org.br\/vidacrista\/jaco-ou-israel\/"]}]},{"@type":"BreadcrumbList","@id":"https:\/\/franciscanos.org.br\/vidacrista\/jaco-ou-israel\/#breadcrumb","itemListElement":[{"@type":"ListItem","position":1,"name":"Home","item":"https:\/\/franciscanos.org.br\/vidacrista\/"},{"@type":"ListItem","position":2,"name":"Jac\u00f3 ou Israel?"}]},{"@type":"Person","@id":"https:\/\/franciscanos.org.br\/vidacrista\/#\/schema\/person\/1880bdd2c350b735648725ef7614736a","name":"moacir","image":{"@type":"ImageObject","inLanguage":"pt-BR","@id":"https:\/\/franciscanos.org.br\/vidacrista\/#\/schema\/person\/image\/","url":"https:\/\/secure.gravatar.com\/avatar\/d08aa2ce4c8dd416d4479aa8536fcf64?s=96&d=mm&r=g","contentUrl":"https:\/\/secure.gravatar.com\/avatar\/d08aa2ce4c8dd416d4479aa8536fcf64?s=96&d=mm&r=g","caption":"moacir"},"url":"https:\/\/franciscanos.org.br\/vidacrista\/author\/moacir\/"}]}},"_links":{"self":[{"href":"https:\/\/franciscanos.org.br\/vidacrista\/wp-json\/wp\/v2\/posts\/193568"}],"collection":[{"href":"https:\/\/franciscanos.org.br\/vidacrista\/wp-json\/wp\/v2\/posts"}],"about":[{"href":"https:\/\/franciscanos.org.br\/vidacrista\/wp-json\/wp\/v2\/types\/post"}],"author":[{"embeddable":true,"href":"https:\/\/franciscanos.org.br\/vidacrista\/wp-json\/wp\/v2\/users\/3"}],"replies":[{"embeddable":true,"href":"https:\/\/franciscanos.org.br\/vidacrista\/wp-json\/wp\/v2\/comments?post=193568"}],"version-history":[{"count":1,"href":"https:\/\/franciscanos.org.br\/vidacrista\/wp-json\/wp\/v2\/posts\/193568\/revisions"}],"predecessor-version":[{"id":193570,"href":"https:\/\/franciscanos.org.br\/vidacrista\/wp-json\/wp\/v2\/posts\/193568\/revisions\/193570"}],"wp:featuredmedia":[{"embeddable":true,"href":"https:\/\/franciscanos.org.br\/vidacrista\/wp-json\/wp\/v2\/media\/193569"}],"wp:attachment":[{"href":"https:\/\/franciscanos.org.br\/vidacrista\/wp-json\/wp\/v2\/media?parent=193568"}],"wp:term":[{"taxonomy":"category","embeddable":true,"href":"https:\/\/franciscanos.org.br\/vidacrista\/wp-json\/wp\/v2\/categories?post=193568"},{"taxonomy":"post_tag","embeddable":true,"href":"https:\/\/franciscanos.org.br\/vidacrista\/wp-json\/wp\/v2\/tags?post=193568"}],"curies":[{"name":"wp","href":"https:\/\/api.w.org\/{rel}","templated":true}]}}