{"id":193552,"date":"2023-07-06T09:12:43","date_gmt":"2023-07-06T12:12:43","guid":{"rendered":"https:\/\/franciscanos.org.br\/vidacrista\/?p=193552"},"modified":"2023-07-06T09:12:43","modified_gmt":"2023-07-06T12:12:43","slug":"a-justa-medida-pode-salvar-a-vida-e-o-planeta-terra","status":"publish","type":"post","link":"https:\/\/franciscanos.org.br\/vidacrista\/a-justa-medida-pode-salvar-a-vida-e-o-planeta-terra\/","title":{"rendered":"A justa medida pode salvar a vida e o planeta Terra"},"content":{"rendered":"<div id=\"attachment_193553\" style=\"width: 850px\" class=\"wp-caption alignnone\"><img aria-describedby=\"caption-attachment-193553\" decoding=\"async\" loading=\"lazy\" class=\"wp-image-193553 size-full\" src=\"https:\/\/franciscanos.org.br\/vidacrista\/wp-content\/uploads\/2023\/07\/artigo_08.png\" alt=\"\" width=\"840\" height=\"450\" srcset=\"https:\/\/franciscanos.org.br\/vidacrista\/wp-content\/uploads\/2023\/07\/artigo_08.png 840w, https:\/\/franciscanos.org.br\/vidacrista\/wp-content\/uploads\/2023\/07\/artigo_08-450x241.png 450w, https:\/\/franciscanos.org.br\/vidacrista\/wp-content\/uploads\/2023\/07\/artigo_08-768x411.png 768w, https:\/\/franciscanos.org.br\/vidacrista\/wp-content\/uploads\/2023\/07\/artigo_08-150x80.png 150w\" sizes=\"(max-width: 840px) 100vw, 840px\" \/><p id=\"caption-attachment-193553\" class=\"wp-caption-text\"><em>Imagem ilustrativa:<\/em> Canva (<a href=\"http:\/\/www.canva.com\/pt_br\/modelos\">www.canva.com\/pt_br\/modelos<\/a>)<\/p><\/div>\n<p><strong>Leonardo Boff<\/strong><\/p>\n<p>A justa medida constitui um valor universal, presente em todas as culturas e representa um dos pontos mais importantes de todos os caminhos \u00e9ticos. Encontrava-se inscrita nos p\u00f3rticos dos templos ou nos edif\u00edcios p\u00fablicos, seja do Egito, da Gr\u00e9cia e do Imp\u00e9rio romano e alhures. A virtude da justa medida significa o caminho do meio, o nem demais e o nem de menos e a dose certa. Ela se op\u00f5e a todo excesso e a toda ambi\u00e7\u00e3o exagerada (<em>hybris<\/em> em grego). Ela recomenda o autocontrole, a capacidade de desprendimento e de ren\u00fancia.<\/p>\n<p>Estamos convencidos de que uma das causas principais do caos atual, com o desiquil\u00edbrio do planeta Terra, com a devasta\u00e7\u00e3o de quase todos os ecossistemas, com o aquecimento global que introduziu, de forma irrevers\u00edvel, um novo regime clim\u00e1tico mais quente, que se mostra pelos eventos extremos em n\u00edvel mundial, com a intrus\u00e3o de v\u00e1rios v\u00edrus, o pior deles at\u00e9 agora, o coronav\u00edrus, dizimando milh\u00f5es de vidas, com a explos\u00e3o de guerras em 18 lugares diferentes na Terra, particularmente a letal guerra entre a R\u00fassia e a Ucr\u00e2nia (atr\u00e1s da qual est\u00e1 a NATO e os USA) \u00e9 consequ\u00eancia da falta da justa medida.<\/p>\n<p>Esta falta da justa medida \u00e9 intr\u00ednseca ao paradigma da modernidade, formulado nos s\u00e9culos XVII\/XVIII pelos pais fundadores como Galileu Galilei, Newton, Francis Bacon e outros. Para esses, o eixo estruturador do novo mundo a ser constru\u00eddo, se baseava na vontade de pot\u00eancia ou de poder como foi identificado j\u00e1 por Nietzsche e por toda a Escola de Frankfurt. Segundo este paradigma novo, o ser humano se entende como mestre e dono da natureza na express\u00e3o de Descartes. Ele n\u00e3o se sente parte do todo natural. Este n\u00e3o tem sentido em si, nem prop\u00f3sito, somente na medida que se ordena ao ser humano que o trata segundo o seu bel-prazer.<\/p>\n<p>Em nome deste paradigma, rompeu-se totalmente a justa medida. Os pa\u00edses europeus exerceram a vontade de poder, dominando povos inteiros como na Am\u00e9rica Latina, \u00c1frica e, em parte, a \u00c1sia. Dominaram a natureza, extraindo dela de forma ilimitada seus bens e servi\u00e7os. Dominaram a mat\u00e9ria at\u00e9 \u00e0s \u00faltimas part\u00edculas. Dominaram o segredo da vida, o c\u00f3digo gen\u00e9tico e os genes. Tudo levado a efeito com furor sem qualquer sentido de justa medida.<\/p>\n<p>Trouxeram inumer\u00e1veis e ineg\u00e1veis vantagens para a vida humana. Mas ao mesmo tempo, por haverem mandado para o limbo a justa medida, criaram para si o princ\u00edpio de autodestrui\u00e7\u00e3o com todo tipo de armas, a ponto de que, se forem usadas, n\u00e3o restar\u00e1 uma alma viva para contar a hist\u00f3ria.<\/p>\n<p>Para n\u00e3o ficar apenas em conceitualiza\u00e7\u00f5es, demos um exemplo concreto: a intrus\u00e3o da Covid-19 que afetou somente a humanidade e n\u00e3o os demais seres vivos. Ela \u00e9 consequ\u00eancia direta da vontade de poder, da sistem\u00e1tica agress\u00e3o de nosso modo de habitar o planeta Terra, destruindo os habitats dos v\u00edrus. Sem seus nichos vitais, eles avan\u00e7aram sobre os seres humanos provocando a morte de milh\u00f5es de pessoas. Portanto, faltou-nos a justa medida entre a interven\u00e7\u00e3o necess\u00e1ria na natureza para garantir nossos meios de vida e a ambi\u00e7\u00e3o exagerada de superexplorar os bens e servi\u00e7os naturais, mais do que precis\u00e1vamos, em vista da acumula\u00e7\u00e3o e do enriquecimento.<\/p>\n<p>Desta forma, a Terra viva perdeu seu equil\u00edbrio din\u00e2mico e nos enviou atrav\u00e9s do coronav\u00edrus um apelo \u00e0 justa medida, uma mensagem de cuidado, de autocontrole e de supera\u00e7\u00e3o de todo o excesso. Esse foi o sentido do confinamento social, do uso de m\u00e1scaras e da urg\u00eancia de usarmos as devidas vacinas. Tudo parece indicar que n\u00e3o aprendemos a li\u00e7\u00e3o, pois a grande maioria voltou ao antigo normal.<\/p>\n<p>Bem dizia o pensador italiano Ant\u00f4nio Gramsci: \u201cA hist\u00f3ria \u00e9 mestra mas praticamente n\u00e3o tem alunos\u201d. De todas as formas, restou-nos a li\u00e7\u00e3o de que devemos incluir em tudo a justa medida, alimentar uma rela\u00e7\u00e3o amistosa e justa em todas as coisas, se quisermos garantir um futuro para a vida humana e para a nossa civiliza\u00e7\u00e3o.<\/p>\n<p>Indo direto \u00e0 quest\u00e3o fundamental: causa mais imediata e vis\u00edvel da ruptura da justa medida reside no capitalismo como modo de produ\u00e7\u00e3o e no neoliberalismo como sua express\u00e3o pol\u00edtica. Conhecidos s\u00e3o os mantras de ambos: o lucro acima de tudo, a concorr\u00eancia como seu motor, a explora\u00e7\u00e3o ilimitada dos recursos naturais, o individualismo, a flexibiliza\u00e7\u00e3o das leis para, desimpedidamente, poder realizar seu intento de domina\u00e7\u00e3o\/enriquecimento.<\/p>\n<p>Se tiv\u00e9ssemos seguido tais mantras, grande parte da humanidade teria sido gravemente afetada ou at\u00e9 desaparecido. O que nos salvou, foi, dar centralidade \u00e0 vida, a interdepend\u00eancia entre todos, a solidariedade de uns para com os outros, o cuidado para com a natureza e as leis e normas que limitam os oligop\u00f3lios, geradores de pobreza de grande parte da humanidade.<\/p>\n<p>Preocupado com esta quest\u00e3o m\u00e1xima, de vida e de morte, escrevemos dois livros, fruto de vasta pesquisa mundial, mas elaborados numa linguagem a mais acess\u00edvel poss\u00edvel para que todos possam dar-se conta da gravidade que significa a aus\u00eancia da justa medida para a vida pessoal, para as comunidades, para a sociedade, para os governos, para a economia, para a cultura e para nossa rela\u00e7\u00e3o com a natureza, em \u00faltimo termo, para com a Terra.<\/p>\n<p>O primeiro foi publicado em 2022. <strong>&#8220;O pescador ambicioso e o peixe encantando: a busca pela justa medida&#8221;.<\/strong> Nele preferimos o g\u00eanero narrativo com o uso de contos e de mitos ligados \u00e0 justa medida. No segundo, que continua o primeiro, <strong>&#8220;A busca da justa medida: como equilibrar o planeta Terra&#8221;<\/strong> procurei de uma forma mais reflexiva ir \u00e0s causas que nos levam a perder a justa medida ou o \u00f3timo relativo.<\/p>\n<p>Ambos os livros colocam a pergunta angustiante: <em>\u00e9 poss\u00edvel viver a justa medida dentro deste sistema capitalista e neoliberal, hoje globalizado?<\/em> Respondemos, com certa esperan\u00e7a, que \u00e9 poss\u00edvel, \u00e0 condi\u00e7\u00e3o de passarmos da cultura do excesso, para uma cultura da justa medida, desenvolvendo um novo modo de habitar a Terra, sentindo-nos parte dela e irm\u00e3os e irm\u00e3s de todos os demais seres. Na linguagem do Papa Francisco, na enc\u00edclica <em>Fratelli tutti<\/em>, operando a travessia do dominus (dono) da natureza para o frater (o irm\u00e3o e a irm\u00e3) entre n\u00f3s e entre todos os seres da natureza.<\/p>\n<p>Para isso importa uma \u00e9tica da justa medida no n\u00edvel pessoal e comunit\u00e1rio, na pol\u00edtica e na economia, na educa\u00e7\u00e3o e na espiritualidade.<\/p>\n<p>Ou organizamos nossas sociedades dentro dos limites do planeta Terra, vivendo em tudo a justa medida, ou estaremos colocando em risco o futuro de nossa vida e de toda a vida sobre a Terra.<\/p>\n<hr \/>\n<p><strong>Leonardo Boff<\/strong> \u00e9<em> ecote\u00f3logo, fil\u00f3sofo e escritor com v\u00e1rios textos sobre a ecologia integral e os riscos que pesam sobre a humanidade.<\/em><br \/>\n,<\/p>\n","protected":false},"excerpt":{"rendered":"<p>Artigo de Leonardo Boff<\/p>\n","protected":false},"author":3,"featured_media":193553,"comment_status":"open","ping_status":"open","sticky":false,"template":"","format":"standard","meta":{"footnotes":""},"categories":[26],"tags":[59],"yoast_head":"<!-- This site is optimized with the Yoast SEO plugin v19.4 - https:\/\/yoast.com\/wordpress\/plugins\/seo\/ -->\n<title>A justa medida pode salvar a vida e o planeta Terra - Vida Crist\u00e3 - Franciscanos<\/title>\n<meta name=\"robots\" content=\"index, follow, max-snippet:-1, max-image-preview:large, max-video-preview:-1\" \/>\n<link rel=\"canonical\" href=\"https:\/\/franciscanos.org.br\/vidacrista\/a-justa-medida-pode-salvar-a-vida-e-o-planeta-terra\/\" \/>\n<meta property=\"og:locale\" content=\"pt_BR\" \/>\n<meta property=\"og:type\" content=\"article\" \/>\n<meta property=\"og:title\" content=\"A justa medida pode salvar a vida e o planeta Terra - Vida Crist\u00e3 - Franciscanos\" \/>\n<meta property=\"og:description\" content=\"Artigo de Leonardo Boff\" \/>\n<meta property=\"og:url\" content=\"https:\/\/franciscanos.org.br\/vidacrista\/a-justa-medida-pode-salvar-a-vida-e-o-planeta-terra\/\" \/>\n<meta property=\"og:site_name\" content=\"Vida Crist\u00e3 - Franciscanos\" \/>\n<meta property=\"article:published_time\" content=\"2023-07-06T12:12:43+00:00\" \/>\n<meta property=\"og:image\" content=\"https:\/\/franciscanos.org.br\/vidacrista\/wp-content\/uploads\/2023\/07\/artigo_08.png\" \/>\n\t<meta property=\"og:image:width\" content=\"840\" \/>\n\t<meta property=\"og:image:height\" content=\"450\" \/>\n\t<meta property=\"og:image:type\" content=\"image\/png\" \/>\n<meta name=\"author\" content=\"moacir\" \/>\n<meta name=\"twitter:card\" content=\"summary_large_image\" \/>\n<meta name=\"twitter:label1\" content=\"Escrito por\" \/>\n\t<meta name=\"twitter:data1\" content=\"moacir\" \/>\n\t<meta name=\"twitter:label2\" content=\"Est. tempo de leitura\" \/>\n\t<meta name=\"twitter:data2\" content=\"7 minutos\" \/>\n<script type=\"application\/ld+json\" class=\"yoast-schema-graph\">{\"@context\":\"https:\/\/schema.org\",\"@graph\":[{\"@type\":\"WebSite\",\"@id\":\"https:\/\/franciscanos.org.br\/vidacrista\/#website\",\"url\":\"https:\/\/franciscanos.org.br\/vidacrista\/\",\"name\":\"Vida Crist\u00e3 - Franciscanos\",\"description\":\"Prov\u00edncia Franciscana da Imaculada Concei\u00e7\u00e3o do Brasil - Ordem dos Frades Menores\",\"potentialAction\":[{\"@type\":\"SearchAction\",\"target\":{\"@type\":\"EntryPoint\",\"urlTemplate\":\"https:\/\/franciscanos.org.br\/vidacrista\/?s={search_term_string}\"},\"query-input\":\"required name=search_term_string\"}],\"inLanguage\":\"pt-BR\"},{\"@type\":\"WebPage\",\"@id\":\"https:\/\/franciscanos.org.br\/vidacrista\/a-justa-medida-pode-salvar-a-vida-e-o-planeta-terra\/\",\"url\":\"https:\/\/franciscanos.org.br\/vidacrista\/a-justa-medida-pode-salvar-a-vida-e-o-planeta-terra\/\",\"name\":\"A justa medida pode salvar a vida e o planeta Terra - Vida Crist\u00e3 - Franciscanos\",\"isPartOf\":{\"@id\":\"https:\/\/franciscanos.org.br\/vidacrista\/#website\"},\"datePublished\":\"2023-07-06T12:12:43+00:00\",\"dateModified\":\"2023-07-06T12:12:43+00:00\",\"author\":{\"@id\":\"https:\/\/franciscanos.org.br\/vidacrista\/#\/schema\/person\/1880bdd2c350b735648725ef7614736a\"},\"breadcrumb\":{\"@id\":\"https:\/\/franciscanos.org.br\/vidacrista\/a-justa-medida-pode-salvar-a-vida-e-o-planeta-terra\/#breadcrumb\"},\"inLanguage\":\"pt-BR\",\"potentialAction\":[{\"@type\":\"ReadAction\",\"target\":[\"https:\/\/franciscanos.org.br\/vidacrista\/a-justa-medida-pode-salvar-a-vida-e-o-planeta-terra\/\"]}]},{\"@type\":\"BreadcrumbList\",\"@id\":\"https:\/\/franciscanos.org.br\/vidacrista\/a-justa-medida-pode-salvar-a-vida-e-o-planeta-terra\/#breadcrumb\",\"itemListElement\":[{\"@type\":\"ListItem\",\"position\":1,\"name\":\"Home\",\"item\":\"https:\/\/franciscanos.org.br\/vidacrista\/\"},{\"@type\":\"ListItem\",\"position\":2,\"name\":\"A justa medida pode salvar a vida e o planeta Terra\"}]},{\"@type\":\"Person\",\"@id\":\"https:\/\/franciscanos.org.br\/vidacrista\/#\/schema\/person\/1880bdd2c350b735648725ef7614736a\",\"name\":\"moacir\",\"image\":{\"@type\":\"ImageObject\",\"inLanguage\":\"pt-BR\",\"@id\":\"https:\/\/franciscanos.org.br\/vidacrista\/#\/schema\/person\/image\/\",\"url\":\"https:\/\/secure.gravatar.com\/avatar\/d08aa2ce4c8dd416d4479aa8536fcf64?s=96&d=mm&r=g\",\"contentUrl\":\"https:\/\/secure.gravatar.com\/avatar\/d08aa2ce4c8dd416d4479aa8536fcf64?s=96&d=mm&r=g\",\"caption\":\"moacir\"},\"url\":\"https:\/\/franciscanos.org.br\/vidacrista\/author\/moacir\/\"}]}<\/script>\n<!-- \/ Yoast SEO plugin. -->","yoast_head_json":{"title":"A justa medida pode salvar a vida e o planeta Terra - Vida Crist\u00e3 - Franciscanos","robots":{"index":"index","follow":"follow","max-snippet":"max-snippet:-1","max-image-preview":"max-image-preview:large","max-video-preview":"max-video-preview:-1"},"canonical":"https:\/\/franciscanos.org.br\/vidacrista\/a-justa-medida-pode-salvar-a-vida-e-o-planeta-terra\/","og_locale":"pt_BR","og_type":"article","og_title":"A justa medida pode salvar a vida e o planeta Terra - Vida Crist\u00e3 - Franciscanos","og_description":"Artigo de Leonardo Boff","og_url":"https:\/\/franciscanos.org.br\/vidacrista\/a-justa-medida-pode-salvar-a-vida-e-o-planeta-terra\/","og_site_name":"Vida Crist\u00e3 - Franciscanos","article_published_time":"2023-07-06T12:12:43+00:00","og_image":[{"width":840,"height":450,"url":"https:\/\/franciscanos.org.br\/vidacrista\/wp-content\/uploads\/2023\/07\/artigo_08.png","type":"image\/png"}],"author":"moacir","twitter_card":"summary_large_image","twitter_misc":{"Escrito por":"moacir","Est. tempo de leitura":"7 minutos"},"schema":{"@context":"https:\/\/schema.org","@graph":[{"@type":"WebSite","@id":"https:\/\/franciscanos.org.br\/vidacrista\/#website","url":"https:\/\/franciscanos.org.br\/vidacrista\/","name":"Vida Crist\u00e3 - Franciscanos","description":"Prov\u00edncia Franciscana da Imaculada Concei\u00e7\u00e3o do Brasil - Ordem dos Frades Menores","potentialAction":[{"@type":"SearchAction","target":{"@type":"EntryPoint","urlTemplate":"https:\/\/franciscanos.org.br\/vidacrista\/?s={search_term_string}"},"query-input":"required name=search_term_string"}],"inLanguage":"pt-BR"},{"@type":"WebPage","@id":"https:\/\/franciscanos.org.br\/vidacrista\/a-justa-medida-pode-salvar-a-vida-e-o-planeta-terra\/","url":"https:\/\/franciscanos.org.br\/vidacrista\/a-justa-medida-pode-salvar-a-vida-e-o-planeta-terra\/","name":"A justa medida pode salvar a vida e o planeta Terra - Vida Crist\u00e3 - Franciscanos","isPartOf":{"@id":"https:\/\/franciscanos.org.br\/vidacrista\/#website"},"datePublished":"2023-07-06T12:12:43+00:00","dateModified":"2023-07-06T12:12:43+00:00","author":{"@id":"https:\/\/franciscanos.org.br\/vidacrista\/#\/schema\/person\/1880bdd2c350b735648725ef7614736a"},"breadcrumb":{"@id":"https:\/\/franciscanos.org.br\/vidacrista\/a-justa-medida-pode-salvar-a-vida-e-o-planeta-terra\/#breadcrumb"},"inLanguage":"pt-BR","potentialAction":[{"@type":"ReadAction","target":["https:\/\/franciscanos.org.br\/vidacrista\/a-justa-medida-pode-salvar-a-vida-e-o-planeta-terra\/"]}]},{"@type":"BreadcrumbList","@id":"https:\/\/franciscanos.org.br\/vidacrista\/a-justa-medida-pode-salvar-a-vida-e-o-planeta-terra\/#breadcrumb","itemListElement":[{"@type":"ListItem","position":1,"name":"Home","item":"https:\/\/franciscanos.org.br\/vidacrista\/"},{"@type":"ListItem","position":2,"name":"A justa medida pode salvar a vida e o planeta Terra"}]},{"@type":"Person","@id":"https:\/\/franciscanos.org.br\/vidacrista\/#\/schema\/person\/1880bdd2c350b735648725ef7614736a","name":"moacir","image":{"@type":"ImageObject","inLanguage":"pt-BR","@id":"https:\/\/franciscanos.org.br\/vidacrista\/#\/schema\/person\/image\/","url":"https:\/\/secure.gravatar.com\/avatar\/d08aa2ce4c8dd416d4479aa8536fcf64?s=96&d=mm&r=g","contentUrl":"https:\/\/secure.gravatar.com\/avatar\/d08aa2ce4c8dd416d4479aa8536fcf64?s=96&d=mm&r=g","caption":"moacir"},"url":"https:\/\/franciscanos.org.br\/vidacrista\/author\/moacir\/"}]}},"_links":{"self":[{"href":"https:\/\/franciscanos.org.br\/vidacrista\/wp-json\/wp\/v2\/posts\/193552"}],"collection":[{"href":"https:\/\/franciscanos.org.br\/vidacrista\/wp-json\/wp\/v2\/posts"}],"about":[{"href":"https:\/\/franciscanos.org.br\/vidacrista\/wp-json\/wp\/v2\/types\/post"}],"author":[{"embeddable":true,"href":"https:\/\/franciscanos.org.br\/vidacrista\/wp-json\/wp\/v2\/users\/3"}],"replies":[{"embeddable":true,"href":"https:\/\/franciscanos.org.br\/vidacrista\/wp-json\/wp\/v2\/comments?post=193552"}],"version-history":[{"count":1,"href":"https:\/\/franciscanos.org.br\/vidacrista\/wp-json\/wp\/v2\/posts\/193552\/revisions"}],"predecessor-version":[{"id":193554,"href":"https:\/\/franciscanos.org.br\/vidacrista\/wp-json\/wp\/v2\/posts\/193552\/revisions\/193554"}],"wp:featuredmedia":[{"embeddable":true,"href":"https:\/\/franciscanos.org.br\/vidacrista\/wp-json\/wp\/v2\/media\/193553"}],"wp:attachment":[{"href":"https:\/\/franciscanos.org.br\/vidacrista\/wp-json\/wp\/v2\/media?parent=193552"}],"wp:term":[{"taxonomy":"category","embeddable":true,"href":"https:\/\/franciscanos.org.br\/vidacrista\/wp-json\/wp\/v2\/categories?post=193552"},{"taxonomy":"post_tag","embeddable":true,"href":"https:\/\/franciscanos.org.br\/vidacrista\/wp-json\/wp\/v2\/tags?post=193552"}],"curies":[{"name":"wp","href":"https:\/\/api.w.org\/{rel}","templated":true}]}}