{"id":193538,"date":"2023-06-30T16:05:56","date_gmt":"2023-06-30T19:05:56","guid":{"rendered":"https:\/\/franciscanos.org.br\/vidacrista\/?p=193538"},"modified":"2023-06-30T16:08:06","modified_gmt":"2023-06-30T19:08:06","slug":"pedro-paulo-e-francisco-a-gruta-a-baixa-estatura-e-a-liberdade","status":"publish","type":"post","link":"https:\/\/franciscanos.org.br\/vidacrista\/pedro-paulo-e-francisco-a-gruta-a-baixa-estatura-e-a-liberdade\/","title":{"rendered":"Pedro, Paulo e Francisco: a gruta, a baixa estatura e a liberdade!"},"content":{"rendered":"<div id=\"attachment_193539\" style=\"width: 850px\" class=\"wp-caption alignnone\"><img aria-describedby=\"caption-attachment-193539\" decoding=\"async\" loading=\"lazy\" class=\"wp-image-193539 size-full\" src=\"https:\/\/franciscanos.org.br\/vidacrista\/wp-content\/uploads\/2023\/06\/artigo_30.jpg\" alt=\"\" width=\"840\" height=\"450\" srcset=\"https:\/\/franciscanos.org.br\/vidacrista\/wp-content\/uploads\/2023\/06\/artigo_30.jpg 840w, https:\/\/franciscanos.org.br\/vidacrista\/wp-content\/uploads\/2023\/06\/artigo_30-450x241.jpg 450w, https:\/\/franciscanos.org.br\/vidacrista\/wp-content\/uploads\/2023\/06\/artigo_30-768x411.jpg 768w, https:\/\/franciscanos.org.br\/vidacrista\/wp-content\/uploads\/2023\/06\/artigo_30-150x80.jpg 150w\" sizes=\"(max-width: 840px) 100vw, 840px\" \/><p id=\"caption-attachment-193539\" class=\"wp-caption-text\"><em>Jos\u00e9 de Ribera: S\u00e3o Pedro e S\u00e3o Paulo (Wikimedia Commons, dom\u00ednio p\u00fablico)<\/em><\/p><\/div>\n<h3><strong><em>Tr\u00eas hist\u00f3rias que se entrela\u00e7am na f\u00e9!<\/em><\/strong><\/h3>\n<p><em>\u00a0<\/em><em>Frei Jacir de Freitas Faria<\/em> <a href=\"#_ftn1\" name=\"_ftnref1\">[1]<\/a><\/p>\n<p>Pedro,\u00a0Paulo e Francisco, o Papa. Tr\u00eas homens e tr\u00eas hist\u00f3rias que se entrela\u00e7am na f\u00e9. \u00a0Pedro \u00e9 \u201cpedra ou gruta, a casa dos pobres de seu tempo\u201d. Paulo \u00e9 \u201caquele de baixa estatura\u201d ou \u201caquele implora\u201d (Saulo). Francisco \u00e9 o \u201cfranc\u00eas (homem) livre\u201d ou \u201chomem forte\u201d (M\u00e1rio). Dois judeus e um argentino. S\u00e3o tr\u00eas personagens de fundamental import\u00e2ncia para os quase um bilh\u00e3o e meio de cat\u00f3licos, assim como para os 31,4% de crist\u00e3os do mundo.<\/p>\n<p>Falar de tr\u00eas pessoas nos remete \u00e0 import\u00e2ncia do n\u00famero tr\u00eas na revela\u00e7\u00e3o b\u00edblica. A f\u00e9 judaica se baseia no amar a Deus em tr\u00eas modos: cora\u00e7\u00e3o, alma e posses (Dt 6,4-9). A f\u00e9 crist\u00e3, filha do juda\u00edsmo, na Trindade do Pai, Filho e Esp\u00edrito Santo.<\/p>\n<p><iframe loading=\"lazy\" title=\"YouTube video player\" src=\"https:\/\/www.youtube.com\/embed\/EUhAOmKhfTg\" width=\"100%\" height=\"500\" frameborder=\"0\" allowfullscreen=\"allowfullscreen\"><span data-mce-type=\"bookmark\" style=\"display: inline-block; width: 0px; overflow: hidden; line-height: 0;\" class=\"mce_SELRES_start\">\ufeff<\/span><\/iframe><\/p>\n<p>At 12,1-11 diz que Pedro estava preso, pela terceira vez, por ordem de\u00a0Herodes Agripa I. Pedro que havia negado Jesus tr\u00eas vezes (Mt 26,69-75), outras tr\u00eas, sido interrogado por Ele se o amava (Jo 21, 14-17); aqui, \u00e9 tr\u00eas vezes preso por anunciar\u00a0Jesus ressuscitado. Em Mt 16, 13-20. Jesus pergunta aos disc\u00edpulos sobre o que o povo pensava sobre ele. A resposta consiste em tr\u00eas nomes: Jo\u00e3o Batista,\u00a0Elias e Jeremias. S\u00e3o tr\u00eas profetas de sua import\u00e2ncia para a f\u00e9 judaico-crist\u00e3.<\/p>\n<p>Seguindo a m\u00e1xima do tr\u00eas, permita-me dizer tr\u00eas palavras sobre Paulo, Pedro e Francisco. Paulo\u00a0lutou fervorosamente contra o cristianismo e a favor dele. De perseguidor, tornou-se o maior mission\u00e1rio no an\u00fancio de Jesus ressuscitado. \u201cEm v\u00e3o seria a nossa f\u00e9 se Cristo n\u00e3o tivesse ressuscitado\u201d (1Cor 15,17), pregava com ardor, mesmo n\u00e3o tendo conhecido\u00a0Jesus de Nazar\u00e9, o que o levou \u00e0 morte, por volta do ano 67 E.C., por decapita\u00e7\u00e3o, em Roma. Quando a morte era inevit\u00e1vel, Paulo exclamou: \u201cCombati o bom combate, terminei a minha corrida, conservei a f\u00e9\u201d (2Tm 4,7). A imagem de Paulo esportista \u00e9 fenomenal. Paulo, o pequeno, foi um lutador na f\u00e9.\u00a0 A coroa de sua vit\u00f3ria ol\u00edmpica \u00e9 outra, a da justi\u00e7a e da imortalidade. Paulo tornou-se um atleta imortal do ressuscitado, jamais esquecido pelos guerreiros crist\u00e3os de ontem e de hoje.<\/p>\n<p>Sobre Pedro, vale recordar o epis\u00f3dio no qual ele professa a f\u00e9 em Jesus como Messias. Jesus, ent\u00e3o lhe diz: \u201cTu \u00e9s <em>Kepha (cefas<\/em>), e sobre ela edificarei a minha igreja.\u201d <em>Kepha <\/em>\u00e9 pedra e gruta escavada na rocha. Naquele tempo, o povo tinha o costume de escavar as rochas para da\u00ed tirarem pedras para construir casas. Os buracos formados nas rochas recebiam, na l\u00edngua familiar, o aramaico, o nome de <em>Kepha<\/em>. Aos pobres restava o infort\u00fanio de morar nessas cavernas ou grutas. <em>Kepha<\/em> traduz tamb\u00e9m o substantivo grego <em>P\u00e9tros<\/em> (Pedro). <a href=\"#_ftn2\" name=\"_ftnref2\">[2]<\/a><\/p>\n<p>Considerando o que foi dito acima, h\u00e1 espa\u00e7o para duas afirma\u00e7\u00f5es hermen\u00eauticas plaus\u00edveis: a) Pedro representa a\u00a0rocha, a pedra da nova comunidade de f\u00e9, que sabe quem \u00e9 Jesus e quer anunci\u00e1-lo e vivenci\u00e1-lo, tendo Pedro como seu l\u00edder; b)\u00a0Pedro\u00a0\u00e9 a igreja dos pobres que vivem nas grutas de ontem e nas\u00a0favelas\u00a0e\u00a0barracos\u00a0de hoje, lugar onde a Igreja deveria estar, mas, infelizmente est\u00e1 cada vez mais se distanciando. As igrejas evang\u00e9licas proliferam porque os cat\u00f3licos n\u00e3o foram capazes de dar respostas aos problemas da p\u00f3s-modernidade. N\u00e3o que elas tamb\u00e9m saibam, mas, pelo menos, est\u00e3o mais pr\u00f3ximas dos\u00a0empobrecidos, na viv\u00eancia de seus problemas econ\u00f4micos e existenciais, mesmo que tirando proveito da situa\u00e7\u00e3o. Pedro tem as chaves que abrem portas e ligam todos com o Eterno, o divino. Mais tarde, as comunidades entenderam que a\u00a0lideran\u00e7a de Pedro\u00a0foi repassada para aqueles que o sucederam, os quais receberam o nome de bispo. Destaque para o de\u00a0Roma, que se tornou tamb\u00e9m papa, chefe da Igreja cat\u00f3lica (universal), apost\u00f3lica e romana.<\/p>\n<p>O Pedro atual se chama Francisco, em homenagem do pobrezinho de Assis, S\u00e3o Francisco. O Papa Francisco \u00e9 homem de profunda intui\u00e7\u00e3o pastoral e pr\u00f3ximo dos empobrecidos. Um home livre na f\u00e9, sem amarras do catolicismo tradicional. Escolheu, como ele declarou, posteriormente, que o nome Francisco \u00e9 para recordar que o seu minist\u00e9rio \u00e9 em favor dos empobrecidos, da paz e da ecologia. Quem n\u00e3o entende isso o chama de \u201ccomunista\u201d sem entender nem mesmo o peso desse adjetivo. O Papa Francisco tem lutado com fervor evang\u00e9lico, na simplicidade e espontaneidade que lhe s\u00e3o peculiares, para direcionar a\u00a0Igreja\u00a0para as grutas escavadas das\u00a0rochas modernas. N\u00e3o tem sido f\u00e1cil. N\u00e3o s\u00e3o poucas as resist\u00eancias encontradas entre os que querem uma\u00a0Igreja\u00a0forte e poderosa sobre a rochas do poder, uma volta ao passado.<\/p>\n<p>Em nossos dias, urge a uni\u00e3o da Igreja em torno da pessoa do Papa Francisco, em sintonia com as igrejas locais, as comunidades, os padres, os leigos e os bispos a partir dos ensinamentos que a tradi\u00e7\u00e3o da f\u00e9 nos legou, de modo que possamos construir um mundo e um ser humano novos. Com\u00a0Pedro,\u00a0Paulo\u00a0e\u00a0Francisco, somos chamados a testemunhar o reino e a continuar a sua constru\u00e7\u00e3o, lutando por um mundo de paz e de bem alicer\u00e7ado \u2018sobre e sob a rocha\u2019 da vida moderna.<\/p>\n<hr \/>\n<p><a href=\"#_ftnref1\" name=\"_ftn1\">[1]<\/a>Doutor em Teologia B\u00edblica pela FAJE (BH). Mestre em Ci\u00eancias B\u00edblicas (Exegese) pelo Pontif\u00edcio Instituto B\u00edblico de Roma. Professor de Exegese B\u00edblica. \u00c9 membro da Associa\u00e7\u00e3o Brasileira de Pesquisa B\u00edblica (ABIB). Sacerdote Franciscano. Autor de dez livros e coautor de quinze. Youtube: Frei Jacir B\u00edblia e Ap\u00f3crifos. <a href=\"https:\/\/www.youtube.com\/channel\/UCwbSE97jnR6jQwHRigX1KlQ\">https:\/\/www.youtube.com\/channel\/UCwbSE97jnR6jQwHRigX1KlQ<\/a><\/p>\n<p><a href=\"#_ftnref2\" name=\"_ftn2\">[2]<\/a>FARIA, Jacir de Freitas, O outro Pedro e a outra Madalena segundo os ap\u00f3crifos, 4 ed. Petr\u00f3polis: Vozes, 2010, p 28-31.<\/p>\n<p>&nbsp;<\/p>\n","protected":false},"excerpt":{"rendered":"<p>Artigo de Frei Jacir de Freitas Faria<\/p>\n","protected":false},"author":3,"featured_media":193539,"comment_status":"open","ping_status":"open","sticky":false,"template":"","format":"standard","meta":{"footnotes":""},"categories":[26],"tags":[43],"yoast_head":"<!-- This site is optimized with the Yoast SEO plugin v19.4 - https:\/\/yoast.com\/wordpress\/plugins\/seo\/ -->\n<title>Pedro, Paulo e Francisco: a gruta, a baixa estatura e a liberdade! - Vida Crist\u00e3 - Franciscanos<\/title>\n<meta name=\"robots\" content=\"index, follow, max-snippet:-1, max-image-preview:large, max-video-preview:-1\" \/>\n<link rel=\"canonical\" href=\"https:\/\/franciscanos.org.br\/vidacrista\/pedro-paulo-e-francisco-a-gruta-a-baixa-estatura-e-a-liberdade\/\" \/>\n<meta property=\"og:locale\" content=\"pt_BR\" \/>\n<meta property=\"og:type\" content=\"article\" \/>\n<meta property=\"og:title\" content=\"Pedro, Paulo e Francisco: a gruta, a baixa estatura e a liberdade! - Vida Crist\u00e3 - Franciscanos\" \/>\n<meta property=\"og:description\" content=\"Artigo de Frei Jacir de Freitas Faria\" \/>\n<meta property=\"og:url\" content=\"https:\/\/franciscanos.org.br\/vidacrista\/pedro-paulo-e-francisco-a-gruta-a-baixa-estatura-e-a-liberdade\/\" \/>\n<meta property=\"og:site_name\" content=\"Vida Crist\u00e3 - Franciscanos\" \/>\n<meta property=\"article:published_time\" content=\"2023-06-30T19:05:56+00:00\" \/>\n<meta property=\"article:modified_time\" content=\"2023-06-30T19:08:06+00:00\" \/>\n<meta property=\"og:image\" content=\"https:\/\/franciscanos.org.br\/vidacrista\/wp-content\/uploads\/2023\/06\/artigo_30.jpg\" \/>\n\t<meta property=\"og:image:width\" content=\"840\" \/>\n\t<meta property=\"og:image:height\" content=\"450\" \/>\n\t<meta property=\"og:image:type\" content=\"image\/jpeg\" \/>\n<meta name=\"author\" content=\"moacir\" \/>\n<meta name=\"twitter:card\" content=\"summary_large_image\" \/>\n<meta name=\"twitter:label1\" content=\"Escrito por\" \/>\n\t<meta name=\"twitter:data1\" content=\"moacir\" \/>\n\t<meta name=\"twitter:label2\" content=\"Est. tempo de leitura\" \/>\n\t<meta name=\"twitter:data2\" content=\"6 minutos\" \/>\n<script type=\"application\/ld+json\" class=\"yoast-schema-graph\">{\"@context\":\"https:\/\/schema.org\",\"@graph\":[{\"@type\":\"WebSite\",\"@id\":\"https:\/\/franciscanos.org.br\/vidacrista\/#website\",\"url\":\"https:\/\/franciscanos.org.br\/vidacrista\/\",\"name\":\"Vida Crist\u00e3 - Franciscanos\",\"description\":\"Prov\u00edncia Franciscana da Imaculada Concei\u00e7\u00e3o do Brasil - Ordem dos Frades Menores\",\"potentialAction\":[{\"@type\":\"SearchAction\",\"target\":{\"@type\":\"EntryPoint\",\"urlTemplate\":\"https:\/\/franciscanos.org.br\/vidacrista\/?s={search_term_string}\"},\"query-input\":\"required name=search_term_string\"}],\"inLanguage\":\"pt-BR\"},{\"@type\":\"WebPage\",\"@id\":\"https:\/\/franciscanos.org.br\/vidacrista\/pedro-paulo-e-francisco-a-gruta-a-baixa-estatura-e-a-liberdade\/\",\"url\":\"https:\/\/franciscanos.org.br\/vidacrista\/pedro-paulo-e-francisco-a-gruta-a-baixa-estatura-e-a-liberdade\/\",\"name\":\"Pedro, Paulo e Francisco: a gruta, a baixa estatura e a liberdade! - Vida Crist\u00e3 - Franciscanos\",\"isPartOf\":{\"@id\":\"https:\/\/franciscanos.org.br\/vidacrista\/#website\"},\"datePublished\":\"2023-06-30T19:05:56+00:00\",\"dateModified\":\"2023-06-30T19:08:06+00:00\",\"author\":{\"@id\":\"https:\/\/franciscanos.org.br\/vidacrista\/#\/schema\/person\/1880bdd2c350b735648725ef7614736a\"},\"breadcrumb\":{\"@id\":\"https:\/\/franciscanos.org.br\/vidacrista\/pedro-paulo-e-francisco-a-gruta-a-baixa-estatura-e-a-liberdade\/#breadcrumb\"},\"inLanguage\":\"pt-BR\",\"potentialAction\":[{\"@type\":\"ReadAction\",\"target\":[\"https:\/\/franciscanos.org.br\/vidacrista\/pedro-paulo-e-francisco-a-gruta-a-baixa-estatura-e-a-liberdade\/\"]}]},{\"@type\":\"BreadcrumbList\",\"@id\":\"https:\/\/franciscanos.org.br\/vidacrista\/pedro-paulo-e-francisco-a-gruta-a-baixa-estatura-e-a-liberdade\/#breadcrumb\",\"itemListElement\":[{\"@type\":\"ListItem\",\"position\":1,\"name\":\"Home\",\"item\":\"https:\/\/franciscanos.org.br\/vidacrista\/\"},{\"@type\":\"ListItem\",\"position\":2,\"name\":\"Pedro, Paulo e Francisco: a gruta, a baixa estatura e a liberdade!\"}]},{\"@type\":\"Person\",\"@id\":\"https:\/\/franciscanos.org.br\/vidacrista\/#\/schema\/person\/1880bdd2c350b735648725ef7614736a\",\"name\":\"moacir\",\"image\":{\"@type\":\"ImageObject\",\"inLanguage\":\"pt-BR\",\"@id\":\"https:\/\/franciscanos.org.br\/vidacrista\/#\/schema\/person\/image\/\",\"url\":\"https:\/\/secure.gravatar.com\/avatar\/d08aa2ce4c8dd416d4479aa8536fcf64?s=96&d=mm&r=g\",\"contentUrl\":\"https:\/\/secure.gravatar.com\/avatar\/d08aa2ce4c8dd416d4479aa8536fcf64?s=96&d=mm&r=g\",\"caption\":\"moacir\"},\"url\":\"https:\/\/franciscanos.org.br\/vidacrista\/author\/moacir\/\"}]}<\/script>\n<!-- \/ Yoast SEO plugin. -->","yoast_head_json":{"title":"Pedro, Paulo e Francisco: a gruta, a baixa estatura e a liberdade! - Vida Crist\u00e3 - Franciscanos","robots":{"index":"index","follow":"follow","max-snippet":"max-snippet:-1","max-image-preview":"max-image-preview:large","max-video-preview":"max-video-preview:-1"},"canonical":"https:\/\/franciscanos.org.br\/vidacrista\/pedro-paulo-e-francisco-a-gruta-a-baixa-estatura-e-a-liberdade\/","og_locale":"pt_BR","og_type":"article","og_title":"Pedro, Paulo e Francisco: a gruta, a baixa estatura e a liberdade! - Vida Crist\u00e3 - Franciscanos","og_description":"Artigo de Frei Jacir de Freitas Faria","og_url":"https:\/\/franciscanos.org.br\/vidacrista\/pedro-paulo-e-francisco-a-gruta-a-baixa-estatura-e-a-liberdade\/","og_site_name":"Vida Crist\u00e3 - Franciscanos","article_published_time":"2023-06-30T19:05:56+00:00","article_modified_time":"2023-06-30T19:08:06+00:00","og_image":[{"width":840,"height":450,"url":"https:\/\/franciscanos.org.br\/vidacrista\/wp-content\/uploads\/2023\/06\/artigo_30.jpg","type":"image\/jpeg"}],"author":"moacir","twitter_card":"summary_large_image","twitter_misc":{"Escrito por":"moacir","Est. tempo de leitura":"6 minutos"},"schema":{"@context":"https:\/\/schema.org","@graph":[{"@type":"WebSite","@id":"https:\/\/franciscanos.org.br\/vidacrista\/#website","url":"https:\/\/franciscanos.org.br\/vidacrista\/","name":"Vida Crist\u00e3 - Franciscanos","description":"Prov\u00edncia Franciscana da Imaculada Concei\u00e7\u00e3o do Brasil - Ordem dos Frades Menores","potentialAction":[{"@type":"SearchAction","target":{"@type":"EntryPoint","urlTemplate":"https:\/\/franciscanos.org.br\/vidacrista\/?s={search_term_string}"},"query-input":"required name=search_term_string"}],"inLanguage":"pt-BR"},{"@type":"WebPage","@id":"https:\/\/franciscanos.org.br\/vidacrista\/pedro-paulo-e-francisco-a-gruta-a-baixa-estatura-e-a-liberdade\/","url":"https:\/\/franciscanos.org.br\/vidacrista\/pedro-paulo-e-francisco-a-gruta-a-baixa-estatura-e-a-liberdade\/","name":"Pedro, Paulo e Francisco: a gruta, a baixa estatura e a liberdade! - Vida Crist\u00e3 - Franciscanos","isPartOf":{"@id":"https:\/\/franciscanos.org.br\/vidacrista\/#website"},"datePublished":"2023-06-30T19:05:56+00:00","dateModified":"2023-06-30T19:08:06+00:00","author":{"@id":"https:\/\/franciscanos.org.br\/vidacrista\/#\/schema\/person\/1880bdd2c350b735648725ef7614736a"},"breadcrumb":{"@id":"https:\/\/franciscanos.org.br\/vidacrista\/pedro-paulo-e-francisco-a-gruta-a-baixa-estatura-e-a-liberdade\/#breadcrumb"},"inLanguage":"pt-BR","potentialAction":[{"@type":"ReadAction","target":["https:\/\/franciscanos.org.br\/vidacrista\/pedro-paulo-e-francisco-a-gruta-a-baixa-estatura-e-a-liberdade\/"]}]},{"@type":"BreadcrumbList","@id":"https:\/\/franciscanos.org.br\/vidacrista\/pedro-paulo-e-francisco-a-gruta-a-baixa-estatura-e-a-liberdade\/#breadcrumb","itemListElement":[{"@type":"ListItem","position":1,"name":"Home","item":"https:\/\/franciscanos.org.br\/vidacrista\/"},{"@type":"ListItem","position":2,"name":"Pedro, Paulo e Francisco: a gruta, a baixa estatura e a liberdade!"}]},{"@type":"Person","@id":"https:\/\/franciscanos.org.br\/vidacrista\/#\/schema\/person\/1880bdd2c350b735648725ef7614736a","name":"moacir","image":{"@type":"ImageObject","inLanguage":"pt-BR","@id":"https:\/\/franciscanos.org.br\/vidacrista\/#\/schema\/person\/image\/","url":"https:\/\/secure.gravatar.com\/avatar\/d08aa2ce4c8dd416d4479aa8536fcf64?s=96&d=mm&r=g","contentUrl":"https:\/\/secure.gravatar.com\/avatar\/d08aa2ce4c8dd416d4479aa8536fcf64?s=96&d=mm&r=g","caption":"moacir"},"url":"https:\/\/franciscanos.org.br\/vidacrista\/author\/moacir\/"}]}},"_links":{"self":[{"href":"https:\/\/franciscanos.org.br\/vidacrista\/wp-json\/wp\/v2\/posts\/193538"}],"collection":[{"href":"https:\/\/franciscanos.org.br\/vidacrista\/wp-json\/wp\/v2\/posts"}],"about":[{"href":"https:\/\/franciscanos.org.br\/vidacrista\/wp-json\/wp\/v2\/types\/post"}],"author":[{"embeddable":true,"href":"https:\/\/franciscanos.org.br\/vidacrista\/wp-json\/wp\/v2\/users\/3"}],"replies":[{"embeddable":true,"href":"https:\/\/franciscanos.org.br\/vidacrista\/wp-json\/wp\/v2\/comments?post=193538"}],"version-history":[{"count":3,"href":"https:\/\/franciscanos.org.br\/vidacrista\/wp-json\/wp\/v2\/posts\/193538\/revisions"}],"predecessor-version":[{"id":193542,"href":"https:\/\/franciscanos.org.br\/vidacrista\/wp-json\/wp\/v2\/posts\/193538\/revisions\/193542"}],"wp:featuredmedia":[{"embeddable":true,"href":"https:\/\/franciscanos.org.br\/vidacrista\/wp-json\/wp\/v2\/media\/193539"}],"wp:attachment":[{"href":"https:\/\/franciscanos.org.br\/vidacrista\/wp-json\/wp\/v2\/media?parent=193538"}],"wp:term":[{"taxonomy":"category","embeddable":true,"href":"https:\/\/franciscanos.org.br\/vidacrista\/wp-json\/wp\/v2\/categories?post=193538"},{"taxonomy":"post_tag","embeddable":true,"href":"https:\/\/franciscanos.org.br\/vidacrista\/wp-json\/wp\/v2\/tags?post=193538"}],"curies":[{"name":"wp","href":"https:\/\/api.w.org\/{rel}","templated":true}]}}