{"id":193528,"date":"2023-06-29T06:42:21","date_gmt":"2023-06-29T09:42:21","guid":{"rendered":"https:\/\/franciscanos.org.br\/vidacrista\/?p=193528"},"modified":"2023-06-29T06:48:39","modified_gmt":"2023-06-29T09:48:39","slug":"agar-o-grito-da-escrava-rebelde-e-visionaria-gn-16-1-15","status":"publish","type":"post","link":"https:\/\/franciscanos.org.br\/vidacrista\/agar-o-grito-da-escrava-rebelde-e-visionaria-gn-16-1-15\/","title":{"rendered":"Agar: o grito da escrava rebelde e vision\u00e1ria! (Gn 16, 1-15)"},"content":{"rendered":"<div id=\"attachment_193529\" style=\"width: 850px\" class=\"wp-caption alignnone\"><img aria-describedby=\"caption-attachment-193529\" decoding=\"async\" loading=\"lazy\" class=\"wp-image-193529 size-full\" src=\"https:\/\/franciscanos.org.br\/vidacrista\/wp-content\/uploads\/2023\/06\/artigo_29.jpg\" alt=\"\" width=\"840\" height=\"450\" srcset=\"https:\/\/franciscanos.org.br\/vidacrista\/wp-content\/uploads\/2023\/06\/artigo_29.jpg 840w, https:\/\/franciscanos.org.br\/vidacrista\/wp-content\/uploads\/2023\/06\/artigo_29-450x241.jpg 450w, https:\/\/franciscanos.org.br\/vidacrista\/wp-content\/uploads\/2023\/06\/artigo_29-768x411.jpg 768w, https:\/\/franciscanos.org.br\/vidacrista\/wp-content\/uploads\/2023\/06\/artigo_29-150x80.jpg 150w\" sizes=\"(max-width: 840px) 100vw, 840px\" \/><p id=\"caption-attachment-193529\" class=\"wp-caption-text\"><em>Agar e o Anjo no deserto, de Francesco Cozza, Wikip\u00e9dia, dom\u00ednio p\u00fablico.<\/em><\/p><\/div>\n<h3><strong>Com o aval de Deus, ela exigiu direitos para Ismael e seus os seus descendentes. <\/strong><\/h3>\n<p><em>Frei Jacir de Freitas Faria<\/em> <a href=\"#_ftn1\" name=\"_ftnref1\">[1]<\/a><\/p>\n<p>O texto sobre o qual vamos refletir hoje \u00e9 tirado do livro do G\u00eanesis 16,1-15. Trata-se da hist\u00f3ria de Agar, a escrava de Sara, que gerou um filho com o Patriarca Abra\u00e3o. Seu nome \u00e9 Ismael. Durante a gravidez, Sara expulsa Agar para o deserto. Essa trama \u00e9 muito envolvente e tem um objetivo. Qual seria? Qual foi a fun\u00e7\u00e3o de Agar na hist\u00f3ria da salva\u00e7\u00e3o?<\/p>\n<p>Nunca me esqueci de um t\u00edtulo de artigo, escrito h\u00e1 d\u00e9cadas, quando eu ainda estava na gradua\u00e7\u00e3o em Teologia, pela biblista mexicana, Elza Tamez: \u201cAgar, a mulher que complicou a hist\u00f3ria da Salva\u00e7\u00e3o\u201d. <a href=\"#_ftn2\" name=\"_ftnref2\">[2]<\/a> E \u00e9 isso mesmo! Por isso, ela tem rela\u00e7\u00e3o direta com as genealogias, as descend\u00eancias, que aparecem no livro das origens do povo de Deus, chamado G\u00eanesis. As genealogias exercem, sem sombra de d\u00favida, um papel importante na historiografia de forma\u00e7\u00e3o do povo da Alian\u00e7a, Israel. Elas formam, no livro do G\u00eanesis, uma rede de fios que associam as descend\u00eancias \u00e0s pessoas dos patriarcas e matriarcas, sobretudo, Abra\u00e3o. Esse personagem torna-se o ponto de partida para unificar, de forma inclusiva, parentes e povos, pr\u00f3ximos e distantes, em v\u00e1rias ramifica\u00e7\u00f5es geneal\u00f3gicas.<\/p>\n<p><iframe loading=\"lazy\" title=\"YouTube video player\" src=\"https:\/\/www.youtube.com\/embed\/LjQnekrYDoI\" width=\"100%\" height=\"500\" frameborder=\"0\" allowfullscreen=\"allowfullscreen\"><span data-mce-type=\"bookmark\" style=\"display: inline-block; width: 0px; overflow: hidden; line-height: 0;\" class=\"mce_SELRES_start\">\ufeff<\/span><\/iframe><\/p>\n<p>N\u00e3o em menor escala, as genealogias serviram para unir o povo de Abra\u00e3o ao mundo criado por Deus e \u00e0 humanidade, narrativa de Gn 1\u201411. Como isso acontece? Como s\u00e3o resolvidos os problemas dos filhos que n\u00e3o eram herdeiros da promessa, como Ismael? Que rela\u00e7\u00e3o existe entre a genealogia e terra? <a href=\"#_ftn3\" name=\"_ftnref3\">[3]<\/a><\/p>\n<p>A promessa de Deus a Abra\u00e3o, de que ele teria muitos filhos, n\u00e3o tinha se cumprido. Ele, num grito de desespero, diz: \u201cMeu Senhor, que me dar\u00e1s? Continuo sem filho&#8230;\u201d (Gn 15,2). Inquieto, porque sabia que a posse da terra Cana\u00e3 tem rela\u00e7\u00e3o com a descend\u00eancia, Abra\u00e3o implora a Deus por um filho. Surge, ent\u00e3o, a possibilidade de sua serva, a eg\u00edpcia Agar, dar-lhe um filho. Em comum acordo com Sara, Agar gera um filho para o casal (Gn 16,1-4). Intrigas entre a patroa e serva fizeram com que Agar, ainda gr\u00e1vida, fugisse para o deserto. Por ter a heran\u00e7a em sua barriga, Agar desdenha os seus senhores.<\/p>\n<p>O anjo do Senhor lhe aparece e lhe pede que retorne para a casa de Abra\u00e3o, que, por sua vez e por ordem divina, a acolhe. Finda a gravidez, Abra\u00e3o p\u00f5e o nome de Ismael ao filho de Agar (Gn 16,7-15). Voltar para a casa de Abra\u00e3o garantiria a Agar e Ismael a presen\u00e7a na terra de Cana\u00e3, onde Abra\u00e3o j\u00e1 estava h\u00e1 dez anos (Gn 16,3). Sem a terra, de nada vale um filho, ainda que descendente de Abra\u00e3o. Da mesma forma, se o nome do filho n\u00e3o fosse dado por Abra\u00e3o a descend\u00eancia de Agar n\u00e3o seria v\u00e1lida.<\/p>\n<p>Agar trazia no seio materno a heran\u00e7a, o filho, diferentemente de Sara, a esposa leg\u00edtima do patriarca. Milton Schwantes afirma que \u201csem o apossamento do filho e o reapossamento da escrava-m\u00e3e, a posse da terra teria que ser distinta da que era. \u00c9 que a exclus\u00e3o da mulher passava pela apropria\u00e7\u00e3o patrilinear da terra.\u201d <a href=\"#_ftn4\" name=\"_ftnref4\">[4]<\/a> Agar teria que voltar para a casa de Abra\u00e3o.<\/p>\n<p>A continuidade da hist\u00f3ria de Agar encontra-se no cap\u00edtulo vinte e um de G\u00eanesis. Quando Sara, enfim, consegue, por decis\u00e3o divina, ter um filho com Abra\u00e3o, ela decide exigir a expuls\u00e3o de Agar para o deserto. N\u00e3o estando de acordo, Deus aparece a Abra\u00e3o e lhe pede para aceitar a proposta da esposa. Deus garante a Abra\u00e3o que faria tamb\u00e9m de Ismael uma grande na\u00e7\u00e3o, pois ele era de sua estirpe, de sua ra\u00e7a (Gn 21,11-14).<\/p>\n<p>Agar segue o caminho do deserto. Desanimada, por ver a morte chegar para o filho, ela o sentou debaixo de um arbusto e, longe dele, come\u00e7ou a gritar e a chorar. Deus ouviu o choro de Ismael, de onde decorre o significado do seu nome: \u201cDeus ouve\u201d. O encontro com Deus ocorre num estado de desespero de uma m\u00e3e sem a\u00e7\u00e3o. Deus age sem pedir nada em troca, mas em favor do filho deserdado, que padece no deserto, pr\u00f3ximo a Bersabeia. Deus ouve, assim como ouvira o clamor de seu povo que estava escravo no Egito (Ex 3,7).<\/p>\n<p>O anjo de Deus disse \u00e0 m\u00e3e: \u201cQue tens, Agar? N\u00e3o temas, pois Deus ouviu os gritos da crian\u00e7a, do lugar onde ele est\u00e1. Ergue-te! levanta a crian\u00e7a, segura-a firmemente, porque eu farei dela uma grande na\u00e7\u00e3o\u201d (Gn 21,17-18). Deus ouve o grito da crian\u00e7a. Agar n\u00e3o teve d\u00favida da promessa, abriu os olhos e viu um po\u00e7o. Deu de beber ao menino e seguiu o seu caminho. Ismael cresceu no deserto de Far\u00e3, tornou-se flecheiro e casou-se com uma mulher eg\u00edpcia (Gn 21,19-21).<\/p>\n<p>Filho de m\u00e3e eg\u00edpcia e esposo de mulher eg\u00edpcia, a historiografia de Ismael recorda ao povo de Israel a opress\u00e3o vivida no Egito, ainda que o escravo nessas narrativas n\u00e3o seja o povo da Alian\u00e7a, mas os eg\u00edpcios, representados na figura de Agar. Assim como o povo se libertou do Egito e tornou-se forte, Ismael, conforme promessa de Deus feita \u00e0 sua m\u00e3e (Gn 16,11), tornou-se um \u201cpotro de homem, sua m\u00e3o contra todos, a m\u00e3o de todos contra ele\u201d (Gn 16,12). Os descendentes de Ismael s\u00e3o os \u00e1rabes do deserto.<\/p>\n<p>No \u00e2mago da historiografia de Agar, a mulher que complicou os rumos da genealogia abra\u00e2mica, garantindo, como vision\u00e1ria, o lugar de seus descendentes na hist\u00f3ria da Salva\u00e7\u00e3o, est\u00e1 a a\u00e7\u00e3o de Deus que ouve o grito dos indefesos que fazem uma experi\u00eancia exodal, de liberta\u00e7\u00e3o e prote\u00e7\u00e3o divina para sempre, assim como fez o Deus de Abra\u00e3o com o seu filho Ismael. Para garantir genealogias em torno do patriarca, Deus muda o rumo da hist\u00f3ria sem romper os la\u00e7os de perten\u00e7a. E o que \u00e9 mais provocador, Deus ouve grito de uma mulher estrangeira e apoia a sua rebeldia. Deus n\u00e3o aceita a opress\u00e3o e a viol\u00eancia!<\/p>\n<p>Lament\u00e1vel ver, em nossos dias, a divulga\u00e7\u00e3o da imagem de um Deus violento para justificar a opress\u00e3o e a viol\u00eancia em nome de uma f\u00e9 que \u201cconserva a dor\u201d de mulheres-Agar e filhos-Ismael no deserto de nossas mediocridades que n\u00e3o nos permitem \u201clibertar a dor\u201d!<\/p>\n<hr \/>\n<p><a href=\"#_ftnref1\" name=\"_ftn1\">[1]<\/a>Doutor em Teologia B\u00edblica pela FAJE (BH). Mestre em Ci\u00eancias B\u00edblicas (Exegese) pelo Pontif\u00edcio Instituto B\u00edblico de Roma. Professor de Exegese B\u00edblica. \u00c9 membro da Associa\u00e7\u00e3o Brasileira de Pesquisa B\u00edblica (ABIB). Sacerdote Franciscano. Autor de dez livros e coautor de quinze. Youtube: Frei Jacir B\u00edblia e Ap\u00f3crifos. <a href=\"https:\/\/www.youtube.com\/channel\/UCwbSE97jnR6jQwHRigX1KlQ\">https:\/\/www.youtube.com\/channel\/UCwbSE97jnR6jQwHRigX1KlQ<\/a><\/p>\n<p><a href=\"#_ftnref2\" name=\"_ftn2\">[2]<\/a>TAMEZ, ELZA. A mulher que complicou a hist\u00f3ria da salva\u00e7\u00e3o. In Estudos B\u00edblicos, n. 7, Petr\u00f3polis: Vozes, p.56-72, 1985.<\/p>\n<p><a href=\"#_ftnref3\" name=\"_ftn3\">[3]<\/a> FARIA, Jacir de Freitas. Genealogias em G\u00eanesis. Dispon\u00edvel em: <a href=\"http:\/\/revistarebiblica.teo.puc-rio.br\/index.php\/rebiblica\/article\/view\/24\">http:\/\/revistarebiblica.teo.puc-rio.br\/index.php\/rebiblica\/article\/view\/24<\/a> Acesso 20 jun 2023.<\/p>\n<p><a href=\"#_ftnref4\" name=\"_ftn4\">[4]<\/a> SCHWANTES, <strong>Milton, Deus v\u00ea, Deus ouve! G\u00eanesis<\/strong> 12-25, 2013, p.97.<\/p>\n","protected":false},"excerpt":{"rendered":"<p>Artigo de Frei Jacir de Freitas Faria<\/p>\n","protected":false},"author":3,"featured_media":193529,"comment_status":"open","ping_status":"open","sticky":false,"template":"","format":"standard","meta":{"footnotes":""},"categories":[26],"tags":[43],"yoast_head":"<!-- This site is optimized with the Yoast SEO plugin v19.4 - https:\/\/yoast.com\/wordpress\/plugins\/seo\/ -->\n<title>Agar: o grito da escrava rebelde e vision\u00e1ria! (Gn 16, 1-15) - Vida Crist\u00e3 - Franciscanos<\/title>\n<meta name=\"robots\" content=\"index, follow, max-snippet:-1, max-image-preview:large, max-video-preview:-1\" \/>\n<link rel=\"canonical\" href=\"https:\/\/franciscanos.org.br\/vidacrista\/agar-o-grito-da-escrava-rebelde-e-visionaria-gn-16-1-15\/\" \/>\n<meta property=\"og:locale\" content=\"pt_BR\" \/>\n<meta property=\"og:type\" content=\"article\" \/>\n<meta property=\"og:title\" content=\"Agar: o grito da escrava rebelde e vision\u00e1ria! (Gn 16, 1-15) - Vida Crist\u00e3 - Franciscanos\" \/>\n<meta property=\"og:description\" content=\"Artigo de Frei Jacir de Freitas Faria\" \/>\n<meta property=\"og:url\" content=\"https:\/\/franciscanos.org.br\/vidacrista\/agar-o-grito-da-escrava-rebelde-e-visionaria-gn-16-1-15\/\" \/>\n<meta property=\"og:site_name\" content=\"Vida Crist\u00e3 - Franciscanos\" \/>\n<meta property=\"article:published_time\" content=\"2023-06-29T09:42:21+00:00\" \/>\n<meta property=\"article:modified_time\" content=\"2023-06-29T09:48:39+00:00\" \/>\n<meta property=\"og:image\" content=\"https:\/\/franciscanos.org.br\/vidacrista\/wp-content\/uploads\/2023\/06\/artigo_29.jpg\" \/>\n\t<meta property=\"og:image:width\" content=\"840\" \/>\n\t<meta property=\"og:image:height\" content=\"450\" \/>\n\t<meta property=\"og:image:type\" content=\"image\/jpeg\" \/>\n<meta name=\"author\" content=\"moacir\" \/>\n<meta name=\"twitter:card\" content=\"summary_large_image\" \/>\n<meta name=\"twitter:label1\" content=\"Escrito por\" \/>\n\t<meta name=\"twitter:data1\" content=\"moacir\" \/>\n\t<meta name=\"twitter:label2\" content=\"Est. tempo de leitura\" \/>\n\t<meta name=\"twitter:data2\" content=\"7 minutos\" \/>\n<script type=\"application\/ld+json\" class=\"yoast-schema-graph\">{\"@context\":\"https:\/\/schema.org\",\"@graph\":[{\"@type\":\"WebSite\",\"@id\":\"https:\/\/franciscanos.org.br\/vidacrista\/#website\",\"url\":\"https:\/\/franciscanos.org.br\/vidacrista\/\",\"name\":\"Vida Crist\u00e3 - Franciscanos\",\"description\":\"Prov\u00edncia Franciscana da Imaculada Concei\u00e7\u00e3o do Brasil - Ordem dos Frades Menores\",\"potentialAction\":[{\"@type\":\"SearchAction\",\"target\":{\"@type\":\"EntryPoint\",\"urlTemplate\":\"https:\/\/franciscanos.org.br\/vidacrista\/?s={search_term_string}\"},\"query-input\":\"required name=search_term_string\"}],\"inLanguage\":\"pt-BR\"},{\"@type\":\"WebPage\",\"@id\":\"https:\/\/franciscanos.org.br\/vidacrista\/agar-o-grito-da-escrava-rebelde-e-visionaria-gn-16-1-15\/\",\"url\":\"https:\/\/franciscanos.org.br\/vidacrista\/agar-o-grito-da-escrava-rebelde-e-visionaria-gn-16-1-15\/\",\"name\":\"Agar: o grito da escrava rebelde e vision\u00e1ria! (Gn 16, 1-15) - Vida Crist\u00e3 - Franciscanos\",\"isPartOf\":{\"@id\":\"https:\/\/franciscanos.org.br\/vidacrista\/#website\"},\"datePublished\":\"2023-06-29T09:42:21+00:00\",\"dateModified\":\"2023-06-29T09:48:39+00:00\",\"author\":{\"@id\":\"https:\/\/franciscanos.org.br\/vidacrista\/#\/schema\/person\/1880bdd2c350b735648725ef7614736a\"},\"breadcrumb\":{\"@id\":\"https:\/\/franciscanos.org.br\/vidacrista\/agar-o-grito-da-escrava-rebelde-e-visionaria-gn-16-1-15\/#breadcrumb\"},\"inLanguage\":\"pt-BR\",\"potentialAction\":[{\"@type\":\"ReadAction\",\"target\":[\"https:\/\/franciscanos.org.br\/vidacrista\/agar-o-grito-da-escrava-rebelde-e-visionaria-gn-16-1-15\/\"]}]},{\"@type\":\"BreadcrumbList\",\"@id\":\"https:\/\/franciscanos.org.br\/vidacrista\/agar-o-grito-da-escrava-rebelde-e-visionaria-gn-16-1-15\/#breadcrumb\",\"itemListElement\":[{\"@type\":\"ListItem\",\"position\":1,\"name\":\"Home\",\"item\":\"https:\/\/franciscanos.org.br\/vidacrista\/\"},{\"@type\":\"ListItem\",\"position\":2,\"name\":\"Agar: o grito da escrava rebelde e vision\u00e1ria! (Gn 16, 1-15)\"}]},{\"@type\":\"Person\",\"@id\":\"https:\/\/franciscanos.org.br\/vidacrista\/#\/schema\/person\/1880bdd2c350b735648725ef7614736a\",\"name\":\"moacir\",\"image\":{\"@type\":\"ImageObject\",\"inLanguage\":\"pt-BR\",\"@id\":\"https:\/\/franciscanos.org.br\/vidacrista\/#\/schema\/person\/image\/\",\"url\":\"https:\/\/secure.gravatar.com\/avatar\/d08aa2ce4c8dd416d4479aa8536fcf64?s=96&d=mm&r=g\",\"contentUrl\":\"https:\/\/secure.gravatar.com\/avatar\/d08aa2ce4c8dd416d4479aa8536fcf64?s=96&d=mm&r=g\",\"caption\":\"moacir\"},\"url\":\"https:\/\/franciscanos.org.br\/vidacrista\/author\/moacir\/\"}]}<\/script>\n<!-- \/ Yoast SEO plugin. -->","yoast_head_json":{"title":"Agar: o grito da escrava rebelde e vision\u00e1ria! (Gn 16, 1-15) - Vida Crist\u00e3 - Franciscanos","robots":{"index":"index","follow":"follow","max-snippet":"max-snippet:-1","max-image-preview":"max-image-preview:large","max-video-preview":"max-video-preview:-1"},"canonical":"https:\/\/franciscanos.org.br\/vidacrista\/agar-o-grito-da-escrava-rebelde-e-visionaria-gn-16-1-15\/","og_locale":"pt_BR","og_type":"article","og_title":"Agar: o grito da escrava rebelde e vision\u00e1ria! (Gn 16, 1-15) - Vida Crist\u00e3 - Franciscanos","og_description":"Artigo de Frei Jacir de Freitas Faria","og_url":"https:\/\/franciscanos.org.br\/vidacrista\/agar-o-grito-da-escrava-rebelde-e-visionaria-gn-16-1-15\/","og_site_name":"Vida Crist\u00e3 - Franciscanos","article_published_time":"2023-06-29T09:42:21+00:00","article_modified_time":"2023-06-29T09:48:39+00:00","og_image":[{"width":840,"height":450,"url":"https:\/\/franciscanos.org.br\/vidacrista\/wp-content\/uploads\/2023\/06\/artigo_29.jpg","type":"image\/jpeg"}],"author":"moacir","twitter_card":"summary_large_image","twitter_misc":{"Escrito por":"moacir","Est. tempo de leitura":"7 minutos"},"schema":{"@context":"https:\/\/schema.org","@graph":[{"@type":"WebSite","@id":"https:\/\/franciscanos.org.br\/vidacrista\/#website","url":"https:\/\/franciscanos.org.br\/vidacrista\/","name":"Vida Crist\u00e3 - Franciscanos","description":"Prov\u00edncia Franciscana da Imaculada Concei\u00e7\u00e3o do Brasil - Ordem dos Frades Menores","potentialAction":[{"@type":"SearchAction","target":{"@type":"EntryPoint","urlTemplate":"https:\/\/franciscanos.org.br\/vidacrista\/?s={search_term_string}"},"query-input":"required name=search_term_string"}],"inLanguage":"pt-BR"},{"@type":"WebPage","@id":"https:\/\/franciscanos.org.br\/vidacrista\/agar-o-grito-da-escrava-rebelde-e-visionaria-gn-16-1-15\/","url":"https:\/\/franciscanos.org.br\/vidacrista\/agar-o-grito-da-escrava-rebelde-e-visionaria-gn-16-1-15\/","name":"Agar: o grito da escrava rebelde e vision\u00e1ria! (Gn 16, 1-15) - Vida Crist\u00e3 - Franciscanos","isPartOf":{"@id":"https:\/\/franciscanos.org.br\/vidacrista\/#website"},"datePublished":"2023-06-29T09:42:21+00:00","dateModified":"2023-06-29T09:48:39+00:00","author":{"@id":"https:\/\/franciscanos.org.br\/vidacrista\/#\/schema\/person\/1880bdd2c350b735648725ef7614736a"},"breadcrumb":{"@id":"https:\/\/franciscanos.org.br\/vidacrista\/agar-o-grito-da-escrava-rebelde-e-visionaria-gn-16-1-15\/#breadcrumb"},"inLanguage":"pt-BR","potentialAction":[{"@type":"ReadAction","target":["https:\/\/franciscanos.org.br\/vidacrista\/agar-o-grito-da-escrava-rebelde-e-visionaria-gn-16-1-15\/"]}]},{"@type":"BreadcrumbList","@id":"https:\/\/franciscanos.org.br\/vidacrista\/agar-o-grito-da-escrava-rebelde-e-visionaria-gn-16-1-15\/#breadcrumb","itemListElement":[{"@type":"ListItem","position":1,"name":"Home","item":"https:\/\/franciscanos.org.br\/vidacrista\/"},{"@type":"ListItem","position":2,"name":"Agar: o grito da escrava rebelde e vision\u00e1ria! (Gn 16, 1-15)"}]},{"@type":"Person","@id":"https:\/\/franciscanos.org.br\/vidacrista\/#\/schema\/person\/1880bdd2c350b735648725ef7614736a","name":"moacir","image":{"@type":"ImageObject","inLanguage":"pt-BR","@id":"https:\/\/franciscanos.org.br\/vidacrista\/#\/schema\/person\/image\/","url":"https:\/\/secure.gravatar.com\/avatar\/d08aa2ce4c8dd416d4479aa8536fcf64?s=96&d=mm&r=g","contentUrl":"https:\/\/secure.gravatar.com\/avatar\/d08aa2ce4c8dd416d4479aa8536fcf64?s=96&d=mm&r=g","caption":"moacir"},"url":"https:\/\/franciscanos.org.br\/vidacrista\/author\/moacir\/"}]}},"_links":{"self":[{"href":"https:\/\/franciscanos.org.br\/vidacrista\/wp-json\/wp\/v2\/posts\/193528"}],"collection":[{"href":"https:\/\/franciscanos.org.br\/vidacrista\/wp-json\/wp\/v2\/posts"}],"about":[{"href":"https:\/\/franciscanos.org.br\/vidacrista\/wp-json\/wp\/v2\/types\/post"}],"author":[{"embeddable":true,"href":"https:\/\/franciscanos.org.br\/vidacrista\/wp-json\/wp\/v2\/users\/3"}],"replies":[{"embeddable":true,"href":"https:\/\/franciscanos.org.br\/vidacrista\/wp-json\/wp\/v2\/comments?post=193528"}],"version-history":[{"count":4,"href":"https:\/\/franciscanos.org.br\/vidacrista\/wp-json\/wp\/v2\/posts\/193528\/revisions"}],"predecessor-version":[{"id":193533,"href":"https:\/\/franciscanos.org.br\/vidacrista\/wp-json\/wp\/v2\/posts\/193528\/revisions\/193533"}],"wp:featuredmedia":[{"embeddable":true,"href":"https:\/\/franciscanos.org.br\/vidacrista\/wp-json\/wp\/v2\/media\/193529"}],"wp:attachment":[{"href":"https:\/\/franciscanos.org.br\/vidacrista\/wp-json\/wp\/v2\/media?parent=193528"}],"wp:term":[{"taxonomy":"category","embeddable":true,"href":"https:\/\/franciscanos.org.br\/vidacrista\/wp-json\/wp\/v2\/categories?post=193528"},{"taxonomy":"post_tag","embeddable":true,"href":"https:\/\/franciscanos.org.br\/vidacrista\/wp-json\/wp\/v2\/tags?post=193528"}],"curies":[{"name":"wp","href":"https:\/\/api.w.org\/{rel}","templated":true}]}}