{"id":193522,"date":"2023-06-27T16:42:26","date_gmt":"2023-06-27T19:42:26","guid":{"rendered":"https:\/\/franciscanos.org.br\/vidacrista\/?p=193522"},"modified":"2023-06-27T16:42:26","modified_gmt":"2023-06-27T19:42:26","slug":"um-racismo-amador-ou-um-racismo-cultural","status":"publish","type":"post","link":"https:\/\/franciscanos.org.br\/vidacrista\/um-racismo-amador-ou-um-racismo-cultural\/","title":{"rendered":"Um \u201cracismo amador\u201d ou um racismo cultural"},"content":{"rendered":"<div id=\"attachment_193523\" style=\"width: 850px\" class=\"wp-caption alignnone\"><img aria-describedby=\"caption-attachment-193523\" decoding=\"async\" loading=\"lazy\" class=\"wp-image-193523 size-full\" src=\"https:\/\/franciscanos.org.br\/vidacrista\/wp-content\/uploads\/2023\/06\/artigo_270623.png\" alt=\"\" width=\"840\" height=\"450\" srcset=\"https:\/\/franciscanos.org.br\/vidacrista\/wp-content\/uploads\/2023\/06\/artigo_270623.png 840w, https:\/\/franciscanos.org.br\/vidacrista\/wp-content\/uploads\/2023\/06\/artigo_270623-450x241.png 450w, https:\/\/franciscanos.org.br\/vidacrista\/wp-content\/uploads\/2023\/06\/artigo_270623-768x411.png 768w, https:\/\/franciscanos.org.br\/vidacrista\/wp-content\/uploads\/2023\/06\/artigo_270623-150x80.png 150w\" sizes=\"(max-width: 840px) 100vw, 840px\" \/><p id=\"caption-attachment-193523\" class=\"wp-caption-text\">Imagem ilustrativa: Canva <a href=\"http:\/\/(www.canva.com\/pt_br\/modelos\">(www.canva.com\/pt_br\/modelos<\/a>)<\/p><\/div>\n<p><strong>Leonardo Boff<\/strong><\/p>\n<p>A quest\u00e3o do racismo contra os negros \u00e9 ancestral. Nos \u00faltimos tempos ganhou especial relev\u00e2ncia por causa dos crimes cometidos contra alguns deles, de forma cruel, nos USA e das chacinas ocorridas especialmente na Zona Norte e na Baixada do Rio de Janeiro: jovens negros na idade entre 18-20 anos s\u00e3o, n\u00e3o raro, \u201cabatidos\u201d (havia at\u00e9 a cruel \u201clei do abate\u201d introduzida pelo governador do Rio, cassado, Witzel) como se fossem animais. Sob o pretexto de um policial se sentir com medo ou amea\u00e7ado podia \u201cabater\u201d as pessoas, especialmente, negras.<\/p>\n<p>Fen\u00f4meno semelhante est\u00e1 ocorrendo em v\u00e1rios pa\u00edses da Europa. Tenho em m\u00e3os um minucioso estudo de um negro de Guin\u00e9 Bissau, Filomeno Lopes, jornalista bem formado numa universidade italiana e que trabalha em Roma como radialista na r\u00e1dio do Vaticano para a \u00c1frica. Engajado na supera\u00e7\u00e3o do racismo escreveu uma esp\u00e9cie de carta aberta aos jovens italianos, n\u00e3o no dialeto acad\u00eamico, mas de alta divulga\u00e7\u00e3o. A eles dirige uma mensagem, explicando-lhes as muitas raz\u00f5es, todas elas falsas, do porqu\u00ea surgiu o racismo secular contra os negros-africanos. D\u00e1 um t\u00edtulo curioso: \u201cUm racismo amador e descomplexado\u201d. Com isso quis aclarar que o racismo antinegro-africano est\u00e1 culturalmente t\u00e3o arraigado que os jovens lhes desconhecem as raz\u00f5es, por isso, \u00e9 \u201camador,\u00a0 descomplexado\u201d e legitimado. Sem dar-se conta s\u00e3o racistas na linguagem, nas met\u00e1foras, nos chistes e nos comportamentos discriminat\u00f3rios, a ponto de n\u00e3o se darem conta do que fazem e do sofrimento e da humilha\u00e7\u00e3o que produzem nas v\u00edtimas negro-africanas. Esse fato ocorreu recentemente na Espanha contra um excelente jogador negro brasileiro, Vinicius Junior, do Val\u00eancia.<\/p>\n<p>Para muitos europeus os negros africanos s\u00e3o \u201cL\u00e1zaros\u201d, os condenados da Terra, os amaldi\u00e7oados descendentes de Caim b\u00edblico, descartados do sistema mundo.<\/p>\n<p>No Brasil cunhamos a express\u00e3o de \u201cracismo cultural\u201d ou \u201cestrutural\u201d, vale dizer, os tr\u00eas s\u00e9culos de b\u00e1rbara escravid\u00e3o, de maus tratos, de desprezo e de \u00f3dio aos milh\u00f5es de afrodescendentes impregnaram nossa cultura de forma desumana e, por vezes, cruel. S\u00f3 pelo simples fato de serem negros e principalmente se forem pobres e morarem nas favelas que circundam quase todas as nossas cidades.<\/p>\n<p>Vejam a que ponto chegou a barb\u00e1rie nos pa\u00edses ditos \u201ccivilizados\u201d da Europa. Recentemente decidiram como delibera\u00e7\u00e3o dos governos e por unanimidade a omiss\u00e3o de resgate do mar, seja dos que v\u00eam do Oriente M\u00e9dio mas particularmente dos que chegam de \u00c1frica. Colocaram sobre os ombros da It\u00e1lia o encargo do resgate. Mas como est\u00e3o chegando multid\u00f5es, tamb\u00e9m a It\u00e1lia aderiu a esta pol\u00edtica, um crime contra a humanidade e contra toda a tradicional \u00e9tica da \u201clei do mar\u201d escrupulosamente observada por todos na salva\u00e7\u00e3o e no resgate de pessoas postas em risco ou n\u00e1ufragas.<\/p>\n<p>O Mediterr\u00e2neo est\u00e1 se tornando a sepultura de centenas e centenas de pessoas, relegadas, consideradas indesej\u00e1veis e \u201clixo do mundo\u201d. Bem dizia o Papa Francisco: \u201dEles agora est\u00e3o aqui na Europa, porque antes n\u00f3s, europeus, estivemos l\u00e1, na \u00c1frica, sendo bem recebidos mas dominando-os e roubando-lhes as riquezas; agora eles v\u00eam para c\u00e1 e s\u00e3o recha\u00e7ados e mal recebidos\u201d. Se conseguem passar as fronteiras, a primeira pergunta certa feita, sem sequer saud\u00e1-los \u00e9: &#8220;documentos\u201d; n\u00e3o quem \u00e9s? Como te chamas? De onde vens e o que buscas neste pa\u00eds? A maioria foge das guerras e da fome buscam apenas viver com um m\u00ednimo de paz.<\/p>\n<p>Por detr\u00e1s do racismo contra os negros est\u00e1 a arrog\u00e2ncia dos supremacistas brancos europeus e norte-americanos. Julgam-se no topo da pir\u00e2mide da hominiza\u00e7\u00e3o, considerando os negros, em raz\u00e3o da cor de sua pele, a escala intermedi\u00e1ria entre o s\u00edmio antropoide e o homem branco. Como foi poss\u00edvel que estas pessoas, cristianizadas, negaram totalmente a mensagem do Mestre de Nazar\u00e9, n\u00e3o branco mas semita, que revelou serem todos os seres humanos filhos e filhas de Deus e por isso respeit\u00e1veis e am\u00e1veis? Mesmo os maiores fil\u00f3sofos e g\u00eanios n\u00e3o escaparam do v\u00edcio racista, o que comprova a tese de que a cabe\u00e7a pensa a partir de onde os p\u00e9s pisam, no caso, num solo cultural racista, antinegro africano.<\/p>\n<p>Kant, o maior cr\u00edtico da raz\u00e3o pura e da raz\u00e3o pr\u00e1tica, n\u00e3o foi suficientemente cr\u00edtico. \u00c9 dele a afirma\u00e7\u00e3o: &#8220;Os negros da \u00c1frica n\u00e3o receberam da natureza nenhum sentimento que se elevasse acima da estupidez (\u2026). Os pretos (\u2026) s\u00e3o t\u00e3o barulhentos que para acalm\u00e1-los recorremos a pauladas\u201d. Hegel vai mais longe ainda: \u201cO negro encarna o homem no estado de natureza em toda a sua selvajaria e desenfreamento\u201d. Portanto, \u201cse queremos ter uma ideia correta dele, devemo-nos abstrair de qualquer no\u00e7\u00e3o de respeito, moral, de tudo o que se passa sob o nome de sentimento: neste car\u00e1ter n\u00e3o podemos encontrar nada que contenha at\u00e9 mesmo um eco de humanidade. Os relatos detalhados dos mission\u00e1rios confirmam plenamente a nossa afirma\u00e7\u00e3o e parece que s\u00f3 o maometanismo ainda \u00e9 capaz de aproximar os negros da cultura\u201d. Com raz\u00e3o reconhecia Gramsci: &#8220;A hist\u00f3ria \u00e9 mestra mas n\u00e3o tem disc\u00edpulos\u201d. Estes maus disc\u00edpulos forjaram a ideologia que legitimasse a escravid\u00e3o e a supremacia dos brancos.<\/p>\n<p>Todo o esfor\u00e7o do autor \u00e9 mostrar aos jovens os grandes valores das culturas africanas, especialmente ao redor do conceito de Ubuntu: &#8220;Eu s\u00f3 sou eu atrav\u00e9s e com voc\u00ea; eu sou porque n\u00f3s somos; a vida \u00e9 sempre com os outros; o ser humano \u00e9 o rem\u00e9dio do outro ser humano\u201d. \u00c9 o ser juntos, a comunh\u00e3o do \u201cn\u00f3s somos\u201d que funda a &#8220;comunh\u00e3o de destino\u201d.<\/p>\n<p>Se isso for vivido n\u00e3o h\u00e1 por que segregar, j\u00e1 por tantos s\u00e9culos, milh\u00f5es e milh\u00f5es de africanos. Importa recordar que todos n\u00f3s somos africanos, pois, o primeiro ser humano irrompeu na \u00c1frica e de l\u00e1 se difundiu por todo o mundo. Hoje nos encontramos na mesma Casa Comum. Eles que foram os primeiros n\u00e3o podem ser considerados os \u00faltimos. Ao contr\u00e1rio, devemos agradecer-lhes porque neles se formaram as primeiras estruturas ps\u00edquicas, mentais, sentimentais e racionais que nos caracterizam enquanto humanos. Nesse sentido, a M\u00e3e \u00c1frica \u00e9 perene e viver\u00e1 sempre em n\u00f3s, pois com ela formamos uma comunidade de destino junto com a outra M\u00e3e, a Terra.<\/p>\n<hr \/>\n<p><em><strong>Leonardo Boff<\/strong>, te\u00f3logo, fil\u00f3sofo e escritor, escreveu: &#8220;O destino do homem e do mundo&#8221;, Vozes 1973, v\u00e1rias edi\u00e7\u00f5es.<\/em><\/p>\n","protected":false},"excerpt":{"rendered":"<p>Artigo de Leonardo Boff<\/p>\n","protected":false},"author":3,"featured_media":193523,"comment_status":"open","ping_status":"open","sticky":false,"template":"","format":"standard","meta":{"footnotes":""},"categories":[26],"tags":[59],"yoast_head":"<!-- This site is optimized with the Yoast SEO plugin v19.4 - https:\/\/yoast.com\/wordpress\/plugins\/seo\/ -->\n<title>Um \u201cracismo amador\u201d ou um racismo cultural - Vida Crist\u00e3 - Franciscanos<\/title>\n<meta name=\"robots\" content=\"index, follow, max-snippet:-1, max-image-preview:large, max-video-preview:-1\" \/>\n<link rel=\"canonical\" href=\"https:\/\/franciscanos.org.br\/vidacrista\/um-racismo-amador-ou-um-racismo-cultural\/\" \/>\n<meta property=\"og:locale\" content=\"pt_BR\" \/>\n<meta property=\"og:type\" content=\"article\" \/>\n<meta property=\"og:title\" content=\"Um \u201cracismo amador\u201d ou um racismo cultural - Vida Crist\u00e3 - Franciscanos\" \/>\n<meta property=\"og:description\" content=\"Artigo de Leonardo Boff\" \/>\n<meta property=\"og:url\" content=\"https:\/\/franciscanos.org.br\/vidacrista\/um-racismo-amador-ou-um-racismo-cultural\/\" \/>\n<meta property=\"og:site_name\" content=\"Vida Crist\u00e3 - Franciscanos\" \/>\n<meta property=\"article:published_time\" content=\"2023-06-27T19:42:26+00:00\" \/>\n<meta property=\"og:image\" content=\"https:\/\/franciscanos.org.br\/vidacrista\/wp-content\/uploads\/2023\/06\/artigo_270623.png\" \/>\n\t<meta property=\"og:image:width\" content=\"840\" \/>\n\t<meta property=\"og:image:height\" content=\"450\" \/>\n\t<meta property=\"og:image:type\" content=\"image\/png\" \/>\n<meta name=\"author\" content=\"moacir\" \/>\n<meta name=\"twitter:card\" content=\"summary_large_image\" \/>\n<meta name=\"twitter:label1\" content=\"Escrito por\" \/>\n\t<meta name=\"twitter:data1\" content=\"moacir\" \/>\n\t<meta name=\"twitter:label2\" content=\"Est. tempo de leitura\" \/>\n\t<meta name=\"twitter:data2\" content=\"6 minutos\" \/>\n<script type=\"application\/ld+json\" class=\"yoast-schema-graph\">{\"@context\":\"https:\/\/schema.org\",\"@graph\":[{\"@type\":\"WebSite\",\"@id\":\"https:\/\/franciscanos.org.br\/vidacrista\/#website\",\"url\":\"https:\/\/franciscanos.org.br\/vidacrista\/\",\"name\":\"Vida Crist\u00e3 - Franciscanos\",\"description\":\"Prov\u00edncia Franciscana da Imaculada Concei\u00e7\u00e3o do Brasil - Ordem dos Frades Menores\",\"potentialAction\":[{\"@type\":\"SearchAction\",\"target\":{\"@type\":\"EntryPoint\",\"urlTemplate\":\"https:\/\/franciscanos.org.br\/vidacrista\/?s={search_term_string}\"},\"query-input\":\"required name=search_term_string\"}],\"inLanguage\":\"pt-BR\"},{\"@type\":\"WebPage\",\"@id\":\"https:\/\/franciscanos.org.br\/vidacrista\/um-racismo-amador-ou-um-racismo-cultural\/\",\"url\":\"https:\/\/franciscanos.org.br\/vidacrista\/um-racismo-amador-ou-um-racismo-cultural\/\",\"name\":\"Um \u201cracismo amador\u201d ou um racismo cultural - Vida Crist\u00e3 - Franciscanos\",\"isPartOf\":{\"@id\":\"https:\/\/franciscanos.org.br\/vidacrista\/#website\"},\"datePublished\":\"2023-06-27T19:42:26+00:00\",\"dateModified\":\"2023-06-27T19:42:26+00:00\",\"author\":{\"@id\":\"https:\/\/franciscanos.org.br\/vidacrista\/#\/schema\/person\/1880bdd2c350b735648725ef7614736a\"},\"breadcrumb\":{\"@id\":\"https:\/\/franciscanos.org.br\/vidacrista\/um-racismo-amador-ou-um-racismo-cultural\/#breadcrumb\"},\"inLanguage\":\"pt-BR\",\"potentialAction\":[{\"@type\":\"ReadAction\",\"target\":[\"https:\/\/franciscanos.org.br\/vidacrista\/um-racismo-amador-ou-um-racismo-cultural\/\"]}]},{\"@type\":\"BreadcrumbList\",\"@id\":\"https:\/\/franciscanos.org.br\/vidacrista\/um-racismo-amador-ou-um-racismo-cultural\/#breadcrumb\",\"itemListElement\":[{\"@type\":\"ListItem\",\"position\":1,\"name\":\"Home\",\"item\":\"https:\/\/franciscanos.org.br\/vidacrista\/\"},{\"@type\":\"ListItem\",\"position\":2,\"name\":\"Um \u201cracismo amador\u201d ou um racismo cultural\"}]},{\"@type\":\"Person\",\"@id\":\"https:\/\/franciscanos.org.br\/vidacrista\/#\/schema\/person\/1880bdd2c350b735648725ef7614736a\",\"name\":\"moacir\",\"image\":{\"@type\":\"ImageObject\",\"inLanguage\":\"pt-BR\",\"@id\":\"https:\/\/franciscanos.org.br\/vidacrista\/#\/schema\/person\/image\/\",\"url\":\"https:\/\/secure.gravatar.com\/avatar\/d08aa2ce4c8dd416d4479aa8536fcf64?s=96&d=mm&r=g\",\"contentUrl\":\"https:\/\/secure.gravatar.com\/avatar\/d08aa2ce4c8dd416d4479aa8536fcf64?s=96&d=mm&r=g\",\"caption\":\"moacir\"},\"url\":\"https:\/\/franciscanos.org.br\/vidacrista\/author\/moacir\/\"}]}<\/script>\n<!-- \/ Yoast SEO plugin. -->","yoast_head_json":{"title":"Um \u201cracismo amador\u201d ou um racismo cultural - Vida Crist\u00e3 - Franciscanos","robots":{"index":"index","follow":"follow","max-snippet":"max-snippet:-1","max-image-preview":"max-image-preview:large","max-video-preview":"max-video-preview:-1"},"canonical":"https:\/\/franciscanos.org.br\/vidacrista\/um-racismo-amador-ou-um-racismo-cultural\/","og_locale":"pt_BR","og_type":"article","og_title":"Um \u201cracismo amador\u201d ou um racismo cultural - Vida Crist\u00e3 - Franciscanos","og_description":"Artigo de Leonardo Boff","og_url":"https:\/\/franciscanos.org.br\/vidacrista\/um-racismo-amador-ou-um-racismo-cultural\/","og_site_name":"Vida Crist\u00e3 - Franciscanos","article_published_time":"2023-06-27T19:42:26+00:00","og_image":[{"width":840,"height":450,"url":"https:\/\/franciscanos.org.br\/vidacrista\/wp-content\/uploads\/2023\/06\/artigo_270623.png","type":"image\/png"}],"author":"moacir","twitter_card":"summary_large_image","twitter_misc":{"Escrito por":"moacir","Est. tempo de leitura":"6 minutos"},"schema":{"@context":"https:\/\/schema.org","@graph":[{"@type":"WebSite","@id":"https:\/\/franciscanos.org.br\/vidacrista\/#website","url":"https:\/\/franciscanos.org.br\/vidacrista\/","name":"Vida Crist\u00e3 - Franciscanos","description":"Prov\u00edncia Franciscana da Imaculada Concei\u00e7\u00e3o do Brasil - Ordem dos Frades Menores","potentialAction":[{"@type":"SearchAction","target":{"@type":"EntryPoint","urlTemplate":"https:\/\/franciscanos.org.br\/vidacrista\/?s={search_term_string}"},"query-input":"required name=search_term_string"}],"inLanguage":"pt-BR"},{"@type":"WebPage","@id":"https:\/\/franciscanos.org.br\/vidacrista\/um-racismo-amador-ou-um-racismo-cultural\/","url":"https:\/\/franciscanos.org.br\/vidacrista\/um-racismo-amador-ou-um-racismo-cultural\/","name":"Um \u201cracismo amador\u201d ou um racismo cultural - Vida Crist\u00e3 - Franciscanos","isPartOf":{"@id":"https:\/\/franciscanos.org.br\/vidacrista\/#website"},"datePublished":"2023-06-27T19:42:26+00:00","dateModified":"2023-06-27T19:42:26+00:00","author":{"@id":"https:\/\/franciscanos.org.br\/vidacrista\/#\/schema\/person\/1880bdd2c350b735648725ef7614736a"},"breadcrumb":{"@id":"https:\/\/franciscanos.org.br\/vidacrista\/um-racismo-amador-ou-um-racismo-cultural\/#breadcrumb"},"inLanguage":"pt-BR","potentialAction":[{"@type":"ReadAction","target":["https:\/\/franciscanos.org.br\/vidacrista\/um-racismo-amador-ou-um-racismo-cultural\/"]}]},{"@type":"BreadcrumbList","@id":"https:\/\/franciscanos.org.br\/vidacrista\/um-racismo-amador-ou-um-racismo-cultural\/#breadcrumb","itemListElement":[{"@type":"ListItem","position":1,"name":"Home","item":"https:\/\/franciscanos.org.br\/vidacrista\/"},{"@type":"ListItem","position":2,"name":"Um \u201cracismo amador\u201d ou um racismo cultural"}]},{"@type":"Person","@id":"https:\/\/franciscanos.org.br\/vidacrista\/#\/schema\/person\/1880bdd2c350b735648725ef7614736a","name":"moacir","image":{"@type":"ImageObject","inLanguage":"pt-BR","@id":"https:\/\/franciscanos.org.br\/vidacrista\/#\/schema\/person\/image\/","url":"https:\/\/secure.gravatar.com\/avatar\/d08aa2ce4c8dd416d4479aa8536fcf64?s=96&d=mm&r=g","contentUrl":"https:\/\/secure.gravatar.com\/avatar\/d08aa2ce4c8dd416d4479aa8536fcf64?s=96&d=mm&r=g","caption":"moacir"},"url":"https:\/\/franciscanos.org.br\/vidacrista\/author\/moacir\/"}]}},"_links":{"self":[{"href":"https:\/\/franciscanos.org.br\/vidacrista\/wp-json\/wp\/v2\/posts\/193522"}],"collection":[{"href":"https:\/\/franciscanos.org.br\/vidacrista\/wp-json\/wp\/v2\/posts"}],"about":[{"href":"https:\/\/franciscanos.org.br\/vidacrista\/wp-json\/wp\/v2\/types\/post"}],"author":[{"embeddable":true,"href":"https:\/\/franciscanos.org.br\/vidacrista\/wp-json\/wp\/v2\/users\/3"}],"replies":[{"embeddable":true,"href":"https:\/\/franciscanos.org.br\/vidacrista\/wp-json\/wp\/v2\/comments?post=193522"}],"version-history":[{"count":1,"href":"https:\/\/franciscanos.org.br\/vidacrista\/wp-json\/wp\/v2\/posts\/193522\/revisions"}],"predecessor-version":[{"id":193524,"href":"https:\/\/franciscanos.org.br\/vidacrista\/wp-json\/wp\/v2\/posts\/193522\/revisions\/193524"}],"wp:featuredmedia":[{"embeddable":true,"href":"https:\/\/franciscanos.org.br\/vidacrista\/wp-json\/wp\/v2\/media\/193523"}],"wp:attachment":[{"href":"https:\/\/franciscanos.org.br\/vidacrista\/wp-json\/wp\/v2\/media?parent=193522"}],"wp:term":[{"taxonomy":"category","embeddable":true,"href":"https:\/\/franciscanos.org.br\/vidacrista\/wp-json\/wp\/v2\/categories?post=193522"},{"taxonomy":"post_tag","embeddable":true,"href":"https:\/\/franciscanos.org.br\/vidacrista\/wp-json\/wp\/v2\/tags?post=193522"}],"curies":[{"name":"wp","href":"https:\/\/api.w.org\/{rel}","templated":true}]}}