{"id":193504,"date":"2023-06-19T07:36:51","date_gmt":"2023-06-19T10:36:51","guid":{"rendered":"https:\/\/franciscanos.org.br\/vidacrista\/?p=193504"},"modified":"2023-06-19T07:36:51","modified_gmt":"2023-06-19T10:36:51","slug":"do-caos-mundial-uma-nova-ordem","status":"publish","type":"post","link":"https:\/\/franciscanos.org.br\/vidacrista\/do-caos-mundial-uma-nova-ordem\/","title":{"rendered":"Do caos mundial, uma nova ordem?"},"content":{"rendered":"<div id=\"attachment_193505\" style=\"width: 850px\" class=\"wp-caption alignnone\"><img aria-describedby=\"caption-attachment-193505\" decoding=\"async\" loading=\"lazy\" class=\"wp-image-193505 size-full\" src=\"https:\/\/franciscanos.org.br\/vidacrista\/wp-content\/uploads\/2023\/06\/artigo_190623.png\" alt=\"\" width=\"840\" height=\"450\" srcset=\"https:\/\/franciscanos.org.br\/vidacrista\/wp-content\/uploads\/2023\/06\/artigo_190623.png 840w, https:\/\/franciscanos.org.br\/vidacrista\/wp-content\/uploads\/2023\/06\/artigo_190623-450x241.png 450w, https:\/\/franciscanos.org.br\/vidacrista\/wp-content\/uploads\/2023\/06\/artigo_190623-768x411.png 768w, https:\/\/franciscanos.org.br\/vidacrista\/wp-content\/uploads\/2023\/06\/artigo_190623-150x80.png 150w\" sizes=\"(max-width: 840px) 100vw, 840px\" \/><p id=\"caption-attachment-193505\" class=\"wp-caption-text\"><em> Imagem ilustrativa: Canva<\/em> (<a href=\"http:\/\/www.canva.com\/pt_br\/modelos\">www.canva.com\/pt_br\/modelos<\/a>)<\/p><\/div>\n<p><strong>Leonardo Boff<\/strong><\/p>\n<p>Como poucas vezes na hist\u00f3ria geral da humanidade, poss\u00edvel de ser datada, constatamos uma situa\u00e7\u00e3o de caos em todas as dire\u00e7\u00f5es e em todas as esferas da vida humana, da natureza e do planeta Terra como um todo. H\u00e1 pren\u00fancios apocal\u00edpticos que v\u00eam sob o nome do <strong>antropoceno<\/strong> (o ser humano \u00e9 o grande meteoro amea\u00e7ador da vida), do <strong>necroceno<\/strong> (morte massiva de esp\u00e9cies de vida) e ultimamente do <strong>piroceno<\/strong> (os grandes inc\u00eandios em v\u00e1rias regi\u00f5es da Terra), tudo da irrespons\u00e1vel a\u00e7\u00e3o humana e como consequ\u00eancia do novo regime clim\u00e1tico irrefre\u00e1vel, e n\u00e3o em \u00faltimo lugar, o risco de uma hecatombe nuclear a ponto de exterminar toda a vida humana.<\/p>\n<p>N\u00e3o obstante o enorme avan\u00e7o das ci\u00eancias da vida e da terra, principalmente do mundo virtual e da Intelig\u00eancia Artificial (IA) n\u00e3o reina otimismo, mas pessimismo e preocupa\u00e7\u00e3o s\u00e9ria sobre o eventual fim de nossa esp\u00e9cie. Muitos jovens se d\u00e3o conta de que, ao se prolongar e ao se agravar o atual curso da hist\u00f3ria, n\u00e3o ter\u00e3o um futuro apetec\u00edvel. Engajam-se corajosamente num movimento j\u00e1 planet\u00e1rio de salvaguarda da vida e do futuro de nossa Casa Comum, como o faz prototipicamente a jovem Greta Thunberg.<\/p>\n<p>N\u00e3o deixa de soar pesadamente a advert\u00eancia do Papa Francisco em sua enc\u00edclica <em>Fratelli tutti<\/em> (2020):\u201dEstamos todos no mesmo barco; ou nos salvamos todos ou ningu\u00e9m se salva\u201d(n.32).<\/p>\n<p>\u00c9 neste contexto que cabe refletir sobre a contribui\u00e7\u00e3o oferecida por um dos maiores cientistas atuais, j\u00e1 falecido, o russo-belga Ilya Prigogine, pr\u00eamio Nobel de Qu\u00edmica em 1977, com sua vasta obra mas principalmente em \u201cO fim das certezas\u201d(Unesp,1996). Ele e sua equipe criaram uma nova ci\u00eancia, a f\u00edsica dos processos de n\u00e3o-equil\u00edbrio, quer dizer, em situa\u00e7\u00e3o ca\u00f3tica.<\/p>\n<p>Em sua obra coloca em xeque a f\u00edsica cl\u00e1ssica com suas leis determin\u00edsticas e mostra que a flecha do tempo n\u00e3o volta para tr\u00e1s (irreversibilidade) e aponta para probabilidades e nunca para certezas. A pr\u00f3pria evolu\u00e7\u00e3o do universo se caracteriza por flutua\u00e7\u00f5es, desvios, bifurca\u00e7\u00f5es, situa\u00e7\u00f5es ca\u00f3ticas, como a primeira singularidade do<em> big bang<\/em>, geradores de novas ordens. Enfatiza que o caos nunca \u00e9 s\u00f3 ca\u00f3tico. Ele alberga uma ordem escondida que, dadas certas condi\u00e7\u00f5es, ela irrompe e d\u00e1 in\u00edcio a um outro tipo de hist\u00f3ria. O caos, portanto, pode ser generativo, pois, do caos surgiu a vida afirma Prigogine.<\/p>\n<p>Nesse cientista que era tamb\u00e9m um grande humanista, encontramos algumas reflex\u00f5es que n\u00e3o s\u00e3o solu\u00e7\u00f5es, mas inspira\u00e7\u00f5es para desbloquear nosso horizonte sombrio e catastr\u00f3fico. Pode gerar alguma esperan\u00e7a no meio do pessimismo generalizado de nosso mundo, hoje planetizado, a despeito da luta pela hegemonia do processo hist\u00f3rico, unipolar (USA) ou multipolar (R\u00fassia, China e os Brics).<\/p>\n<p>Prigogine parte dizendo que o futuro n\u00e3o est\u00e1 determinado. \u201cA cria\u00e7\u00e3o do universo \u00e9, antes de tudo, uma cria\u00e7\u00e3o de possibilidades, as quais algumas se realizam, outras n\u00e3o\u201d. O que pode acontecer est\u00e1 sempre em pot\u00eancia, em suspens\u00e3o e em estado de flutua\u00e7\u00e3o. Assim ocorreu na hist\u00f3ria das grandes dizima\u00e7\u00f5es ocorridas h\u00e1 milh\u00f5es de anos no planeta Terra. Houve \u00e9pocas, especialmente, quando ocorreu a rompimento da<em> Pangeia<\/em> (o continente \u00fanico) que se partiu em partes, originado os v\u00e1rios continentes. Cerca de 75% da carga bi\u00f3tica desapareceu. A Terra precisou de alguns milh\u00f5es de anos para refazer a sua biodiversidade.<\/p>\n<p>Vale dizer, daquele caos surgiu uma nova ordem. O mesmo cabe para as 15 grandes dizima\u00e7\u00f5es que nunca conseguiram exterminar a vida na Terra. Antes, ocorreu em seguida um salto qualitativo e uma ordem superior. Assim aconteceu com a \u00faltima grande extin\u00e7\u00e3o em massa acontecida h\u00e1 67 milh\u00f5es de anos que levou todos os dinossauros mas poupou o nosso ancestral que evoluiu at\u00e9 atingir o est\u00e1gio atual de <em>sapiens sapiens<\/em> ou, realisticamente, <em>sapiens e demens<\/em>.<\/p>\n<p>Prigogine desenvolveu o que ele chamou de \u201cestruturas dissipativas\u201d. Elas dissipam o caos e mesmo os dejetos transformando-os em novas ordens. Assim, numa linguagem pedestre, do lixo do sol \u2013 os raios que se dispersam e chegam a n\u00f3s \u2013 surge quase toda a vida no planeta Terra, especialmente permitindo a fotoss\u00edntese das plantas que nos entregam o oxig\u00eanio sem o qual ningu\u00e9m vive. Essas estruturas dissipativas transformam a entropia em sintropia. O que \u00e9 deixado de lado e ca\u00f3tico \u00e9 retrabalhado at\u00e9 formar uma ordem nova. Desta forma, n\u00e3o ir\u00edamos ao encontro da morte t\u00e9rmica, um colapso total de toda a mat\u00e9ria e energia, mas de ordens cada vez mais complexas e altas at\u00e9 \u00e0 uma suprema ordem, cujo sentido \u00faltimo nos \u00e9 indecifr\u00e1vel. Prigogine recusa a ideia de que tudo termina no p\u00f3 c\u00f3smico.<\/p>\n<p>Como consequ\u00eancia, Prigogine \u00e9 otimista face ao caos atual, inerente ao processo evolucion\u00e1rio. Nesta fase, cabe ao ser humano a responsabilidade de, ao conhecer o dinamismo da hist\u00f3ria em aberto, assumir decis\u00f5es que deem preval\u00eancia ao caos generativo e fazer valer as estruturas dissipativas que p\u00f5em um freio \u00e0 a\u00e7\u00e3o letal do caos destrutivo.<\/p>\n<p>\u201cCabe ao homem tal qual \u00e9 hoje, com seus problemas, dores e alegrias, garantir que sobreviva ao futuro. A tarefa \u00e9 encontrar a estreita via entre a globaliza\u00e7\u00e3o e a preserva\u00e7\u00e3o do pluralismo cultural, entre a viol\u00eancia e a pol\u00edtica, e entre a cultura da guerra e a da raz\u00e3o\u201d. O ser humano comparece como um ser livre e criativo e poder\u00e1 transformar-se e transformar o caos em cosmos (ordem nova).<\/p>\n<p>Tal parece ser o desafio atual face ao caos que nos assola. Ou tomamos consci\u00eancia de que sobre n\u00f3s recai a responsabilidade de querermos continuar sobre este planeta ou permitir, por nossa irresponsabilidade, um armagedon ecol\u00f3gico-social. Seria o tr\u00e1gico fim de nossa esp\u00e9cie.<\/p>\n<p>Alimentamos com Prigogine a esperan\u00e7a humana (e tamb\u00e9m teol\u00f3gica) de que o atual caos representa uma esp\u00e9cie de parto, com as dores que o acompanha, de uma nova forma de organizar a exist\u00eancia coletiva da esp\u00e9cie humana dentro da \u00fanica Casa Comum, incluindo toda a natureza sem a qual ningu\u00e9m sobreviveria. Se grande \u00e9 o risco, dizia um poeta alem\u00e3o, grande tamb\u00e9m \u00e9 a chance de salva\u00e7\u00e3o. Ou nas palavras das Escrituras: &#8220;Onde abundou o pecado (caos), superabundou a gra\u00e7a (nova ordem: Rm 5,20). Assim esperamos e assim o queira o Deus.<\/p>\n<hr \/>\n<p><strong>Leonardo Boff<\/strong> <em>escreveu &#8220;O doloroso parto da M\u00e3e Terra: uma sociedade de fraternidade sem fronteiras e de amizade social&#8221;, Vozes 2021; &#8220;Habitar a Terra: qual o caminho para a fraternidade universal&#8221;, Vozes 2021.<\/em><\/p>\n","protected":false},"excerpt":{"rendered":"<p>Artigo de Leonardo Boff<\/p>\n","protected":false},"author":3,"featured_media":193505,"comment_status":"open","ping_status":"open","sticky":false,"template":"","format":"standard","meta":{"footnotes":""},"categories":[26],"tags":[59],"yoast_head":"<!-- This site is optimized with the Yoast SEO plugin v19.4 - https:\/\/yoast.com\/wordpress\/plugins\/seo\/ -->\n<title>Do caos mundial, uma nova ordem? - Vida Crist\u00e3 - Franciscanos<\/title>\n<meta name=\"robots\" content=\"index, follow, max-snippet:-1, max-image-preview:large, max-video-preview:-1\" \/>\n<link rel=\"canonical\" href=\"https:\/\/franciscanos.org.br\/vidacrista\/do-caos-mundial-uma-nova-ordem\/\" \/>\n<meta property=\"og:locale\" content=\"pt_BR\" \/>\n<meta property=\"og:type\" content=\"article\" \/>\n<meta property=\"og:title\" content=\"Do caos mundial, uma nova ordem? - Vida Crist\u00e3 - Franciscanos\" \/>\n<meta property=\"og:description\" content=\"Artigo de Leonardo Boff\" \/>\n<meta property=\"og:url\" content=\"https:\/\/franciscanos.org.br\/vidacrista\/do-caos-mundial-uma-nova-ordem\/\" \/>\n<meta property=\"og:site_name\" content=\"Vida Crist\u00e3 - Franciscanos\" \/>\n<meta property=\"article:published_time\" content=\"2023-06-19T10:36:51+00:00\" \/>\n<meta property=\"og:image\" content=\"https:\/\/franciscanos.org.br\/vidacrista\/wp-content\/uploads\/2023\/06\/artigo_190623.png\" \/>\n\t<meta property=\"og:image:width\" content=\"840\" \/>\n\t<meta property=\"og:image:height\" content=\"450\" \/>\n\t<meta property=\"og:image:type\" content=\"image\/png\" \/>\n<meta name=\"author\" content=\"moacir\" \/>\n<meta name=\"twitter:card\" content=\"summary_large_image\" \/>\n<meta name=\"twitter:label1\" content=\"Escrito por\" \/>\n\t<meta name=\"twitter:data1\" content=\"moacir\" \/>\n\t<meta name=\"twitter:label2\" content=\"Est. tempo de leitura\" \/>\n\t<meta name=\"twitter:data2\" content=\"6 minutos\" \/>\n<script type=\"application\/ld+json\" class=\"yoast-schema-graph\">{\"@context\":\"https:\/\/schema.org\",\"@graph\":[{\"@type\":\"WebSite\",\"@id\":\"https:\/\/franciscanos.org.br\/vidacrista\/#website\",\"url\":\"https:\/\/franciscanos.org.br\/vidacrista\/\",\"name\":\"Vida Crist\u00e3 - Franciscanos\",\"description\":\"Prov\u00edncia Franciscana da Imaculada Concei\u00e7\u00e3o do Brasil - Ordem dos Frades Menores\",\"potentialAction\":[{\"@type\":\"SearchAction\",\"target\":{\"@type\":\"EntryPoint\",\"urlTemplate\":\"https:\/\/franciscanos.org.br\/vidacrista\/?s={search_term_string}\"},\"query-input\":\"required name=search_term_string\"}],\"inLanguage\":\"pt-BR\"},{\"@type\":\"WebPage\",\"@id\":\"https:\/\/franciscanos.org.br\/vidacrista\/do-caos-mundial-uma-nova-ordem\/\",\"url\":\"https:\/\/franciscanos.org.br\/vidacrista\/do-caos-mundial-uma-nova-ordem\/\",\"name\":\"Do caos mundial, uma nova ordem? - Vida Crist\u00e3 - Franciscanos\",\"isPartOf\":{\"@id\":\"https:\/\/franciscanos.org.br\/vidacrista\/#website\"},\"datePublished\":\"2023-06-19T10:36:51+00:00\",\"dateModified\":\"2023-06-19T10:36:51+00:00\",\"author\":{\"@id\":\"https:\/\/franciscanos.org.br\/vidacrista\/#\/schema\/person\/1880bdd2c350b735648725ef7614736a\"},\"breadcrumb\":{\"@id\":\"https:\/\/franciscanos.org.br\/vidacrista\/do-caos-mundial-uma-nova-ordem\/#breadcrumb\"},\"inLanguage\":\"pt-BR\",\"potentialAction\":[{\"@type\":\"ReadAction\",\"target\":[\"https:\/\/franciscanos.org.br\/vidacrista\/do-caos-mundial-uma-nova-ordem\/\"]}]},{\"@type\":\"BreadcrumbList\",\"@id\":\"https:\/\/franciscanos.org.br\/vidacrista\/do-caos-mundial-uma-nova-ordem\/#breadcrumb\",\"itemListElement\":[{\"@type\":\"ListItem\",\"position\":1,\"name\":\"Home\",\"item\":\"https:\/\/franciscanos.org.br\/vidacrista\/\"},{\"@type\":\"ListItem\",\"position\":2,\"name\":\"Do caos mundial, uma nova ordem?\"}]},{\"@type\":\"Person\",\"@id\":\"https:\/\/franciscanos.org.br\/vidacrista\/#\/schema\/person\/1880bdd2c350b735648725ef7614736a\",\"name\":\"moacir\",\"image\":{\"@type\":\"ImageObject\",\"inLanguage\":\"pt-BR\",\"@id\":\"https:\/\/franciscanos.org.br\/vidacrista\/#\/schema\/person\/image\/\",\"url\":\"https:\/\/secure.gravatar.com\/avatar\/d08aa2ce4c8dd416d4479aa8536fcf64?s=96&d=mm&r=g\",\"contentUrl\":\"https:\/\/secure.gravatar.com\/avatar\/d08aa2ce4c8dd416d4479aa8536fcf64?s=96&d=mm&r=g\",\"caption\":\"moacir\"},\"url\":\"https:\/\/franciscanos.org.br\/vidacrista\/author\/moacir\/\"}]}<\/script>\n<!-- \/ Yoast SEO plugin. -->","yoast_head_json":{"title":"Do caos mundial, uma nova ordem? - Vida Crist\u00e3 - Franciscanos","robots":{"index":"index","follow":"follow","max-snippet":"max-snippet:-1","max-image-preview":"max-image-preview:large","max-video-preview":"max-video-preview:-1"},"canonical":"https:\/\/franciscanos.org.br\/vidacrista\/do-caos-mundial-uma-nova-ordem\/","og_locale":"pt_BR","og_type":"article","og_title":"Do caos mundial, uma nova ordem? - Vida Crist\u00e3 - Franciscanos","og_description":"Artigo de Leonardo Boff","og_url":"https:\/\/franciscanos.org.br\/vidacrista\/do-caos-mundial-uma-nova-ordem\/","og_site_name":"Vida Crist\u00e3 - Franciscanos","article_published_time":"2023-06-19T10:36:51+00:00","og_image":[{"width":840,"height":450,"url":"https:\/\/franciscanos.org.br\/vidacrista\/wp-content\/uploads\/2023\/06\/artigo_190623.png","type":"image\/png"}],"author":"moacir","twitter_card":"summary_large_image","twitter_misc":{"Escrito por":"moacir","Est. tempo de leitura":"6 minutos"},"schema":{"@context":"https:\/\/schema.org","@graph":[{"@type":"WebSite","@id":"https:\/\/franciscanos.org.br\/vidacrista\/#website","url":"https:\/\/franciscanos.org.br\/vidacrista\/","name":"Vida Crist\u00e3 - Franciscanos","description":"Prov\u00edncia Franciscana da Imaculada Concei\u00e7\u00e3o do Brasil - Ordem dos Frades Menores","potentialAction":[{"@type":"SearchAction","target":{"@type":"EntryPoint","urlTemplate":"https:\/\/franciscanos.org.br\/vidacrista\/?s={search_term_string}"},"query-input":"required name=search_term_string"}],"inLanguage":"pt-BR"},{"@type":"WebPage","@id":"https:\/\/franciscanos.org.br\/vidacrista\/do-caos-mundial-uma-nova-ordem\/","url":"https:\/\/franciscanos.org.br\/vidacrista\/do-caos-mundial-uma-nova-ordem\/","name":"Do caos mundial, uma nova ordem? - Vida Crist\u00e3 - Franciscanos","isPartOf":{"@id":"https:\/\/franciscanos.org.br\/vidacrista\/#website"},"datePublished":"2023-06-19T10:36:51+00:00","dateModified":"2023-06-19T10:36:51+00:00","author":{"@id":"https:\/\/franciscanos.org.br\/vidacrista\/#\/schema\/person\/1880bdd2c350b735648725ef7614736a"},"breadcrumb":{"@id":"https:\/\/franciscanos.org.br\/vidacrista\/do-caos-mundial-uma-nova-ordem\/#breadcrumb"},"inLanguage":"pt-BR","potentialAction":[{"@type":"ReadAction","target":["https:\/\/franciscanos.org.br\/vidacrista\/do-caos-mundial-uma-nova-ordem\/"]}]},{"@type":"BreadcrumbList","@id":"https:\/\/franciscanos.org.br\/vidacrista\/do-caos-mundial-uma-nova-ordem\/#breadcrumb","itemListElement":[{"@type":"ListItem","position":1,"name":"Home","item":"https:\/\/franciscanos.org.br\/vidacrista\/"},{"@type":"ListItem","position":2,"name":"Do caos mundial, uma nova ordem?"}]},{"@type":"Person","@id":"https:\/\/franciscanos.org.br\/vidacrista\/#\/schema\/person\/1880bdd2c350b735648725ef7614736a","name":"moacir","image":{"@type":"ImageObject","inLanguage":"pt-BR","@id":"https:\/\/franciscanos.org.br\/vidacrista\/#\/schema\/person\/image\/","url":"https:\/\/secure.gravatar.com\/avatar\/d08aa2ce4c8dd416d4479aa8536fcf64?s=96&d=mm&r=g","contentUrl":"https:\/\/secure.gravatar.com\/avatar\/d08aa2ce4c8dd416d4479aa8536fcf64?s=96&d=mm&r=g","caption":"moacir"},"url":"https:\/\/franciscanos.org.br\/vidacrista\/author\/moacir\/"}]}},"_links":{"self":[{"href":"https:\/\/franciscanos.org.br\/vidacrista\/wp-json\/wp\/v2\/posts\/193504"}],"collection":[{"href":"https:\/\/franciscanos.org.br\/vidacrista\/wp-json\/wp\/v2\/posts"}],"about":[{"href":"https:\/\/franciscanos.org.br\/vidacrista\/wp-json\/wp\/v2\/types\/post"}],"author":[{"embeddable":true,"href":"https:\/\/franciscanos.org.br\/vidacrista\/wp-json\/wp\/v2\/users\/3"}],"replies":[{"embeddable":true,"href":"https:\/\/franciscanos.org.br\/vidacrista\/wp-json\/wp\/v2\/comments?post=193504"}],"version-history":[{"count":1,"href":"https:\/\/franciscanos.org.br\/vidacrista\/wp-json\/wp\/v2\/posts\/193504\/revisions"}],"predecessor-version":[{"id":193506,"href":"https:\/\/franciscanos.org.br\/vidacrista\/wp-json\/wp\/v2\/posts\/193504\/revisions\/193506"}],"wp:featuredmedia":[{"embeddable":true,"href":"https:\/\/franciscanos.org.br\/vidacrista\/wp-json\/wp\/v2\/media\/193505"}],"wp:attachment":[{"href":"https:\/\/franciscanos.org.br\/vidacrista\/wp-json\/wp\/v2\/media?parent=193504"}],"wp:term":[{"taxonomy":"category","embeddable":true,"href":"https:\/\/franciscanos.org.br\/vidacrista\/wp-json\/wp\/v2\/categories?post=193504"},{"taxonomy":"post_tag","embeddable":true,"href":"https:\/\/franciscanos.org.br\/vidacrista\/wp-json\/wp\/v2\/tags?post=193504"}],"curies":[{"name":"wp","href":"https:\/\/api.w.org\/{rel}","templated":true}]}}