{"id":193422,"date":"2023-06-06T11:09:49","date_gmt":"2023-06-06T14:09:49","guid":{"rendered":"https:\/\/franciscanos.org.br\/vidacrista\/?p=193422"},"modified":"2023-06-06T11:19:04","modified_gmt":"2023-06-06T14:19:04","slug":"uma-novela-chamada-tobias","status":"publish","type":"post","link":"https:\/\/franciscanos.org.br\/vidacrista\/uma-novela-chamada-tobias\/","title":{"rendered":"Uma novela chamada Tobias!"},"content":{"rendered":"<div id=\"attachment_193423\" style=\"width: 850px\" class=\"wp-caption alignnone\"><img aria-describedby=\"caption-attachment-193423\" decoding=\"async\" loading=\"lazy\" class=\"wp-image-193423 size-full\" src=\"https:\/\/franciscanos.org.br\/vidacrista\/wp-content\/uploads\/2023\/06\/artigo_06.jpg\" alt=\"\" width=\"840\" height=\"450\" srcset=\"https:\/\/franciscanos.org.br\/vidacrista\/wp-content\/uploads\/2023\/06\/artigo_06.jpg 840w, https:\/\/franciscanos.org.br\/vidacrista\/wp-content\/uploads\/2023\/06\/artigo_06-450x241.jpg 450w, https:\/\/franciscanos.org.br\/vidacrista\/wp-content\/uploads\/2023\/06\/artigo_06-768x411.jpg 768w, https:\/\/franciscanos.org.br\/vidacrista\/wp-content\/uploads\/2023\/06\/artigo_06-150x80.jpg 150w\" sizes=\"(max-width: 840px) 100vw, 840px\" \/><p id=\"caption-attachment-193423\" class=\"wp-caption-text\"><em>\u00a0&#8220;Tobias e o anjo&#8221;, de Filippino Fiorentino (1472-1482), Wikimedia Commons (dom\u00ednio p\u00fablico)<\/em><\/p><\/div>\n<h3 style=\"text-align: center;\"><strong>Hist\u00f3ria de f\u00e9 de uma fam\u00edlia tradicional judaica (Tb 2,9-14)<br \/>\ne sua rela\u00e7\u00e3o com os nossos dias.<\/strong><\/h3>\n<p><em>Frei Jacir de Freitas Faria<\/em> <a href=\"#_ftn1\" name=\"_ftnref1\">[1]<\/a><\/p>\n<p>O texto sobre o qual vamos refletir \u00e9 tirado do livro de Tobias 2,9-14. Voc\u00ea j\u00e1 leu esse livro? Conhece a sua tem\u00e1tica? Voc\u00ea sabia que o livro de Tobias \u00e9 um dos sete livros que os judeus n\u00e3o consideraram inspirados, ainda que o seu conte\u00fado fosse conhecido entre os judeus. \u00a0A Igreja Cat\u00f3lica reconheceu a sua inspira\u00e7\u00e3o tardiamente, por volta do ano 382. Da\u00ed que ele \u00e9 chamado de deuterocan\u00f4nico, isto \u00e9, pertencente \u00e0 segunda lista de livros inspirados, juntamente com Tobias, Judite, Sabedoria, Eclesi\u00e1stico, Baruc e 1 e 2 Macabeus. Todos esses n\u00e3o foram aceitos na B\u00edblia Hebraica, chamada de TaNaK. Os evang\u00e9licos tamb\u00e9m n\u00e3o t\u00eam esses livros em suas B\u00edblias, porque o monge agostiniano, Martinho Lutero (1483-1546), com a reforma protestante, preferiu retomar a lista curta de livros inspirados dos judeus. Para guardar na mem\u00f3ria o nome desses livros, use a nomenclatura Tojusa Eclobarmac. F\u00e1cil, n\u00e3o?<\/p>\n<p><iframe loading=\"lazy\" title=\"YouTube video player\" src=\"https:\/\/www.youtube.com\/embed\/aYRyNMuqokA\" width=\"100%\" height=\"500\" frameborder=\"0\" allowfullscreen=\"allowfullscreen\"><span data-mce-type=\"bookmark\" style=\"display: inline-block; width: 0px; overflow: hidden; line-height: 0;\" class=\"mce_SELRES_start\">\ufeff<\/span><\/iframe><\/p>\n<p>Dito isso, passemos ao conte\u00fado do livro de Tobias, de modo que possamos compreender a passagem de Tb 2,9-14. O livro de Tobias narra a hist\u00f3ria de uma fam\u00edlia judia, da tribo de Neftali, que estava exilada em N\u00ednive, na regi\u00e3o da Mesopot\u00e2mia, atual Iraque, Kuwait e S\u00edria. \u00a0Tobit, o pai, Ana, a esposa, e o filho Tobias s\u00e3o as personagens principais dessa novela sapiencial. Tobit era um judeu piedoso que mantinha os costumes da religi\u00e3o judaica, mesmo distante de sua p\u00e1tria. No ex\u00edlio, ele fica cego por causa de excrementos de pardais que ca\u00edram nos seus olhos. O pr\u00f3prio Tobit, na abertura do livro, fala de suas atitudes como um exemplar judeu: dava esmola aos seus compatriotas; oferecia sacrif\u00edcios; praticava a justi\u00e7a; fazia peregrina\u00e7\u00f5es a Jerusal\u00e9m; cumpria o sagrado dever de dar sepultura aos mortos; pagava o d\u00edzimo; n\u00e3o comia comidas impuras etc.<\/p>\n<p>Seu filho Tobias, quando viaja, a pedido do pai, para receber a d\u00edvida de um parente, se apaixona pela prima, de nome Sara, vindo a contrair matrim\u00f4nio com ela. Sara j\u00e1 tinha sido casada sete vezes, mas um dem\u00f4nio, de nome Asmodeu, matava seus maridos antes mesmo das n\u00fapcias. O companheiro de viagem, Azarias, era o anjo Rafael disfar\u00e7ado. Seu nome significa \u201cDeus cura\u201d.\u00a0 Durante a viagem, Tobias foi mordido por um peixe. Tobias matou o peixe e o anjo o aconselhou a conservar o seu f\u00edgado e cora\u00e7\u00e3o. O desenvolvimento da trama, at\u00e9 o casamento de Tobias com Sara, \u00e9 regado de detalhes novel\u00edsticos interessantes. F\u00edgado e cora\u00e7\u00e3o de peixe s\u00e3o utilizados para espantar o dem\u00f4nio Asmodeu do quarto do casal. As duas fam\u00edlias exiladas, a de Tobit e de Sara, estreitam la\u00e7os com esse matrim\u00f4nio no ex\u00edlio. Na volta para N\u00ednive, Rafael cura Tobit de sua cegueira, de modo que ele pudesse celebrar tamb\u00e9m o casamento de seu filho com Sara, com uma grande festa. Outros detalhes est\u00e3o no livro. N\u00e3o deixe de l\u00ea-lo!<\/p>\n<p>Conforme o relato de Tobias 2, 9-14, a piedade de Tobit era t\u00e3o grande que ele, j\u00e1 cego, n\u00e3o acreditou na sua mulher, Ana, quando ela chegou em casa com um cabrito doado por um dos seus fregueses de roupas finas tecidas por ela. A sua mulher questiona o marido, colocando em d\u00favida o seu modo piedoso de ser. Tobit \u00e9 comparado a J\u00f3, que tamb\u00e9m era piedoso, tinha tudo e tudo perdeu. J\u00e1 a mulher de Tobit \u00e9 como a mulher de J\u00f3, que depois tanto sofrer com o marido, exclamou: \u201cPersistes ainda em tua integridade? Amaldi\u00e7oa a Deus e morra duma vez! (Jo 2,9)<\/p>\n<p>O livro de Tobias \u00e9 uma hist\u00f3ria envolvente de f\u00e9, ora\u00e7\u00e3o e exorta\u00e7\u00e3o, tendo em vista a manuten\u00e7\u00e3o da tradi\u00e7\u00e3o familiar. Os destinat\u00e1rios do livro s\u00e3o incentivados a manter a identidade de origem dos judeus, seus costumes, sua cultura, suas leis e a sua religi\u00e3o, mesmo vivendo fora da Palestina, na chamada Di\u00e1spora.<\/p>\n<p>Em nossos dias, o discurso de defesa dos valores da fam\u00edlia e da religi\u00e3o est\u00e1 em voga. Discursos atrelados a um catolicismo tradicional e \u00e0 pol\u00edtica de direita t\u00eam suscitado muita pol\u00eamica. S\u00e3o importantes os valores que mant\u00eam as fam\u00edlias unidas? Sim. Ningu\u00e9m duvida! O triste \u00e9 a volta do discurso do in\u00edcio do s\u00e9culo XX, \u201cDeus, p\u00e1tria e fam\u00edlia\u201d, como se ele fosse a solu\u00e7\u00e3o para todos os problemas do Brasil, marcado pela fome, mis\u00e9ria e injusti\u00e7a social. Esse discurso, falseado na defesa de Deus, p\u00e1tria e fam\u00edlia, \u00e9 de origem autorit\u00e1ria, que n\u00e3o permite a liberdade das pessoas. O Brasil \u00e9 um pa\u00eds multifacetado. V\u00e1rios s\u00e3o os brasis. Por aqui, diversas s\u00e3o as interpreta\u00e7\u00f5es de Deus, da p\u00e1tria e da fam\u00edlia.<\/p>\n<p>Respeitar as diferen\u00e7as \u00e9 o melhor caminho para unir o povo brasileiro na f\u00e9 e na fam\u00edlia. Caso contr\u00e1rio, seremos como o velho Tobit da novela b\u00edblica. E a\u00ed, ent\u00e3o, precisaremos de uma Ana para nos questionar: \u201cOnde est\u00e3o as tuas esmolas? Onde est\u00e3o as tuas obras de justi\u00e7a? V\u00ea-se bem em ti o que elas s\u00e3o!\u201d (Tb 2,14). E eu acrescentaria: Onde est\u00e1 alicer\u00e7ada a sua f\u00e9? Qual \u00e9 o modelo de Igreja que sustenta a sua f\u00e9 e vida familiar?<\/p>\n<hr \/>\n<p><a href=\"#_ftnref1\" name=\"_ftn1\">[1]<\/a>Doutor em Teologia B\u00edblica pela FAJE (BH). Mestre em Ci\u00eancias B\u00edblicas (Exegese) pelo Pontif\u00edcio Instituto B\u00edblico de Roma. Professor de Exegese B\u00edblica. \u00c9 membro da Associa\u00e7\u00e3o Brasileira de Pesquisa B\u00edblica (ABIB). Sacerdote Franciscano. Autor de dez livros e coautor de quinze. Youtube: Frei Jacir B\u00edblia e Apocrifos. <a href=\"https:\/\/www.youtube.com\/channel\/UCwbSE97jnR6jQwHRigX1KlQ\">https:\/\/www.youtube.com\/channel\/UCwbSE97jnR6jQwHRigX1KlQ<\/a><\/p>\n","protected":false},"excerpt":{"rendered":"<p>Artigo de Frei Jacir de Freitas Faria<\/p>\n","protected":false},"author":3,"featured_media":193423,"comment_status":"open","ping_status":"open","sticky":false,"template":"","format":"standard","meta":{"footnotes":""},"categories":[26],"tags":[43],"yoast_head":"<!-- This site is optimized with the Yoast SEO plugin v19.4 - https:\/\/yoast.com\/wordpress\/plugins\/seo\/ -->\n<title>Uma novela chamada Tobias! - Vida Crist\u00e3 - Franciscanos<\/title>\n<meta name=\"robots\" content=\"index, follow, max-snippet:-1, max-image-preview:large, max-video-preview:-1\" \/>\n<link rel=\"canonical\" href=\"https:\/\/franciscanos.org.br\/vidacrista\/uma-novela-chamada-tobias\/\" \/>\n<meta property=\"og:locale\" content=\"pt_BR\" \/>\n<meta property=\"og:type\" content=\"article\" \/>\n<meta property=\"og:title\" content=\"Uma novela chamada Tobias! - Vida Crist\u00e3 - Franciscanos\" \/>\n<meta property=\"og:description\" content=\"Artigo de Frei Jacir de Freitas Faria\" \/>\n<meta property=\"og:url\" content=\"https:\/\/franciscanos.org.br\/vidacrista\/uma-novela-chamada-tobias\/\" \/>\n<meta property=\"og:site_name\" content=\"Vida Crist\u00e3 - Franciscanos\" \/>\n<meta property=\"article:published_time\" content=\"2023-06-06T14:09:49+00:00\" \/>\n<meta property=\"article:modified_time\" content=\"2023-06-06T14:19:04+00:00\" \/>\n<meta property=\"og:image\" content=\"https:\/\/franciscanos.org.br\/vidacrista\/wp-content\/uploads\/2023\/06\/artigo_06.jpg\" \/>\n\t<meta property=\"og:image:width\" content=\"840\" \/>\n\t<meta property=\"og:image:height\" content=\"450\" \/>\n\t<meta property=\"og:image:type\" content=\"image\/jpeg\" \/>\n<meta name=\"author\" content=\"moacir\" \/>\n<meta name=\"twitter:card\" content=\"summary_large_image\" \/>\n<meta name=\"twitter:label1\" content=\"Escrito por\" \/>\n\t<meta name=\"twitter:data1\" content=\"moacir\" \/>\n\t<meta name=\"twitter:label2\" content=\"Est. tempo de leitura\" \/>\n\t<meta name=\"twitter:data2\" content=\"6 minutos\" \/>\n<script type=\"application\/ld+json\" class=\"yoast-schema-graph\">{\"@context\":\"https:\/\/schema.org\",\"@graph\":[{\"@type\":\"WebSite\",\"@id\":\"https:\/\/franciscanos.org.br\/vidacrista\/#website\",\"url\":\"https:\/\/franciscanos.org.br\/vidacrista\/\",\"name\":\"Vida Crist\u00e3 - Franciscanos\",\"description\":\"Prov\u00edncia Franciscana da Imaculada Concei\u00e7\u00e3o do Brasil - Ordem dos Frades Menores\",\"potentialAction\":[{\"@type\":\"SearchAction\",\"target\":{\"@type\":\"EntryPoint\",\"urlTemplate\":\"https:\/\/franciscanos.org.br\/vidacrista\/?s={search_term_string}\"},\"query-input\":\"required name=search_term_string\"}],\"inLanguage\":\"pt-BR\"},{\"@type\":\"WebPage\",\"@id\":\"https:\/\/franciscanos.org.br\/vidacrista\/uma-novela-chamada-tobias\/\",\"url\":\"https:\/\/franciscanos.org.br\/vidacrista\/uma-novela-chamada-tobias\/\",\"name\":\"Uma novela chamada Tobias! - Vida Crist\u00e3 - Franciscanos\",\"isPartOf\":{\"@id\":\"https:\/\/franciscanos.org.br\/vidacrista\/#website\"},\"datePublished\":\"2023-06-06T14:09:49+00:00\",\"dateModified\":\"2023-06-06T14:19:04+00:00\",\"author\":{\"@id\":\"https:\/\/franciscanos.org.br\/vidacrista\/#\/schema\/person\/1880bdd2c350b735648725ef7614736a\"},\"breadcrumb\":{\"@id\":\"https:\/\/franciscanos.org.br\/vidacrista\/uma-novela-chamada-tobias\/#breadcrumb\"},\"inLanguage\":\"pt-BR\",\"potentialAction\":[{\"@type\":\"ReadAction\",\"target\":[\"https:\/\/franciscanos.org.br\/vidacrista\/uma-novela-chamada-tobias\/\"]}]},{\"@type\":\"BreadcrumbList\",\"@id\":\"https:\/\/franciscanos.org.br\/vidacrista\/uma-novela-chamada-tobias\/#breadcrumb\",\"itemListElement\":[{\"@type\":\"ListItem\",\"position\":1,\"name\":\"Home\",\"item\":\"https:\/\/franciscanos.org.br\/vidacrista\/\"},{\"@type\":\"ListItem\",\"position\":2,\"name\":\"Uma novela chamada Tobias!\"}]},{\"@type\":\"Person\",\"@id\":\"https:\/\/franciscanos.org.br\/vidacrista\/#\/schema\/person\/1880bdd2c350b735648725ef7614736a\",\"name\":\"moacir\",\"image\":{\"@type\":\"ImageObject\",\"inLanguage\":\"pt-BR\",\"@id\":\"https:\/\/franciscanos.org.br\/vidacrista\/#\/schema\/person\/image\/\",\"url\":\"https:\/\/secure.gravatar.com\/avatar\/d08aa2ce4c8dd416d4479aa8536fcf64?s=96&d=mm&r=g\",\"contentUrl\":\"https:\/\/secure.gravatar.com\/avatar\/d08aa2ce4c8dd416d4479aa8536fcf64?s=96&d=mm&r=g\",\"caption\":\"moacir\"},\"url\":\"https:\/\/franciscanos.org.br\/vidacrista\/author\/moacir\/\"}]}<\/script>\n<!-- \/ Yoast SEO plugin. -->","yoast_head_json":{"title":"Uma novela chamada Tobias! - Vida Crist\u00e3 - Franciscanos","robots":{"index":"index","follow":"follow","max-snippet":"max-snippet:-1","max-image-preview":"max-image-preview:large","max-video-preview":"max-video-preview:-1"},"canonical":"https:\/\/franciscanos.org.br\/vidacrista\/uma-novela-chamada-tobias\/","og_locale":"pt_BR","og_type":"article","og_title":"Uma novela chamada Tobias! - Vida Crist\u00e3 - Franciscanos","og_description":"Artigo de Frei Jacir de Freitas Faria","og_url":"https:\/\/franciscanos.org.br\/vidacrista\/uma-novela-chamada-tobias\/","og_site_name":"Vida Crist\u00e3 - Franciscanos","article_published_time":"2023-06-06T14:09:49+00:00","article_modified_time":"2023-06-06T14:19:04+00:00","og_image":[{"width":840,"height":450,"url":"https:\/\/franciscanos.org.br\/vidacrista\/wp-content\/uploads\/2023\/06\/artigo_06.jpg","type":"image\/jpeg"}],"author":"moacir","twitter_card":"summary_large_image","twitter_misc":{"Escrito por":"moacir","Est. tempo de leitura":"6 minutos"},"schema":{"@context":"https:\/\/schema.org","@graph":[{"@type":"WebSite","@id":"https:\/\/franciscanos.org.br\/vidacrista\/#website","url":"https:\/\/franciscanos.org.br\/vidacrista\/","name":"Vida Crist\u00e3 - Franciscanos","description":"Prov\u00edncia Franciscana da Imaculada Concei\u00e7\u00e3o do Brasil - Ordem dos Frades Menores","potentialAction":[{"@type":"SearchAction","target":{"@type":"EntryPoint","urlTemplate":"https:\/\/franciscanos.org.br\/vidacrista\/?s={search_term_string}"},"query-input":"required name=search_term_string"}],"inLanguage":"pt-BR"},{"@type":"WebPage","@id":"https:\/\/franciscanos.org.br\/vidacrista\/uma-novela-chamada-tobias\/","url":"https:\/\/franciscanos.org.br\/vidacrista\/uma-novela-chamada-tobias\/","name":"Uma novela chamada Tobias! - Vida Crist\u00e3 - Franciscanos","isPartOf":{"@id":"https:\/\/franciscanos.org.br\/vidacrista\/#website"},"datePublished":"2023-06-06T14:09:49+00:00","dateModified":"2023-06-06T14:19:04+00:00","author":{"@id":"https:\/\/franciscanos.org.br\/vidacrista\/#\/schema\/person\/1880bdd2c350b735648725ef7614736a"},"breadcrumb":{"@id":"https:\/\/franciscanos.org.br\/vidacrista\/uma-novela-chamada-tobias\/#breadcrumb"},"inLanguage":"pt-BR","potentialAction":[{"@type":"ReadAction","target":["https:\/\/franciscanos.org.br\/vidacrista\/uma-novela-chamada-tobias\/"]}]},{"@type":"BreadcrumbList","@id":"https:\/\/franciscanos.org.br\/vidacrista\/uma-novela-chamada-tobias\/#breadcrumb","itemListElement":[{"@type":"ListItem","position":1,"name":"Home","item":"https:\/\/franciscanos.org.br\/vidacrista\/"},{"@type":"ListItem","position":2,"name":"Uma novela chamada Tobias!"}]},{"@type":"Person","@id":"https:\/\/franciscanos.org.br\/vidacrista\/#\/schema\/person\/1880bdd2c350b735648725ef7614736a","name":"moacir","image":{"@type":"ImageObject","inLanguage":"pt-BR","@id":"https:\/\/franciscanos.org.br\/vidacrista\/#\/schema\/person\/image\/","url":"https:\/\/secure.gravatar.com\/avatar\/d08aa2ce4c8dd416d4479aa8536fcf64?s=96&d=mm&r=g","contentUrl":"https:\/\/secure.gravatar.com\/avatar\/d08aa2ce4c8dd416d4479aa8536fcf64?s=96&d=mm&r=g","caption":"moacir"},"url":"https:\/\/franciscanos.org.br\/vidacrista\/author\/moacir\/"}]}},"_links":{"self":[{"href":"https:\/\/franciscanos.org.br\/vidacrista\/wp-json\/wp\/v2\/posts\/193422"}],"collection":[{"href":"https:\/\/franciscanos.org.br\/vidacrista\/wp-json\/wp\/v2\/posts"}],"about":[{"href":"https:\/\/franciscanos.org.br\/vidacrista\/wp-json\/wp\/v2\/types\/post"}],"author":[{"embeddable":true,"href":"https:\/\/franciscanos.org.br\/vidacrista\/wp-json\/wp\/v2\/users\/3"}],"replies":[{"embeddable":true,"href":"https:\/\/franciscanos.org.br\/vidacrista\/wp-json\/wp\/v2\/comments?post=193422"}],"version-history":[{"count":5,"href":"https:\/\/franciscanos.org.br\/vidacrista\/wp-json\/wp\/v2\/posts\/193422\/revisions"}],"predecessor-version":[{"id":193428,"href":"https:\/\/franciscanos.org.br\/vidacrista\/wp-json\/wp\/v2\/posts\/193422\/revisions\/193428"}],"wp:featuredmedia":[{"embeddable":true,"href":"https:\/\/franciscanos.org.br\/vidacrista\/wp-json\/wp\/v2\/media\/193423"}],"wp:attachment":[{"href":"https:\/\/franciscanos.org.br\/vidacrista\/wp-json\/wp\/v2\/media?parent=193422"}],"wp:term":[{"taxonomy":"category","embeddable":true,"href":"https:\/\/franciscanos.org.br\/vidacrista\/wp-json\/wp\/v2\/categories?post=193422"},{"taxonomy":"post_tag","embeddable":true,"href":"https:\/\/franciscanos.org.br\/vidacrista\/wp-json\/wp\/v2\/tags?post=193422"}],"curies":[{"name":"wp","href":"https:\/\/api.w.org\/{rel}","templated":true}]}}