{"id":193408,"date":"2023-05-26T15:33:10","date_gmt":"2023-05-26T18:33:10","guid":{"rendered":"https:\/\/franciscanos.org.br\/vidacrista\/?p=193408"},"modified":"2023-05-26T15:40:20","modified_gmt":"2023-05-26T18:40:20","slug":"pentecostes-e-seis-simbolos-em-at-21-13","status":"publish","type":"post","link":"https:\/\/franciscanos.org.br\/vidacrista\/pentecostes-e-seis-simbolos-em-at-21-13\/","title":{"rendered":"Pentecostes e seis s\u00edmbolos em At 2,1-13"},"content":{"rendered":"<div id=\"attachment_193409\" style=\"width: 850px\" class=\"wp-caption alignnone\"><img aria-describedby=\"caption-attachment-193409\" decoding=\"async\" loading=\"lazy\" class=\"wp-image-193409 size-full\" src=\"https:\/\/franciscanos.org.br\/vidacrista\/wp-content\/uploads\/2023\/05\/espirito_santo_26.jpg\" alt=\"\" width=\"840\" height=\"450\" srcset=\"https:\/\/franciscanos.org.br\/vidacrista\/wp-content\/uploads\/2023\/05\/espirito_santo_26.jpg 840w, https:\/\/franciscanos.org.br\/vidacrista\/wp-content\/uploads\/2023\/05\/espirito_santo_26-450x241.jpg 450w, https:\/\/franciscanos.org.br\/vidacrista\/wp-content\/uploads\/2023\/05\/espirito_santo_26-768x411.jpg 768w, https:\/\/franciscanos.org.br\/vidacrista\/wp-content\/uploads\/2023\/05\/espirito_santo_26-150x80.jpg 150w\" sizes=\"(max-width: 840px) 100vw, 840px\" \/><p id=\"caption-attachment-193409\" class=\"wp-caption-text\"><em>Representa\u00e7\u00e3o do Esp\u00edrito Santo na Bas\u00edlica S\u00e3o Pedro, Wikip\u00e9dia<\/em><\/p><\/div>\n<h3><strong>O encontro do ontem com o hoje \u00e0 espera do amanh\u00e3!<\/strong><\/h3>\n<p><em>Frei Jacir de Freitas Faria<\/em> <a href=\"#_ftn1\" name=\"_ftnref1\">[1]<\/a><\/p>\n<p>Na celebra\u00e7\u00e3o de Pentecostes, convido voc\u00ea viajar no imagin\u00e1rio dos s\u00edmbolos que comp\u00f5em essa festa judaica e crist\u00e3. Em Jerusal\u00e9m, celebrava-se a \u201cFesta das Semanas\u201d, isto \u00e9, de Pentecostes, sete semanas mais um dia, ou seja, 50 dias depois da P\u00e1scoa dos judeus. Pentecostes, em grego, significa quinquag\u00e9simo. Era o dia 06 do m\u00eas de <em>Sivan<\/em> (no nosso calend\u00e1rio: 22 de maio), Jerusal\u00e9m estava repleta de peregrinos. Todos teriam trazido as primeiras colheitas para serem ofertadas no Templo de Jerusal\u00e9m.<\/p>\n<p><iframe loading=\"lazy\" title=\"YouTube video player\" src=\"https:\/\/www.youtube.com\/embed\/ow4Ox1MWe1E\" width=\"100%\" height=\"500\" frameborder=\"0\" allowfullscreen=\"allowfullscreen\"><span data-mce-type=\"bookmark\" style=\"display: inline-block; width: 0px; overflow: hidden; line-height: 0;\" class=\"mce_SELRES_start\">\ufeff<\/span><\/iframe><\/p>\n<p>A peregrina\u00e7\u00e3o at\u00e9 Jerusal\u00e9m teria sido linda. Imagine grupos de pessoas caminhando juntos com cestos de uva, trigo, azeitonas, t\u00e2maras, mel, e sendo acolhidos em Jerusal\u00e9m ao som de harpa, flauta e recita\u00e7\u00e3o de Salmos. Todos carregavam dentro de si o desejo de agradecer a Deus pelas primeiras colheitas, e de comemorar o dom da Tor\u00e1 (Lei), dada ao povo no monte Sinai. Comemorar o recebimento da Tor\u00e1 era o mesmo que afirmar: \u201cno dia de sua revela\u00e7\u00e3o eu tamb\u00e9m estava l\u00e1\u201d (Dt 5, 24). Hoje, n\u00f3s, os crist\u00e3os, podemos dizer o mesmo: \u201cno dia de Pentecostes, eu tamb\u00e9m estava l\u00e1.\u201d<\/p>\n<p>O ontem da promessa de Jesus, a de enviar o Esp\u00edrito Santo como Defensor, estava prestes a se realizar. Ningu\u00e9m podia imaginar o que iria acontecer. Em Jerusal\u00e9m estavam todos. E todos presenciaram a vinda do Esp\u00edrito Santo, carregada de s\u00edmbolos que marcariam para sempre a comunidade crist\u00e3, formada por judeus, gregos e tantos outros povos.<\/p>\n<p>S\u00edmbolo \u00e9 tudo aquilo que nos une a algo. Pentecostes acontece ao embalo de seis s\u00edmbolos, a saber:<\/p>\n<p>1. <strong>Casa em Jerusal\u00e9m<\/strong><\/p>\n<p>A vinda do Esp\u00edrito Santo ocorre, segundo a tradi\u00e7\u00e3o, em uma casa de dois andares, em Jerusal\u00e9m, cidade situada no monte Si\u00e3o. Esses dois detalhes evocam claramente o monte Sinai, local onde Mois\u00e9s recebeu os Dez Mandamentos. Estavam reunidos todos no mesmo lugar (At 2,1).<\/p>\n<p>2. <strong>Vento forte<\/strong>. \u201cE de repente, veio do c\u00e9u um barulho, como o de um vento forte, que ressoou por toda a casa onde se encontravam\u201d (At 2,2). O vento evoca a teofania, isto \u00e9, a manifesta\u00e7\u00e3o de Deus que ocorreu com Mois\u00e9s, no Sinai. Ex 19,18 diz que quando Mois\u00e9s recebeu as t\u00e1buas da Lei, \u201ctodo o monte Sinai fumegava, porque o Senhor havia descido sobre ele no meio de chamas.\u00a0O fumo que se elevava era como o de um forno, e todo o monte estremecia violentamente.\u201d Em Pentecostes, trata-se da viol\u00eancia do Esp\u00edrito que leva a comunidade a ser prof\u00e9tica e mission\u00e1ria.<\/p>\n<p>3. <strong>Falar em l\u00ednguas<\/strong>. A comunidade de Lucas substitui voz, que aparece na narrativa do Sinai, para l\u00edngua. Esses termos s\u00e3o semelhantes e ambos se referem \u00e0 Palavra. A Palavra \u00e9 a presen\u00e7a de Deus. L\u00edngua e linguagem t\u00eam o mesmo sentido no texto. Algu\u00e9m fala e outro entende. S\u00e3o os ap\u00f3stolos come\u00e7am a falar nos v\u00e1rios idiomas presentes em Jerusal\u00e9m. O milagre de Pentecostes consiste no fato de que todos entendem os ap\u00f3stolos na sua pr\u00f3pria l\u00edngua e cultura. \u00c9 o mesmo que dizer: a evangeliza\u00e7\u00e3o se realiza com sucesso. Falar numa l\u00edngua que ningu\u00e9m entende n\u00e3o tem sentido nenhum. Pentecostes nos ensina que devemos falar a linguagem do evangelho, pois l\u00edngua \u00e9 diferente de linguagem. L\u00edngua \u00e9 o idioma (portugu\u00eas, ingl\u00eas etc.). Linguagem \u00e9 a comunica\u00e7\u00e3o de um modo de pensar, por exemplo, linguagem jur\u00eddica, m\u00e9dica, teol\u00f3gica etc. Dependendo do ambiente, usamos certo de tipo de linguagem. O grande segredo de Pentecostes \u00e9 que os ap\u00f3stolos falavam a linguagem do reino de Deus que Jesus havia ensinado para eles. Tamb\u00e9m vale ressaltar que Pentecostes n\u00e3o \u00e9 o contr\u00e1rio de Babel (Gn 11,1-9). Nos dois casos, trata-se de linguagem.<\/p>\n<p>4.<strong>De fogo<\/strong>. O fogo \u00e9 modo apocal\u00edptico para dizer que Deus se manifestou (Ex 3,2-3). Deus acompanha o povo pelo deserto numa coluna de fogo que iluminava a noite (Ex 13,20-22). Deus desce para falar com o povo e Mois\u00e9s no Sinai por meio de um fogo (Ex 19,18). Em Atos dos Ap\u00f3stolos o Esp\u00edrito Santo \u00e9 o fogo da Palavra de Jesus que deve ser anunciada pelos seus seguidores.<\/p>\n<p>5.<strong>Multid\u00e3o<\/strong>. Estavam em Jerusal\u00e9m: \u201cpartos, medos, elamitas; os que habitam a Maced\u00f4nia, a Jud\u00e9ia, a Capad\u00f3cia, o Ponto, a \u00c1sia, a Fr\u00edgia, a Panf\u00edlia, o Egito e as prov\u00edncias da L\u00edbia pr\u00f3ximas a Cirene; peregrinos romanos, judeus ou pros\u00e9litos, cretenses e \u00e1rabes\u201d (At 2,9-11). A multid\u00e3o simboliza o povo no deserto que recebeu as t\u00e1buas da Lei. Em Pentecostes eram tr\u00eas mil, n\u00famero n\u00e3o exato, e provinham de 12 povos e 3 regi\u00f5es. Um novo povo de Deus surge!<\/p>\n<p>6. <strong>Est\u00e3o embriagados de vinho doce<\/strong>. Essa acusa\u00e7\u00e3o simboliza os que n\u00e3o est\u00e3o abertos ao novo da comunidade crist\u00e3. Eles acusam os ap\u00f3stolos e a mulheres que estavam com eles, no Cen\u00e1culo, de estarem b\u00eabados com o vinho doce que tinham guardado, pois estariam delirando. A simbologia do vinho diz muito. Jesus, o melhor vinho da festa de Can\u00e1 (Jo 2,1-11), continuaria na comunidade dos ap\u00f3stolos, com a vinda do Esp\u00edrito Santo. Vinho novo era produzido em Pentecostes. O Esp\u00edrito Santo \u00e9, agora, o vinho novo de Pentecostes que renova, embriaga a todos e todas as coisas.<\/p>\n<p>Pentecostes tem rela\u00e7\u00e3o direta com a narrativa do Sinai, quando o povo recebe os Dez Mandamentos. Um novo Sinai estava acontecendo na comunidade crist\u00e3 de Jerusal\u00e9m, por meio do Esp\u00edrito Santo, prometido por Jesus. Pentecostes passa a ser o batismo da comunidade crist\u00e3, chamada a evangelizar. Mais do que um dado hist\u00f3rico, Pentecostes \u00e9 uma profiss\u00e3o de f\u00e9. Sem Pentecostes, a P\u00e1scoa (Passagem) de Jesus n\u00e3o estaria completa. Igualmente, a nossa P\u00e1scoa!<\/p>\n<p>De s\u00edmbolo em s\u00edmbolo a nossa vida segue em dire\u00e7\u00e3o ao tempo que se renova sempre, ainda que pare\u00e7a ser o mesmo. Roguemos ao Esp\u00edrito Santo que transforme os nossos cora\u00e7\u00f5es endurecidos pelas nossas atitudes n\u00e3o condizentes com o evangelho. Vem Esp\u00edrito Santo e renova nossa f\u00e9! Dai-nos o dom de n\u00e3o mais ofender a natureza, os animais e o nosso semelhante. Dai-nos o dom da fraternidade que partilha o p\u00e3o. Dai-nos o dom infinito capaz de promover a justi\u00e7a social e ambiental. Vem Esp\u00edrito Santo e renove a nossa alegria e a nossa esperan\u00e7a! Vem Esp\u00edrito Santo e tire do marasmo e da desilus\u00e3o todos aqueles que est\u00e3o cansados de viver!<\/p>\n<p>Deus, Trindade de Amor, que o ontem de Sua revela\u00e7\u00e3o a Mois\u00e9s, atualizado no hoje da vinda do Esp\u00edrito Santo, renove sempre o nosso ser, na certeza de que o amanh\u00e3 de nossas vidas ser\u00e1 melhor que o hoje! Am\u00e9m! Am\u00e9m! Am\u00e9m!<\/p>\n<hr \/>\n<p><a href=\"#_ftnref1\" name=\"_ftn1\">[1]<\/a>Doutor em Teologia B\u00edblica pela FAJE (BH). Mestre em Ci\u00eancias B\u00edblicas (Exegese) pelo Pontif\u00edcio Instituto B\u00edblico de Roma. Professor de Exegese B\u00edblica. \u00c9 membro da Associa\u00e7\u00e3o Brasileira de Pesquisa B\u00edblica (ABIB). Sacerdote Franciscano. Autor de dez livros e coautor de quinze. Youtube: Frei Jacir B\u00edblia e Apocrifos. <a href=\"https:\/\/www.youtube.com\/channel\/UCwbSE97jnR6jQwHRigX1KlQ\">https:\/\/www.youtube.com\/channel\/UCwbSE97jnR6jQwHRigX1KlQ<\/a><\/p>\n","protected":false},"excerpt":{"rendered":"<p>Artigo de Frei Jacir de Freitas Faria<\/p>\n","protected":false},"author":3,"featured_media":193409,"comment_status":"open","ping_status":"open","sticky":false,"template":"","format":"standard","meta":{"footnotes":""},"categories":[26],"tags":[43],"yoast_head":"<!-- This site is optimized with the Yoast SEO plugin v19.4 - https:\/\/yoast.com\/wordpress\/plugins\/seo\/ -->\n<title>Pentecostes e seis s\u00edmbolos em At 2,1-13 - Vida Crist\u00e3 - Franciscanos<\/title>\n<meta name=\"robots\" content=\"index, follow, max-snippet:-1, max-image-preview:large, max-video-preview:-1\" \/>\n<link rel=\"canonical\" href=\"https:\/\/franciscanos.org.br\/vidacrista\/pentecostes-e-seis-simbolos-em-at-21-13\/\" \/>\n<meta property=\"og:locale\" content=\"pt_BR\" \/>\n<meta property=\"og:type\" content=\"article\" \/>\n<meta property=\"og:title\" content=\"Pentecostes e seis s\u00edmbolos em At 2,1-13 - Vida Crist\u00e3 - Franciscanos\" \/>\n<meta property=\"og:description\" content=\"Artigo de Frei Jacir de Freitas Faria\" \/>\n<meta property=\"og:url\" content=\"https:\/\/franciscanos.org.br\/vidacrista\/pentecostes-e-seis-simbolos-em-at-21-13\/\" \/>\n<meta property=\"og:site_name\" content=\"Vida Crist\u00e3 - Franciscanos\" \/>\n<meta property=\"article:published_time\" content=\"2023-05-26T18:33:10+00:00\" \/>\n<meta property=\"article:modified_time\" content=\"2023-05-26T18:40:20+00:00\" \/>\n<meta property=\"og:image\" content=\"https:\/\/franciscanos.org.br\/vidacrista\/wp-content\/uploads\/2023\/05\/espirito_santo_26.jpg\" \/>\n\t<meta property=\"og:image:width\" content=\"840\" \/>\n\t<meta property=\"og:image:height\" content=\"450\" \/>\n\t<meta property=\"og:image:type\" content=\"image\/jpeg\" \/>\n<meta name=\"author\" content=\"moacir\" \/>\n<meta name=\"twitter:card\" content=\"summary_large_image\" \/>\n<meta name=\"twitter:label1\" content=\"Escrito por\" \/>\n\t<meta name=\"twitter:data1\" content=\"moacir\" \/>\n\t<meta name=\"twitter:label2\" content=\"Est. tempo de leitura\" \/>\n\t<meta name=\"twitter:data2\" content=\"7 minutos\" \/>\n<script type=\"application\/ld+json\" class=\"yoast-schema-graph\">{\"@context\":\"https:\/\/schema.org\",\"@graph\":[{\"@type\":\"WebSite\",\"@id\":\"https:\/\/franciscanos.org.br\/vidacrista\/#website\",\"url\":\"https:\/\/franciscanos.org.br\/vidacrista\/\",\"name\":\"Vida Crist\u00e3 - Franciscanos\",\"description\":\"Prov\u00edncia Franciscana da Imaculada Concei\u00e7\u00e3o do Brasil - Ordem dos Frades Menores\",\"potentialAction\":[{\"@type\":\"SearchAction\",\"target\":{\"@type\":\"EntryPoint\",\"urlTemplate\":\"https:\/\/franciscanos.org.br\/vidacrista\/?s={search_term_string}\"},\"query-input\":\"required name=search_term_string\"}],\"inLanguage\":\"pt-BR\"},{\"@type\":\"WebPage\",\"@id\":\"https:\/\/franciscanos.org.br\/vidacrista\/pentecostes-e-seis-simbolos-em-at-21-13\/\",\"url\":\"https:\/\/franciscanos.org.br\/vidacrista\/pentecostes-e-seis-simbolos-em-at-21-13\/\",\"name\":\"Pentecostes e seis s\u00edmbolos em At 2,1-13 - Vida Crist\u00e3 - Franciscanos\",\"isPartOf\":{\"@id\":\"https:\/\/franciscanos.org.br\/vidacrista\/#website\"},\"datePublished\":\"2023-05-26T18:33:10+00:00\",\"dateModified\":\"2023-05-26T18:40:20+00:00\",\"author\":{\"@id\":\"https:\/\/franciscanos.org.br\/vidacrista\/#\/schema\/person\/1880bdd2c350b735648725ef7614736a\"},\"breadcrumb\":{\"@id\":\"https:\/\/franciscanos.org.br\/vidacrista\/pentecostes-e-seis-simbolos-em-at-21-13\/#breadcrumb\"},\"inLanguage\":\"pt-BR\",\"potentialAction\":[{\"@type\":\"ReadAction\",\"target\":[\"https:\/\/franciscanos.org.br\/vidacrista\/pentecostes-e-seis-simbolos-em-at-21-13\/\"]}]},{\"@type\":\"BreadcrumbList\",\"@id\":\"https:\/\/franciscanos.org.br\/vidacrista\/pentecostes-e-seis-simbolos-em-at-21-13\/#breadcrumb\",\"itemListElement\":[{\"@type\":\"ListItem\",\"position\":1,\"name\":\"Home\",\"item\":\"https:\/\/franciscanos.org.br\/vidacrista\/\"},{\"@type\":\"ListItem\",\"position\":2,\"name\":\"Pentecostes e seis s\u00edmbolos em At 2,1-13\"}]},{\"@type\":\"Person\",\"@id\":\"https:\/\/franciscanos.org.br\/vidacrista\/#\/schema\/person\/1880bdd2c350b735648725ef7614736a\",\"name\":\"moacir\",\"image\":{\"@type\":\"ImageObject\",\"inLanguage\":\"pt-BR\",\"@id\":\"https:\/\/franciscanos.org.br\/vidacrista\/#\/schema\/person\/image\/\",\"url\":\"https:\/\/secure.gravatar.com\/avatar\/d08aa2ce4c8dd416d4479aa8536fcf64?s=96&d=mm&r=g\",\"contentUrl\":\"https:\/\/secure.gravatar.com\/avatar\/d08aa2ce4c8dd416d4479aa8536fcf64?s=96&d=mm&r=g\",\"caption\":\"moacir\"},\"url\":\"https:\/\/franciscanos.org.br\/vidacrista\/author\/moacir\/\"}]}<\/script>\n<!-- \/ Yoast SEO plugin. -->","yoast_head_json":{"title":"Pentecostes e seis s\u00edmbolos em At 2,1-13 - Vida Crist\u00e3 - Franciscanos","robots":{"index":"index","follow":"follow","max-snippet":"max-snippet:-1","max-image-preview":"max-image-preview:large","max-video-preview":"max-video-preview:-1"},"canonical":"https:\/\/franciscanos.org.br\/vidacrista\/pentecostes-e-seis-simbolos-em-at-21-13\/","og_locale":"pt_BR","og_type":"article","og_title":"Pentecostes e seis s\u00edmbolos em At 2,1-13 - Vida Crist\u00e3 - Franciscanos","og_description":"Artigo de Frei Jacir de Freitas Faria","og_url":"https:\/\/franciscanos.org.br\/vidacrista\/pentecostes-e-seis-simbolos-em-at-21-13\/","og_site_name":"Vida Crist\u00e3 - Franciscanos","article_published_time":"2023-05-26T18:33:10+00:00","article_modified_time":"2023-05-26T18:40:20+00:00","og_image":[{"width":840,"height":450,"url":"https:\/\/franciscanos.org.br\/vidacrista\/wp-content\/uploads\/2023\/05\/espirito_santo_26.jpg","type":"image\/jpeg"}],"author":"moacir","twitter_card":"summary_large_image","twitter_misc":{"Escrito por":"moacir","Est. tempo de leitura":"7 minutos"},"schema":{"@context":"https:\/\/schema.org","@graph":[{"@type":"WebSite","@id":"https:\/\/franciscanos.org.br\/vidacrista\/#website","url":"https:\/\/franciscanos.org.br\/vidacrista\/","name":"Vida Crist\u00e3 - Franciscanos","description":"Prov\u00edncia Franciscana da Imaculada Concei\u00e7\u00e3o do Brasil - Ordem dos Frades Menores","potentialAction":[{"@type":"SearchAction","target":{"@type":"EntryPoint","urlTemplate":"https:\/\/franciscanos.org.br\/vidacrista\/?s={search_term_string}"},"query-input":"required name=search_term_string"}],"inLanguage":"pt-BR"},{"@type":"WebPage","@id":"https:\/\/franciscanos.org.br\/vidacrista\/pentecostes-e-seis-simbolos-em-at-21-13\/","url":"https:\/\/franciscanos.org.br\/vidacrista\/pentecostes-e-seis-simbolos-em-at-21-13\/","name":"Pentecostes e seis s\u00edmbolos em At 2,1-13 - Vida Crist\u00e3 - Franciscanos","isPartOf":{"@id":"https:\/\/franciscanos.org.br\/vidacrista\/#website"},"datePublished":"2023-05-26T18:33:10+00:00","dateModified":"2023-05-26T18:40:20+00:00","author":{"@id":"https:\/\/franciscanos.org.br\/vidacrista\/#\/schema\/person\/1880bdd2c350b735648725ef7614736a"},"breadcrumb":{"@id":"https:\/\/franciscanos.org.br\/vidacrista\/pentecostes-e-seis-simbolos-em-at-21-13\/#breadcrumb"},"inLanguage":"pt-BR","potentialAction":[{"@type":"ReadAction","target":["https:\/\/franciscanos.org.br\/vidacrista\/pentecostes-e-seis-simbolos-em-at-21-13\/"]}]},{"@type":"BreadcrumbList","@id":"https:\/\/franciscanos.org.br\/vidacrista\/pentecostes-e-seis-simbolos-em-at-21-13\/#breadcrumb","itemListElement":[{"@type":"ListItem","position":1,"name":"Home","item":"https:\/\/franciscanos.org.br\/vidacrista\/"},{"@type":"ListItem","position":2,"name":"Pentecostes e seis s\u00edmbolos em At 2,1-13"}]},{"@type":"Person","@id":"https:\/\/franciscanos.org.br\/vidacrista\/#\/schema\/person\/1880bdd2c350b735648725ef7614736a","name":"moacir","image":{"@type":"ImageObject","inLanguage":"pt-BR","@id":"https:\/\/franciscanos.org.br\/vidacrista\/#\/schema\/person\/image\/","url":"https:\/\/secure.gravatar.com\/avatar\/d08aa2ce4c8dd416d4479aa8536fcf64?s=96&d=mm&r=g","contentUrl":"https:\/\/secure.gravatar.com\/avatar\/d08aa2ce4c8dd416d4479aa8536fcf64?s=96&d=mm&r=g","caption":"moacir"},"url":"https:\/\/franciscanos.org.br\/vidacrista\/author\/moacir\/"}]}},"_links":{"self":[{"href":"https:\/\/franciscanos.org.br\/vidacrista\/wp-json\/wp\/v2\/posts\/193408"}],"collection":[{"href":"https:\/\/franciscanos.org.br\/vidacrista\/wp-json\/wp\/v2\/posts"}],"about":[{"href":"https:\/\/franciscanos.org.br\/vidacrista\/wp-json\/wp\/v2\/types\/post"}],"author":[{"embeddable":true,"href":"https:\/\/franciscanos.org.br\/vidacrista\/wp-json\/wp\/v2\/users\/3"}],"replies":[{"embeddable":true,"href":"https:\/\/franciscanos.org.br\/vidacrista\/wp-json\/wp\/v2\/comments?post=193408"}],"version-history":[{"count":4,"href":"https:\/\/franciscanos.org.br\/vidacrista\/wp-json\/wp\/v2\/posts\/193408\/revisions"}],"predecessor-version":[{"id":193413,"href":"https:\/\/franciscanos.org.br\/vidacrista\/wp-json\/wp\/v2\/posts\/193408\/revisions\/193413"}],"wp:featuredmedia":[{"embeddable":true,"href":"https:\/\/franciscanos.org.br\/vidacrista\/wp-json\/wp\/v2\/media\/193409"}],"wp:attachment":[{"href":"https:\/\/franciscanos.org.br\/vidacrista\/wp-json\/wp\/v2\/media?parent=193408"}],"wp:term":[{"taxonomy":"category","embeddable":true,"href":"https:\/\/franciscanos.org.br\/vidacrista\/wp-json\/wp\/v2\/categories?post=193408"},{"taxonomy":"post_tag","embeddable":true,"href":"https:\/\/franciscanos.org.br\/vidacrista\/wp-json\/wp\/v2\/tags?post=193408"}],"curies":[{"name":"wp","href":"https:\/\/api.w.org\/{rel}","templated":true}]}}