{"id":193388,"date":"2023-05-25T11:13:53","date_gmt":"2023-05-25T14:13:53","guid":{"rendered":"https:\/\/franciscanos.org.br\/vidacrista\/?p=193388"},"modified":"2023-05-25T11:13:53","modified_gmt":"2023-05-25T14:13:53","slug":"como-deus-surge-dentro-da-nova-visao-do-universo","status":"publish","type":"post","link":"https:\/\/franciscanos.org.br\/vidacrista\/como-deus-surge-dentro-da-nova-visao-do-universo\/","title":{"rendered":"Como Deus surge dentro da nova vis\u00e3o do\u00a0universo"},"content":{"rendered":"<header class=\"entry-header\">\n<div>\n<div id=\"attachment_193389\" style=\"width: 850px\" class=\"wp-caption alignnone\"><img aria-describedby=\"caption-attachment-193389\" decoding=\"async\" loading=\"lazy\" class=\"wp-image-193389 size-full\" src=\"https:\/\/franciscanos.org.br\/vidacrista\/wp-content\/uploads\/2023\/05\/artigo_25.jpg\" alt=\"\" width=\"840\" height=\"450\" srcset=\"https:\/\/franciscanos.org.br\/vidacrista\/wp-content\/uploads\/2023\/05\/artigo_25.jpg 840w, https:\/\/franciscanos.org.br\/vidacrista\/wp-content\/uploads\/2023\/05\/artigo_25-450x241.jpg 450w, https:\/\/franciscanos.org.br\/vidacrista\/wp-content\/uploads\/2023\/05\/artigo_25-768x411.jpg 768w, https:\/\/franciscanos.org.br\/vidacrista\/wp-content\/uploads\/2023\/05\/artigo_25-150x80.jpg 150w\" sizes=\"(max-width: 840px) 100vw, 840px\" \/><p id=\"caption-attachment-193389\" class=\"wp-caption-text\">\u00a0 \u00a0 \u00a0 \u00a0 \u00a0 \u00a0 \u00a0 \u00a0 \u00a0 \u00a0 \u00a0 \u00a0 \u00a0 \u00a0 \u00a0 \u00a0 \u00a0 \u00a0 \u00a0 \u00a0 \u00a0 \u00a0 \u00a0 \u00a0 \u00a0 \u00a0 \u00a0 \u00a0 \u00a0 \u00a0 \u00a0 \u00a0 \u00a0 \u00a0 \u00a0 \u00a0 \u00a0 \u00a0 \u00a0 \u00a0 \u00a0 <em>\u00a0 \u00a0Imagem ilustrativa: Acervo da Prov\u00edncia<\/em><\/p><\/div>\n<\/div>\n<div class=\"entry-meta small-part\"><strong>Leonardo Boff<\/strong><\/div>\n<\/header>\n<div class=\"entry-content\">\n<p data-adtags-visited=\"true\">Esta quest\u00e3o de Deus dentro da moderna vis\u00e3o do mundo (cosmog\u00eanese) surge quando nos interrogamos: o que havia antes do antes e antes\u00a0 do big-bang? Quem deu o impulso inicial para a apari\u00e7\u00e3o daquele pontozinho, menor que a cabe\u00e7a de um alfinete que depois explodiu? Quem sustenta o universo como um todo para continuar a existir e a se expandir, bem como cada um dos seres nele existentes, o ser humano inclu\u00eddo?<\/p>\n<p data-adtags-visited=\"true\">O nada? Mas do nada nunca vem\u00a0 nada. Se apesar disso apareceram seres \u00e9 sinal de que Algu\u00e9m ou Algo os chamou \u00e0 exist\u00eancia e os sustenta permanentemente.<\/p>\n<p data-adtags-visited=\"true\">O que podemos sensatamente dizer sem logo formular uma resposta teol\u00f3gica, \u00e9: antes do\u00a0<em>big bang<\/em>\u00a0existia o Incognosc\u00edvel e vigorava o Mist\u00e9rio. Sobre o Mist\u00e9rio e o Incognosc\u00edvel, por defini\u00e7\u00e3o, n\u00e3o se pode dizer literalmente nada. Por sua natureza, o Mist\u00e9rio e o Incognosc\u00edvel s\u00e3o antes das palavras, antes da energia, da mat\u00e9ria, do espa\u00e7o, do tempo e do pensamento.<\/p>\n<p data-adtags-visited=\"true\">Ora, ocorre que o Mist\u00e9rio e o Incognosc\u00edvel s\u00e3o precisamente os nomes pelos quais as religi\u00f5es, tamb\u00e9m o judaico-crist\u00e3o, significam Deus. Deus \u00e9 sempre Mist\u00e9rio e Incognosc\u00edvel. Diante dele mais vale o sil\u00eancio que a palavra. Apesar disso, Ele pode ser\u00a0 intu\u00eddo pela raz\u00e3o reverente e sentido pelo cora\u00e7\u00e3o inflamado. Seguindo Pascal diria: c<em>rer em Deus n\u00e3o \u00e9 pensar Deus, mas senti-lo a partir da totalidade de nosso ser<\/em>. Ele emerge como uma Presen\u00e7a que enche o universo, se mostra como entusiasmo dentro de n\u00f3s (em grego: <em>ter um Deus dentro<\/em>) e faz surgir em n\u00f3s o sentimento de grandeza, de majestade, de respeito e de venera\u00e7\u00e3o. Essa percep\u00e7\u00e3o \u00e9 t\u00edpica dos seres humanos. Ela \u00e9 ineg\u00e1vel, pouco importa se algu\u00e9m \u00e9 religioso ou n\u00e3o.<\/p>\n<p data-adtags-visited=\"true\">Colocados entre o c\u00e9u e a terra, vendo as mir\u00edades de estrelas, retemos a respira\u00e7\u00e3o e nos enchemos de rever\u00eancia. Naturalmente nos surgem as perguntas:<\/p>\n<p data-adtags-visited=\"true\">Quem fez tudo isso? Quem se esconde atr\u00e1s da Via-Lactea e comanda a expans\u00e3o do universo ainda em curso? Em nossos escrit\u00f3rios refrigerados ou entre quatro paredes brancas de uma sala de aula ou numa roda de conversa solta, podemos dizer qualquer coisa e duvidar de tudo. Mas inseridos na complexidade da natureza e imbu\u00eddos de sua beleza, n\u00e3o podemos calar. \u00c9 imposs\u00edvel desprezar o irromper da aurora, ficar indiferentes diante do desabrochar de uma flor ou n\u00e3o quedar-se pasmados ao contemplar uma crian\u00e7a rec\u00e9m-nascida. Ela nos convence de que,\u00a0<em>sempre que nasce uma crian\u00e7a, Deus ainda acredita na humanidade<\/em>. Quase que espontaneamente dizemos: foi Deus\u00a0 quem colocou tudo em marcha e \u00e9 Deus quem tudo sustenta. Ele \u00e9 a Fonte origin\u00e1ria e o Abismo alimentador de tudo, como dizem alguns cosm\u00f3logos.Eu diria: Ele \u00e9 aquele Ser que faz ser todos os seres.<\/p>\n<p data-adtags-visited=\"true\">Outra quest\u00e3o importante vem simultaneamente suscitada: por que exatamente existe este universo e n\u00e3o outro e n\u00f3s somos colocados nele? O que Deus quis expressar com a cria\u00e7\u00e3o? Responder a isso n\u00e3o \u00e9 preocupa\u00e7\u00e3o apenas da consci\u00eancia religiosa, mas da pr\u00f3pria ci\u00eancia.<\/p>\n<p data-adtags-visited=\"true\">Sirva de ilustra\u00e7\u00e3o Stephen Hawking, um dos maiores f\u00edsicos e matem\u00e1ticos, em seu conhecido livro\u00a0<em>Breve hist\u00f3ria do tempo<\/em>\u00a0(1992): \u201cSe encontrarmos a resposta de por que n\u00f3s e o universo existimos, teremos o triunfo definitivo da raz\u00e3o humana; porque, ent\u00e3o, teremos atingido o conhecimento da mente de Deus\u201d (p. 238). Ocorre que at\u00e9 hoje os cientistas e s\u00e1bios est\u00e3o ainda se interrogando e buscando o des\u00edgnio escondido de Deus.<\/p>\n<p data-adtags-visited=\"true\">As religi\u00f5es e o judaico-crist\u00e3o ousaram uma resposta, dando,com rever\u00eancia, um nome ao Mist\u00e9rio chamando-o por mil nomes, todos insuficientes: Jav\u00e9, Al\u00e1, Tao, Olorum e principalmente Deus.<\/p>\n<p data-adtags-visited=\"true\">O universo e toda a cria\u00e7\u00e3o constituem um como que espelho no qual Deus mesmo se v\u00ea a si mesmo. S\u00e3o expans\u00e3o de seu amor, pois quis companheiros e companheiras junto de si.Ele n\u00e3o \u00e9 solid\u00e3o, mas comunh\u00e3o dos divinos Tr\u00eas \u2013<em> Pai, Filho, Esp\u00edrito Santo<\/em> \u2013 e quer incluir nesta comunh\u00e3o toda natureza e o homem e a mulher, criados \u00e0 sua imagem e semelhan\u00e7a.<\/p>\n<p data-adtags-visited=\"true\">Dizendo isso, descansa o nosso cansado perguntar; mas face ao Mist\u00e9rio de Deus e de todas as coisas, continua o nosso perguntar, sempre aberto a novas respostas.<\/p>\n<hr \/>\n<p data-adtags-visited=\"true\"><strong>Leonardo Boff<\/strong> <em>escreveu junto com o cosm\u00f3logo canadense Mark Hathaway, &#8220;O Tao da liberta\u00e7\u00e3o:explorando a ecologia da transforma\u00e7\u00e3o&#8221;, Vozes 2012; A nova vis\u00e3o do universo, Petr\u00f3polis 2022.<\/em><\/p>\n<\/div>\n","protected":false},"excerpt":{"rendered":"<p>Artigo de Leonardo Boff<\/p>\n","protected":false},"author":3,"featured_media":193389,"comment_status":"open","ping_status":"open","sticky":false,"template":"","format":"standard","meta":{"footnotes":""},"categories":[26],"tags":[59],"yoast_head":"<!-- This site is optimized with the Yoast SEO plugin v19.4 - https:\/\/yoast.com\/wordpress\/plugins\/seo\/ -->\n<title>Como Deus surge dentro da nova vis\u00e3o do\u00a0universo - Vida Crist\u00e3 - Franciscanos<\/title>\n<meta name=\"robots\" content=\"index, follow, max-snippet:-1, max-image-preview:large, max-video-preview:-1\" \/>\n<link rel=\"canonical\" href=\"https:\/\/franciscanos.org.br\/vidacrista\/como-deus-surge-dentro-da-nova-visao-do-universo\/\" \/>\n<meta property=\"og:locale\" content=\"pt_BR\" \/>\n<meta property=\"og:type\" content=\"article\" \/>\n<meta property=\"og:title\" content=\"Como Deus surge dentro da nova vis\u00e3o do\u00a0universo - Vida Crist\u00e3 - Franciscanos\" \/>\n<meta property=\"og:description\" content=\"Artigo de Leonardo Boff\" \/>\n<meta property=\"og:url\" content=\"https:\/\/franciscanos.org.br\/vidacrista\/como-deus-surge-dentro-da-nova-visao-do-universo\/\" \/>\n<meta property=\"og:site_name\" content=\"Vida Crist\u00e3 - Franciscanos\" \/>\n<meta property=\"article:published_time\" content=\"2023-05-25T14:13:53+00:00\" \/>\n<meta property=\"og:image\" content=\"https:\/\/franciscanos.org.br\/vidacrista\/wp-content\/uploads\/2023\/05\/artigo_25.jpg\" \/>\n\t<meta property=\"og:image:width\" content=\"840\" \/>\n\t<meta property=\"og:image:height\" content=\"450\" \/>\n\t<meta property=\"og:image:type\" content=\"image\/jpeg\" \/>\n<meta name=\"author\" content=\"moacir\" \/>\n<meta name=\"twitter:card\" content=\"summary_large_image\" \/>\n<meta name=\"twitter:label1\" content=\"Escrito por\" \/>\n\t<meta name=\"twitter:data1\" content=\"moacir\" \/>\n\t<meta name=\"twitter:label2\" content=\"Est. tempo de leitura\" \/>\n\t<meta name=\"twitter:data2\" content=\"5 minutos\" \/>\n<script type=\"application\/ld+json\" class=\"yoast-schema-graph\">{\"@context\":\"https:\/\/schema.org\",\"@graph\":[{\"@type\":\"WebSite\",\"@id\":\"https:\/\/franciscanos.org.br\/vidacrista\/#website\",\"url\":\"https:\/\/franciscanos.org.br\/vidacrista\/\",\"name\":\"Vida Crist\u00e3 - Franciscanos\",\"description\":\"Prov\u00edncia Franciscana da Imaculada Concei\u00e7\u00e3o do Brasil - Ordem dos Frades Menores\",\"potentialAction\":[{\"@type\":\"SearchAction\",\"target\":{\"@type\":\"EntryPoint\",\"urlTemplate\":\"https:\/\/franciscanos.org.br\/vidacrista\/?s={search_term_string}\"},\"query-input\":\"required name=search_term_string\"}],\"inLanguage\":\"pt-BR\"},{\"@type\":\"WebPage\",\"@id\":\"https:\/\/franciscanos.org.br\/vidacrista\/como-deus-surge-dentro-da-nova-visao-do-universo\/\",\"url\":\"https:\/\/franciscanos.org.br\/vidacrista\/como-deus-surge-dentro-da-nova-visao-do-universo\/\",\"name\":\"Como Deus surge dentro da nova vis\u00e3o do\u00a0universo - Vida Crist\u00e3 - Franciscanos\",\"isPartOf\":{\"@id\":\"https:\/\/franciscanos.org.br\/vidacrista\/#website\"},\"datePublished\":\"2023-05-25T14:13:53+00:00\",\"dateModified\":\"2023-05-25T14:13:53+00:00\",\"author\":{\"@id\":\"https:\/\/franciscanos.org.br\/vidacrista\/#\/schema\/person\/1880bdd2c350b735648725ef7614736a\"},\"breadcrumb\":{\"@id\":\"https:\/\/franciscanos.org.br\/vidacrista\/como-deus-surge-dentro-da-nova-visao-do-universo\/#breadcrumb\"},\"inLanguage\":\"pt-BR\",\"potentialAction\":[{\"@type\":\"ReadAction\",\"target\":[\"https:\/\/franciscanos.org.br\/vidacrista\/como-deus-surge-dentro-da-nova-visao-do-universo\/\"]}]},{\"@type\":\"BreadcrumbList\",\"@id\":\"https:\/\/franciscanos.org.br\/vidacrista\/como-deus-surge-dentro-da-nova-visao-do-universo\/#breadcrumb\",\"itemListElement\":[{\"@type\":\"ListItem\",\"position\":1,\"name\":\"Home\",\"item\":\"https:\/\/franciscanos.org.br\/vidacrista\/\"},{\"@type\":\"ListItem\",\"position\":2,\"name\":\"Como Deus surge dentro da nova vis\u00e3o do\u00a0universo\"}]},{\"@type\":\"Person\",\"@id\":\"https:\/\/franciscanos.org.br\/vidacrista\/#\/schema\/person\/1880bdd2c350b735648725ef7614736a\",\"name\":\"moacir\",\"image\":{\"@type\":\"ImageObject\",\"inLanguage\":\"pt-BR\",\"@id\":\"https:\/\/franciscanos.org.br\/vidacrista\/#\/schema\/person\/image\/\",\"url\":\"https:\/\/secure.gravatar.com\/avatar\/d08aa2ce4c8dd416d4479aa8536fcf64?s=96&d=mm&r=g\",\"contentUrl\":\"https:\/\/secure.gravatar.com\/avatar\/d08aa2ce4c8dd416d4479aa8536fcf64?s=96&d=mm&r=g\",\"caption\":\"moacir\"},\"url\":\"https:\/\/franciscanos.org.br\/vidacrista\/author\/moacir\/\"}]}<\/script>\n<!-- \/ Yoast SEO plugin. -->","yoast_head_json":{"title":"Como Deus surge dentro da nova vis\u00e3o do\u00a0universo - Vida Crist\u00e3 - Franciscanos","robots":{"index":"index","follow":"follow","max-snippet":"max-snippet:-1","max-image-preview":"max-image-preview:large","max-video-preview":"max-video-preview:-1"},"canonical":"https:\/\/franciscanos.org.br\/vidacrista\/como-deus-surge-dentro-da-nova-visao-do-universo\/","og_locale":"pt_BR","og_type":"article","og_title":"Como Deus surge dentro da nova vis\u00e3o do\u00a0universo - Vida Crist\u00e3 - Franciscanos","og_description":"Artigo de Leonardo Boff","og_url":"https:\/\/franciscanos.org.br\/vidacrista\/como-deus-surge-dentro-da-nova-visao-do-universo\/","og_site_name":"Vida Crist\u00e3 - Franciscanos","article_published_time":"2023-05-25T14:13:53+00:00","og_image":[{"width":840,"height":450,"url":"https:\/\/franciscanos.org.br\/vidacrista\/wp-content\/uploads\/2023\/05\/artigo_25.jpg","type":"image\/jpeg"}],"author":"moacir","twitter_card":"summary_large_image","twitter_misc":{"Escrito por":"moacir","Est. tempo de leitura":"5 minutos"},"schema":{"@context":"https:\/\/schema.org","@graph":[{"@type":"WebSite","@id":"https:\/\/franciscanos.org.br\/vidacrista\/#website","url":"https:\/\/franciscanos.org.br\/vidacrista\/","name":"Vida Crist\u00e3 - Franciscanos","description":"Prov\u00edncia Franciscana da Imaculada Concei\u00e7\u00e3o do Brasil - Ordem dos Frades Menores","potentialAction":[{"@type":"SearchAction","target":{"@type":"EntryPoint","urlTemplate":"https:\/\/franciscanos.org.br\/vidacrista\/?s={search_term_string}"},"query-input":"required name=search_term_string"}],"inLanguage":"pt-BR"},{"@type":"WebPage","@id":"https:\/\/franciscanos.org.br\/vidacrista\/como-deus-surge-dentro-da-nova-visao-do-universo\/","url":"https:\/\/franciscanos.org.br\/vidacrista\/como-deus-surge-dentro-da-nova-visao-do-universo\/","name":"Como Deus surge dentro da nova vis\u00e3o do\u00a0universo - Vida Crist\u00e3 - Franciscanos","isPartOf":{"@id":"https:\/\/franciscanos.org.br\/vidacrista\/#website"},"datePublished":"2023-05-25T14:13:53+00:00","dateModified":"2023-05-25T14:13:53+00:00","author":{"@id":"https:\/\/franciscanos.org.br\/vidacrista\/#\/schema\/person\/1880bdd2c350b735648725ef7614736a"},"breadcrumb":{"@id":"https:\/\/franciscanos.org.br\/vidacrista\/como-deus-surge-dentro-da-nova-visao-do-universo\/#breadcrumb"},"inLanguage":"pt-BR","potentialAction":[{"@type":"ReadAction","target":["https:\/\/franciscanos.org.br\/vidacrista\/como-deus-surge-dentro-da-nova-visao-do-universo\/"]}]},{"@type":"BreadcrumbList","@id":"https:\/\/franciscanos.org.br\/vidacrista\/como-deus-surge-dentro-da-nova-visao-do-universo\/#breadcrumb","itemListElement":[{"@type":"ListItem","position":1,"name":"Home","item":"https:\/\/franciscanos.org.br\/vidacrista\/"},{"@type":"ListItem","position":2,"name":"Como Deus surge dentro da nova vis\u00e3o do\u00a0universo"}]},{"@type":"Person","@id":"https:\/\/franciscanos.org.br\/vidacrista\/#\/schema\/person\/1880bdd2c350b735648725ef7614736a","name":"moacir","image":{"@type":"ImageObject","inLanguage":"pt-BR","@id":"https:\/\/franciscanos.org.br\/vidacrista\/#\/schema\/person\/image\/","url":"https:\/\/secure.gravatar.com\/avatar\/d08aa2ce4c8dd416d4479aa8536fcf64?s=96&d=mm&r=g","contentUrl":"https:\/\/secure.gravatar.com\/avatar\/d08aa2ce4c8dd416d4479aa8536fcf64?s=96&d=mm&r=g","caption":"moacir"},"url":"https:\/\/franciscanos.org.br\/vidacrista\/author\/moacir\/"}]}},"_links":{"self":[{"href":"https:\/\/franciscanos.org.br\/vidacrista\/wp-json\/wp\/v2\/posts\/193388"}],"collection":[{"href":"https:\/\/franciscanos.org.br\/vidacrista\/wp-json\/wp\/v2\/posts"}],"about":[{"href":"https:\/\/franciscanos.org.br\/vidacrista\/wp-json\/wp\/v2\/types\/post"}],"author":[{"embeddable":true,"href":"https:\/\/franciscanos.org.br\/vidacrista\/wp-json\/wp\/v2\/users\/3"}],"replies":[{"embeddable":true,"href":"https:\/\/franciscanos.org.br\/vidacrista\/wp-json\/wp\/v2\/comments?post=193388"}],"version-history":[{"count":1,"href":"https:\/\/franciscanos.org.br\/vidacrista\/wp-json\/wp\/v2\/posts\/193388\/revisions"}],"predecessor-version":[{"id":193390,"href":"https:\/\/franciscanos.org.br\/vidacrista\/wp-json\/wp\/v2\/posts\/193388\/revisions\/193390"}],"wp:featuredmedia":[{"embeddable":true,"href":"https:\/\/franciscanos.org.br\/vidacrista\/wp-json\/wp\/v2\/media\/193389"}],"wp:attachment":[{"href":"https:\/\/franciscanos.org.br\/vidacrista\/wp-json\/wp\/v2\/media?parent=193388"}],"wp:term":[{"taxonomy":"category","embeddable":true,"href":"https:\/\/franciscanos.org.br\/vidacrista\/wp-json\/wp\/v2\/categories?post=193388"},{"taxonomy":"post_tag","embeddable":true,"href":"https:\/\/franciscanos.org.br\/vidacrista\/wp-json\/wp\/v2\/tags?post=193388"}],"curies":[{"name":"wp","href":"https:\/\/api.w.org\/{rel}","templated":true}]}}