{"id":193333,"date":"2023-05-15T14:16:13","date_gmt":"2023-05-15T17:16:13","guid":{"rendered":"https:\/\/franciscanos.org.br\/vidacrista\/?p=193333"},"modified":"2023-05-15T14:16:49","modified_gmt":"2023-05-15T17:16:49","slug":"ademir","status":"publish","type":"post","link":"https:\/\/franciscanos.org.br\/vidacrista\/ademir\/","title":{"rendered":"No movimento da Compaix\u00e3o"},"content":{"rendered":"<div id=\"attachment_193334\" style=\"width: 850px\" class=\"wp-caption alignnone\"><img aria-describedby=\"caption-attachment-193334\" decoding=\"async\" loading=\"lazy\" class=\"wp-image-193334 size-full\" src=\"https:\/\/franciscanos.org.br\/vidacrista\/wp-content\/uploads\/2023\/05\/papa_15.jpg\" alt=\"\" width=\"840\" height=\"450\" srcset=\"https:\/\/franciscanos.org.br\/vidacrista\/wp-content\/uploads\/2023\/05\/papa_15.jpg 840w, https:\/\/franciscanos.org.br\/vidacrista\/wp-content\/uploads\/2023\/05\/papa_15-450x241.jpg 450w, https:\/\/franciscanos.org.br\/vidacrista\/wp-content\/uploads\/2023\/05\/papa_15-768x411.jpg 768w, https:\/\/franciscanos.org.br\/vidacrista\/wp-content\/uploads\/2023\/05\/papa_15-150x80.jpg 150w\" sizes=\"(max-width: 840px) 100vw, 840px\" \/><p id=\"caption-attachment-193334\" class=\"wp-caption-text\">Imagem: <a href=\"http:\/\/www.jovensconectados.org.br\">www.jovensconectados.org.br<\/a><\/p><\/div>\n<p><strong>Pe. Ademir Guedes Azevedo, cp<\/strong><\/p>\n<p>M\u00eas passado assisti ao document\u00e1rio produzido pela Disney, \u201c<em>Am\u00e9n. Francisco responde\u201d<\/em>. Fiquei positivamente impactado com o di\u00e1logo realizado entre Papa Francisco e jovens provenientes de diferentes na\u00e7\u00f5es. \u00c9 evidente que sua atitude crist\u00e3 se centra na Compaix\u00e3o. Al\u00e9m disto, mais do que as perguntas, provocativas e atuais, tocou-me a metodologia das respostas. Quem sabe, o modo de responder do Papa seja um daqueles sinais dos tempos mais eloquentes e inspiradores para uma primavera em nossa Igreja, sobretudo para o nosso minist\u00e9rio de jovens presb\u00edteros. Resumo o meu parecer em tr\u00eas aspectos.<\/p>\n<p><strong>Uma reviravolta lingu\u00edstica:<\/strong> por s\u00e9culos, os papas escreviam enc\u00edclicas para propor temas de relev\u00e2ncia. Hoje, quem poder\u00e1 se debru\u00e7ar na leitura de uma enc\u00edclica, a n\u00e3o ser os estudantes de teologia? Como seria poss\u00edvel compactuar as metanarrativas da linguagem do magist\u00e9rio com a rapidez e brevidade das mensagens digitais das redes sociais e dos aplicativos mensageiros? O Papa parece est\u00e1 interessado, como um idoso, em transmitir mais ensinamentos de sua vida do que escrever enc\u00edclicas. Por isso, ele se deslocou do centro para uma periferia de Roma e ali sentou-se para um di\u00e1logo aberto, sem nenhum receio das perguntas. O seu semblante demonstrava paci\u00eancia e respeito. Enquanto os jovens levantavam as suas perguntas, ele n\u00e3o se apressava em responder, permanecia calado e atento ao seu interlocutor. Ele reflete primeiro e depois prop\u00f5e.<\/p>\n<p><strong>A arte da mai\u00eautica:<\/strong> Maia, a m\u00e3e de S\u00f3crates, era uma parteira. Ajudava a dar \u00e0 luz. S\u00f3crates \u00e9 apresentado por Plat\u00e3o em seus di\u00e1logos como um mai\u00eautico: provocava seu interlocutor a dar \u00e0 luz ele mesmo ao conhecimento que est\u00e1 dentro de cada um e fazia isso sempre levantando perguntas. O Papa \u00e9 tamb\u00e9m como uma parteira e ao inv\u00e9s das velhas respostas da casu\u00edstica, ele com seu modo perspicaz de responder ia conduzindo os jovens a tomar a estrada da compaix\u00e3o e da ternura. Ele \u00e9 um parteiro da bondade, daquela f\u00e9 que n\u00e3o etiqueta a ningu\u00e9m com r\u00f3tulos religiosos e morais. Isto era t\u00e3o forte na se\u00e7\u00e3o do di\u00e1logo sobre homossexualidade, pornografia e aborto. A melhor resposta ser\u00e1 sempre o perd\u00e3o e a acolhida, ou seja, o estilo de proximidade do Deus de Jesus.<\/p>\n<p><strong>Estilo samaritano:<\/strong> quem de n\u00f3s est\u00e1 acostumado a sair da rotineira zona sacramental para ir al\u00e9m dos muros da religi\u00e3o e ter com aqueles que n\u00e3o sabem o nosso credo? A nossa forma\u00e7\u00e3o nos acostuma a estudar e preparar homilias para as c\u00f4modas eucaristias do final de semana. Elas s\u00e3o importantes, pois tamb\u00e9m ali as pessoas encontram consola\u00e7\u00e3o para o peso da cruz. Imaginemos, contudo, que \u00e9 poss\u00edvel um novo estilo de vida crist\u00e3 (que venha incluso tamb\u00e9m a vida sacramental) a partir de gestos e atitudes, ou melhor, de a\u00e7\u00f5es samaritanas sem guerras religiosas. Para isto, talvez tenhamos que voltar o olhar mais para as ruas e o dia a dia, onde exatamente se cruzam as hist\u00f3rias e os rostos das pessoas, onde est\u00e1 o choro e o riso, a f\u00e9 e a incredulidade, onde enfim a vida grita. O que este document\u00e1rio me fez refletir foi: n\u00e3o basta s\u00f3 tocar na carne sacramental de Jesus e transcurarmos a sua carne no cotidiana da hist\u00f3ria, pois ali Ele tamb\u00e9m est\u00e1 encarnado.<\/p>\n<hr \/>\n<p><strong>Pe. Ademir Guedes Azevedo, cp (<a href=\"http:\/\/vidapassionista.org\/\" target=\"_blank\" rel=\"noopener\" data-saferedirecturl=\"https:\/\/www.google.com\/url?q=http:\/\/vidapassionista.org&amp;source=gmail&amp;ust=1680094308773000&amp;usg=AOvVaw2Vn9lYYy7YZV-2e1uRD44b\">vidapassionista.org<\/a>)<\/strong>\u00a0<em>\u00e9 mission\u00e1rio passionista da Prov\u00edncia Passionista Gets\u00eamani, em\u00a0 S\u00e3o Paulo e mestre em Teologia Fundamental na Pontif\u00edcia Universidade Gregoriana. Atualmente, faz o doutorado em Teologia Fundamental nesta Universidade.<\/em><\/p>\n","protected":false},"excerpt":{"rendered":"<p>Artigo de Pe. Ademir Guedes Azevedo, cp<\/p>\n","protected":false},"author":3,"featured_media":193334,"comment_status":"open","ping_status":"open","sticky":false,"template":"","format":"standard","meta":{"footnotes":""},"categories":[26],"tags":[188],"yoast_head":"<!-- This site is optimized with the Yoast SEO plugin v19.4 - https:\/\/yoast.com\/wordpress\/plugins\/seo\/ -->\n<title>No movimento da Compaix\u00e3o - Vida Crist\u00e3 - Franciscanos<\/title>\n<meta name=\"robots\" content=\"index, follow, max-snippet:-1, max-image-preview:large, max-video-preview:-1\" \/>\n<link rel=\"canonical\" href=\"https:\/\/franciscanos.org.br\/vidacrista\/ademir\/\" \/>\n<meta property=\"og:locale\" content=\"pt_BR\" \/>\n<meta property=\"og:type\" content=\"article\" \/>\n<meta property=\"og:title\" content=\"No movimento da Compaix\u00e3o - Vida Crist\u00e3 - Franciscanos\" \/>\n<meta property=\"og:description\" content=\"Artigo de Pe. Ademir Guedes Azevedo, cp\" \/>\n<meta property=\"og:url\" content=\"https:\/\/franciscanos.org.br\/vidacrista\/ademir\/\" \/>\n<meta property=\"og:site_name\" content=\"Vida Crist\u00e3 - Franciscanos\" \/>\n<meta property=\"article:published_time\" content=\"2023-05-15T17:16:13+00:00\" \/>\n<meta property=\"article:modified_time\" content=\"2023-05-15T17:16:49+00:00\" \/>\n<meta property=\"og:image\" content=\"https:\/\/franciscanos.org.br\/vidacrista\/wp-content\/uploads\/2023\/05\/papa_15.jpg\" \/>\n\t<meta property=\"og:image:width\" content=\"840\" \/>\n\t<meta property=\"og:image:height\" content=\"450\" \/>\n\t<meta property=\"og:image:type\" content=\"image\/jpeg\" \/>\n<meta name=\"author\" content=\"moacir\" \/>\n<meta name=\"twitter:card\" content=\"summary_large_image\" \/>\n<meta name=\"twitter:label1\" content=\"Escrito por\" \/>\n\t<meta name=\"twitter:data1\" content=\"moacir\" \/>\n\t<meta name=\"twitter:label2\" content=\"Est. tempo de leitura\" \/>\n\t<meta name=\"twitter:data2\" content=\"4 minutos\" \/>\n<script type=\"application\/ld+json\" class=\"yoast-schema-graph\">{\"@context\":\"https:\/\/schema.org\",\"@graph\":[{\"@type\":\"WebSite\",\"@id\":\"https:\/\/franciscanos.org.br\/vidacrista\/#website\",\"url\":\"https:\/\/franciscanos.org.br\/vidacrista\/\",\"name\":\"Vida Crist\u00e3 - Franciscanos\",\"description\":\"Prov\u00edncia Franciscana da Imaculada Concei\u00e7\u00e3o do Brasil - Ordem dos Frades Menores\",\"potentialAction\":[{\"@type\":\"SearchAction\",\"target\":{\"@type\":\"EntryPoint\",\"urlTemplate\":\"https:\/\/franciscanos.org.br\/vidacrista\/?s={search_term_string}\"},\"query-input\":\"required name=search_term_string\"}],\"inLanguage\":\"pt-BR\"},{\"@type\":\"WebPage\",\"@id\":\"https:\/\/franciscanos.org.br\/vidacrista\/ademir\/\",\"url\":\"https:\/\/franciscanos.org.br\/vidacrista\/ademir\/\",\"name\":\"No movimento da Compaix\u00e3o - Vida Crist\u00e3 - Franciscanos\",\"isPartOf\":{\"@id\":\"https:\/\/franciscanos.org.br\/vidacrista\/#website\"},\"datePublished\":\"2023-05-15T17:16:13+00:00\",\"dateModified\":\"2023-05-15T17:16:49+00:00\",\"author\":{\"@id\":\"https:\/\/franciscanos.org.br\/vidacrista\/#\/schema\/person\/1880bdd2c350b735648725ef7614736a\"},\"breadcrumb\":{\"@id\":\"https:\/\/franciscanos.org.br\/vidacrista\/ademir\/#breadcrumb\"},\"inLanguage\":\"pt-BR\",\"potentialAction\":[{\"@type\":\"ReadAction\",\"target\":[\"https:\/\/franciscanos.org.br\/vidacrista\/ademir\/\"]}]},{\"@type\":\"BreadcrumbList\",\"@id\":\"https:\/\/franciscanos.org.br\/vidacrista\/ademir\/#breadcrumb\",\"itemListElement\":[{\"@type\":\"ListItem\",\"position\":1,\"name\":\"Home\",\"item\":\"https:\/\/franciscanos.org.br\/vidacrista\/\"},{\"@type\":\"ListItem\",\"position\":2,\"name\":\"No movimento da Compaix\u00e3o\"}]},{\"@type\":\"Person\",\"@id\":\"https:\/\/franciscanos.org.br\/vidacrista\/#\/schema\/person\/1880bdd2c350b735648725ef7614736a\",\"name\":\"moacir\",\"image\":{\"@type\":\"ImageObject\",\"inLanguage\":\"pt-BR\",\"@id\":\"https:\/\/franciscanos.org.br\/vidacrista\/#\/schema\/person\/image\/\",\"url\":\"https:\/\/secure.gravatar.com\/avatar\/d08aa2ce4c8dd416d4479aa8536fcf64?s=96&d=mm&r=g\",\"contentUrl\":\"https:\/\/secure.gravatar.com\/avatar\/d08aa2ce4c8dd416d4479aa8536fcf64?s=96&d=mm&r=g\",\"caption\":\"moacir\"},\"url\":\"https:\/\/franciscanos.org.br\/vidacrista\/author\/moacir\/\"}]}<\/script>\n<!-- \/ Yoast SEO plugin. -->","yoast_head_json":{"title":"No movimento da Compaix\u00e3o - Vida Crist\u00e3 - Franciscanos","robots":{"index":"index","follow":"follow","max-snippet":"max-snippet:-1","max-image-preview":"max-image-preview:large","max-video-preview":"max-video-preview:-1"},"canonical":"https:\/\/franciscanos.org.br\/vidacrista\/ademir\/","og_locale":"pt_BR","og_type":"article","og_title":"No movimento da Compaix\u00e3o - Vida Crist\u00e3 - Franciscanos","og_description":"Artigo de Pe. Ademir Guedes Azevedo, cp","og_url":"https:\/\/franciscanos.org.br\/vidacrista\/ademir\/","og_site_name":"Vida Crist\u00e3 - Franciscanos","article_published_time":"2023-05-15T17:16:13+00:00","article_modified_time":"2023-05-15T17:16:49+00:00","og_image":[{"width":840,"height":450,"url":"https:\/\/franciscanos.org.br\/vidacrista\/wp-content\/uploads\/2023\/05\/papa_15.jpg","type":"image\/jpeg"}],"author":"moacir","twitter_card":"summary_large_image","twitter_misc":{"Escrito por":"moacir","Est. tempo de leitura":"4 minutos"},"schema":{"@context":"https:\/\/schema.org","@graph":[{"@type":"WebSite","@id":"https:\/\/franciscanos.org.br\/vidacrista\/#website","url":"https:\/\/franciscanos.org.br\/vidacrista\/","name":"Vida Crist\u00e3 - Franciscanos","description":"Prov\u00edncia Franciscana da Imaculada Concei\u00e7\u00e3o do Brasil - Ordem dos Frades Menores","potentialAction":[{"@type":"SearchAction","target":{"@type":"EntryPoint","urlTemplate":"https:\/\/franciscanos.org.br\/vidacrista\/?s={search_term_string}"},"query-input":"required name=search_term_string"}],"inLanguage":"pt-BR"},{"@type":"WebPage","@id":"https:\/\/franciscanos.org.br\/vidacrista\/ademir\/","url":"https:\/\/franciscanos.org.br\/vidacrista\/ademir\/","name":"No movimento da Compaix\u00e3o - Vida Crist\u00e3 - Franciscanos","isPartOf":{"@id":"https:\/\/franciscanos.org.br\/vidacrista\/#website"},"datePublished":"2023-05-15T17:16:13+00:00","dateModified":"2023-05-15T17:16:49+00:00","author":{"@id":"https:\/\/franciscanos.org.br\/vidacrista\/#\/schema\/person\/1880bdd2c350b735648725ef7614736a"},"breadcrumb":{"@id":"https:\/\/franciscanos.org.br\/vidacrista\/ademir\/#breadcrumb"},"inLanguage":"pt-BR","potentialAction":[{"@type":"ReadAction","target":["https:\/\/franciscanos.org.br\/vidacrista\/ademir\/"]}]},{"@type":"BreadcrumbList","@id":"https:\/\/franciscanos.org.br\/vidacrista\/ademir\/#breadcrumb","itemListElement":[{"@type":"ListItem","position":1,"name":"Home","item":"https:\/\/franciscanos.org.br\/vidacrista\/"},{"@type":"ListItem","position":2,"name":"No movimento da Compaix\u00e3o"}]},{"@type":"Person","@id":"https:\/\/franciscanos.org.br\/vidacrista\/#\/schema\/person\/1880bdd2c350b735648725ef7614736a","name":"moacir","image":{"@type":"ImageObject","inLanguage":"pt-BR","@id":"https:\/\/franciscanos.org.br\/vidacrista\/#\/schema\/person\/image\/","url":"https:\/\/secure.gravatar.com\/avatar\/d08aa2ce4c8dd416d4479aa8536fcf64?s=96&d=mm&r=g","contentUrl":"https:\/\/secure.gravatar.com\/avatar\/d08aa2ce4c8dd416d4479aa8536fcf64?s=96&d=mm&r=g","caption":"moacir"},"url":"https:\/\/franciscanos.org.br\/vidacrista\/author\/moacir\/"}]}},"_links":{"self":[{"href":"https:\/\/franciscanos.org.br\/vidacrista\/wp-json\/wp\/v2\/posts\/193333"}],"collection":[{"href":"https:\/\/franciscanos.org.br\/vidacrista\/wp-json\/wp\/v2\/posts"}],"about":[{"href":"https:\/\/franciscanos.org.br\/vidacrista\/wp-json\/wp\/v2\/types\/post"}],"author":[{"embeddable":true,"href":"https:\/\/franciscanos.org.br\/vidacrista\/wp-json\/wp\/v2\/users\/3"}],"replies":[{"embeddable":true,"href":"https:\/\/franciscanos.org.br\/vidacrista\/wp-json\/wp\/v2\/comments?post=193333"}],"version-history":[{"count":2,"href":"https:\/\/franciscanos.org.br\/vidacrista\/wp-json\/wp\/v2\/posts\/193333\/revisions"}],"predecessor-version":[{"id":193336,"href":"https:\/\/franciscanos.org.br\/vidacrista\/wp-json\/wp\/v2\/posts\/193333\/revisions\/193336"}],"wp:featuredmedia":[{"embeddable":true,"href":"https:\/\/franciscanos.org.br\/vidacrista\/wp-json\/wp\/v2\/media\/193334"}],"wp:attachment":[{"href":"https:\/\/franciscanos.org.br\/vidacrista\/wp-json\/wp\/v2\/media?parent=193333"}],"wp:term":[{"taxonomy":"category","embeddable":true,"href":"https:\/\/franciscanos.org.br\/vidacrista\/wp-json\/wp\/v2\/categories?post=193333"},{"taxonomy":"post_tag","embeddable":true,"href":"https:\/\/franciscanos.org.br\/vidacrista\/wp-json\/wp\/v2\/tags?post=193333"}],"curies":[{"name":"wp","href":"https:\/\/api.w.org\/{rel}","templated":true}]}}