{"id":193266,"date":"2023-05-05T07:07:46","date_gmt":"2023-05-05T10:07:46","guid":{"rendered":"https:\/\/franciscanos.org.br\/vidacrista\/?p=193266"},"modified":"2023-05-07T06:54:32","modified_gmt":"2023-05-07T09:54:32","slug":"mostra-nos-o-caminho-para-a-morada-do-pai-jo-141-12-as-nossas-relacoes-e-o-pos-pandemia","status":"publish","type":"post","link":"https:\/\/franciscanos.org.br\/vidacrista\/mostra-nos-o-caminho-para-a-morada-do-pai-jo-141-12-as-nossas-relacoes-e-o-pos-pandemia\/","title":{"rendered":"\u201cMostra-nos o caminho para a morada do Pai!\u201d (Jo 14,1-12) &#8211; As nossas rela\u00e7\u00f5es e o p\u00f3s-pandemia!"},"content":{"rendered":"<div id=\"attachment_193268\" style=\"width: 850px\" class=\"wp-caption alignnone\"><img aria-describedby=\"caption-attachment-193268\" decoding=\"async\" loading=\"lazy\" class=\"wp-image-193268 size-full\" src=\"https:\/\/franciscanos.org.br\/vidacrista\/wp-content\/uploads\/2023\/05\/artigo_05.jpg\" alt=\"\" width=\"840\" height=\"450\" srcset=\"https:\/\/franciscanos.org.br\/vidacrista\/wp-content\/uploads\/2023\/05\/artigo_05.jpg 840w, https:\/\/franciscanos.org.br\/vidacrista\/wp-content\/uploads\/2023\/05\/artigo_05-450x241.jpg 450w, https:\/\/franciscanos.org.br\/vidacrista\/wp-content\/uploads\/2023\/05\/artigo_05-768x411.jpg 768w, https:\/\/franciscanos.org.br\/vidacrista\/wp-content\/uploads\/2023\/05\/artigo_05-150x80.jpg 150w\" sizes=\"(max-width: 840px) 100vw, 840px\" \/><p id=\"caption-attachment-193268\" class=\"wp-caption-text\"><em>&#8220;Jesus e os disc\u00edpulos&#8221;, James Tissot (1836\u20131902) Wikimedia Commons, dom\u00ednio p\u00fablico<\/em><\/p><\/div>\n<p><em>Frei Jacir de Freitas Faria<\/em> <a href=\"#_ftn1\" name=\"_ftnref1\">[1]<\/a><\/p>\n<p>O evangelho sobre o qual vamos refletir hoje \u00e9 de Jo 14,1-12. Jesus diz que na casa do Pai h\u00e1 muitas moradas e somente com Ele \u00e9 que podemos percorrer o caminho que nos leva ao encontro do Pai. O contexto dessa passagem \u00e9 a prepara\u00e7\u00e3o para a morte de Jesus. A comunidade joanina, ap\u00f3s apresentar os v\u00e1rios sinais da presen\u00e7a de Jesus, na morada terrestre como enviado do Pai, traz \u00e0 tona as rela\u00e7\u00f5es dos disc\u00edpulos com Jesus e entre eles, tendo em vista a volta de Jesus para a morada celeste.<\/p>\n<p><iframe loading=\"lazy\" title=\"YouTube video player\" src=\"https:\/\/www.youtube.com\/embed\/nsgOPhJKe5I\" width=\"100%\" height=\"500\" frameborder=\"0\" allowfullscreen=\"allowfullscreen\"><span data-mce-type=\"bookmark\" style=\"display: inline-block; width: 0px; overflow: hidden; line-height: 0;\" class=\"mce_SELRES_start\">\ufeff<\/span><\/iframe><\/p>\n<p>A nossa vida \u00e9 um eterno parto. Partimos do ventre de nossas m\u00e3es para uma nova morada. O choro inicial se mistura \u00e0 dor que nos espera do outro lado da vida uterina. A vida \u00e9 um eterno partir at\u00e9 o dia em que algu\u00e9m vai chorar pela nossa partida definitiva. Entre um parto e outro, sofremos, curamos feridas que se abrem constantemente, amamos, odiamos etc. Viver n\u00e3o \u00e9 para qualquer um! Uma coisa \u00e9 certa: nenhum de n\u00f3s escapa da morte!<\/p>\n<p>Gosto muito de ler esse texto de Jo\u00e3o em vel\u00f3rio, um momento dolorido nas vidas dos que permanecem vivos. Para o morto, as portas do caminho terrestre se fecham para sempre. Perguntas pairam no ar: Jesus vir\u00e1 nos buscar depois da morte? Iremos para o c\u00e9u? Como Jesus pode ser o caminho que leva ao Pai? Como est\u00e1 sendo o nosso caminho de f\u00e9? Como estamos vivendo no p\u00f3s-pandemia? Mudamos o nosso caminhar?<\/p>\n<p>Jesus sabia que o seu fim estava pr\u00f3ximo. Os disc\u00edpulos tomaram consci\u00eancia disso e se entristeceram, pois o Reino de Deus ainda n\u00e3o tinha acontecido. Jesus anima os disc\u00edpulos: \u201cTendes f\u00e9 em Deus, tendes f\u00e9 em mim tamb\u00e9m\u201d (14,1). E acrescenta que na casa do seu Pai h\u00e1 muitas moradas. L\u00e1 eles estariam, um dia, com Ele. Como seria essa morada? Um lugar f\u00edsico, material, um espa\u00e7o que nos espera? As tradi\u00e7\u00f5es judaica, ap\u00f3crifa e rab\u00ednica falam de sete c\u00e9us. A morada de Deus estaria no terceiro c\u00e9u (Sl 115,16). Da\u00ed as express\u00f5es \u201cReino dos C\u00e9us\u201d. Como \u00e9 o c\u00e9u? Ningu\u00e9m sabe. No imagin\u00e1rio, conhecemos o inferno. Para o inferno n\u00e3o \u00e9 preciso se preparar. Como lugar, o inferno existe? Outra pergunta sem resposta.<\/p>\n<p>Mais do que pensar em um espa\u00e7o f\u00edsico, Jesus, ao falar de morada no c\u00e9u, quer chamar a aten\u00e7\u00e3o para as rela\u00e7\u00f5es que acontecem entre n\u00f3s.\u00a0 Chegar \u00e0 Morada Celeste \u00e9 consequ\u00eancia de uma vida baseada no caminho do amor. Nossas rela\u00e7\u00f5es come\u00e7am com o cord\u00e3o umbilical que \u00e9 rompido para surgir novas rela\u00e7\u00f5es. A m\u00e3e morre, mas a rela\u00e7\u00e3o eterna com ela, n\u00e3o. M\u00e3e \u00e9 cord\u00e3o umbilical que n\u00e3o rompe nunca. Jesus permaneceriam vivos nas a\u00e7\u00f5es e rela\u00e7\u00f5es dos disc\u00edpulos. Era isso que Jesus estava querendo dizer para os seus disc\u00edpulos, quando tamb\u00e9m disse: \u201cEu vou, mas voltarei e vos levarei comigo, a fim de que, onde eu estiver, estejais tamb\u00e9m v\u00f3s\u201d (14,3-4).<\/p>\n<p>E Jesus ainda disse: \u201cEu sou o caminho, a verdade e a vida\u201d. Tom\u00e9 pergunta: \u201cSenhor, n\u00f3s n\u00e3o sabemos para onde vais. Como podemos conhecer o caminho?\u201d Felipe pede: \u201cSenhor, por favor, mostra-nos o Pai.\u201d Os judeus entendiam que a Tor\u00e1, traduzido por Lei, \u00e9 na verdade um caminho. Seguir a Tor\u00e1 \u00e9 fazer caminho de justi\u00e7a em todas as esferas da vida.<\/p>\n<p>Na \u00e9poca de Jesus, havia um grupo de crist\u00e3os chamado gn\u00f3sticos que acreditavam que viemos da Luz (Plenitude) e para l\u00e1 voltaremos, ap\u00f3s conhecermos o caminho de volta, por meio do conhecimento da centelha de luz que est\u00e1 em n\u00f3s, o que nos libertaria do mundo material, fazendo o caminho de volta para a Plenitude. Conhecer a luz significa fazer o processo de desencarnar e voltar para a Luz plena, a Plenitude. O cristianismo n\u00e3o aceitou o gnosticismo pelo fato de ele n\u00e3o aceitar a ressurrei\u00e7\u00e3o.<\/p>\n<p>Para a comunidade de Jo\u00e3o, Jesus \u00e9 o \u00fanico caminho que nos leva ao Pai, pois Ele e o Pai s\u00e3o um, indivis\u00edveis, assim como m\u00e3e e filho. Jesus nos faz conhecer Deus e nos leva a conhecer Deus a partir da f\u00e9, das obras e da vida de ora\u00e7\u00e3o. Morada tem a mesma origem de namorar, que \u00e9 entrar na morada do outro para a\u00ed se estabelecer. Jesus e o Pai est\u00e3o na mesma morada.<\/p>\n<p>Viver \u00e9 um constante fazer caminho. Podemos escolher o nosso caminho: o do bem ou do mal (Sl 1), o da vida ou da morte (Jr 21,8). Nas rela\u00e7\u00f5es, no caminho at\u00e9 \u00e0 morada celeste, vale a pena pensar na recente pandemia da Covid-19. Na reclus\u00e3o de nossas casas, pergunt\u00e1vamos sobre o que seria de n\u00f3s quando a pandemia terminasse. A pandemia terminou. Somos os mesmos ou mudamos os nossos comportamentos? Sim e n\u00e3o. Houve um ressignificar, um reinventar a vida. O fim da pandemia criou um desejo louco de encontros presenciais, viagens e eventos culturais e religiosos. Parece que hav\u00edamos perdido o rumo das coisas. Aprendemos a ser virtuais na forma\u00e7\u00e3o, na religi\u00e3o, na educa\u00e7\u00e3o etc. Nunca se ouviu tanto a express\u00e3o \u201con-line\u201d. O medo e os desequil\u00edbrios ps\u00edquico e emocional aflorados continuam a nos rondar com a mesma for\u00e7a do tradicionalismo, do rigorismo religioso, dos que querem voltar ao passado de uma Igreja que cerceia, controla, a liberdade das pessoas. \u00c9 assustador ver a juventude pensando e agindo desse modo.<\/p>\n<p>A lembran\u00e7a do medo pand\u00eamico deve nos levar a sermos audaciosos nas rela\u00e7\u00f5es. Nos caminhos de nossas vidas, alimentemos a coragem e a f\u00e9 para nos reinventar sempre, amar sempre, esperar sempre at\u00e9 o dia do encontro definitivo com o Pai e com aqueles que um dia amamos em vida. A vida para quem acredita n\u00e3o \u00e9 passageira ilus\u00e3o. A certeza da morte faz a vida renascer nas rela\u00e7\u00f5es terrenas, tendo em vista a vida eterna em Deus.<\/p>\n<hr \/>\n<p><a href=\"#_ftnref1\" name=\"_ftn1\">[1]<\/a>Doutor em Teologia B\u00edblica pela FAJE (BH). Mestre em Ci\u00eancias B\u00edblicas (Exegese) pelo Pontif\u00edcio Instituto B\u00edblico de Roma. Professor de Exegese B\u00edblica. \u00c9 membro da Associa\u00e7\u00e3o Brasileira de Pesquisa B\u00edblica (ABIB). Sacerdote Franciscano. Autor de dez livros e coautor de quinze. Youtube: Frei Jacir B\u00edblia e Ap\u00f3crifos. <a href=\"https:\/\/www.youtube.com\/channel\/UCwbSE97jnR6jQwHRigX1KlQ\">https:\/\/www.youtube.com\/channel\/UCwbSE97jnR6jQwHRigX1KlQ<\/a><\/p>\n","protected":false},"excerpt":{"rendered":"<p>Artigo de Frei Jacir de Freitas Faria<\/p>\n","protected":false},"author":3,"featured_media":193268,"comment_status":"open","ping_status":"open","sticky":false,"template":"","format":"standard","meta":{"footnotes":""},"categories":[26],"tags":[43],"yoast_head":"<!-- This site is optimized with the Yoast SEO plugin v19.4 - https:\/\/yoast.com\/wordpress\/plugins\/seo\/ -->\n<title>\u201cMostra-nos o caminho para a morada do Pai!\u201d (Jo 14,1-12) - As nossas rela\u00e7\u00f5es e o p\u00f3s-pandemia! - Vida Crist\u00e3 - Franciscanos<\/title>\n<meta name=\"robots\" content=\"index, follow, max-snippet:-1, max-image-preview:large, max-video-preview:-1\" \/>\n<link rel=\"canonical\" href=\"https:\/\/franciscanos.org.br\/vidacrista\/mostra-nos-o-caminho-para-a-morada-do-pai-jo-141-12-as-nossas-relacoes-e-o-pos-pandemia\/\" \/>\n<meta property=\"og:locale\" content=\"pt_BR\" \/>\n<meta property=\"og:type\" content=\"article\" \/>\n<meta property=\"og:title\" content=\"\u201cMostra-nos o caminho para a morada do Pai!\u201d (Jo 14,1-12) - As nossas rela\u00e7\u00f5es e o p\u00f3s-pandemia! - Vida Crist\u00e3 - Franciscanos\" \/>\n<meta property=\"og:description\" content=\"Artigo de Frei Jacir de Freitas Faria\" \/>\n<meta property=\"og:url\" content=\"https:\/\/franciscanos.org.br\/vidacrista\/mostra-nos-o-caminho-para-a-morada-do-pai-jo-141-12-as-nossas-relacoes-e-o-pos-pandemia\/\" \/>\n<meta property=\"og:site_name\" content=\"Vida Crist\u00e3 - Franciscanos\" \/>\n<meta property=\"article:published_time\" content=\"2023-05-05T10:07:46+00:00\" \/>\n<meta property=\"article:modified_time\" content=\"2023-05-07T09:54:32+00:00\" \/>\n<meta property=\"og:image\" content=\"https:\/\/franciscanos.org.br\/vidacrista\/wp-content\/uploads\/2023\/05\/artigo_05.jpg\" \/>\n\t<meta property=\"og:image:width\" content=\"840\" \/>\n\t<meta property=\"og:image:height\" content=\"450\" \/>\n\t<meta property=\"og:image:type\" content=\"image\/jpeg\" \/>\n<meta name=\"author\" content=\"moacir\" \/>\n<meta name=\"twitter:card\" content=\"summary_large_image\" \/>\n<meta name=\"twitter:label1\" content=\"Escrito por\" \/>\n\t<meta name=\"twitter:data1\" content=\"moacir\" \/>\n\t<meta name=\"twitter:label2\" content=\"Est. tempo de leitura\" \/>\n\t<meta name=\"twitter:data2\" content=\"6 minutos\" \/>\n<script type=\"application\/ld+json\" class=\"yoast-schema-graph\">{\"@context\":\"https:\/\/schema.org\",\"@graph\":[{\"@type\":\"WebSite\",\"@id\":\"https:\/\/franciscanos.org.br\/vidacrista\/#website\",\"url\":\"https:\/\/franciscanos.org.br\/vidacrista\/\",\"name\":\"Vida Crist\u00e3 - Franciscanos\",\"description\":\"Prov\u00edncia Franciscana da Imaculada Concei\u00e7\u00e3o do Brasil - Ordem dos Frades Menores\",\"potentialAction\":[{\"@type\":\"SearchAction\",\"target\":{\"@type\":\"EntryPoint\",\"urlTemplate\":\"https:\/\/franciscanos.org.br\/vidacrista\/?s={search_term_string}\"},\"query-input\":\"required name=search_term_string\"}],\"inLanguage\":\"pt-BR\"},{\"@type\":\"WebPage\",\"@id\":\"https:\/\/franciscanos.org.br\/vidacrista\/mostra-nos-o-caminho-para-a-morada-do-pai-jo-141-12-as-nossas-relacoes-e-o-pos-pandemia\/\",\"url\":\"https:\/\/franciscanos.org.br\/vidacrista\/mostra-nos-o-caminho-para-a-morada-do-pai-jo-141-12-as-nossas-relacoes-e-o-pos-pandemia\/\",\"name\":\"\u201cMostra-nos o caminho para a morada do Pai!\u201d (Jo 14,1-12) - As nossas rela\u00e7\u00f5es e o p\u00f3s-pandemia! - Vida Crist\u00e3 - Franciscanos\",\"isPartOf\":{\"@id\":\"https:\/\/franciscanos.org.br\/vidacrista\/#website\"},\"datePublished\":\"2023-05-05T10:07:46+00:00\",\"dateModified\":\"2023-05-07T09:54:32+00:00\",\"author\":{\"@id\":\"https:\/\/franciscanos.org.br\/vidacrista\/#\/schema\/person\/1880bdd2c350b735648725ef7614736a\"},\"breadcrumb\":{\"@id\":\"https:\/\/franciscanos.org.br\/vidacrista\/mostra-nos-o-caminho-para-a-morada-do-pai-jo-141-12-as-nossas-relacoes-e-o-pos-pandemia\/#breadcrumb\"},\"inLanguage\":\"pt-BR\",\"potentialAction\":[{\"@type\":\"ReadAction\",\"target\":[\"https:\/\/franciscanos.org.br\/vidacrista\/mostra-nos-o-caminho-para-a-morada-do-pai-jo-141-12-as-nossas-relacoes-e-o-pos-pandemia\/\"]}]},{\"@type\":\"BreadcrumbList\",\"@id\":\"https:\/\/franciscanos.org.br\/vidacrista\/mostra-nos-o-caminho-para-a-morada-do-pai-jo-141-12-as-nossas-relacoes-e-o-pos-pandemia\/#breadcrumb\",\"itemListElement\":[{\"@type\":\"ListItem\",\"position\":1,\"name\":\"Home\",\"item\":\"https:\/\/franciscanos.org.br\/vidacrista\/\"},{\"@type\":\"ListItem\",\"position\":2,\"name\":\"\u201cMostra-nos o caminho para a morada do Pai!\u201d (Jo 14,1-12) &#8211; As nossas rela\u00e7\u00f5es e o p\u00f3s-pandemia!\"}]},{\"@type\":\"Person\",\"@id\":\"https:\/\/franciscanos.org.br\/vidacrista\/#\/schema\/person\/1880bdd2c350b735648725ef7614736a\",\"name\":\"moacir\",\"image\":{\"@type\":\"ImageObject\",\"inLanguage\":\"pt-BR\",\"@id\":\"https:\/\/franciscanos.org.br\/vidacrista\/#\/schema\/person\/image\/\",\"url\":\"https:\/\/secure.gravatar.com\/avatar\/d08aa2ce4c8dd416d4479aa8536fcf64?s=96&d=mm&r=g\",\"contentUrl\":\"https:\/\/secure.gravatar.com\/avatar\/d08aa2ce4c8dd416d4479aa8536fcf64?s=96&d=mm&r=g\",\"caption\":\"moacir\"},\"url\":\"https:\/\/franciscanos.org.br\/vidacrista\/author\/moacir\/\"}]}<\/script>\n<!-- \/ Yoast SEO plugin. -->","yoast_head_json":{"title":"\u201cMostra-nos o caminho para a morada do Pai!\u201d (Jo 14,1-12) - As nossas rela\u00e7\u00f5es e o p\u00f3s-pandemia! - Vida Crist\u00e3 - Franciscanos","robots":{"index":"index","follow":"follow","max-snippet":"max-snippet:-1","max-image-preview":"max-image-preview:large","max-video-preview":"max-video-preview:-1"},"canonical":"https:\/\/franciscanos.org.br\/vidacrista\/mostra-nos-o-caminho-para-a-morada-do-pai-jo-141-12-as-nossas-relacoes-e-o-pos-pandemia\/","og_locale":"pt_BR","og_type":"article","og_title":"\u201cMostra-nos o caminho para a morada do Pai!\u201d (Jo 14,1-12) - As nossas rela\u00e7\u00f5es e o p\u00f3s-pandemia! - Vida Crist\u00e3 - Franciscanos","og_description":"Artigo de Frei Jacir de Freitas Faria","og_url":"https:\/\/franciscanos.org.br\/vidacrista\/mostra-nos-o-caminho-para-a-morada-do-pai-jo-141-12-as-nossas-relacoes-e-o-pos-pandemia\/","og_site_name":"Vida Crist\u00e3 - Franciscanos","article_published_time":"2023-05-05T10:07:46+00:00","article_modified_time":"2023-05-07T09:54:32+00:00","og_image":[{"width":840,"height":450,"url":"https:\/\/franciscanos.org.br\/vidacrista\/wp-content\/uploads\/2023\/05\/artigo_05.jpg","type":"image\/jpeg"}],"author":"moacir","twitter_card":"summary_large_image","twitter_misc":{"Escrito por":"moacir","Est. tempo de leitura":"6 minutos"},"schema":{"@context":"https:\/\/schema.org","@graph":[{"@type":"WebSite","@id":"https:\/\/franciscanos.org.br\/vidacrista\/#website","url":"https:\/\/franciscanos.org.br\/vidacrista\/","name":"Vida Crist\u00e3 - Franciscanos","description":"Prov\u00edncia Franciscana da Imaculada Concei\u00e7\u00e3o do Brasil - Ordem dos Frades Menores","potentialAction":[{"@type":"SearchAction","target":{"@type":"EntryPoint","urlTemplate":"https:\/\/franciscanos.org.br\/vidacrista\/?s={search_term_string}"},"query-input":"required name=search_term_string"}],"inLanguage":"pt-BR"},{"@type":"WebPage","@id":"https:\/\/franciscanos.org.br\/vidacrista\/mostra-nos-o-caminho-para-a-morada-do-pai-jo-141-12-as-nossas-relacoes-e-o-pos-pandemia\/","url":"https:\/\/franciscanos.org.br\/vidacrista\/mostra-nos-o-caminho-para-a-morada-do-pai-jo-141-12-as-nossas-relacoes-e-o-pos-pandemia\/","name":"\u201cMostra-nos o caminho para a morada do Pai!\u201d (Jo 14,1-12) - As nossas rela\u00e7\u00f5es e o p\u00f3s-pandemia! - Vida Crist\u00e3 - Franciscanos","isPartOf":{"@id":"https:\/\/franciscanos.org.br\/vidacrista\/#website"},"datePublished":"2023-05-05T10:07:46+00:00","dateModified":"2023-05-07T09:54:32+00:00","author":{"@id":"https:\/\/franciscanos.org.br\/vidacrista\/#\/schema\/person\/1880bdd2c350b735648725ef7614736a"},"breadcrumb":{"@id":"https:\/\/franciscanos.org.br\/vidacrista\/mostra-nos-o-caminho-para-a-morada-do-pai-jo-141-12-as-nossas-relacoes-e-o-pos-pandemia\/#breadcrumb"},"inLanguage":"pt-BR","potentialAction":[{"@type":"ReadAction","target":["https:\/\/franciscanos.org.br\/vidacrista\/mostra-nos-o-caminho-para-a-morada-do-pai-jo-141-12-as-nossas-relacoes-e-o-pos-pandemia\/"]}]},{"@type":"BreadcrumbList","@id":"https:\/\/franciscanos.org.br\/vidacrista\/mostra-nos-o-caminho-para-a-morada-do-pai-jo-141-12-as-nossas-relacoes-e-o-pos-pandemia\/#breadcrumb","itemListElement":[{"@type":"ListItem","position":1,"name":"Home","item":"https:\/\/franciscanos.org.br\/vidacrista\/"},{"@type":"ListItem","position":2,"name":"\u201cMostra-nos o caminho para a morada do Pai!\u201d (Jo 14,1-12) &#8211; As nossas rela\u00e7\u00f5es e o p\u00f3s-pandemia!"}]},{"@type":"Person","@id":"https:\/\/franciscanos.org.br\/vidacrista\/#\/schema\/person\/1880bdd2c350b735648725ef7614736a","name":"moacir","image":{"@type":"ImageObject","inLanguage":"pt-BR","@id":"https:\/\/franciscanos.org.br\/vidacrista\/#\/schema\/person\/image\/","url":"https:\/\/secure.gravatar.com\/avatar\/d08aa2ce4c8dd416d4479aa8536fcf64?s=96&d=mm&r=g","contentUrl":"https:\/\/secure.gravatar.com\/avatar\/d08aa2ce4c8dd416d4479aa8536fcf64?s=96&d=mm&r=g","caption":"moacir"},"url":"https:\/\/franciscanos.org.br\/vidacrista\/author\/moacir\/"}]}},"_links":{"self":[{"href":"https:\/\/franciscanos.org.br\/vidacrista\/wp-json\/wp\/v2\/posts\/193266"}],"collection":[{"href":"https:\/\/franciscanos.org.br\/vidacrista\/wp-json\/wp\/v2\/posts"}],"about":[{"href":"https:\/\/franciscanos.org.br\/vidacrista\/wp-json\/wp\/v2\/types\/post"}],"author":[{"embeddable":true,"href":"https:\/\/franciscanos.org.br\/vidacrista\/wp-json\/wp\/v2\/users\/3"}],"replies":[{"embeddable":true,"href":"https:\/\/franciscanos.org.br\/vidacrista\/wp-json\/wp\/v2\/comments?post=193266"}],"version-history":[{"count":4,"href":"https:\/\/franciscanos.org.br\/vidacrista\/wp-json\/wp\/v2\/posts\/193266\/revisions"}],"predecessor-version":[{"id":193274,"href":"https:\/\/franciscanos.org.br\/vidacrista\/wp-json\/wp\/v2\/posts\/193266\/revisions\/193274"}],"wp:featuredmedia":[{"embeddable":true,"href":"https:\/\/franciscanos.org.br\/vidacrista\/wp-json\/wp\/v2\/media\/193268"}],"wp:attachment":[{"href":"https:\/\/franciscanos.org.br\/vidacrista\/wp-json\/wp\/v2\/media?parent=193266"}],"wp:term":[{"taxonomy":"category","embeddable":true,"href":"https:\/\/franciscanos.org.br\/vidacrista\/wp-json\/wp\/v2\/categories?post=193266"},{"taxonomy":"post_tag","embeddable":true,"href":"https:\/\/franciscanos.org.br\/vidacrista\/wp-json\/wp\/v2\/tags?post=193266"}],"curies":[{"name":"wp","href":"https:\/\/api.w.org\/{rel}","templated":true}]}}