{"id":193243,"date":"2023-05-02T07:25:23","date_gmt":"2023-05-02T10:25:23","guid":{"rendered":"https:\/\/franciscanos.org.br\/vidacrista\/?p=193243"},"modified":"2023-05-02T07:27:19","modified_gmt":"2023-05-02T10:27:19","slug":"principio-bondade-um-projeto-de-vida","status":"publish","type":"post","link":"https:\/\/franciscanos.org.br\/vidacrista\/principio-bondade-um-projeto-de-vida\/","title":{"rendered":"Princ\u00edpio-bondade: um projeto de vida"},"content":{"rendered":"<div id=\"attachment_193245\" style=\"width: 850px\" class=\"wp-caption alignnone\"><img aria-describedby=\"caption-attachment-193245\" decoding=\"async\" loading=\"lazy\" class=\"wp-image-193245 size-full\" src=\"https:\/\/franciscanos.org.br\/vidacrista\/wp-content\/uploads\/2023\/05\/artigo_02-1.png\" alt=\"\" width=\"840\" height=\"450\" srcset=\"https:\/\/franciscanos.org.br\/vidacrista\/wp-content\/uploads\/2023\/05\/artigo_02-1.png 840w, https:\/\/franciscanos.org.br\/vidacrista\/wp-content\/uploads\/2023\/05\/artigo_02-1-450x241.png 450w, https:\/\/franciscanos.org.br\/vidacrista\/wp-content\/uploads\/2023\/05\/artigo_02-1-768x411.png 768w, https:\/\/franciscanos.org.br\/vidacrista\/wp-content\/uploads\/2023\/05\/artigo_02-1-150x80.png 150w\" sizes=\"(max-width: 840px) 100vw, 840px\" \/><p id=\"caption-attachment-193245\" class=\"wp-caption-text\"><em>\u00a0 \u00a0 \u00a0 \u00a0 \u00a0 \u00a0 \u00a0 \u00a0 \u00a0 \u00a0 \u00a0 \u00a0 \u00a0 \u00a0 \u00a0 \u00a0 \u00a0 \u00a0 \u00a0 \u00a0 \u00a0 \u00a0 \u00a0 \u00a0 \u00a0 \u00a0 \u00a0 \u00a0 \u00a0 \u00a0 \u00a0 \u00a0 \u00a0 \u00a0 \u00a0 \u00a0 \u00a0 Imagem ilustrativa<\/em>: Canva (<a href=\"http:\/\/www.canva.com\/pt_br\/modelos\">www.canva.com\/pt_br\/modelos<\/a>)<\/p><\/div>\n<p><strong>Leonardo Boff<\/strong><\/p>\n<p>Em termos de \u00e9tica, n\u00e3o se deve ajuizar os atos apenas tomados em si mesmos. Eles remetem a um projeto de fundo. S\u00e3o concretiza\u00e7\u00f5es desse projeto fundamental.<\/p>\n<p>Todo ser humano de forma expl\u00edcita ou impl\u00edcita \u00e9 orientado por uma decis\u00e3o b\u00e1sica. \u00c9 ela que confere valor \u00e9tico e moral aos atos que pavimentam a sua vida. Portanto, \u00e9 esse projeto fundamental que deve ser tomado em conta e ajuiz\u00e1-lo se \u00e9 bom ou mau. Como ambos sempre vem mesclados, qual \u00e9 o dominante que se traduz por atos que definem uma dire\u00e7\u00e3o na vida. Preservada fica a constata\u00e7\u00e3o de que bem e mal sempre andam juntos. Dizendo em outras palavras: a realidade sempre \u00e9 amb\u00edgua e acolitada pelo bem e pelo mal. Nunca h\u00e1 somente o bem de um lado e do outro, o mal.<\/p>\n<p>A raz\u00e3o disso reside no fato de que nossa condi\u00e7\u00e3o humana, por cria\u00e7\u00e3o e n\u00e3o por defici\u00eancia, \u00e9 sempre sapiente e demente, sombria e luminosa, com puls\u00f5es de vida e com puls\u00f5es de morte. E isso simultaneamente, sem podermos separar, como diz o Evangelho, o joio do trigo.<\/p>\n<p>N\u00e3o obstante esta ambiguidade, o que conta mesmo \u00e9 a dimens\u00e3o predominante, se luminosa ou sombria, se bondosa ou maldosa. \u00c9 aqui que se funda o projeto fundamental da vida. Ele define a dire\u00e7\u00e3o e faz um caminho caminhando. Esse caminho pode conhecer desvios, pois \u00e9 assim a condi\u00e7\u00e3o amb\u00edgua humana, mas sempre pode voltar \u00e0 dire\u00e7\u00e3o definida como fundamental.<\/p>\n<p>Os atos ganham valor \u00e9tico e moral a partir desse projeto fundamental. \u00c9 ele que se afirma diante do tribunal da consci\u00eancia, e para pessoas religiosas, \u00e9 ele que \u00e9 julgado por Aquele que conhece nossas inten\u00e7\u00f5es mais secretas e confere o correspondente valor ao projeto fundamental.<\/p>\n<p>Sejamos concretos: algu\u00e9m p\u00f5e na cabe\u00e7a que quer ser, a todo custo, rico. Todos os meios para tal projeto s\u00e3o tidos por v\u00e1lidos: esperteza, engana\u00e7\u00f5es, rupturas de contratos, golpes financeiros e apropriando-se de verbas p\u00fablicas, falsificando dados, aumentando-lhes o valor real e fazendo as obras sem a qualidade exigida. Seu projeto \u00e9 acumular bens e ser rico. \u00c9 o princ\u00edpio-maldade, mesmo que aqui e acol\u00e1 fa\u00e7a algum bem e quando \u00e9 muito rico, ajude at\u00e9 a projetos beneficentes. Mas sempre que n\u00e3o comprometam seu projeto b\u00e1sico de ser rico.<\/p>\n<p>Outro se prop\u00f5e como projeto fundamental ser sempre bom, procurar a bondade nas pessoas e tentar que seus atos se alinhem nesta dire\u00e7\u00e3o de bondade. Como \u00e9 humano, nele tamb\u00e9m pode haver atos maus. S\u00e3o desvios do projeto mas n\u00e3o s\u00e3o de tal envergadura que destruam o projeto fundamental de ser bom. D\u00e1-se conta de seus atos maldosos, corrige-se, pede perd\u00e3o e retoma o caminho de vida definido: procurar ser bom. Isso implica sempre ser, cada dia, melhor e nunca desistir face \u00e0s dificuldades e quedas pessoais. O decisivo \u00e9 reassumir o princ\u00edpio-bondade que sempre pode crescer indefinidamente. Ningu\u00e9m \u00e9 bom at\u00e9 certo ponto e depois para por estimar que atingiu o seu fim. A bondade bem como outros valores positivos n\u00e3o conhecem limita\u00e7\u00f5es.<\/p>\n<p>Em nosso pa\u00eds temos vivido, incluindo multid\u00f5es, sob o princ\u00edpio-maldade. A partir desse princ\u00edpio tudo valia: a mentira, as <em>fake news<\/em>, a cal\u00fania e a destrui\u00e7\u00e3o de biografias que, notoriamente, eram boas. Foram usadas de forma abusiva as m\u00eddias digitais, inspiradas no princ\u00edpio-maldade. Em raz\u00e3o disso, milhares foram vitimados pela Covid-19 quando poderiam ter sido salvos. Ind\u00edgenas, como os Yanomami, foram tidos como sub-humanos e, intencionalmente, abandonados \u00e0 pr\u00f3pria sorte. Nesses fat\u00eddicos anos de vig\u00eancia do princ\u00edpio-maldade mais de 500 crian\u00e7as Yanomami morreram por fome e doen\u00e7as derivadas da fome. Desmontaram-se as principais institui\u00e7\u00f5es deste pa\u00eds como a sa\u00fade, a educa\u00e7\u00e3o, a ci\u00eancia e o cuidado da natureza. Por fim, de forma insidiosa tentou-se um golpe de estado visando destruir a democracia e impor um regime ditatorial, culturalmente retr\u00f3grado e eticamente perverso por claramente exaltar a tortura.<\/p>\n<p>Neles havia tamb\u00e9m o princ\u00edpio-bondade mas foi recalcado ou coberto de cinzas por atos maldosos que impediam sua vig\u00eancia, sem, contudo, nunca destrui-lo totalmente porque pertence \u00e0 ess\u00eancia do humano.<\/p>\n<p>Mas o princ\u00edpio-bondade, no final das contas, sempre acaba triunfando. A chama sagrada que arde dentro de cada um, jamais pode ser apagada. \u00c9 ela que sustenta a resist\u00eancia, inflama a cr\u00edtica e confere a for\u00e7a invenc\u00edvel do justo e do reto. \u00c0 brutalidade do princ\u00edpio-maldade se imp\u00f4s resolutamente o princ\u00edpio-bondade que vinha sob o signo da democracia, do estado de direito e do respeito aos valores fundamentais do cidad\u00e3o.<\/p>\n<p>Apesar de todas as artimanhas, viol\u00eancias, atentados, amea\u00e7as e uso vergonhoso dos aparatos de estado, comprando literalmente a vontade das pessoas ou impedindo-as de manifestar seu voto, os que se orientavam pelo princ\u00edpio-maldade foram derrotados. Mas jamais at\u00e9 hoje reconhecerem a derrota. Eles continuam sua a\u00e7\u00e3o destrutiva que hoje ganhou dimens\u00f5es planet\u00e1rias com o ascenso da extrema-direita. Mas devem ser contidos e ganh\u00e1-los pelo despertar do princ\u00edpio-bondade que se encontra neles. Eles, julgados e at\u00e9 punidos, ter\u00e3o que aprender a bondade da vida e o bem de todo um povo e dar a sua contribui\u00e7\u00e3o.<\/p>\n<p>Na hist\u00f3ria conhecemos trag\u00e9dias dos que se aferraram ao princ\u00edpio-maldade a ponto de darem fim \u00e0 sua pr\u00f3pria vida, ao inv\u00e9s de, humildemente, resgatarem o princ\u00edpio-bondade e sua humanidade mais profunda.<\/p>\n<p>Talvez inspira-nos, neste final, as palavra po\u00e9ticas de um autor an\u00f4nimo por volta dos anos 900 e cantado na festa crist\u00e3 de Pentecostes. Refere-se ao Esp\u00edrito que sempre age na natureza e na hist\u00f3ria:<\/p>\n<p style=\"padding-left: 40px;\"><em>\u201cLava o que \u00e9 s\u00f3rdido\/Irriga o que \u00e9 \u00e1rido\/Sana o que \u00e9 doente.<\/em><\/p>\n<p style=\"padding-left: 40px;\"><em>Dobra o que \u00e9 r\u00edgido\/Aquece o que \u00e9 g\u00e9lido\/Guia o desorientado\u201d<\/em><\/p>\n<hr \/>\n<p><strong>Leonardo Boff, <\/strong><em>te\u00f3logo, fil\u00f3sofo, escrito e professor, escreveu &#8220;O Esp\u00edrito Santo: fogo interior, doador de vida e pai dos pobres&#8221;, Vozes 2013.<\/em><\/p>\n","protected":false},"excerpt":{"rendered":"<p>Artigo de Leonardo Boff<\/p>\n","protected":false},"author":3,"featured_media":193244,"comment_status":"open","ping_status":"open","sticky":false,"template":"","format":"standard","meta":{"footnotes":""},"categories":[26],"tags":[59],"yoast_head":"<!-- This site is optimized with the Yoast SEO plugin v19.4 - https:\/\/yoast.com\/wordpress\/plugins\/seo\/ -->\n<title>Princ\u00edpio-bondade: um projeto de vida - Vida Crist\u00e3 - Franciscanos<\/title>\n<meta name=\"robots\" content=\"index, follow, max-snippet:-1, max-image-preview:large, max-video-preview:-1\" \/>\n<link rel=\"canonical\" href=\"https:\/\/franciscanos.org.br\/vidacrista\/principio-bondade-um-projeto-de-vida\/\" \/>\n<meta property=\"og:locale\" content=\"pt_BR\" \/>\n<meta property=\"og:type\" content=\"article\" \/>\n<meta property=\"og:title\" content=\"Princ\u00edpio-bondade: um projeto de vida - Vida Crist\u00e3 - Franciscanos\" \/>\n<meta property=\"og:description\" content=\"Artigo de Leonardo Boff\" \/>\n<meta property=\"og:url\" content=\"https:\/\/franciscanos.org.br\/vidacrista\/principio-bondade-um-projeto-de-vida\/\" \/>\n<meta property=\"og:site_name\" content=\"Vida Crist\u00e3 - Franciscanos\" \/>\n<meta property=\"article:published_time\" content=\"2023-05-02T10:25:23+00:00\" \/>\n<meta property=\"article:modified_time\" content=\"2023-05-02T10:27:19+00:00\" \/>\n<meta property=\"og:image\" content=\"https:\/\/franciscanos.org.br\/vidacrista\/wp-content\/uploads\/2023\/05\/artigo_02.png\" \/>\n\t<meta property=\"og:image:width\" content=\"840\" \/>\n\t<meta property=\"og:image:height\" content=\"450\" \/>\n\t<meta property=\"og:image:type\" content=\"image\/png\" \/>\n<meta name=\"author\" content=\"moacir\" \/>\n<meta name=\"twitter:card\" content=\"summary_large_image\" \/>\n<meta name=\"twitter:label1\" content=\"Escrito por\" \/>\n\t<meta name=\"twitter:data1\" content=\"moacir\" \/>\n\t<meta name=\"twitter:label2\" content=\"Est. tempo de leitura\" \/>\n\t<meta name=\"twitter:data2\" content=\"6 minutos\" \/>\n<script type=\"application\/ld+json\" class=\"yoast-schema-graph\">{\"@context\":\"https:\/\/schema.org\",\"@graph\":[{\"@type\":\"WebSite\",\"@id\":\"https:\/\/franciscanos.org.br\/vidacrista\/#website\",\"url\":\"https:\/\/franciscanos.org.br\/vidacrista\/\",\"name\":\"Vida Crist\u00e3 - Franciscanos\",\"description\":\"Prov\u00edncia Franciscana da Imaculada Concei\u00e7\u00e3o do Brasil - Ordem dos Frades Menores\",\"potentialAction\":[{\"@type\":\"SearchAction\",\"target\":{\"@type\":\"EntryPoint\",\"urlTemplate\":\"https:\/\/franciscanos.org.br\/vidacrista\/?s={search_term_string}\"},\"query-input\":\"required name=search_term_string\"}],\"inLanguage\":\"pt-BR\"},{\"@type\":\"WebPage\",\"@id\":\"https:\/\/franciscanos.org.br\/vidacrista\/principio-bondade-um-projeto-de-vida\/\",\"url\":\"https:\/\/franciscanos.org.br\/vidacrista\/principio-bondade-um-projeto-de-vida\/\",\"name\":\"Princ\u00edpio-bondade: um projeto de vida - Vida Crist\u00e3 - Franciscanos\",\"isPartOf\":{\"@id\":\"https:\/\/franciscanos.org.br\/vidacrista\/#website\"},\"datePublished\":\"2023-05-02T10:25:23+00:00\",\"dateModified\":\"2023-05-02T10:27:19+00:00\",\"author\":{\"@id\":\"https:\/\/franciscanos.org.br\/vidacrista\/#\/schema\/person\/1880bdd2c350b735648725ef7614736a\"},\"breadcrumb\":{\"@id\":\"https:\/\/franciscanos.org.br\/vidacrista\/principio-bondade-um-projeto-de-vida\/#breadcrumb\"},\"inLanguage\":\"pt-BR\",\"potentialAction\":[{\"@type\":\"ReadAction\",\"target\":[\"https:\/\/franciscanos.org.br\/vidacrista\/principio-bondade-um-projeto-de-vida\/\"]}]},{\"@type\":\"BreadcrumbList\",\"@id\":\"https:\/\/franciscanos.org.br\/vidacrista\/principio-bondade-um-projeto-de-vida\/#breadcrumb\",\"itemListElement\":[{\"@type\":\"ListItem\",\"position\":1,\"name\":\"Home\",\"item\":\"https:\/\/franciscanos.org.br\/vidacrista\/\"},{\"@type\":\"ListItem\",\"position\":2,\"name\":\"Princ\u00edpio-bondade: um projeto de vida\"}]},{\"@type\":\"Person\",\"@id\":\"https:\/\/franciscanos.org.br\/vidacrista\/#\/schema\/person\/1880bdd2c350b735648725ef7614736a\",\"name\":\"moacir\",\"image\":{\"@type\":\"ImageObject\",\"inLanguage\":\"pt-BR\",\"@id\":\"https:\/\/franciscanos.org.br\/vidacrista\/#\/schema\/person\/image\/\",\"url\":\"https:\/\/secure.gravatar.com\/avatar\/d08aa2ce4c8dd416d4479aa8536fcf64?s=96&d=mm&r=g\",\"contentUrl\":\"https:\/\/secure.gravatar.com\/avatar\/d08aa2ce4c8dd416d4479aa8536fcf64?s=96&d=mm&r=g\",\"caption\":\"moacir\"},\"url\":\"https:\/\/franciscanos.org.br\/vidacrista\/author\/moacir\/\"}]}<\/script>\n<!-- \/ Yoast SEO plugin. -->","yoast_head_json":{"title":"Princ\u00edpio-bondade: um projeto de vida - Vida Crist\u00e3 - Franciscanos","robots":{"index":"index","follow":"follow","max-snippet":"max-snippet:-1","max-image-preview":"max-image-preview:large","max-video-preview":"max-video-preview:-1"},"canonical":"https:\/\/franciscanos.org.br\/vidacrista\/principio-bondade-um-projeto-de-vida\/","og_locale":"pt_BR","og_type":"article","og_title":"Princ\u00edpio-bondade: um projeto de vida - Vida Crist\u00e3 - Franciscanos","og_description":"Artigo de Leonardo Boff","og_url":"https:\/\/franciscanos.org.br\/vidacrista\/principio-bondade-um-projeto-de-vida\/","og_site_name":"Vida Crist\u00e3 - Franciscanos","article_published_time":"2023-05-02T10:25:23+00:00","article_modified_time":"2023-05-02T10:27:19+00:00","og_image":[{"width":840,"height":450,"url":"https:\/\/franciscanos.org.br\/vidacrista\/wp-content\/uploads\/2023\/05\/artigo_02.png","type":"image\/png"}],"author":"moacir","twitter_card":"summary_large_image","twitter_misc":{"Escrito por":"moacir","Est. tempo de leitura":"6 minutos"},"schema":{"@context":"https:\/\/schema.org","@graph":[{"@type":"WebSite","@id":"https:\/\/franciscanos.org.br\/vidacrista\/#website","url":"https:\/\/franciscanos.org.br\/vidacrista\/","name":"Vida Crist\u00e3 - Franciscanos","description":"Prov\u00edncia Franciscana da Imaculada Concei\u00e7\u00e3o do Brasil - Ordem dos Frades Menores","potentialAction":[{"@type":"SearchAction","target":{"@type":"EntryPoint","urlTemplate":"https:\/\/franciscanos.org.br\/vidacrista\/?s={search_term_string}"},"query-input":"required name=search_term_string"}],"inLanguage":"pt-BR"},{"@type":"WebPage","@id":"https:\/\/franciscanos.org.br\/vidacrista\/principio-bondade-um-projeto-de-vida\/","url":"https:\/\/franciscanos.org.br\/vidacrista\/principio-bondade-um-projeto-de-vida\/","name":"Princ\u00edpio-bondade: um projeto de vida - Vida Crist\u00e3 - Franciscanos","isPartOf":{"@id":"https:\/\/franciscanos.org.br\/vidacrista\/#website"},"datePublished":"2023-05-02T10:25:23+00:00","dateModified":"2023-05-02T10:27:19+00:00","author":{"@id":"https:\/\/franciscanos.org.br\/vidacrista\/#\/schema\/person\/1880bdd2c350b735648725ef7614736a"},"breadcrumb":{"@id":"https:\/\/franciscanos.org.br\/vidacrista\/principio-bondade-um-projeto-de-vida\/#breadcrumb"},"inLanguage":"pt-BR","potentialAction":[{"@type":"ReadAction","target":["https:\/\/franciscanos.org.br\/vidacrista\/principio-bondade-um-projeto-de-vida\/"]}]},{"@type":"BreadcrumbList","@id":"https:\/\/franciscanos.org.br\/vidacrista\/principio-bondade-um-projeto-de-vida\/#breadcrumb","itemListElement":[{"@type":"ListItem","position":1,"name":"Home","item":"https:\/\/franciscanos.org.br\/vidacrista\/"},{"@type":"ListItem","position":2,"name":"Princ\u00edpio-bondade: um projeto de vida"}]},{"@type":"Person","@id":"https:\/\/franciscanos.org.br\/vidacrista\/#\/schema\/person\/1880bdd2c350b735648725ef7614736a","name":"moacir","image":{"@type":"ImageObject","inLanguage":"pt-BR","@id":"https:\/\/franciscanos.org.br\/vidacrista\/#\/schema\/person\/image\/","url":"https:\/\/secure.gravatar.com\/avatar\/d08aa2ce4c8dd416d4479aa8536fcf64?s=96&d=mm&r=g","contentUrl":"https:\/\/secure.gravatar.com\/avatar\/d08aa2ce4c8dd416d4479aa8536fcf64?s=96&d=mm&r=g","caption":"moacir"},"url":"https:\/\/franciscanos.org.br\/vidacrista\/author\/moacir\/"}]}},"_links":{"self":[{"href":"https:\/\/franciscanos.org.br\/vidacrista\/wp-json\/wp\/v2\/posts\/193243"}],"collection":[{"href":"https:\/\/franciscanos.org.br\/vidacrista\/wp-json\/wp\/v2\/posts"}],"about":[{"href":"https:\/\/franciscanos.org.br\/vidacrista\/wp-json\/wp\/v2\/types\/post"}],"author":[{"embeddable":true,"href":"https:\/\/franciscanos.org.br\/vidacrista\/wp-json\/wp\/v2\/users\/3"}],"replies":[{"embeddable":true,"href":"https:\/\/franciscanos.org.br\/vidacrista\/wp-json\/wp\/v2\/comments?post=193243"}],"version-history":[{"count":4,"href":"https:\/\/franciscanos.org.br\/vidacrista\/wp-json\/wp\/v2\/posts\/193243\/revisions"}],"predecessor-version":[{"id":193249,"href":"https:\/\/franciscanos.org.br\/vidacrista\/wp-json\/wp\/v2\/posts\/193243\/revisions\/193249"}],"wp:featuredmedia":[{"embeddable":true,"href":"https:\/\/franciscanos.org.br\/vidacrista\/wp-json\/wp\/v2\/media\/193244"}],"wp:attachment":[{"href":"https:\/\/franciscanos.org.br\/vidacrista\/wp-json\/wp\/v2\/media?parent=193243"}],"wp:term":[{"taxonomy":"category","embeddable":true,"href":"https:\/\/franciscanos.org.br\/vidacrista\/wp-json\/wp\/v2\/categories?post=193243"},{"taxonomy":"post_tag","embeddable":true,"href":"https:\/\/franciscanos.org.br\/vidacrista\/wp-json\/wp\/v2\/tags?post=193243"}],"curies":[{"name":"wp","href":"https:\/\/api.w.org\/{rel}","templated":true}]}}