{"id":193237,"date":"2023-04-26T13:49:03","date_gmt":"2023-04-26T16:49:03","guid":{"rendered":"https:\/\/franciscanos.org.br\/vidacrista\/?p=193237"},"modified":"2023-04-26T13:57:14","modified_gmt":"2023-04-26T16:57:14","slug":"mensagem-do-santo-padre-francisco-para-o-60o-dia-mundial-de-oracao-pelas-vocacoes","status":"publish","type":"post","link":"https:\/\/franciscanos.org.br\/vidacrista\/mensagem-do-santo-padre-francisco-para-o-60o-dia-mundial-de-oracao-pelas-vocacoes\/","title":{"rendered":"Mensagem do Papa Francisco para o 60\u00ba Dia Mundial de Ora\u00e7\u00e3o pelas Voca\u00e7\u00f5es"},"content":{"rendered":"<div class=\"abstract text parbase vaticanrichtext\">\n<div id=\"attachment_193238\" style=\"width: 1034px\" class=\"wp-caption alignnone\"><img aria-describedby=\"caption-attachment-193238\" decoding=\"async\" loading=\"lazy\" class=\"wp-image-193238 size-full\" src=\"https:\/\/franciscanos.org.br\/vidacrista\/wp-content\/uploads\/2023\/04\/2023-04_mensagem-dia-mundial-de-oracao.png\" alt=\"\" width=\"1024\" height=\"576\" srcset=\"https:\/\/franciscanos.org.br\/vidacrista\/wp-content\/uploads\/2023\/04\/2023-04_mensagem-dia-mundial-de-oracao.png 1024w, https:\/\/franciscanos.org.br\/vidacrista\/wp-content\/uploads\/2023\/04\/2023-04_mensagem-dia-mundial-de-oracao-450x253.png 450w, https:\/\/franciscanos.org.br\/vidacrista\/wp-content\/uploads\/2023\/04\/2023-04_mensagem-dia-mundial-de-oracao-768x432.png 768w, https:\/\/franciscanos.org.br\/vidacrista\/wp-content\/uploads\/2023\/04\/2023-04_mensagem-dia-mundial-de-oracao-150x84.png 150w\" sizes=\"(max-width: 1024px) 100vw, 1024px\" \/><p id=\"caption-attachment-193238\" class=\"wp-caption-text\"><em>Imagem: Acervo da Prov\u00edncia da Imaculada<\/em><\/p><\/div>\n<\/div>\n<div class=\"text parbase vaticanrichtext\">\n<p>(30 de abril de 2023 &#8211; IV Domingo de P\u00e1scoa)<\/p>\n<h3><strong>Voca\u00e7\u00e3o: gra\u00e7a e miss\u00e3o<\/strong><\/h3>\n<p>Amados irm\u00e3os e irm\u00e3s, queridos jovens!<\/p>\n<p>\u00c9 a sexag\u00e9sima vez que se celebra o Dia Mundial de Ora\u00e7\u00e3o pelas Voca\u00e7\u00f5es, institu\u00eddo por S\u00e3o Paulo VI em 1964, durante o Conc\u00edlio Ecum\u00e9nico Vaticano II. Esta providencial iniciativa visa ajudar os membros do Povo de Deus a responder, pessoalmente e em comunidade, \u00e0 chamada e \u00e0 miss\u00e3o que o Senhor confia a cada um no mundo de hoje, com as suas feridas e as suas esperan\u00e7as, os seus desafios e as suas conquistas.<\/p>\n<p>Neste ano, proponho-vos refletir e rezar guiados pelo tema &#8220;Voca\u00e7\u00e3o: gra\u00e7a e miss\u00e3o&#8221;. \u00c9 uma preciosa ocasi\u00e3o para redescobrir, maravilhados, que a chamada do Senhor \u00e9 gra\u00e7a, dom gratuito e, ao mesmo tempo, \u00e9 empenho de partir, sair para levar o Evangelho. Somos chamados a uma f\u00e9 testemunhada, que estreita fortemente o v\u00ednculo entre a vida da gra\u00e7a, atrav\u00e9s dos Sacramentos e da comunh\u00e3o eclesial, e o apostolado no mundo. Animado pelo Esp\u00edrito, o crist\u00e3o deixa-se interpelar pelas periferias existenciais e \u00e9 sens\u00edvel aos dramas humanos, tendo sempre bem presente que a miss\u00e3o \u00e9 obra de Deus e n\u00e3o a realizamos sozinhos, mas em comunh\u00e3o eclesial, juntamente com os irm\u00e3os e irm\u00e3s, guiados pelos Pastores. Pois este sempre foi o sonho de Deus: vivermos com Ele em comunh\u00e3o de amor.<\/p>\n<p><strong>Escolhidos antes da cria\u00e7\u00e3o do mundo<\/strong><\/p>\n<p>O ap\u00f3stolo Paulo abre-nos de par em par um horizonte maravilhoso: Deus Pai &#8220;escolheu-nos em Cristo antes da cria\u00e7\u00e3o do mundo, para sermos santos e irrepreens\u00edveis na sua presen\u00e7a, no amor. Predestinou-nos para sermos adotados como seus filhos por meio de Jesus Cristo, de acordo com o benepl\u00e1cito da sua vontade&#8221; (Ef 1, 4-5). S\u00e3o palavras que nos permitem ver a vida no seu sentido pleno: Deus &#8220;concebe-nos&#8221; \u00e0 sua imagem e semelhan\u00e7a e quer-nos seus filhos: fomos criados pelo Amor, por amor e com amor, e somos feitos para amar.<\/p>\n<p>No decurso da nossa vida, esta chamada, inscrita nas fibras do nosso ser e portadora do segredo da felicidade, alcan\u00e7a-nos, pela a\u00e7\u00e3o do Esp\u00edrito Santo, de maneira sempre nova, ilumina a nossa intelig\u00eancia, infunde vigor na vontade, enche-nos de admira\u00e7\u00e3o e faz arder o nosso cora\u00e7\u00e3o. \u00c0s vezes irrompe at\u00e9 de forma inesperada. Assim aconteceu comigo em 21 de setembro de 1953, quando, a caminho da festa anual do estudante, senti o impulso de entrar na igreja e me confessar. Aquele dia mudou a minha vida, dando-lhe uma fisionomia que dura at\u00e9 hoje. Mas a chamada divina ao dom de n\u00f3s mesmos abre estrada gradualmente, atrav\u00e9s dum caminho: em contacto com uma situa\u00e7\u00e3o de pobreza, num momento de ora\u00e7\u00e3o, gra\u00e7as a um claro testemunho do Evangelho, a uma leitura que nos abre a mente, quando ouvimos uma Palavra de Deus e a sentimos dirigida precisamente a n\u00f3s, no conselho dum irm\u00e3o ou uma irm\u00e3 que nos acompanha, num per\u00edodo de doen\u00e7a ou de luto&#8230; A fantasia de Deus que nos chama \u00e9 infinita.<\/p>\n<p>E a sua iniciativa e dom gratuito esperam a nossa resposta. A voca\u00e7\u00e3o \u00e9 uma &#8220;combina\u00e7\u00e3o entre a escolha divina e a liberdade humana&#8221;, [1] uma rela\u00e7\u00e3o din\u00e2mica e estimulante que tem como interlocutores Deus e o cora\u00e7\u00e3o humano. Assim, o dom da voca\u00e7\u00e3o \u00e9 como uma semente divina que germina no terreno da nossa vida, abre-nos a Deus e abre-nos aos outros para partilhar com eles o tesouro encontrado. Esta \u00e9 a estrutura fundamental daquilo que entendemos por voca\u00e7\u00e3o: Deus chama amando, e n\u00f3s, agradecidos, respondemos amando. Descobrimo-nos como filhos e filhas amados pelo mesmo Pai, e reconhecemo-nos como irm\u00e3os e irm\u00e3s entre n\u00f3s. Santa Teresa do Menino Jesus, quando &#8220;viu&#8221; com clareza esta realidade, exclamou: &#8220;Encontrei finalmente a minha voca\u00e7\u00e3o! A minha voca\u00e7\u00e3o \u00e9 o amor! Sim, encontrei o meu lugar na Igreja (\u2026): no cora\u00e7\u00e3o da Igreja, minha M\u00e3e, eu serei o amor&#8221;. [2]<\/p>\n<p><strong>Eu sou uma miss\u00e3o nesta terra<\/strong><\/p>\n<p>Como dissemos, a chamada de Deus inclui o envio. N\u00e3o h\u00e1 voca\u00e7\u00e3o sem miss\u00e3o. E n\u00e3o h\u00e1 felicidade e plena autorrealiza\u00e7\u00e3o sem oferecer aos outros a vida nova que encontramos. A chamada divina ao amor \u00e9 uma experi\u00eancia que n\u00e3o se pode calar. &#8220;Ai de mim, se eu n\u00e3o evangelizar!&#8221;: exclamava S\u00e3o Paulo (1 Cor 9, 16). E a I Carta de Jo\u00e3o come\u00e7a assim: &#8220;O que ouvimos, o que vimos com os nossos olhos, o que contemplamos e as nossas m\u00e3os tocaram relativamente ao Verbo da Vida [feito carne] (\u2026), isso vos anunciamos (\u2026) para que a nossa alegria seja completa&#8221; (1, 1.3.4).<\/p>\n<p>H\u00e1 cinco anos, na exorta\u00e7\u00e3o apost\u00f3lica <em>Gaudete et exsultate<\/em>, dizia eu a cada batizado e batizada: &#8220;Tamb\u00e9m tu precisas de conceber a totalidade da tua vida como uma miss\u00e3o&#8221; (n. 23). Sim, porque cada um de n\u00f3s, sem exce\u00e7\u00e3o, pode dizer: &#8220;Eu sou uma miss\u00e3o nesta terra e para isso estou neste mundo&#8221; (Exort. ap. <em>Evangelii gaudium<\/em>, 273).<\/p>\n<p>A miss\u00e3o comum a todos n\u00f3s, crist\u00e3os, \u00e9 testemunhar com alegria, em cada situa\u00e7\u00e3o, por atitudes e palavras, aquilo que experimentamos estando com Jesus e na sua comunidade, que \u00e9 a Igreja. E traduz-se em obras de miseric\u00f3rdia materiais e espirituais, num estilo de vida acolhedor e sereno, capaz de proximidade, compaix\u00e3o e ternura, em contracorrente \u00e0 cultura do descarte e da indiferen\u00e7a. Fazer-nos pr\u00f3ximo como o bom samaritano (cf. Lc 10, 25-37) permite-nos compreender o &#8220;n\u00facleo&#8221; da voca\u00e7\u00e3o crist\u00e3: imitar Jesus Cristo que veio para servir e n\u00e3o para ser servido (cf. Mc 10, 45).<\/p>\n<p>Esta a\u00e7\u00e3o mission\u00e1ria n\u00e3o nasce simplesmente das nossas capacidades, inten\u00e7\u00f5es ou projetos, nem da nossa vontade nem mesmo do nosso esfor\u00e7o de praticar as virtudes, mas duma profunda experi\u00eancia com Jesus. S\u00f3 assim podemos tornar-nos testemunhas de Algu\u00e9m, duma Vida; e \u00e9 isso que nos torna &#8220;ap\u00f3stolos&#8221;. Reconhecemo-nos ent\u00e3o &#8220;como que marcados a fogo por esta miss\u00e3o de iluminar, aben\u00e7oar, vivificar, levantar, curar, libertar&#8221; (Exort. ap. <em>Evangelii gaudium<\/em>, 273).<\/p>\n<p>Temos um \u00edcone evang\u00e9lico desta experi\u00eancia nos dois disc\u00edpulos de Ema\u00fas. Estes, depois do encontro com Jesus ressuscitado, confidenciavam um ao outro: &#8220;N\u00e3o nos ardia o cora\u00e7\u00e3o, quando Ele nos falava pelo caminho e nos explicava as Escrituras?&#8221; ( Lc 24, 32). Podemos ver neles o que significa ter &#8220;cora\u00e7\u00f5es ardentes e p\u00e9s ao caminho&#8221;. [3] \u00c9 o que desejo tamb\u00e9m para a pr\u00f3xima Jornada Mundial da Juventude em Lisboa, que aguardo com alegria e que tem como lema: &#8220;Maria levantou-se e partiu apressadamente&#8221; ( Lc 1, 39). Que cada um e cada uma se sinta chamado a levantar-se e partir apressadamente, com cora\u00e7\u00e3o ardente!<\/p>\n<p><strong>Chamados juntos: convocados<\/strong><\/p>\n<p>O evangelista Marcos narra o momento em que Jesus chamou para junto d\u2019Ele doze disc\u00edpulos, cada um pelo pr\u00f3prio nome. Estabeleceu-os para estarem com Ele e os enviar a pregar, curar as doen\u00e7as e expulsar os dem\u00f4nios (cf. Mc 3, 13-15). Assim o Senhor lan\u00e7a as bases da sua nova Comunidade. Os Doze eram pessoas de ambientes sociais e profiss\u00f5es diferentes, n\u00e3o pertencentes \u00e0s categorias mais importantes. Os Evangelhos referem ainda outras chamadas, como a dos setenta e dois disc\u00edpulos que Jesus envia dois a dois (cf. Lc 10, 1).<\/p>\n<p>O termo Igreja deriva precisamente de <em>Ekkles\u00eda<\/em>, palavra grega que significa assembleia de pessoas chamadas, convocadas, para formar a comunidade dos disc\u00edpulos e disc\u00edpulas mission\u00e1rios de Jesus Cristo, comprometendo-se a viver entre si o seu amor (cf. Jo 13, 34; 15, 12) e a espalh\u00e1-lo no meio de todos, para que venha o Reino de Deus.<\/p>\n<p>Na Igreja, somos todos servos e servas, segundo diversas voca\u00e7\u00f5es, carismas e minist\u00e9rios. A voca\u00e7\u00e3o ao dom de si pr\u00f3prio no amor, comum a todos, desenvolve-se e concretiza-se na vida dos crist\u00e3os leigos e leigas, empenhados a construir a fam\u00edlia como uma pequena igreja dom\u00e9stica e a renovar os diversos ambientes da sociedade com o fermento do Evangelho; no testemunho das consagradas e consagrados, entregues totalmente a Deus pelos irm\u00e3os e irm\u00e3s como profecia do Reino de Deus; nos ministros ordenados (di\u00e1conos, presb\u00edteros, bispos) colocados ao servi\u00e7o da Palavra, da ora\u00e7\u00e3o e da comunh\u00e3o do Povo santo de Deus. S\u00f3 na rela\u00e7\u00e3o com todas as outras \u00e9 que cada voca\u00e7\u00e3o espec\u00edfica na Igreja se revela plenamente com a sua pr\u00f3pria verdade e riqueza. Neste sentido, a Igreja \u00e9 uma sinfonia vocacional, com todas as voca\u00e7\u00f5es unidas e distintas em harmonia e juntas &#8220;em sa\u00edda&#8221; para irradiar no mundo a vida nova do Reino de Deus.<\/p>\n<p><strong>Gra\u00e7a e miss\u00e3o: dom e tarefa<\/strong><\/p>\n<p>Amados irm\u00e3os e irm\u00e3s, a voca\u00e7\u00e3o \u00e9 dom e tarefa, fonte de vida nova e de verdadeira alegria. Que as iniciativas de ora\u00e7\u00e3o e anima\u00e7\u00e3o pastoral ligadas a este Dia reforcem a sensibilidade vocacional nas nossas fam\u00edlias, nas par\u00f3quias, nas comunidades de vida consagrada, nas associa\u00e7\u00f5es e nos movimentos eclesiais. Que o Esp\u00edrito do Ressuscitado nos fa\u00e7a sair da apatia e nos d\u00ea simpatia e empatia, para vivermos cada dia regenerados como filhos de Deus-Amor (cf. 1 Jo 4, 16) e sermos, por nossa vez, geradores no amor: capazes de levar a vida a todos os lugares, especialmente onde h\u00e1 exclus\u00e3o e explora\u00e7\u00e3o, indig\u00eancia e morte. Que deste modo se alarguem os espa\u00e7os de amor [4] e Deus reine cada vez mais neste mundo.<\/p>\n<p>Acompanhe-nos neste caminho a ora\u00e7\u00e3o composta por S\u00e3o Paulo VI para o 1\u00ba Dia Mundial das Voca\u00e7\u00f5es (11 de abril de 1964):<\/p>\n<p>&#8220;\u00d3 Jesus, divino Pastor das almas, que chamastes os Ap\u00f3stolos para fazer deles pescadores de homens, continuai a atrair para V\u00f3s almas ardentes e generosas de jovens, a fim de fazer deles vossos seguidores e vossos ministros; tornai-os participantes da vossa sede de reden\u00e7\u00e3o universal, (\u2026) abri-lhes os horizontes do mundo inteiro, (\u2026) para que, respondendo \u00e0 vossa chamada, prolonguem aqui na terra a vossa miss\u00e3o, edifiquem o vosso Corpo m\u00edstico, que \u00e9 a Igreja, e sejam \u201csal da terra\u201d, \u201cluz do mundo\u201d (Mt 5, 13)&#8221;.<\/p>\n<p>Que a Virgem Maria vos acompanhe e proteja. Com a minha b\u00ean\u00e7\u00e3o.<\/p>\n<p><em>Roma, S\u00e3o Jo\u00e3o de Latr\u00e3o, no IV Domingo de P\u00e1scoa, 30 de abril de 2023.<\/em><\/p>\n<hr \/>\n<p><em>Franciscus<\/em><\/p>\n<p>[1] S\u00ednodo dos Bispos \u2013 XV Assembleia Geral Ordin\u00e1ria (2018), Documento final Os jovens, a f\u00e9 e o discernimento vocacional, n. 78.<\/p>\n<p>[2] Manuscrito B, redigido durante o seu \u00faltimo Retiro (setembro de 1896): Opere complete (Roma 1997), 223.<\/p>\n<p>[3] Francisco, Mensagem para o 97\u00ba Dia Mundial das Miss\u00f5es (6 de janeiro de 2023).<\/p>\n<p>[4] \u00ab Dilatentur spatia caritatis\u00bb: Santo Agostinho, Serm\u00e3o 69: PL 5, 440.441.<\/p>\n<\/div>\n","protected":false},"excerpt":{"rendered":"<p>Dia Mundial de Ora\u00e7\u00e3o pelas Voca\u00e7\u00f5es<\/p>\n","protected":false},"author":1,"featured_media":193239,"comment_status":"open","ping_status":"open","sticky":false,"template":"","format":"standard","meta":{"footnotes":""},"categories":[22],"tags":[321],"yoast_head":"<!-- This site is optimized with the Yoast SEO plugin v19.4 - https:\/\/yoast.com\/wordpress\/plugins\/seo\/ -->\n<title>Mensagem do Papa Francisco para o 60\u00ba Dia Mundial de Ora\u00e7\u00e3o pelas Voca\u00e7\u00f5es - Vida Crist\u00e3 - Franciscanos<\/title>\n<meta name=\"robots\" content=\"index, follow, max-snippet:-1, max-image-preview:large, max-video-preview:-1\" \/>\n<link rel=\"canonical\" href=\"https:\/\/franciscanos.org.br\/vidacrista\/mensagem-do-santo-padre-francisco-para-o-60o-dia-mundial-de-oracao-pelas-vocacoes\/\" \/>\n<meta property=\"og:locale\" content=\"pt_BR\" \/>\n<meta property=\"og:type\" content=\"article\" \/>\n<meta property=\"og:title\" content=\"Mensagem do Papa Francisco para o 60\u00ba Dia Mundial de Ora\u00e7\u00e3o pelas Voca\u00e7\u00f5es - Vida Crist\u00e3 - Franciscanos\" \/>\n<meta property=\"og:description\" content=\"Dia Mundial de Ora\u00e7\u00e3o pelas Voca\u00e7\u00f5es\" \/>\n<meta property=\"og:url\" content=\"https:\/\/franciscanos.org.br\/vidacrista\/mensagem-do-santo-padre-francisco-para-o-60o-dia-mundial-de-oracao-pelas-vocacoes\/\" \/>\n<meta property=\"og:site_name\" content=\"Vida Crist\u00e3 - Franciscanos\" \/>\n<meta property=\"article:published_time\" content=\"2023-04-26T16:49:03+00:00\" \/>\n<meta property=\"article:modified_time\" content=\"2023-04-26T16:57:14+00:00\" \/>\n<meta property=\"og:image\" content=\"https:\/\/franciscanos.org.br\/vidacrista\/wp-content\/uploads\/2023\/04\/2023-04_mensagem-dia-mundial-de-oracaod.png\" \/>\n\t<meta property=\"og:image:width\" content=\"800\" \/>\n\t<meta property=\"og:image:height\" content=\"550\" \/>\n\t<meta property=\"og:image:type\" content=\"image\/png\" \/>\n<meta name=\"author\" content=\"admin\" \/>\n<meta name=\"twitter:card\" content=\"summary_large_image\" \/>\n<meta name=\"twitter:label1\" content=\"Escrito por\" \/>\n\t<meta name=\"twitter:data1\" content=\"admin\" \/>\n\t<meta name=\"twitter:label2\" content=\"Est. tempo de leitura\" \/>\n\t<meta name=\"twitter:data2\" content=\"10 minutos\" \/>\n<script type=\"application\/ld+json\" class=\"yoast-schema-graph\">{\"@context\":\"https:\/\/schema.org\",\"@graph\":[{\"@type\":\"WebSite\",\"@id\":\"https:\/\/franciscanos.org.br\/vidacrista\/#website\",\"url\":\"https:\/\/franciscanos.org.br\/vidacrista\/\",\"name\":\"Vida Crist\u00e3 - Franciscanos\",\"description\":\"Prov\u00edncia Franciscana da Imaculada Concei\u00e7\u00e3o do Brasil - Ordem dos Frades Menores\",\"potentialAction\":[{\"@type\":\"SearchAction\",\"target\":{\"@type\":\"EntryPoint\",\"urlTemplate\":\"https:\/\/franciscanos.org.br\/vidacrista\/?s={search_term_string}\"},\"query-input\":\"required name=search_term_string\"}],\"inLanguage\":\"pt-BR\"},{\"@type\":\"WebPage\",\"@id\":\"https:\/\/franciscanos.org.br\/vidacrista\/mensagem-do-santo-padre-francisco-para-o-60o-dia-mundial-de-oracao-pelas-vocacoes\/\",\"url\":\"https:\/\/franciscanos.org.br\/vidacrista\/mensagem-do-santo-padre-francisco-para-o-60o-dia-mundial-de-oracao-pelas-vocacoes\/\",\"name\":\"Mensagem do Papa Francisco para o 60\u00ba Dia Mundial de Ora\u00e7\u00e3o pelas Voca\u00e7\u00f5es - Vida Crist\u00e3 - Franciscanos\",\"isPartOf\":{\"@id\":\"https:\/\/franciscanos.org.br\/vidacrista\/#website\"},\"datePublished\":\"2023-04-26T16:49:03+00:00\",\"dateModified\":\"2023-04-26T16:57:14+00:00\",\"author\":{\"@id\":\"https:\/\/franciscanos.org.br\/vidacrista\/#\/schema\/person\/133632ca93cec555316a35f76ab4153b\"},\"breadcrumb\":{\"@id\":\"https:\/\/franciscanos.org.br\/vidacrista\/mensagem-do-santo-padre-francisco-para-o-60o-dia-mundial-de-oracao-pelas-vocacoes\/#breadcrumb\"},\"inLanguage\":\"pt-BR\",\"potentialAction\":[{\"@type\":\"ReadAction\",\"target\":[\"https:\/\/franciscanos.org.br\/vidacrista\/mensagem-do-santo-padre-francisco-para-o-60o-dia-mundial-de-oracao-pelas-vocacoes\/\"]}]},{\"@type\":\"BreadcrumbList\",\"@id\":\"https:\/\/franciscanos.org.br\/vidacrista\/mensagem-do-santo-padre-francisco-para-o-60o-dia-mundial-de-oracao-pelas-vocacoes\/#breadcrumb\",\"itemListElement\":[{\"@type\":\"ListItem\",\"position\":1,\"name\":\"Home\",\"item\":\"https:\/\/franciscanos.org.br\/vidacrista\/\"},{\"@type\":\"ListItem\",\"position\":2,\"name\":\"Mensagem do Papa Francisco para o 60\u00ba Dia Mundial de Ora\u00e7\u00e3o pelas Voca\u00e7\u00f5es\"}]},{\"@type\":\"Person\",\"@id\":\"https:\/\/franciscanos.org.br\/vidacrista\/#\/schema\/person\/133632ca93cec555316a35f76ab4153b\",\"name\":\"admin\",\"image\":{\"@type\":\"ImageObject\",\"inLanguage\":\"pt-BR\",\"@id\":\"https:\/\/franciscanos.org.br\/vidacrista\/#\/schema\/person\/image\/\",\"url\":\"https:\/\/secure.gravatar.com\/avatar\/e8495742d34d0ba6448ea1c628263b3e?s=96&d=mm&r=g\",\"contentUrl\":\"https:\/\/secure.gravatar.com\/avatar\/e8495742d34d0ba6448ea1c628263b3e?s=96&d=mm&r=g\",\"caption\":\"admin\"},\"url\":\"https:\/\/franciscanos.org.br\/vidacrista\/author\/admin\/\"}]}<\/script>\n<!-- \/ Yoast SEO plugin. -->","yoast_head_json":{"title":"Mensagem do Papa Francisco para o 60\u00ba Dia Mundial de Ora\u00e7\u00e3o pelas Voca\u00e7\u00f5es - Vida Crist\u00e3 - Franciscanos","robots":{"index":"index","follow":"follow","max-snippet":"max-snippet:-1","max-image-preview":"max-image-preview:large","max-video-preview":"max-video-preview:-1"},"canonical":"https:\/\/franciscanos.org.br\/vidacrista\/mensagem-do-santo-padre-francisco-para-o-60o-dia-mundial-de-oracao-pelas-vocacoes\/","og_locale":"pt_BR","og_type":"article","og_title":"Mensagem do Papa Francisco para o 60\u00ba Dia Mundial de Ora\u00e7\u00e3o pelas Voca\u00e7\u00f5es - Vida Crist\u00e3 - Franciscanos","og_description":"Dia Mundial de Ora\u00e7\u00e3o pelas Voca\u00e7\u00f5es","og_url":"https:\/\/franciscanos.org.br\/vidacrista\/mensagem-do-santo-padre-francisco-para-o-60o-dia-mundial-de-oracao-pelas-vocacoes\/","og_site_name":"Vida Crist\u00e3 - Franciscanos","article_published_time":"2023-04-26T16:49:03+00:00","article_modified_time":"2023-04-26T16:57:14+00:00","og_image":[{"width":800,"height":550,"url":"https:\/\/franciscanos.org.br\/vidacrista\/wp-content\/uploads\/2023\/04\/2023-04_mensagem-dia-mundial-de-oracaod.png","type":"image\/png"}],"author":"admin","twitter_card":"summary_large_image","twitter_misc":{"Escrito por":"admin","Est. tempo de leitura":"10 minutos"},"schema":{"@context":"https:\/\/schema.org","@graph":[{"@type":"WebSite","@id":"https:\/\/franciscanos.org.br\/vidacrista\/#website","url":"https:\/\/franciscanos.org.br\/vidacrista\/","name":"Vida Crist\u00e3 - Franciscanos","description":"Prov\u00edncia Franciscana da Imaculada Concei\u00e7\u00e3o do Brasil - Ordem dos Frades Menores","potentialAction":[{"@type":"SearchAction","target":{"@type":"EntryPoint","urlTemplate":"https:\/\/franciscanos.org.br\/vidacrista\/?s={search_term_string}"},"query-input":"required name=search_term_string"}],"inLanguage":"pt-BR"},{"@type":"WebPage","@id":"https:\/\/franciscanos.org.br\/vidacrista\/mensagem-do-santo-padre-francisco-para-o-60o-dia-mundial-de-oracao-pelas-vocacoes\/","url":"https:\/\/franciscanos.org.br\/vidacrista\/mensagem-do-santo-padre-francisco-para-o-60o-dia-mundial-de-oracao-pelas-vocacoes\/","name":"Mensagem do Papa Francisco para o 60\u00ba Dia Mundial de Ora\u00e7\u00e3o pelas Voca\u00e7\u00f5es - Vida Crist\u00e3 - Franciscanos","isPartOf":{"@id":"https:\/\/franciscanos.org.br\/vidacrista\/#website"},"datePublished":"2023-04-26T16:49:03+00:00","dateModified":"2023-04-26T16:57:14+00:00","author":{"@id":"https:\/\/franciscanos.org.br\/vidacrista\/#\/schema\/person\/133632ca93cec555316a35f76ab4153b"},"breadcrumb":{"@id":"https:\/\/franciscanos.org.br\/vidacrista\/mensagem-do-santo-padre-francisco-para-o-60o-dia-mundial-de-oracao-pelas-vocacoes\/#breadcrumb"},"inLanguage":"pt-BR","potentialAction":[{"@type":"ReadAction","target":["https:\/\/franciscanos.org.br\/vidacrista\/mensagem-do-santo-padre-francisco-para-o-60o-dia-mundial-de-oracao-pelas-vocacoes\/"]}]},{"@type":"BreadcrumbList","@id":"https:\/\/franciscanos.org.br\/vidacrista\/mensagem-do-santo-padre-francisco-para-o-60o-dia-mundial-de-oracao-pelas-vocacoes\/#breadcrumb","itemListElement":[{"@type":"ListItem","position":1,"name":"Home","item":"https:\/\/franciscanos.org.br\/vidacrista\/"},{"@type":"ListItem","position":2,"name":"Mensagem do Papa Francisco para o 60\u00ba Dia Mundial de Ora\u00e7\u00e3o pelas Voca\u00e7\u00f5es"}]},{"@type":"Person","@id":"https:\/\/franciscanos.org.br\/vidacrista\/#\/schema\/person\/133632ca93cec555316a35f76ab4153b","name":"admin","image":{"@type":"ImageObject","inLanguage":"pt-BR","@id":"https:\/\/franciscanos.org.br\/vidacrista\/#\/schema\/person\/image\/","url":"https:\/\/secure.gravatar.com\/avatar\/e8495742d34d0ba6448ea1c628263b3e?s=96&d=mm&r=g","contentUrl":"https:\/\/secure.gravatar.com\/avatar\/e8495742d34d0ba6448ea1c628263b3e?s=96&d=mm&r=g","caption":"admin"},"url":"https:\/\/franciscanos.org.br\/vidacrista\/author\/admin\/"}]}},"_links":{"self":[{"href":"https:\/\/franciscanos.org.br\/vidacrista\/wp-json\/wp\/v2\/posts\/193237"}],"collection":[{"href":"https:\/\/franciscanos.org.br\/vidacrista\/wp-json\/wp\/v2\/posts"}],"about":[{"href":"https:\/\/franciscanos.org.br\/vidacrista\/wp-json\/wp\/v2\/types\/post"}],"author":[{"embeddable":true,"href":"https:\/\/franciscanos.org.br\/vidacrista\/wp-json\/wp\/v2\/users\/1"}],"replies":[{"embeddable":true,"href":"https:\/\/franciscanos.org.br\/vidacrista\/wp-json\/wp\/v2\/comments?post=193237"}],"version-history":[{"count":3,"href":"https:\/\/franciscanos.org.br\/vidacrista\/wp-json\/wp\/v2\/posts\/193237\/revisions"}],"predecessor-version":[{"id":193242,"href":"https:\/\/franciscanos.org.br\/vidacrista\/wp-json\/wp\/v2\/posts\/193237\/revisions\/193242"}],"wp:featuredmedia":[{"embeddable":true,"href":"https:\/\/franciscanos.org.br\/vidacrista\/wp-json\/wp\/v2\/media\/193239"}],"wp:attachment":[{"href":"https:\/\/franciscanos.org.br\/vidacrista\/wp-json\/wp\/v2\/media?parent=193237"}],"wp:term":[{"taxonomy":"category","embeddable":true,"href":"https:\/\/franciscanos.org.br\/vidacrista\/wp-json\/wp\/v2\/categories?post=193237"},{"taxonomy":"post_tag","embeddable":true,"href":"https:\/\/franciscanos.org.br\/vidacrista\/wp-json\/wp\/v2\/tags?post=193237"}],"curies":[{"name":"wp","href":"https:\/\/api.w.org\/{rel}","templated":true}]}}