{"id":193226,"date":"2023-04-25T11:09:11","date_gmt":"2023-04-25T14:09:11","guid":{"rendered":"https:\/\/franciscanos.org.br\/vidacrista\/?p=193226"},"modified":"2023-04-26T08:37:09","modified_gmt":"2023-04-26T11:37:09","slug":"o-urgente-desafio-de-proteger-a-nossa-casa-comum","status":"publish","type":"post","link":"https:\/\/franciscanos.org.br\/vidacrista\/o-urgente-desafio-de-proteger-a-nossa-casa-comum\/","title":{"rendered":"O urgente desafio de proteger a nossa casa comum"},"content":{"rendered":"<div id=\"attachment_193227\" style=\"width: 850px\" class=\"wp-caption alignnone\"><img aria-describedby=\"caption-attachment-193227\" decoding=\"async\" loading=\"lazy\" class=\"wp-image-193227 size-full\" src=\"https:\/\/franciscanos.org.br\/vidacrista\/wp-content\/uploads\/2023\/04\/artigo_25.png\" alt=\"\" width=\"840\" height=\"450\" srcset=\"https:\/\/franciscanos.org.br\/vidacrista\/wp-content\/uploads\/2023\/04\/artigo_25.png 840w, https:\/\/franciscanos.org.br\/vidacrista\/wp-content\/uploads\/2023\/04\/artigo_25-450x241.png 450w, https:\/\/franciscanos.org.br\/vidacrista\/wp-content\/uploads\/2023\/04\/artigo_25-768x411.png 768w, https:\/\/franciscanos.org.br\/vidacrista\/wp-content\/uploads\/2023\/04\/artigo_25-150x80.png 150w\" sizes=\"(max-width: 840px) 100vw, 840px\" \/><p id=\"caption-attachment-193227\" class=\"wp-caption-text\">Imagem ilustrativa: Canva (<a href=\"http:\/\/www.canva.com\/pt_br\/modelos\">www.canva.com\/pt_br\/modelos<\/a>)<\/p><\/div>\n<p>&nbsp;<\/p>\n<p><img decoding=\"async\" loading=\"lazy\" src=\"https:\/\/franciscanos.org.br\/vidacrista\/wp-content\/uploads\/2023\/04\/Artboard-1.png\" alt=\"\" width=\"1280\" height=\"140\" \/><\/p>\n<p>S\u00e3o Francisco, no C\u00e2ntico das Criaturas, proclama: <em>\u00abLouvado sejas, meu Senhor, pela <strong>nossa irm\u00e3, a m\u00e3e terra, <\/strong>que nos sustenta e governa e produz variados frutos com flores coloridas e verduras\u00bb.<\/em> Nosso planeta \u00e9 belo! A vida na terra, em todas as suas infintas formas e cores \u00e9 um espet\u00e1culo que nos extasia! Um convite para louvarmos a Deus pela beleza da Sua cria\u00e7\u00e3o! Contudo, a sobreviv\u00eancia dessa rica biodiversidade, onde tudo est\u00e1 interligado, depende de um delicado equil\u00edbrio ecol\u00f3gico que est\u00e1 gravemente amea\u00e7ado pelo aquecimento global e pelas mudan\u00e7as clim\u00e1ticas.<\/p>\n<p>Na Enc\u00edclica <em>Laudato Si\u2019 <\/em>\u00a0[LS], publicada em 2015, o Papa Francisco nos alerta: \u201cEsta irm\u00e3 [a terra] clama contra o mal que lhe provocamos por causa do uso irrespons\u00e1vel e do abuso dos bens que Deus nela colocou. Crescemos pensando que \u00e9ramos seus propriet\u00e1rios e dominadores, autorizados a saque\u00e1-la. A viol\u00eancia, que est\u00e1 no cora\u00e7\u00e3o humano ferido pelo pecado, vislumbra-se nos sintomas de doen\u00e7a que notamos no solo, na \u00e1gua, no ar e nos seres vivos. Por isso, entre os pobres mais abandonados e maltratados, conta-se a nossa terra oprimida e devastada, que \u00abgeme e sofre as dores do parto\u00bb (<em>Rm <\/em>8, 22). <strong>Esquecemo-nos de que n\u00f3s mesmos somos terra<\/strong> (cf. <em>Gn <\/em>2, 7). O nosso corpo \u00e9 constitu\u00eddo pelos elementos do planeta; o seu ar permite-nos respirar, e a sua \u00e1gua vivifica-nos e restaura-nos\u201d [LS 1-2].<\/p>\n<p>O Dia da Terra\/2022 nos alertava que <strong>o ano de 2030 \u00e9 o prazo limite<\/strong> que temos para promovermos a redu\u00e7\u00e3o do aquecimento global e do desmatamento, cortando emiss\u00f5es e promovendo radicais mudan\u00e7as para diminuir o impacto negativo das nossas a\u00e7\u00f5es. <strong>A partir da\u00ed podemos entrar em um processo sem retorno de desequil\u00edbrio,<\/strong> de aquecimento global e de destrui\u00e7\u00e3o das condi\u00e7\u00f5es de vida no nosso planeta.<\/p>\n<p>E Papa Francisco acrescenta: \u201cO urgente desafio de proteger a nossa casa comum inclui a preocupa\u00e7\u00e3o de unir toda a fam\u00edlia humana na busca de um desenvolvimento sustent\u00e1vel e integral, pois sabemos que as coisas podem mudar. O Criador n\u00e3o nos abandona, nunca recua no seu projeto de amor, nem Se arrepender de nos ter criado. A humanidade possui ainda a capacidade de colaborar na constru\u00e7\u00e3o da nossa casa comum\u201d [LS 13]. E acrescenta: \u201cLan\u00e7o um convite urgente a renovar o di\u00e1logo sobre a maneira como estamos construindo o futuro do planeta. Precisamos de um debate que nos una a todos, porque o desafio ambiental, que vivemos, e as suas ra\u00edzes humanas dizem respeito e t\u00eam impacto sobre todos n\u00f3s [LS 14].<\/p>\n<p>Como disseram os bispos da \u00c1frica do Sul, \u00abs\u00e3o necess\u00e1rios os talentos e o envolvimento <em>de todos <\/em>para reparar o dano causado pelos humanos sobre a cria\u00e7\u00e3o de Deus\u00bb. Todos podemos colaborar, como instrumentos de Deus, no cuidado da cria\u00e7\u00e3o, cada um a partir da sua cultura, experi\u00eancia, iniciativas e capacidades\u201d [LS 14]. \u201cPrecisamos de uma convers\u00e3o ecol\u00f3gica global\u201d [LS 5].<\/p>\n<p>O que estou fazendo para contribuir na preserva\u00e7\u00e3o da vida em nossa Casa Comum? Dizia S\u00e3o Francisco: \u201cComecemos irm\u00e3os, porque at\u00e9 agora pouco ou nada fizemos\u201d. N\u00e3o temos tempo a perder! Junte-se a n\u00f3s! Participe do Movimento <em>Laudato Si\u2019<\/em>, da Pastoral da Ecologia Integral, do Servi\u00e7o Franciscano de Justi\u00e7a, Paz e Integridade da Cria\u00e7\u00e3o (JPIC)! Deus conta conosco! Nossa Casa Comum tamb\u00e9m! Paz e Bem!<\/p>\n<hr \/>\n<p><em>Frei Andr\u00e9 Gurzynski, ofm, Servi\u00e7o Franciscano de Justi\u00e7a, Paz e Integridade da Cria\u00e7\u00e3o &#8211; JPIC).<\/em><\/p>\n","protected":false},"excerpt":{"rendered":"<p>JPIC<\/p>\n","protected":false},"author":3,"featured_media":193227,"comment_status":"open","ping_status":"open","sticky":false,"template":"","format":"standard","meta":{"footnotes":""},"categories":[26],"tags":[227],"yoast_head":"<!-- This site is optimized with the Yoast SEO plugin v19.4 - https:\/\/yoast.com\/wordpress\/plugins\/seo\/ -->\n<title>O urgente desafio de proteger a nossa casa comum - Vida Crist\u00e3 - Franciscanos<\/title>\n<meta name=\"robots\" content=\"index, follow, max-snippet:-1, max-image-preview:large, max-video-preview:-1\" \/>\n<link rel=\"canonical\" href=\"https:\/\/franciscanos.org.br\/vidacrista\/o-urgente-desafio-de-proteger-a-nossa-casa-comum\/\" \/>\n<meta property=\"og:locale\" content=\"pt_BR\" \/>\n<meta property=\"og:type\" content=\"article\" \/>\n<meta property=\"og:title\" content=\"O urgente desafio de proteger a nossa casa comum - Vida Crist\u00e3 - Franciscanos\" \/>\n<meta property=\"og:description\" content=\"JPIC\" \/>\n<meta property=\"og:url\" content=\"https:\/\/franciscanos.org.br\/vidacrista\/o-urgente-desafio-de-proteger-a-nossa-casa-comum\/\" \/>\n<meta property=\"og:site_name\" content=\"Vida Crist\u00e3 - Franciscanos\" \/>\n<meta property=\"article:published_time\" content=\"2023-04-25T14:09:11+00:00\" \/>\n<meta property=\"article:modified_time\" content=\"2023-04-26T11:37:09+00:00\" \/>\n<meta property=\"og:image\" content=\"https:\/\/franciscanos.org.br\/vidacrista\/wp-content\/uploads\/2023\/04\/artigo_25.png\" \/>\n\t<meta property=\"og:image:width\" content=\"840\" \/>\n\t<meta property=\"og:image:height\" content=\"450\" \/>\n\t<meta property=\"og:image:type\" content=\"image\/png\" \/>\n<meta name=\"author\" content=\"moacir\" \/>\n<meta name=\"twitter:card\" content=\"summary_large_image\" \/>\n<meta name=\"twitter:label1\" content=\"Escrito por\" \/>\n\t<meta name=\"twitter:data1\" content=\"moacir\" \/>\n\t<meta name=\"twitter:label2\" content=\"Est. tempo de leitura\" \/>\n\t<meta name=\"twitter:data2\" content=\"4 minutos\" \/>\n<script type=\"application\/ld+json\" class=\"yoast-schema-graph\">{\"@context\":\"https:\/\/schema.org\",\"@graph\":[{\"@type\":\"WebSite\",\"@id\":\"https:\/\/franciscanos.org.br\/vidacrista\/#website\",\"url\":\"https:\/\/franciscanos.org.br\/vidacrista\/\",\"name\":\"Vida Crist\u00e3 - Franciscanos\",\"description\":\"Prov\u00edncia Franciscana da Imaculada Concei\u00e7\u00e3o do Brasil - Ordem dos Frades Menores\",\"potentialAction\":[{\"@type\":\"SearchAction\",\"target\":{\"@type\":\"EntryPoint\",\"urlTemplate\":\"https:\/\/franciscanos.org.br\/vidacrista\/?s={search_term_string}\"},\"query-input\":\"required name=search_term_string\"}],\"inLanguage\":\"pt-BR\"},{\"@type\":\"WebPage\",\"@id\":\"https:\/\/franciscanos.org.br\/vidacrista\/o-urgente-desafio-de-proteger-a-nossa-casa-comum\/\",\"url\":\"https:\/\/franciscanos.org.br\/vidacrista\/o-urgente-desafio-de-proteger-a-nossa-casa-comum\/\",\"name\":\"O urgente desafio de proteger a nossa casa comum - Vida Crist\u00e3 - Franciscanos\",\"isPartOf\":{\"@id\":\"https:\/\/franciscanos.org.br\/vidacrista\/#website\"},\"datePublished\":\"2023-04-25T14:09:11+00:00\",\"dateModified\":\"2023-04-26T11:37:09+00:00\",\"author\":{\"@id\":\"https:\/\/franciscanos.org.br\/vidacrista\/#\/schema\/person\/1880bdd2c350b735648725ef7614736a\"},\"breadcrumb\":{\"@id\":\"https:\/\/franciscanos.org.br\/vidacrista\/o-urgente-desafio-de-proteger-a-nossa-casa-comum\/#breadcrumb\"},\"inLanguage\":\"pt-BR\",\"potentialAction\":[{\"@type\":\"ReadAction\",\"target\":[\"https:\/\/franciscanos.org.br\/vidacrista\/o-urgente-desafio-de-proteger-a-nossa-casa-comum\/\"]}]},{\"@type\":\"BreadcrumbList\",\"@id\":\"https:\/\/franciscanos.org.br\/vidacrista\/o-urgente-desafio-de-proteger-a-nossa-casa-comum\/#breadcrumb\",\"itemListElement\":[{\"@type\":\"ListItem\",\"position\":1,\"name\":\"Home\",\"item\":\"https:\/\/franciscanos.org.br\/vidacrista\/\"},{\"@type\":\"ListItem\",\"position\":2,\"name\":\"O urgente desafio de proteger a nossa casa comum\"}]},{\"@type\":\"Person\",\"@id\":\"https:\/\/franciscanos.org.br\/vidacrista\/#\/schema\/person\/1880bdd2c350b735648725ef7614736a\",\"name\":\"moacir\",\"image\":{\"@type\":\"ImageObject\",\"inLanguage\":\"pt-BR\",\"@id\":\"https:\/\/franciscanos.org.br\/vidacrista\/#\/schema\/person\/image\/\",\"url\":\"https:\/\/secure.gravatar.com\/avatar\/d08aa2ce4c8dd416d4479aa8536fcf64?s=96&d=mm&r=g\",\"contentUrl\":\"https:\/\/secure.gravatar.com\/avatar\/d08aa2ce4c8dd416d4479aa8536fcf64?s=96&d=mm&r=g\",\"caption\":\"moacir\"},\"url\":\"https:\/\/franciscanos.org.br\/vidacrista\/author\/moacir\/\"}]}<\/script>\n<!-- \/ Yoast SEO plugin. -->","yoast_head_json":{"title":"O urgente desafio de proteger a nossa casa comum - Vida Crist\u00e3 - Franciscanos","robots":{"index":"index","follow":"follow","max-snippet":"max-snippet:-1","max-image-preview":"max-image-preview:large","max-video-preview":"max-video-preview:-1"},"canonical":"https:\/\/franciscanos.org.br\/vidacrista\/o-urgente-desafio-de-proteger-a-nossa-casa-comum\/","og_locale":"pt_BR","og_type":"article","og_title":"O urgente desafio de proteger a nossa casa comum - Vida Crist\u00e3 - Franciscanos","og_description":"JPIC","og_url":"https:\/\/franciscanos.org.br\/vidacrista\/o-urgente-desafio-de-proteger-a-nossa-casa-comum\/","og_site_name":"Vida Crist\u00e3 - Franciscanos","article_published_time":"2023-04-25T14:09:11+00:00","article_modified_time":"2023-04-26T11:37:09+00:00","og_image":[{"width":840,"height":450,"url":"https:\/\/franciscanos.org.br\/vidacrista\/wp-content\/uploads\/2023\/04\/artigo_25.png","type":"image\/png"}],"author":"moacir","twitter_card":"summary_large_image","twitter_misc":{"Escrito por":"moacir","Est. tempo de leitura":"4 minutos"},"schema":{"@context":"https:\/\/schema.org","@graph":[{"@type":"WebSite","@id":"https:\/\/franciscanos.org.br\/vidacrista\/#website","url":"https:\/\/franciscanos.org.br\/vidacrista\/","name":"Vida Crist\u00e3 - Franciscanos","description":"Prov\u00edncia Franciscana da Imaculada Concei\u00e7\u00e3o do Brasil - Ordem dos Frades Menores","potentialAction":[{"@type":"SearchAction","target":{"@type":"EntryPoint","urlTemplate":"https:\/\/franciscanos.org.br\/vidacrista\/?s={search_term_string}"},"query-input":"required name=search_term_string"}],"inLanguage":"pt-BR"},{"@type":"WebPage","@id":"https:\/\/franciscanos.org.br\/vidacrista\/o-urgente-desafio-de-proteger-a-nossa-casa-comum\/","url":"https:\/\/franciscanos.org.br\/vidacrista\/o-urgente-desafio-de-proteger-a-nossa-casa-comum\/","name":"O urgente desafio de proteger a nossa casa comum - Vida Crist\u00e3 - Franciscanos","isPartOf":{"@id":"https:\/\/franciscanos.org.br\/vidacrista\/#website"},"datePublished":"2023-04-25T14:09:11+00:00","dateModified":"2023-04-26T11:37:09+00:00","author":{"@id":"https:\/\/franciscanos.org.br\/vidacrista\/#\/schema\/person\/1880bdd2c350b735648725ef7614736a"},"breadcrumb":{"@id":"https:\/\/franciscanos.org.br\/vidacrista\/o-urgente-desafio-de-proteger-a-nossa-casa-comum\/#breadcrumb"},"inLanguage":"pt-BR","potentialAction":[{"@type":"ReadAction","target":["https:\/\/franciscanos.org.br\/vidacrista\/o-urgente-desafio-de-proteger-a-nossa-casa-comum\/"]}]},{"@type":"BreadcrumbList","@id":"https:\/\/franciscanos.org.br\/vidacrista\/o-urgente-desafio-de-proteger-a-nossa-casa-comum\/#breadcrumb","itemListElement":[{"@type":"ListItem","position":1,"name":"Home","item":"https:\/\/franciscanos.org.br\/vidacrista\/"},{"@type":"ListItem","position":2,"name":"O urgente desafio de proteger a nossa casa comum"}]},{"@type":"Person","@id":"https:\/\/franciscanos.org.br\/vidacrista\/#\/schema\/person\/1880bdd2c350b735648725ef7614736a","name":"moacir","image":{"@type":"ImageObject","inLanguage":"pt-BR","@id":"https:\/\/franciscanos.org.br\/vidacrista\/#\/schema\/person\/image\/","url":"https:\/\/secure.gravatar.com\/avatar\/d08aa2ce4c8dd416d4479aa8536fcf64?s=96&d=mm&r=g","contentUrl":"https:\/\/secure.gravatar.com\/avatar\/d08aa2ce4c8dd416d4479aa8536fcf64?s=96&d=mm&r=g","caption":"moacir"},"url":"https:\/\/franciscanos.org.br\/vidacrista\/author\/moacir\/"}]}},"_links":{"self":[{"href":"https:\/\/franciscanos.org.br\/vidacrista\/wp-json\/wp\/v2\/posts\/193226"}],"collection":[{"href":"https:\/\/franciscanos.org.br\/vidacrista\/wp-json\/wp\/v2\/posts"}],"about":[{"href":"https:\/\/franciscanos.org.br\/vidacrista\/wp-json\/wp\/v2\/types\/post"}],"author":[{"embeddable":true,"href":"https:\/\/franciscanos.org.br\/vidacrista\/wp-json\/wp\/v2\/users\/3"}],"replies":[{"embeddable":true,"href":"https:\/\/franciscanos.org.br\/vidacrista\/wp-json\/wp\/v2\/comments?post=193226"}],"version-history":[{"count":7,"href":"https:\/\/franciscanos.org.br\/vidacrista\/wp-json\/wp\/v2\/posts\/193226\/revisions"}],"predecessor-version":[{"id":193236,"href":"https:\/\/franciscanos.org.br\/vidacrista\/wp-json\/wp\/v2\/posts\/193226\/revisions\/193236"}],"wp:featuredmedia":[{"embeddable":true,"href":"https:\/\/franciscanos.org.br\/vidacrista\/wp-json\/wp\/v2\/media\/193227"}],"wp:attachment":[{"href":"https:\/\/franciscanos.org.br\/vidacrista\/wp-json\/wp\/v2\/media?parent=193226"}],"wp:term":[{"taxonomy":"category","embeddable":true,"href":"https:\/\/franciscanos.org.br\/vidacrista\/wp-json\/wp\/v2\/categories?post=193226"},{"taxonomy":"post_tag","embeddable":true,"href":"https:\/\/franciscanos.org.br\/vidacrista\/wp-json\/wp\/v2\/tags?post=193226"}],"curies":[{"name":"wp","href":"https:\/\/api.w.org\/{rel}","templated":true}]}}