{"id":193203,"date":"2023-04-15T07:58:03","date_gmt":"2023-04-15T10:58:03","guid":{"rendered":"https:\/\/franciscanos.org.br\/vidacrista\/?p=193203"},"modified":"2023-04-15T07:58:03","modified_gmt":"2023-04-15T10:58:03","slug":"domingo-da-misericordia-e-a-misericordia-eterna-de-deus-sl-1171","status":"publish","type":"post","link":"https:\/\/franciscanos.org.br\/vidacrista\/domingo-da-misericordia-e-a-misericordia-eterna-de-deus-sl-1171\/","title":{"rendered":"Domingo da Miseric\u00f3rdia e a miseric\u00f3rdia eterna de Deus (Sl 117,1)"},"content":{"rendered":"<div id=\"attachment_193204\" style=\"width: 850px\" class=\"wp-caption alignnone\"><img aria-describedby=\"caption-attachment-193204\" decoding=\"async\" loading=\"lazy\" class=\"wp-image-193204 size-full\" src=\"https:\/\/franciscanos.org.br\/vidacrista\/wp-content\/uploads\/2023\/04\/misericordia_15.jpg\" alt=\"\" width=\"840\" height=\"450\" srcset=\"https:\/\/franciscanos.org.br\/vidacrista\/wp-content\/uploads\/2023\/04\/misericordia_15.jpg 840w, https:\/\/franciscanos.org.br\/vidacrista\/wp-content\/uploads\/2023\/04\/misericordia_15-450x241.jpg 450w, https:\/\/franciscanos.org.br\/vidacrista\/wp-content\/uploads\/2023\/04\/misericordia_15-768x411.jpg 768w, https:\/\/franciscanos.org.br\/vidacrista\/wp-content\/uploads\/2023\/04\/misericordia_15-150x80.jpg 150w\" sizes=\"(max-width: 840px) 100vw, 840px\" \/><p id=\"caption-attachment-193204\" class=\"wp-caption-text\"><em>Imagem: Pintura associada \u00e0 devo\u00e7\u00e3o da Divina Miseric\u00f3rdia<\/em><\/p><\/div>\n<p><em>Frei Jacir de Freitas Faria<\/em> <a href=\"#_ftn1\" name=\"_ftnref1\">[1]<\/a><\/p>\n<p>No dia 30 de abril do ano 2000, o Papa Jo\u00e3o Paulo II, na celebra\u00e7\u00e3o de canoniza\u00e7\u00e3o da freira polonesa, Maria Faustina Kowalska, institucionalizou o segundo domingo da P\u00e1scoa como \u201cDomingo da Divina Miseric\u00f3rdia\u201d. Segundo a tradi\u00e7\u00e3o de f\u00e9, Jesus teria revelado \u00e0 Santa Faustina que o primeiro domingo, depois da P\u00e1scoa, deveria ser o da festa da Divina Miseric\u00f3rdia, para recordar aos crist\u00e3os a eterna e insond\u00e1vel miseric\u00f3rdia de Deus.<\/p>\n<p><iframe loading=\"lazy\" title=\"YouTube video player\" src=\"https:\/\/www.youtube.com\/embed\/AqMMSEwz-YI\" width=\"100%\" height=\"500\" frameborder=\"0\" allowfullscreen=\"allowfullscreen\"><span data-mce-type=\"bookmark\" style=\"display: inline-block; width: 0px; overflow: hidden; line-height: 0;\" class=\"mce_SELRES_start\">\ufeff<\/span><\/iframe><\/p>\n<p>Para entender o alcance dessa afirmativa, \u00e9 necess\u00e1rio compreender o porqu\u00ea do domingo e o significado da miseric\u00f3rdia na B\u00edblia e em nossas vidas. O nosso ponto de partida ser\u00e1 o Sl 117,1, no qual o salmista canta: \u201cDai gra\u00e7as ao Senhor, porque ele \u00e9 bom! Porque eterna \u00e9 a sua miseric\u00f3rdia!\u201d<\/p>\n<p>Para os judeus, domingo \u00e9 o primeiro dia da semana, dia de trabalho do fiel, pois, com ele, Deus inicia o seu ato criador. Para os crist\u00e3os, Jesus, ao ressuscitar no primeiro dia da semana, sela a cria\u00e7\u00e3o definitiva de Deus na vida que n\u00e3o passa mais. Os primeiros crist\u00e3os tamb\u00e9m entendiam que o domingo recorda as oito bem-aventuran\u00e7as. Ser bem-aventurado \u00e9 \u201cestar em marcha\u201d, a caminho. Assim, a ressurrei\u00e7\u00e3o de Jesus no domingo completa a marcha da vida, que \u00e9 ressuscitar. Na labuta do marchar, uma das bem-aventuran\u00e7as \u00e9 o agir com miseric\u00f3rdia para alcan\u00e7ar a miseric\u00f3rdia divina (Mt 5,7).<\/p>\n<p>A B\u00edblia est\u00e1 repleta da miseric\u00f3rdia. Os Salmos t\u00eam um lugar especial nesse movimento de f\u00e9 e de esperan\u00e7a. Eles s\u00e3o uma colet\u00e2nea de hinos inspirados, os quais expressam o sentido da f\u00e9 nas mais variadas formas da vida humana: dor, sofrimento, alegria, louvor, vit\u00f3rias, doen\u00e7as, morte etc. A rela\u00e7\u00e3o \u00e9 sempre com o Deus que ouve o sofrimento, aceita o louvor e mant\u00e9m la\u00e7os de eternidade com o ser humano, a partir de sua miseric\u00f3rdia infinita.<\/p>\n<p>Uma curiosidade! Voc\u00ea sabia que nem todo salmo \u00e9 um salmo? Na verdade, a maioria s\u00e3o hinos. Salmos s\u00e3o somente os hinos que usavam um instrumento de oito cordas para acompanh\u00e1-lo. Com o tempo, eles deram nome ao livro composto de 150 hinos.<\/p>\n<p>Na B\u00edblia encontramos tr\u00eas substantivos para falar de miseric\u00f3rdia. Dois no Primeiro Testamento e um, no Segundo. O primeiro deles \u00e9 <em>hesed<\/em>, que significa favor imerecido, benevol\u00eancia, gra\u00e7a que age no tempo. O segundo termo hebraico \u00e9 <em>rahamim<\/em>, que significa miseric\u00f3rdia e compaix\u00e3o. <em>Rahamim<\/em> prov\u00e9m de <em>rehem<\/em>, isto \u00e9, o seio materno da mulher-m\u00e3e com a sua disposi\u00e7\u00e3o de amar sem exig\u00eancia, sem favores e trocas. A m\u00e3e ama porque ama, com bondade, ternura e compreens\u00e3o. Desse modo, <em>hesed<\/em> \u00e9 lado masculino da miseric\u00f3rdia (fidelidade para consigo mesmo) e <em>rahamim<\/em>, o lado feminino (amor doa\u00e7\u00e3o).<\/p>\n<p>No Segundo Testamento, o substantivo grego <em>\u00e9leos<\/em>, tradu\u00e7\u00e3o do hebraico <em>hesed<\/em>, expressa a emo\u00e7\u00e3o que temos diante do sofrimento do outro, isto \u00e9, a compaix\u00e3o e a miseric\u00f3rdia. Da\u00ed que esmola, em grego eleemos\u00fane, \u00e9 o ato de sentir, de ter compaix\u00e3o em rela\u00e7\u00e3o ao outro.<\/p>\n<p>Ainda que esses termos se refiram ao ser humano, na B\u00edblia, a miseric\u00f3rdia tem rela\u00e7\u00e3o direta com Deus. Dentre as 296 cita\u00e7\u00f5es de miseric\u00f3rdia, na B\u00edblia, 236 referem-se \u00e0 miseric\u00f3rdia de Deus e somente 60, ao ser humano. Disso resulta que o agir misericordioso \u00e9 caracter\u00edstica de Deus. Para o ser humano, fica sempre o desafio de ser misericordioso como Deus.<\/p>\n<p>Quando a B\u00edblia foi traduzida, do hebraico para o latim, <em>hesed<\/em> virou miseric\u00f3rdia, o qual \u00e9 composto de <em>miser<\/em> e <em>cor<\/em>. <em>Miser<\/em> \u00e9 a condi\u00e7\u00e3o extremada de sofrimento e ang\u00fastia de algu\u00e9m, de mis\u00e9ria que suplica ao <em>cor<\/em>, isto \u00e9, ao cora\u00e7\u00e3o, por miseric\u00f3rdia. Diante de uma trag\u00e9dia, n\u00e3o h\u00e1 como sentir compaix\u00e3o, miseric\u00f3rdia por quem sofre a dor. Nessa hora, n\u00e3o h\u00e1 quem n\u00e3o grite a Deus por miseric\u00f3rdia. No findar de nossas vidas, s\u00f3 Deus pode ter miseric\u00f3rdia. Quando algu\u00e9m perde a capacidade de sentir miseric\u00f3rdia, a sua humanidade n\u00e3o existe mais, pois a ess\u00eancia de Deus, que \u00e9 miseric\u00f3rdia, morreu dentre dele.<\/p>\n<p>Na ora\u00e7\u00e3o dos salmos, miseric\u00f3rdia aparece 90 vezes para falar das v\u00edsceras, das entranhas de Deus que se comove. Os Salmos de Miseric\u00f3rdia s\u00e3o: Sl 25; 41; 42; 43;51;57;92;103;119;136. J\u00e1 a exclama\u00e7\u00e3o \u201cLouvem o Senhor, porque ele \u00e9 bom, porque eterna \u00e9 a sua miseric\u00f3rdia!\u201d \u00e9 usada como refr\u00e3o em numerosos salmos e textos do Primeiro Testamento (Sl 106, 1; 107, 1; 1 Cr 16,34; 2 Cr 5, 13; 7, 3; 20, 21; Esd 3, 11; Dn 3, 89; Sl 100, 5; Jd 13, 14).<\/p>\n<p>O fato de repetir, incansavelmente, que eterna \u00e9 a miseric\u00f3rdia de Deus, faz da hist\u00f3ria do povo da B\u00edblia uma hist\u00f3ria de salva\u00e7\u00e3o, de miseric\u00f3rdia. O tempo e o espa\u00e7o da vida terrena e divina entrela\u00e7am-se na eternidade do amor, que \u00e9 Deus. Ele sempre cuida e cuidar\u00e1 de n\u00f3s com o olhar de miseric\u00f3rdia. Deus \u00e9 eterno, eterna ser\u00e1 a nossa vida, pois a miseric\u00f3rdia dele \u00e9 eterna. Miseric\u00f3rdia \u00e9 outro nome de Deus. \u00c9 fa\u00edsca de Deus no meio de n\u00f3s! Em Jesus, Deus veio ao nosso encontro para nos convocar a olhar o nosso semelhante com miseric\u00f3rdia. H\u00e1 muitos filhos pr\u00f3digos nos caminhos de nossa vida. S\u00f3 a miseric\u00f3rdia \u00e9 capaz de manter a nossa rela\u00e7\u00e3o com Deus, pois ela deixa o nosso cora\u00e7\u00e3o aberto para a esperan\u00e7a, apesar de nossa limita\u00e7\u00e3o, de nossos erros. Quando o fim de nossa vida terrena chegar, seremos julgados pelo tamanho de nossa miseric\u00f3rdia na balan\u00e7a da infinita miseric\u00f3rdia de Deus.<\/p>\n<p>Quando, na rela\u00e7\u00e3o com o nosso semelhante, exercemos o perd\u00e3o, a vida renasce e um novo recome\u00e7o projeta dias melhores. Quando foco de nossas vidas for a miseric\u00f3rdia para com o outro, um estado permanente de ser, poderemos, ent\u00e3o, cantar com o salmista: \u201cDai gra\u00e7as ao Senhor, porque ele \u00e9 bom! Eterna \u00e9 a sua miseric\u00f3rdia!\u201d (Sl 117,1). Que as nossas vidas sejam um eterno Domingo de Miseric\u00f3rdia, um humanizar o mundo pela miseric\u00f3rdia, um recriar a vida para recome\u00e7ar sempre, na labuta do caminhar semanal, at\u00e9 o dia do encontro definitivo com a Divina Miseric\u00f3rdia.<\/p>\n<hr \/>\n<p><a href=\"#_ftnref1\" name=\"_ftn1\">[1]<\/a>Doutor em Teologia B\u00edblica pela FAJE (BH). Mestre em Ci\u00eancias B\u00edblicas (Exegese) pelo Pontif\u00edcio Instituto B\u00edblico de Roma. Professor de Exegese B\u00edblica. \u00c9 membro da Associa\u00e7\u00e3o Brasileira de Pesquisa B\u00edblica (ABIB). Sacerdote Franciscano. Autor de dez livros e coautor de quinze. Youtube: Frei Jacir B\u00edblia e Ap\u00f3crifos. <a href=\"https:\/\/www.youtube.com\/channel\/UCwbSE97jnR6jQwHRigX1KlQ\">https:\/\/www.youtube.com\/channel\/UCwbSE97jnR6jQwHRigX1KlQ<\/a><\/p>\n","protected":false},"excerpt":{"rendered":"<p>Frei Jacir de Freitas Faria [1] No dia 30 de abril do ano 2000, o Papa Jo\u00e3o Paulo II, na celebra\u00e7\u00e3o de canoniza\u00e7\u00e3o da freira polonesa, Maria Faustina Kowalska, institucionalizou o segundo domingo da P\u00e1scoa como \u201cDomingo da Divina Miseric\u00f3rdia\u201d. Segundo a tradi\u00e7\u00e3o de f\u00e9, Jesus teria revelado \u00e0 Santa Faustina que o primeiro domingo, [&hellip;]<\/p>\n","protected":false},"author":3,"featured_media":193204,"comment_status":"open","ping_status":"open","sticky":false,"template":"","format":"standard","meta":{"footnotes":""},"categories":[26],"tags":[43],"yoast_head":"<!-- This site is optimized with the Yoast SEO plugin v19.4 - https:\/\/yoast.com\/wordpress\/plugins\/seo\/ -->\n<title>Domingo da Miseric\u00f3rdia e a miseric\u00f3rdia eterna de Deus (Sl 117,1) - Vida Crist\u00e3 - Franciscanos<\/title>\n<meta name=\"robots\" content=\"index, follow, max-snippet:-1, max-image-preview:large, max-video-preview:-1\" \/>\n<link rel=\"canonical\" href=\"https:\/\/franciscanos.org.br\/vidacrista\/domingo-da-misericordia-e-a-misericordia-eterna-de-deus-sl-1171\/\" \/>\n<meta property=\"og:locale\" content=\"pt_BR\" \/>\n<meta property=\"og:type\" content=\"article\" \/>\n<meta property=\"og:title\" content=\"Domingo da Miseric\u00f3rdia e a miseric\u00f3rdia eterna de Deus (Sl 117,1) - Vida Crist\u00e3 - Franciscanos\" \/>\n<meta property=\"og:description\" content=\"Frei Jacir de Freitas Faria [1] No dia 30 de abril do ano 2000, o Papa Jo\u00e3o Paulo II, na celebra\u00e7\u00e3o de canoniza\u00e7\u00e3o da freira polonesa, Maria Faustina Kowalska, institucionalizou o segundo domingo da P\u00e1scoa como \u201cDomingo da Divina Miseric\u00f3rdia\u201d. Segundo a tradi\u00e7\u00e3o de f\u00e9, Jesus teria revelado \u00e0 Santa Faustina que o primeiro domingo, [&hellip;]\" \/>\n<meta property=\"og:url\" content=\"https:\/\/franciscanos.org.br\/vidacrista\/domingo-da-misericordia-e-a-misericordia-eterna-de-deus-sl-1171\/\" \/>\n<meta property=\"og:site_name\" content=\"Vida Crist\u00e3 - Franciscanos\" \/>\n<meta property=\"article:published_time\" content=\"2023-04-15T10:58:03+00:00\" \/>\n<meta property=\"og:image\" content=\"https:\/\/franciscanos.org.br\/vidacrista\/wp-content\/uploads\/2023\/04\/misericordia_15.jpg\" \/>\n\t<meta property=\"og:image:width\" content=\"840\" \/>\n\t<meta property=\"og:image:height\" content=\"450\" \/>\n\t<meta property=\"og:image:type\" content=\"image\/jpeg\" \/>\n<meta name=\"author\" content=\"moacir\" \/>\n<meta name=\"twitter:card\" content=\"summary_large_image\" \/>\n<meta name=\"twitter:label1\" content=\"Escrito por\" \/>\n\t<meta name=\"twitter:data1\" content=\"moacir\" \/>\n\t<meta name=\"twitter:label2\" content=\"Est. tempo de leitura\" \/>\n\t<meta name=\"twitter:data2\" content=\"7 minutos\" \/>\n<script type=\"application\/ld+json\" class=\"yoast-schema-graph\">{\"@context\":\"https:\/\/schema.org\",\"@graph\":[{\"@type\":\"WebSite\",\"@id\":\"https:\/\/franciscanos.org.br\/vidacrista\/#website\",\"url\":\"https:\/\/franciscanos.org.br\/vidacrista\/\",\"name\":\"Vida Crist\u00e3 - Franciscanos\",\"description\":\"Prov\u00edncia Franciscana da Imaculada Concei\u00e7\u00e3o do Brasil - Ordem dos Frades Menores\",\"potentialAction\":[{\"@type\":\"SearchAction\",\"target\":{\"@type\":\"EntryPoint\",\"urlTemplate\":\"https:\/\/franciscanos.org.br\/vidacrista\/?s={search_term_string}\"},\"query-input\":\"required name=search_term_string\"}],\"inLanguage\":\"pt-BR\"},{\"@type\":\"WebPage\",\"@id\":\"https:\/\/franciscanos.org.br\/vidacrista\/domingo-da-misericordia-e-a-misericordia-eterna-de-deus-sl-1171\/\",\"url\":\"https:\/\/franciscanos.org.br\/vidacrista\/domingo-da-misericordia-e-a-misericordia-eterna-de-deus-sl-1171\/\",\"name\":\"Domingo da Miseric\u00f3rdia e a miseric\u00f3rdia eterna de Deus (Sl 117,1) - Vida Crist\u00e3 - Franciscanos\",\"isPartOf\":{\"@id\":\"https:\/\/franciscanos.org.br\/vidacrista\/#website\"},\"datePublished\":\"2023-04-15T10:58:03+00:00\",\"dateModified\":\"2023-04-15T10:58:03+00:00\",\"author\":{\"@id\":\"https:\/\/franciscanos.org.br\/vidacrista\/#\/schema\/person\/1880bdd2c350b735648725ef7614736a\"},\"breadcrumb\":{\"@id\":\"https:\/\/franciscanos.org.br\/vidacrista\/domingo-da-misericordia-e-a-misericordia-eterna-de-deus-sl-1171\/#breadcrumb\"},\"inLanguage\":\"pt-BR\",\"potentialAction\":[{\"@type\":\"ReadAction\",\"target\":[\"https:\/\/franciscanos.org.br\/vidacrista\/domingo-da-misericordia-e-a-misericordia-eterna-de-deus-sl-1171\/\"]}]},{\"@type\":\"BreadcrumbList\",\"@id\":\"https:\/\/franciscanos.org.br\/vidacrista\/domingo-da-misericordia-e-a-misericordia-eterna-de-deus-sl-1171\/#breadcrumb\",\"itemListElement\":[{\"@type\":\"ListItem\",\"position\":1,\"name\":\"Home\",\"item\":\"https:\/\/franciscanos.org.br\/vidacrista\/\"},{\"@type\":\"ListItem\",\"position\":2,\"name\":\"Domingo da Miseric\u00f3rdia e a miseric\u00f3rdia eterna de Deus (Sl 117,1)\"}]},{\"@type\":\"Person\",\"@id\":\"https:\/\/franciscanos.org.br\/vidacrista\/#\/schema\/person\/1880bdd2c350b735648725ef7614736a\",\"name\":\"moacir\",\"image\":{\"@type\":\"ImageObject\",\"inLanguage\":\"pt-BR\",\"@id\":\"https:\/\/franciscanos.org.br\/vidacrista\/#\/schema\/person\/image\/\",\"url\":\"https:\/\/secure.gravatar.com\/avatar\/d08aa2ce4c8dd416d4479aa8536fcf64?s=96&d=mm&r=g\",\"contentUrl\":\"https:\/\/secure.gravatar.com\/avatar\/d08aa2ce4c8dd416d4479aa8536fcf64?s=96&d=mm&r=g\",\"caption\":\"moacir\"},\"url\":\"https:\/\/franciscanos.org.br\/vidacrista\/author\/moacir\/\"}]}<\/script>\n<!-- \/ Yoast SEO plugin. -->","yoast_head_json":{"title":"Domingo da Miseric\u00f3rdia e a miseric\u00f3rdia eterna de Deus (Sl 117,1) - Vida Crist\u00e3 - Franciscanos","robots":{"index":"index","follow":"follow","max-snippet":"max-snippet:-1","max-image-preview":"max-image-preview:large","max-video-preview":"max-video-preview:-1"},"canonical":"https:\/\/franciscanos.org.br\/vidacrista\/domingo-da-misericordia-e-a-misericordia-eterna-de-deus-sl-1171\/","og_locale":"pt_BR","og_type":"article","og_title":"Domingo da Miseric\u00f3rdia e a miseric\u00f3rdia eterna de Deus (Sl 117,1) - Vida Crist\u00e3 - Franciscanos","og_description":"Frei Jacir de Freitas Faria [1] No dia 30 de abril do ano 2000, o Papa Jo\u00e3o Paulo II, na celebra\u00e7\u00e3o de canoniza\u00e7\u00e3o da freira polonesa, Maria Faustina Kowalska, institucionalizou o segundo domingo da P\u00e1scoa como \u201cDomingo da Divina Miseric\u00f3rdia\u201d. Segundo a tradi\u00e7\u00e3o de f\u00e9, Jesus teria revelado \u00e0 Santa Faustina que o primeiro domingo, [&hellip;]","og_url":"https:\/\/franciscanos.org.br\/vidacrista\/domingo-da-misericordia-e-a-misericordia-eterna-de-deus-sl-1171\/","og_site_name":"Vida Crist\u00e3 - Franciscanos","article_published_time":"2023-04-15T10:58:03+00:00","og_image":[{"width":840,"height":450,"url":"https:\/\/franciscanos.org.br\/vidacrista\/wp-content\/uploads\/2023\/04\/misericordia_15.jpg","type":"image\/jpeg"}],"author":"moacir","twitter_card":"summary_large_image","twitter_misc":{"Escrito por":"moacir","Est. tempo de leitura":"7 minutos"},"schema":{"@context":"https:\/\/schema.org","@graph":[{"@type":"WebSite","@id":"https:\/\/franciscanos.org.br\/vidacrista\/#website","url":"https:\/\/franciscanos.org.br\/vidacrista\/","name":"Vida Crist\u00e3 - Franciscanos","description":"Prov\u00edncia Franciscana da Imaculada Concei\u00e7\u00e3o do Brasil - Ordem dos Frades Menores","potentialAction":[{"@type":"SearchAction","target":{"@type":"EntryPoint","urlTemplate":"https:\/\/franciscanos.org.br\/vidacrista\/?s={search_term_string}"},"query-input":"required name=search_term_string"}],"inLanguage":"pt-BR"},{"@type":"WebPage","@id":"https:\/\/franciscanos.org.br\/vidacrista\/domingo-da-misericordia-e-a-misericordia-eterna-de-deus-sl-1171\/","url":"https:\/\/franciscanos.org.br\/vidacrista\/domingo-da-misericordia-e-a-misericordia-eterna-de-deus-sl-1171\/","name":"Domingo da Miseric\u00f3rdia e a miseric\u00f3rdia eterna de Deus (Sl 117,1) - Vida Crist\u00e3 - Franciscanos","isPartOf":{"@id":"https:\/\/franciscanos.org.br\/vidacrista\/#website"},"datePublished":"2023-04-15T10:58:03+00:00","dateModified":"2023-04-15T10:58:03+00:00","author":{"@id":"https:\/\/franciscanos.org.br\/vidacrista\/#\/schema\/person\/1880bdd2c350b735648725ef7614736a"},"breadcrumb":{"@id":"https:\/\/franciscanos.org.br\/vidacrista\/domingo-da-misericordia-e-a-misericordia-eterna-de-deus-sl-1171\/#breadcrumb"},"inLanguage":"pt-BR","potentialAction":[{"@type":"ReadAction","target":["https:\/\/franciscanos.org.br\/vidacrista\/domingo-da-misericordia-e-a-misericordia-eterna-de-deus-sl-1171\/"]}]},{"@type":"BreadcrumbList","@id":"https:\/\/franciscanos.org.br\/vidacrista\/domingo-da-misericordia-e-a-misericordia-eterna-de-deus-sl-1171\/#breadcrumb","itemListElement":[{"@type":"ListItem","position":1,"name":"Home","item":"https:\/\/franciscanos.org.br\/vidacrista\/"},{"@type":"ListItem","position":2,"name":"Domingo da Miseric\u00f3rdia e a miseric\u00f3rdia eterna de Deus (Sl 117,1)"}]},{"@type":"Person","@id":"https:\/\/franciscanos.org.br\/vidacrista\/#\/schema\/person\/1880bdd2c350b735648725ef7614736a","name":"moacir","image":{"@type":"ImageObject","inLanguage":"pt-BR","@id":"https:\/\/franciscanos.org.br\/vidacrista\/#\/schema\/person\/image\/","url":"https:\/\/secure.gravatar.com\/avatar\/d08aa2ce4c8dd416d4479aa8536fcf64?s=96&d=mm&r=g","contentUrl":"https:\/\/secure.gravatar.com\/avatar\/d08aa2ce4c8dd416d4479aa8536fcf64?s=96&d=mm&r=g","caption":"moacir"},"url":"https:\/\/franciscanos.org.br\/vidacrista\/author\/moacir\/"}]}},"_links":{"self":[{"href":"https:\/\/franciscanos.org.br\/vidacrista\/wp-json\/wp\/v2\/posts\/193203"}],"collection":[{"href":"https:\/\/franciscanos.org.br\/vidacrista\/wp-json\/wp\/v2\/posts"}],"about":[{"href":"https:\/\/franciscanos.org.br\/vidacrista\/wp-json\/wp\/v2\/types\/post"}],"author":[{"embeddable":true,"href":"https:\/\/franciscanos.org.br\/vidacrista\/wp-json\/wp\/v2\/users\/3"}],"replies":[{"embeddable":true,"href":"https:\/\/franciscanos.org.br\/vidacrista\/wp-json\/wp\/v2\/comments?post=193203"}],"version-history":[{"count":1,"href":"https:\/\/franciscanos.org.br\/vidacrista\/wp-json\/wp\/v2\/posts\/193203\/revisions"}],"predecessor-version":[{"id":193205,"href":"https:\/\/franciscanos.org.br\/vidacrista\/wp-json\/wp\/v2\/posts\/193203\/revisions\/193205"}],"wp:featuredmedia":[{"embeddable":true,"href":"https:\/\/franciscanos.org.br\/vidacrista\/wp-json\/wp\/v2\/media\/193204"}],"wp:attachment":[{"href":"https:\/\/franciscanos.org.br\/vidacrista\/wp-json\/wp\/v2\/media?parent=193203"}],"wp:term":[{"taxonomy":"category","embeddable":true,"href":"https:\/\/franciscanos.org.br\/vidacrista\/wp-json\/wp\/v2\/categories?post=193203"},{"taxonomy":"post_tag","embeddable":true,"href":"https:\/\/franciscanos.org.br\/vidacrista\/wp-json\/wp\/v2\/tags?post=193203"}],"curies":[{"name":"wp","href":"https:\/\/api.w.org\/{rel}","templated":true}]}}