{"id":193169,"date":"2023-04-07T15:10:58","date_gmt":"2023-04-07T18:10:58","guid":{"rendered":"https:\/\/franciscanos.org.br\/vidacrista\/?p=193169"},"modified":"2023-04-07T15:10:58","modified_gmt":"2023-04-07T18:10:58","slug":"como-viver-a-pascoa-no-meio-de-tantas-crises","status":"publish","type":"post","link":"https:\/\/franciscanos.org.br\/vidacrista\/como-viver-a-pascoa-no-meio-de-tantas-crises\/","title":{"rendered":"Como viver a P\u00e1scoa no meio de tantas crises?"},"content":{"rendered":"<div id=\"attachment_193170\" style=\"width: 850px\" class=\"wp-caption alignnone\"><img aria-describedby=\"caption-attachment-193170\" decoding=\"async\" loading=\"lazy\" class=\"wp-image-193170 size-full\" src=\"https:\/\/franciscanos.org.br\/vidacrista\/wp-content\/uploads\/2023\/04\/artigo_07.jpg\" alt=\"\" width=\"840\" height=\"450\" srcset=\"https:\/\/franciscanos.org.br\/vidacrista\/wp-content\/uploads\/2023\/04\/artigo_07.jpg 840w, https:\/\/franciscanos.org.br\/vidacrista\/wp-content\/uploads\/2023\/04\/artigo_07-450x241.jpg 450w, https:\/\/franciscanos.org.br\/vidacrista\/wp-content\/uploads\/2023\/04\/artigo_07-768x411.jpg 768w, https:\/\/franciscanos.org.br\/vidacrista\/wp-content\/uploads\/2023\/04\/artigo_07-150x80.jpg 150w\" sizes=\"(max-width: 840px) 100vw, 840px\" \/><p id=\"caption-attachment-193170\" class=\"wp-caption-text\"><em>A ressurrei\u00e7\u00e3o de L\u00e1zaro, Giotto di Bondone (1266\u20131337), Wikip\u00e9dia, dom\u00ednio p\u00fablico<\/em><\/p><\/div>\n<p><strong>Leonardo Boff<\/strong><\/p>\n<p>Muitas crises est\u00e3o assolando a humanidade: a crise econ\u00f4mica derrubando grandes bancos nos pa\u00edses centrais, a crise pol\u00edtica com o ascenso mundial das pol\u00edticas de direita e de extrema-direita, as crise das democracias em quase todos os pa\u00edses, a crise do Estado cada vez mais burocratizado, a crise do capitalismo globalizado que n\u00e3o consegue resolver os problemas que ele mesmo criou, gerando uma acumula\u00e7\u00e3o de riqueza em pouqu\u00edssimas m\u00e3os num mar de pobreza e de mis\u00e9ria, a crise \u00e9tica, pois n\u00e3o contam mais valores da grande tradi\u00e7\u00e3o da humanidade, mas o vale tudo p\u00f3s-moderno (<em>every think goes<\/em>), a crise do humanismo, pois impera rela\u00e7\u00f5es de \u00f3dio e de barb\u00e1rie nas rela\u00e7\u00f5es sociais, a crise de civiliza\u00e7\u00e3o que come\u00e7ou a introduzir a intelig\u00eancia artificial aut\u00f4noma que articula bilh\u00f5es de algor\u00edtmos, toma decis\u00f5es, independente da vontade humana, pondo em risco nosso futuro comum, a crise sanit\u00e1ria que atingiu toda a humanidade pela Covid-19, a crise ecol\u00f3gica que, se n\u00e3o cuidarmos da biosfera, nos alerta para uma trag\u00e9dia poss\u00edvel e terminal do sistema-vida e do sistema-Terra. Por detr\u00e1s de todas estas crise h\u00e1 uma crise ainda maior: a crise do esp\u00edrito que representa uma crise da vida humana neste planeta.<\/p>\n<p>O esp\u00edrito \u00e9 aquele momento da vida consciente no qual nos damos conta de que pertencemos a um todo maior, terrenal e c\u00f3smico, que estamos \u00e0 merc\u00ea de uma Energia poderosa e amorosa que sustenta todas as coisas e a n\u00f3s mesmos. Temos a faculdade espec\u00edfica de com ela poder dialogar e a ela nos abrir, identificando um Sentido maior que tudo perpassa e que atende ao nosso impulso de infinitude. A vida do esp\u00edrito (que neur\u00f3logos chamam de &#8220;ponto Deus\u201d no c\u00e9rebro) vem soterrada pela vontade irrefre\u00e1vel de acumula\u00e7\u00e3o de bens materiais, pelo consumismo, pelo ego\u00edsmo e pela falta profunda de solidariedade.<\/p>\n<p>Depois de agosto de 1945, os USA lan\u00e7ando duas bombas nucleares sobre Hiroshima e Nagasaki, nos abriu a consci\u00eancia de que podemos nos auto-aniquilar. Esse risco aumentou com a corrida armamentista, incluindo nove na\u00e7\u00f5es, com armas qu\u00edmicas, biol\u00f3gicas e cerca de 16 mil ogivas nucleares. A atual guerra entre a R\u00fassia e a Ucr\u00e2nia fez com que Putin amea\u00e7asse o uso de armas nucleares, trazendo o temor apocal\u00edptico do fim da esp\u00e9cie humana.<\/p>\n<p>Nesse cen\u00e1rio, como celebrar a maior festa da cristandade que \u00e9 a P\u00e1scoa, a ressurrei\u00e7\u00e3o do Crucificado, Jesus de Nazar\u00e9? Ressurrei\u00e7\u00e3o n\u00e3o deve ser entendida como a reanima\u00e7\u00e3o de um cad\u00e1ver como o de L\u00e1zaro. Ressurrei\u00e7\u00e3o, nas palavras de S\u00e3o Paulo representa a irrup\u00e7\u00e3o do \u201c<em>novissimus Adam&#8221;<\/em> (1Cor 15,45), vale dizer, do ser humano novo, cujas infinitas virtualidades presentes nele (somos um projeto infinito) afloram totalmente. Desta forma comparece como uma revolu\u00e7\u00e3o na evolu\u00e7\u00e3o, uma antecipa\u00e7\u00e3o do fim bom da vida humana. O Ressuscitado ganhou uma dimens\u00e3o c\u00f3smica, nunca mais deixou o mundo e enche todo o universo.<\/p>\n<p>Nesse sentido, a ressurrei\u00e7\u00e3o n\u00e3o \u00e9 a mem\u00f3ria de um passado, mas a celebra\u00e7\u00e3o de um presente, sempre presente a nos suscitar alegria, o suave sorriso na certeza de que a morte matada de Jesus de Nazar\u00e9, a sexta-feira santa, \u00e9 s\u00f3 uma passagem para uma vida, livre da morte e plenamente realizada: a ressurrei\u00e7\u00e3o. O horizonte sombrio se desanuviou e o irrompeu o Sol da esperan\u00e7a.<\/p>\n<p>Pensando em termos do processo cosmog\u00eanico que tudo engloba, a ressurrei\u00e7\u00e3o n\u00e3o est\u00e1 fora dele. Ao contr\u00e1rio, \u00e9 uma emerg\u00eancia nova da cosmog\u00eanese e da\u00ed seu valor universal, para al\u00e9m do salto da f\u00e9. A ressurrei\u00e7\u00e3o \u00e9 a s\u00edntese da dial\u00e9tica, de onde Hegel tirou sua dial\u00e9tica, da vida (tese), da morte (ant\u00edtese) e da ressurrei\u00e7\u00e3o (s\u00edntese). Esta \u00e9 o termo de tudo, agora antecipado para nossa alegria. \u00c9 o g\u00eanesis verdadeiro, n\u00e3o do come\u00e7o, mas do fim j\u00e1 alcan\u00e7ado.<\/p>\n<p>Considero a vers\u00e3o do evangelho de S\u00e3o Marcos sobre a ressurrei\u00e7\u00e3o a mais realista e verdadeira. Ele termina o texto com Jesus ressuscitado, dizendo \u00e0s mulheres: &#8220;ide dizer aos ap\u00f3stolos e a Pedro que ele (o Ressuscitado) vos precede na Galileia. L\u00e1 o vereis com vos disse\u201d (Mc 16,7). E assim termina. As apari\u00e7\u00f5es relatadas, \u00e9 convic\u00e7\u00e3o dos estudiosos, seria um acr\u00e9scimo posterior. Quer dizer: todos estamos a caminho da Galileia para encontrar o Ressuscitado. Ele pessoalmente ressuscitou, mas sua ressurrei\u00e7\u00e3o n\u00e3o se completou enquanto seus irm\u00e3os e irm\u00e3s e a inteira natureza ainda n\u00e3o ressuscitaram. Estamos a caminho, esperados pelo Ressuscitado que ainda n\u00e3o se mostrou totalmente. Por esta raz\u00e3o, o mundo fenomenologicamente continua o mesmo ou pior, com guerras e momentos de paz, com bondades e perversidades, como se n\u00e3o tivesse havido a ressurrei\u00e7\u00e3o como sinal de supera\u00e7\u00e3o desta realidade amb\u00edgua.<\/p>\n<p>Mesmo assim depois que Cristo ressuscitou n\u00e3o podemos mais ficar tristes: o fim bom est\u00e1 garantido.<\/p>\n<p>Boa festa de P\u00e1scoa para todos os que puderem realizar este percurso e tamb\u00e9m para aqueles que n\u00e3o o podem realizar!<\/p>\n<hr \/>\n<p><strong>Leonardo Boff<\/strong> <em>escreveu: &#8220;A ressurrei\u00e7\u00e3o de Cristo e a nossa na morte&#8221;, Vozes, 1972.<\/em><\/p>\n","protected":false},"excerpt":{"rendered":"<p>Artigo de Leonardo Boff<\/p>\n","protected":false},"author":3,"featured_media":193170,"comment_status":"open","ping_status":"open","sticky":false,"template":"","format":"standard","meta":{"footnotes":""},"categories":[26],"tags":[59],"yoast_head":"<!-- This site is optimized with the Yoast SEO plugin v19.4 - https:\/\/yoast.com\/wordpress\/plugins\/seo\/ -->\n<title>Como viver a P\u00e1scoa no meio de tantas crises? - Vida Crist\u00e3 - Franciscanos<\/title>\n<meta name=\"robots\" content=\"index, follow, max-snippet:-1, max-image-preview:large, max-video-preview:-1\" \/>\n<link rel=\"canonical\" href=\"https:\/\/franciscanos.org.br\/vidacrista\/como-viver-a-pascoa-no-meio-de-tantas-crises\/\" \/>\n<meta property=\"og:locale\" content=\"pt_BR\" \/>\n<meta property=\"og:type\" content=\"article\" \/>\n<meta property=\"og:title\" content=\"Como viver a P\u00e1scoa no meio de tantas crises? - Vida Crist\u00e3 - Franciscanos\" \/>\n<meta property=\"og:description\" content=\"Artigo de Leonardo Boff\" \/>\n<meta property=\"og:url\" content=\"https:\/\/franciscanos.org.br\/vidacrista\/como-viver-a-pascoa-no-meio-de-tantas-crises\/\" \/>\n<meta property=\"og:site_name\" content=\"Vida Crist\u00e3 - Franciscanos\" \/>\n<meta property=\"article:published_time\" content=\"2023-04-07T18:10:58+00:00\" \/>\n<meta property=\"og:image\" content=\"https:\/\/franciscanos.org.br\/vidacrista\/wp-content\/uploads\/2023\/04\/artigo_07.jpg\" \/>\n\t<meta property=\"og:image:width\" content=\"840\" \/>\n\t<meta property=\"og:image:height\" content=\"450\" \/>\n\t<meta property=\"og:image:type\" content=\"image\/jpeg\" \/>\n<meta name=\"author\" content=\"moacir\" \/>\n<meta name=\"twitter:card\" content=\"summary_large_image\" \/>\n<meta name=\"twitter:label1\" content=\"Escrito por\" \/>\n\t<meta name=\"twitter:data1\" content=\"moacir\" \/>\n\t<meta name=\"twitter:label2\" content=\"Est. tempo de leitura\" \/>\n\t<meta name=\"twitter:data2\" content=\"5 minutos\" \/>\n<script type=\"application\/ld+json\" class=\"yoast-schema-graph\">{\"@context\":\"https:\/\/schema.org\",\"@graph\":[{\"@type\":\"WebSite\",\"@id\":\"https:\/\/franciscanos.org.br\/vidacrista\/#website\",\"url\":\"https:\/\/franciscanos.org.br\/vidacrista\/\",\"name\":\"Vida Crist\u00e3 - Franciscanos\",\"description\":\"Prov\u00edncia Franciscana da Imaculada Concei\u00e7\u00e3o do Brasil - Ordem dos Frades Menores\",\"potentialAction\":[{\"@type\":\"SearchAction\",\"target\":{\"@type\":\"EntryPoint\",\"urlTemplate\":\"https:\/\/franciscanos.org.br\/vidacrista\/?s={search_term_string}\"},\"query-input\":\"required name=search_term_string\"}],\"inLanguage\":\"pt-BR\"},{\"@type\":\"WebPage\",\"@id\":\"https:\/\/franciscanos.org.br\/vidacrista\/como-viver-a-pascoa-no-meio-de-tantas-crises\/\",\"url\":\"https:\/\/franciscanos.org.br\/vidacrista\/como-viver-a-pascoa-no-meio-de-tantas-crises\/\",\"name\":\"Como viver a P\u00e1scoa no meio de tantas crises? - Vida Crist\u00e3 - Franciscanos\",\"isPartOf\":{\"@id\":\"https:\/\/franciscanos.org.br\/vidacrista\/#website\"},\"datePublished\":\"2023-04-07T18:10:58+00:00\",\"dateModified\":\"2023-04-07T18:10:58+00:00\",\"author\":{\"@id\":\"https:\/\/franciscanos.org.br\/vidacrista\/#\/schema\/person\/1880bdd2c350b735648725ef7614736a\"},\"breadcrumb\":{\"@id\":\"https:\/\/franciscanos.org.br\/vidacrista\/como-viver-a-pascoa-no-meio-de-tantas-crises\/#breadcrumb\"},\"inLanguage\":\"pt-BR\",\"potentialAction\":[{\"@type\":\"ReadAction\",\"target\":[\"https:\/\/franciscanos.org.br\/vidacrista\/como-viver-a-pascoa-no-meio-de-tantas-crises\/\"]}]},{\"@type\":\"BreadcrumbList\",\"@id\":\"https:\/\/franciscanos.org.br\/vidacrista\/como-viver-a-pascoa-no-meio-de-tantas-crises\/#breadcrumb\",\"itemListElement\":[{\"@type\":\"ListItem\",\"position\":1,\"name\":\"Home\",\"item\":\"https:\/\/franciscanos.org.br\/vidacrista\/\"},{\"@type\":\"ListItem\",\"position\":2,\"name\":\"Como viver a P\u00e1scoa no meio de tantas crises?\"}]},{\"@type\":\"Person\",\"@id\":\"https:\/\/franciscanos.org.br\/vidacrista\/#\/schema\/person\/1880bdd2c350b735648725ef7614736a\",\"name\":\"moacir\",\"image\":{\"@type\":\"ImageObject\",\"inLanguage\":\"pt-BR\",\"@id\":\"https:\/\/franciscanos.org.br\/vidacrista\/#\/schema\/person\/image\/\",\"url\":\"https:\/\/secure.gravatar.com\/avatar\/d08aa2ce4c8dd416d4479aa8536fcf64?s=96&d=mm&r=g\",\"contentUrl\":\"https:\/\/secure.gravatar.com\/avatar\/d08aa2ce4c8dd416d4479aa8536fcf64?s=96&d=mm&r=g\",\"caption\":\"moacir\"},\"url\":\"https:\/\/franciscanos.org.br\/vidacrista\/author\/moacir\/\"}]}<\/script>\n<!-- \/ Yoast SEO plugin. -->","yoast_head_json":{"title":"Como viver a P\u00e1scoa no meio de tantas crises? - Vida Crist\u00e3 - Franciscanos","robots":{"index":"index","follow":"follow","max-snippet":"max-snippet:-1","max-image-preview":"max-image-preview:large","max-video-preview":"max-video-preview:-1"},"canonical":"https:\/\/franciscanos.org.br\/vidacrista\/como-viver-a-pascoa-no-meio-de-tantas-crises\/","og_locale":"pt_BR","og_type":"article","og_title":"Como viver a P\u00e1scoa no meio de tantas crises? - Vida Crist\u00e3 - Franciscanos","og_description":"Artigo de Leonardo Boff","og_url":"https:\/\/franciscanos.org.br\/vidacrista\/como-viver-a-pascoa-no-meio-de-tantas-crises\/","og_site_name":"Vida Crist\u00e3 - Franciscanos","article_published_time":"2023-04-07T18:10:58+00:00","og_image":[{"width":840,"height":450,"url":"https:\/\/franciscanos.org.br\/vidacrista\/wp-content\/uploads\/2023\/04\/artigo_07.jpg","type":"image\/jpeg"}],"author":"moacir","twitter_card":"summary_large_image","twitter_misc":{"Escrito por":"moacir","Est. tempo de leitura":"5 minutos"},"schema":{"@context":"https:\/\/schema.org","@graph":[{"@type":"WebSite","@id":"https:\/\/franciscanos.org.br\/vidacrista\/#website","url":"https:\/\/franciscanos.org.br\/vidacrista\/","name":"Vida Crist\u00e3 - Franciscanos","description":"Prov\u00edncia Franciscana da Imaculada Concei\u00e7\u00e3o do Brasil - Ordem dos Frades Menores","potentialAction":[{"@type":"SearchAction","target":{"@type":"EntryPoint","urlTemplate":"https:\/\/franciscanos.org.br\/vidacrista\/?s={search_term_string}"},"query-input":"required name=search_term_string"}],"inLanguage":"pt-BR"},{"@type":"WebPage","@id":"https:\/\/franciscanos.org.br\/vidacrista\/como-viver-a-pascoa-no-meio-de-tantas-crises\/","url":"https:\/\/franciscanos.org.br\/vidacrista\/como-viver-a-pascoa-no-meio-de-tantas-crises\/","name":"Como viver a P\u00e1scoa no meio de tantas crises? - Vida Crist\u00e3 - Franciscanos","isPartOf":{"@id":"https:\/\/franciscanos.org.br\/vidacrista\/#website"},"datePublished":"2023-04-07T18:10:58+00:00","dateModified":"2023-04-07T18:10:58+00:00","author":{"@id":"https:\/\/franciscanos.org.br\/vidacrista\/#\/schema\/person\/1880bdd2c350b735648725ef7614736a"},"breadcrumb":{"@id":"https:\/\/franciscanos.org.br\/vidacrista\/como-viver-a-pascoa-no-meio-de-tantas-crises\/#breadcrumb"},"inLanguage":"pt-BR","potentialAction":[{"@type":"ReadAction","target":["https:\/\/franciscanos.org.br\/vidacrista\/como-viver-a-pascoa-no-meio-de-tantas-crises\/"]}]},{"@type":"BreadcrumbList","@id":"https:\/\/franciscanos.org.br\/vidacrista\/como-viver-a-pascoa-no-meio-de-tantas-crises\/#breadcrumb","itemListElement":[{"@type":"ListItem","position":1,"name":"Home","item":"https:\/\/franciscanos.org.br\/vidacrista\/"},{"@type":"ListItem","position":2,"name":"Como viver a P\u00e1scoa no meio de tantas crises?"}]},{"@type":"Person","@id":"https:\/\/franciscanos.org.br\/vidacrista\/#\/schema\/person\/1880bdd2c350b735648725ef7614736a","name":"moacir","image":{"@type":"ImageObject","inLanguage":"pt-BR","@id":"https:\/\/franciscanos.org.br\/vidacrista\/#\/schema\/person\/image\/","url":"https:\/\/secure.gravatar.com\/avatar\/d08aa2ce4c8dd416d4479aa8536fcf64?s=96&d=mm&r=g","contentUrl":"https:\/\/secure.gravatar.com\/avatar\/d08aa2ce4c8dd416d4479aa8536fcf64?s=96&d=mm&r=g","caption":"moacir"},"url":"https:\/\/franciscanos.org.br\/vidacrista\/author\/moacir\/"}]}},"_links":{"self":[{"href":"https:\/\/franciscanos.org.br\/vidacrista\/wp-json\/wp\/v2\/posts\/193169"}],"collection":[{"href":"https:\/\/franciscanos.org.br\/vidacrista\/wp-json\/wp\/v2\/posts"}],"about":[{"href":"https:\/\/franciscanos.org.br\/vidacrista\/wp-json\/wp\/v2\/types\/post"}],"author":[{"embeddable":true,"href":"https:\/\/franciscanos.org.br\/vidacrista\/wp-json\/wp\/v2\/users\/3"}],"replies":[{"embeddable":true,"href":"https:\/\/franciscanos.org.br\/vidacrista\/wp-json\/wp\/v2\/comments?post=193169"}],"version-history":[{"count":1,"href":"https:\/\/franciscanos.org.br\/vidacrista\/wp-json\/wp\/v2\/posts\/193169\/revisions"}],"predecessor-version":[{"id":193171,"href":"https:\/\/franciscanos.org.br\/vidacrista\/wp-json\/wp\/v2\/posts\/193169\/revisions\/193171"}],"wp:featuredmedia":[{"embeddable":true,"href":"https:\/\/franciscanos.org.br\/vidacrista\/wp-json\/wp\/v2\/media\/193170"}],"wp:attachment":[{"href":"https:\/\/franciscanos.org.br\/vidacrista\/wp-json\/wp\/v2\/media?parent=193169"}],"wp:term":[{"taxonomy":"category","embeddable":true,"href":"https:\/\/franciscanos.org.br\/vidacrista\/wp-json\/wp\/v2\/categories?post=193169"},{"taxonomy":"post_tag","embeddable":true,"href":"https:\/\/franciscanos.org.br\/vidacrista\/wp-json\/wp\/v2\/tags?post=193169"}],"curies":[{"name":"wp","href":"https:\/\/api.w.org\/{rel}","templated":true}]}}