{"id":193152,"date":"2023-04-04T07:08:07","date_gmt":"2023-04-04T10:08:07","guid":{"rendered":"https:\/\/franciscanos.org.br\/vidacrista\/?p=193152"},"modified":"2023-04-04T07:11:39","modified_gmt":"2023-04-04T10:11:39","slug":"amar-trair-e-negar-jo-13-21-33-36-38","status":"publish","type":"post","link":"https:\/\/franciscanos.org.br\/vidacrista\/amar-trair-e-negar-jo-13-21-33-36-38\/","title":{"rendered":"Amar, trair e negar (Jo 13, 21-33.36-38)"},"content":{"rendered":"<div id=\"attachment_193153\" style=\"width: 850px\" class=\"wp-caption alignnone\"><img aria-describedby=\"caption-attachment-193153\" decoding=\"async\" loading=\"lazy\" class=\"wp-image-193153 size-full\" src=\"https:\/\/franciscanos.org.br\/vidacrista\/wp-content\/uploads\/2023\/04\/artigo_04.jpg\" alt=\"\" width=\"840\" height=\"450\" srcset=\"https:\/\/franciscanos.org.br\/vidacrista\/wp-content\/uploads\/2023\/04\/artigo_04.jpg 840w, https:\/\/franciscanos.org.br\/vidacrista\/wp-content\/uploads\/2023\/04\/artigo_04-450x241.jpg 450w, https:\/\/franciscanos.org.br\/vidacrista\/wp-content\/uploads\/2023\/04\/artigo_04-768x411.jpg 768w, https:\/\/franciscanos.org.br\/vidacrista\/wp-content\/uploads\/2023\/04\/artigo_04-150x80.jpg 150w\" sizes=\"(max-width: 840px) 100vw, 840px\" \/><p id=\"caption-attachment-193153\" class=\"wp-caption-text\"><em>Imagem: Fra Ang\u00e9lico, Institui\u00e7\u00e3o da Eucaristia, dom\u00ednio p\u00fablico (Wikip\u00e9dia)<\/em><\/p><\/div>\n<p><em>Frei Jacir de Freitas Faria<\/em> <a href=\"#_ftn1\" name=\"_ftnref1\">[1]<\/a><\/p>\n<p>O texto sobre o qual vamos refletir hoje \u00e9 Jo 13,21-33.36-38. Trata-se do encontro de Jesus com os disc\u00edpulos num jantar judaico, n\u00e3o necessariamente a \u00faltima Ceia, como nos evangelhos de Marcos, Mateus e Lucas. Essa passagem faz parte, no evangelho de Jo\u00e3o, do livro da glorifica\u00e7\u00e3o de Jesus (Jo 13,1\u201430, 31), isto \u00e9, de sua morte e ressurrei\u00e7\u00e3o. Tr\u00eas disc\u00edpulos e o canto tr\u00edplice do galo s\u00e3o destaques na narrativa para falar de nossa condi\u00e7\u00e3o humana na rela\u00e7\u00e3o com Deus. \u00a0Amar, trair, negar ressoam fortes nas trevas das noites e no clar\u00e3o dos dias de Jo\u00e3o, de Judas e de Pedro. S\u00e3o tr\u00eas pessoas, tr\u00eas a\u00e7\u00f5es e tr\u00eas cantos do galo. O que tudo isso significa em Jo 13? Vejamos!<br \/>\n<iframe loading=\"lazy\" title=\"YouTube video player\" src=\"https:\/\/www.youtube.com\/embed\/FOgn-d3-HBo\" width=\"100%\" height=\"500\" frameborder=\"0\" allowfullscreen=\"allowfullscreen\"><span data-mce-type=\"bookmark\" style=\"display: inline-block; width: 0px; overflow: hidden; line-height: 0;\" class=\"mce_SELRES_start\">\ufeff<\/span><\/iframe><\/p>\n<p>Ap\u00f3s lavar os p\u00e9s dos disc\u00edpulos, Jesus revela o traidor que deveria cumprir o seu papel de entreg\u00e1-lo \u00e0s autoridades religiosas e civis da Palestina. Jesus, comovido, sente o drama humano da trai\u00e7\u00e3o, ao afirmar: \u201cUm de v\u00f3s vai me trair\u201d. Os disc\u00edpulos ficaram confusos. Dois deles agem imediatamente: Pedro, considerado a lideran\u00e7a da comunidade, e Jo\u00e3o, o disc\u00edpulo amado, conforme a tradi\u00e7\u00e3o que achou por bem identific\u00e1-lo como sendo essa personagem. Pedro instiga Jo\u00e3o a perguntar sobre quem seria o traidor.<\/p>\n<p>Jo\u00e3o, nome hebraico que significa \u201cternura de Deus\u201d, por ser o disc\u00edpulo de confian\u00e7a, estava em lugar de destaque, recostado ao lado mestre. Na \u00e9poca de Jesus, o povo n\u00e3o conhecia talheres, mesa, nem cadeiras para se sentarem. Eles comiam recostados. Molhavam, com as m\u00e3os, um peda\u00e7o de p\u00e3o numa panela de caldo, que ficava no centro da roda, e o trazia \u00e0 boca.<\/p>\n<p>Judas, filho de Sim\u00e3o Iscariotes, aquele cuidava do dinheiro que os ap\u00f3stolos recebiam para a sobreviv\u00eancia, est\u00e1 centro da narrativa, mas nada fala. Jesus diz que o escolhido seria a quem ele desse um peda\u00e7o de p\u00e3o. Judas, sem contestar a fala de Jesus, assume o seu papel de traidor e sai logo de cena. A narrativa \u00e9 impactante: \u201cDepois do peda\u00e7o de p\u00e3o, Satan\u00e1s entrou em Judas. Ent\u00e3o Jesus lhe disse: o que tens a fazer, executa-o depressa\u201d (Jo 13,27).<\/p>\n<p>Era noite, quando isso aconteceu! Esse contraste entre luz e trevas faz parte do evangelho de Jo\u00e3o. O momento \u00e9 de escurid\u00e3o. Jesus, a luz que brilhou no meio deles, estava prestes a ser apagado na escurid\u00e3o da trai\u00e7oeira da noite que levou Judas ao trope\u00e7o fatal.<\/p>\n<p>Quando Jesus escolheu os doze, ele afirmou que um deles seria o Diabo (Jo 6,70), isto \u00e9, seu opositor. No evangelho de Mateus, Judas, consciente de seu plano para prender Jesus, ainda pergunta, negando a sua culpa: \u201cPor acaso sou eu, Senhor?\u201d Jesus responde com uma afirmativa: \u201cTu o dizes\u201d (Mt 24,25). O fato de Satan\u00e1s, e n\u00e3o o Capeta, entrar em Judas significa que ele assume o papel de opositor ao plano de Jesus. Ele teria que cumprir logo a sua miss\u00e3o. Com isso, Jesus demonstra que ele \u00e9 o Senhor de sua vida. Quem come no mesmo prato torna-se um traidor. Esse \u00e9 o drama humano! Quem de n\u00f3s j\u00e1 n\u00e3o passou por isso? Os disc\u00edpulos, assim como n\u00f3s, convivem com traidores e nem nos damos conta de que ele est\u00e1 \u00e0 mesa conosco. Nos momentos de luz em nossa vida, somos Jo\u00e3o, somos amor. Quando a trevas da vida nos envolvem, somos Judas, somos traidores. Amor e trai\u00e7\u00e3o fazem parte de nossa vida.<\/p>\n<p>A presen\u00e7a de Pedro ressalta outra debilidade humana, a nega\u00e7\u00e3o, que \u00e9 tamb\u00e9m sin\u00f4nimo de trai\u00e7\u00e3o. Na sequ\u00eancia, Jesus se despede dos disc\u00edpulos e exorta-os a amar uns aos outros com amor fraterno, e anuncia que voltaria para Deus. Pedro manifesta desejo de ir com Jesus, mas isso seria imposs\u00edvel Jo 13, 31-35). Ent\u00e3o, Pedro, fazendo jus ao significado do seu nome (pedra e gruta), responde com a firmeza da pedra e a prote\u00e7\u00e3o da gruta escavada na pedra: \u201cEu darei a minha vida por ti!\u201d (Jo 13, 37). Jesus sabia que Pedro n\u00e3o chegava a ser um Satan\u00e1s, mas que ele o negaria por medo da morte. Fato que viria a ser comprovado com o canto do galo, que com sua melodia nos desperta, todas as manh\u00e3s, do sono da morte e da escurid\u00e3o da noite, na eterna din\u00e2mica da luz e das trevas. No tempo de Jesus, o galo era o despertador. O fato de o galo, considerado um ser irracional, saber discernir, com o seu canto, a noite do dia, contrasta com o humano Pedro, que ainda n\u00e3o tinha aderido, suficientemente, ao projeto de Jesus.<\/p>\n<p>Outro detalhe que salta aos olhos \u00e9 o fato de o galo cantar tr\u00eas vezes. O tr\u00eas \u00e9 muito significativo para falar da cria\u00e7\u00e3o divina. Com o tr\u00eas, Deus deixou sua marca na cria\u00e7\u00e3o do mundo, ao criar a \u00e1gua em tr\u00eas estados (s\u00f3lido, l\u00edquido e gasoso); ao compor o \u00e1tomo de el\u00e9tron, pr\u00f3ton e n\u00eautron; ao criar a vida com passado, presente e futuro, princ\u00edpio (nascimento), meio (vida) e fim (morte).<\/p>\n<p>O canto do galo confirma a tr\u00edplice nega\u00e7\u00e3o de Pedro, que se contrap\u00f5e \u00e0s tr\u00eas perguntas que Jesus ressuscitado fez a ele: \u201cTu me amas? (Jo 21, 15-17). Al\u00e9m disso, recorda que Jesus morreria \u00e0s tr\u00eas horas da tarde e que ressuscitaria ao terceiro dia. Por fim, o Jo\u00e3o que ama, o Judas que trai e o Pedro que nega somos todos n\u00f3s, num misto de luz e trevas, noite e dia, no drama de nossa exist\u00eancia humana e divina.<\/p>\n<hr \/>\n<p><a href=\"#_ftnref1\" name=\"_ftn1\">[1]<\/a>Doutor em Teologia B\u00edblica pela FAJE (BH). Mestre em Ci\u00eancias B\u00edblicas (Exegese) pelo Pontif\u00edcio Instituto B\u00edblico de Roma. Professor de Exegese B\u00edblica. \u00c9 membro da Associa\u00e7\u00e3o Brasileira de Pesquisa B\u00edblica (ABIB). Sacerdote Franciscano. Autor de dez livros e coautor de quinze. Youtube: Frei Jacir B\u00edblia e Ap\u00f3crifos. <a href=\"https:\/\/www.youtube.com\/channel\/UCwbSE97jnR6jQwHRigX1KlQ\">https:\/\/www.youtube.com\/channel\/UCwbSE97jnR6jQwHRigX1KlQ<\/a><\/p>\n","protected":false},"excerpt":{"rendered":"<p>Artigo de Frei Jacir de Freitas Faria<\/p>\n","protected":false},"author":3,"featured_media":193153,"comment_status":"open","ping_status":"open","sticky":false,"template":"","format":"standard","meta":{"footnotes":""},"categories":[26],"tags":[43],"yoast_head":"<!-- This site is optimized with the Yoast SEO plugin v19.4 - https:\/\/yoast.com\/wordpress\/plugins\/seo\/ -->\n<title>Amar, trair e negar (Jo 13, 21-33.36-38) - Vida Crist\u00e3 - Franciscanos<\/title>\n<meta name=\"robots\" content=\"index, follow, max-snippet:-1, max-image-preview:large, max-video-preview:-1\" \/>\n<link rel=\"canonical\" href=\"https:\/\/franciscanos.org.br\/vidacrista\/amar-trair-e-negar-jo-13-21-33-36-38\/\" \/>\n<meta property=\"og:locale\" content=\"pt_BR\" \/>\n<meta property=\"og:type\" content=\"article\" \/>\n<meta property=\"og:title\" content=\"Amar, trair e negar (Jo 13, 21-33.36-38) - Vida Crist\u00e3 - Franciscanos\" \/>\n<meta property=\"og:description\" content=\"Artigo de Frei Jacir de Freitas Faria\" \/>\n<meta property=\"og:url\" content=\"https:\/\/franciscanos.org.br\/vidacrista\/amar-trair-e-negar-jo-13-21-33-36-38\/\" \/>\n<meta property=\"og:site_name\" content=\"Vida Crist\u00e3 - Franciscanos\" \/>\n<meta property=\"article:published_time\" content=\"2023-04-04T10:08:07+00:00\" \/>\n<meta property=\"article:modified_time\" content=\"2023-04-04T10:11:39+00:00\" \/>\n<meta property=\"og:image\" content=\"https:\/\/franciscanos.org.br\/vidacrista\/wp-content\/uploads\/2023\/04\/artigo_04.jpg\" \/>\n\t<meta property=\"og:image:width\" content=\"840\" \/>\n\t<meta property=\"og:image:height\" content=\"450\" \/>\n\t<meta property=\"og:image:type\" content=\"image\/jpeg\" \/>\n<meta name=\"author\" content=\"moacir\" \/>\n<meta name=\"twitter:card\" content=\"summary_large_image\" \/>\n<meta name=\"twitter:label1\" content=\"Escrito por\" \/>\n\t<meta name=\"twitter:data1\" content=\"moacir\" \/>\n\t<meta name=\"twitter:label2\" content=\"Est. tempo de leitura\" \/>\n\t<meta name=\"twitter:data2\" content=\"6 minutos\" \/>\n<script type=\"application\/ld+json\" class=\"yoast-schema-graph\">{\"@context\":\"https:\/\/schema.org\",\"@graph\":[{\"@type\":\"WebSite\",\"@id\":\"https:\/\/franciscanos.org.br\/vidacrista\/#website\",\"url\":\"https:\/\/franciscanos.org.br\/vidacrista\/\",\"name\":\"Vida Crist\u00e3 - Franciscanos\",\"description\":\"Prov\u00edncia Franciscana da Imaculada Concei\u00e7\u00e3o do Brasil - Ordem dos Frades Menores\",\"potentialAction\":[{\"@type\":\"SearchAction\",\"target\":{\"@type\":\"EntryPoint\",\"urlTemplate\":\"https:\/\/franciscanos.org.br\/vidacrista\/?s={search_term_string}\"},\"query-input\":\"required name=search_term_string\"}],\"inLanguage\":\"pt-BR\"},{\"@type\":\"WebPage\",\"@id\":\"https:\/\/franciscanos.org.br\/vidacrista\/amar-trair-e-negar-jo-13-21-33-36-38\/\",\"url\":\"https:\/\/franciscanos.org.br\/vidacrista\/amar-trair-e-negar-jo-13-21-33-36-38\/\",\"name\":\"Amar, trair e negar (Jo 13, 21-33.36-38) - Vida Crist\u00e3 - Franciscanos\",\"isPartOf\":{\"@id\":\"https:\/\/franciscanos.org.br\/vidacrista\/#website\"},\"datePublished\":\"2023-04-04T10:08:07+00:00\",\"dateModified\":\"2023-04-04T10:11:39+00:00\",\"author\":{\"@id\":\"https:\/\/franciscanos.org.br\/vidacrista\/#\/schema\/person\/1880bdd2c350b735648725ef7614736a\"},\"breadcrumb\":{\"@id\":\"https:\/\/franciscanos.org.br\/vidacrista\/amar-trair-e-negar-jo-13-21-33-36-38\/#breadcrumb\"},\"inLanguage\":\"pt-BR\",\"potentialAction\":[{\"@type\":\"ReadAction\",\"target\":[\"https:\/\/franciscanos.org.br\/vidacrista\/amar-trair-e-negar-jo-13-21-33-36-38\/\"]}]},{\"@type\":\"BreadcrumbList\",\"@id\":\"https:\/\/franciscanos.org.br\/vidacrista\/amar-trair-e-negar-jo-13-21-33-36-38\/#breadcrumb\",\"itemListElement\":[{\"@type\":\"ListItem\",\"position\":1,\"name\":\"Home\",\"item\":\"https:\/\/franciscanos.org.br\/vidacrista\/\"},{\"@type\":\"ListItem\",\"position\":2,\"name\":\"Amar, trair e negar (Jo 13, 21-33.36-38)\"}]},{\"@type\":\"Person\",\"@id\":\"https:\/\/franciscanos.org.br\/vidacrista\/#\/schema\/person\/1880bdd2c350b735648725ef7614736a\",\"name\":\"moacir\",\"image\":{\"@type\":\"ImageObject\",\"inLanguage\":\"pt-BR\",\"@id\":\"https:\/\/franciscanos.org.br\/vidacrista\/#\/schema\/person\/image\/\",\"url\":\"https:\/\/secure.gravatar.com\/avatar\/d08aa2ce4c8dd416d4479aa8536fcf64?s=96&d=mm&r=g\",\"contentUrl\":\"https:\/\/secure.gravatar.com\/avatar\/d08aa2ce4c8dd416d4479aa8536fcf64?s=96&d=mm&r=g\",\"caption\":\"moacir\"},\"url\":\"https:\/\/franciscanos.org.br\/vidacrista\/author\/moacir\/\"}]}<\/script>\n<!-- \/ Yoast SEO plugin. -->","yoast_head_json":{"title":"Amar, trair e negar (Jo 13, 21-33.36-38) - Vida Crist\u00e3 - Franciscanos","robots":{"index":"index","follow":"follow","max-snippet":"max-snippet:-1","max-image-preview":"max-image-preview:large","max-video-preview":"max-video-preview:-1"},"canonical":"https:\/\/franciscanos.org.br\/vidacrista\/amar-trair-e-negar-jo-13-21-33-36-38\/","og_locale":"pt_BR","og_type":"article","og_title":"Amar, trair e negar (Jo 13, 21-33.36-38) - Vida Crist\u00e3 - Franciscanos","og_description":"Artigo de Frei Jacir de Freitas Faria","og_url":"https:\/\/franciscanos.org.br\/vidacrista\/amar-trair-e-negar-jo-13-21-33-36-38\/","og_site_name":"Vida Crist\u00e3 - Franciscanos","article_published_time":"2023-04-04T10:08:07+00:00","article_modified_time":"2023-04-04T10:11:39+00:00","og_image":[{"width":840,"height":450,"url":"https:\/\/franciscanos.org.br\/vidacrista\/wp-content\/uploads\/2023\/04\/artigo_04.jpg","type":"image\/jpeg"}],"author":"moacir","twitter_card":"summary_large_image","twitter_misc":{"Escrito por":"moacir","Est. tempo de leitura":"6 minutos"},"schema":{"@context":"https:\/\/schema.org","@graph":[{"@type":"WebSite","@id":"https:\/\/franciscanos.org.br\/vidacrista\/#website","url":"https:\/\/franciscanos.org.br\/vidacrista\/","name":"Vida Crist\u00e3 - Franciscanos","description":"Prov\u00edncia Franciscana da Imaculada Concei\u00e7\u00e3o do Brasil - Ordem dos Frades Menores","potentialAction":[{"@type":"SearchAction","target":{"@type":"EntryPoint","urlTemplate":"https:\/\/franciscanos.org.br\/vidacrista\/?s={search_term_string}"},"query-input":"required name=search_term_string"}],"inLanguage":"pt-BR"},{"@type":"WebPage","@id":"https:\/\/franciscanos.org.br\/vidacrista\/amar-trair-e-negar-jo-13-21-33-36-38\/","url":"https:\/\/franciscanos.org.br\/vidacrista\/amar-trair-e-negar-jo-13-21-33-36-38\/","name":"Amar, trair e negar (Jo 13, 21-33.36-38) - Vida Crist\u00e3 - Franciscanos","isPartOf":{"@id":"https:\/\/franciscanos.org.br\/vidacrista\/#website"},"datePublished":"2023-04-04T10:08:07+00:00","dateModified":"2023-04-04T10:11:39+00:00","author":{"@id":"https:\/\/franciscanos.org.br\/vidacrista\/#\/schema\/person\/1880bdd2c350b735648725ef7614736a"},"breadcrumb":{"@id":"https:\/\/franciscanos.org.br\/vidacrista\/amar-trair-e-negar-jo-13-21-33-36-38\/#breadcrumb"},"inLanguage":"pt-BR","potentialAction":[{"@type":"ReadAction","target":["https:\/\/franciscanos.org.br\/vidacrista\/amar-trair-e-negar-jo-13-21-33-36-38\/"]}]},{"@type":"BreadcrumbList","@id":"https:\/\/franciscanos.org.br\/vidacrista\/amar-trair-e-negar-jo-13-21-33-36-38\/#breadcrumb","itemListElement":[{"@type":"ListItem","position":1,"name":"Home","item":"https:\/\/franciscanos.org.br\/vidacrista\/"},{"@type":"ListItem","position":2,"name":"Amar, trair e negar (Jo 13, 21-33.36-38)"}]},{"@type":"Person","@id":"https:\/\/franciscanos.org.br\/vidacrista\/#\/schema\/person\/1880bdd2c350b735648725ef7614736a","name":"moacir","image":{"@type":"ImageObject","inLanguage":"pt-BR","@id":"https:\/\/franciscanos.org.br\/vidacrista\/#\/schema\/person\/image\/","url":"https:\/\/secure.gravatar.com\/avatar\/d08aa2ce4c8dd416d4479aa8536fcf64?s=96&d=mm&r=g","contentUrl":"https:\/\/secure.gravatar.com\/avatar\/d08aa2ce4c8dd416d4479aa8536fcf64?s=96&d=mm&r=g","caption":"moacir"},"url":"https:\/\/franciscanos.org.br\/vidacrista\/author\/moacir\/"}]}},"_links":{"self":[{"href":"https:\/\/franciscanos.org.br\/vidacrista\/wp-json\/wp\/v2\/posts\/193152"}],"collection":[{"href":"https:\/\/franciscanos.org.br\/vidacrista\/wp-json\/wp\/v2\/posts"}],"about":[{"href":"https:\/\/franciscanos.org.br\/vidacrista\/wp-json\/wp\/v2\/types\/post"}],"author":[{"embeddable":true,"href":"https:\/\/franciscanos.org.br\/vidacrista\/wp-json\/wp\/v2\/users\/3"}],"replies":[{"embeddable":true,"href":"https:\/\/franciscanos.org.br\/vidacrista\/wp-json\/wp\/v2\/comments?post=193152"}],"version-history":[{"count":3,"href":"https:\/\/franciscanos.org.br\/vidacrista\/wp-json\/wp\/v2\/posts\/193152\/revisions"}],"predecessor-version":[{"id":193156,"href":"https:\/\/franciscanos.org.br\/vidacrista\/wp-json\/wp\/v2\/posts\/193152\/revisions\/193156"}],"wp:featuredmedia":[{"embeddable":true,"href":"https:\/\/franciscanos.org.br\/vidacrista\/wp-json\/wp\/v2\/media\/193153"}],"wp:attachment":[{"href":"https:\/\/franciscanos.org.br\/vidacrista\/wp-json\/wp\/v2\/media?parent=193152"}],"wp:term":[{"taxonomy":"category","embeddable":true,"href":"https:\/\/franciscanos.org.br\/vidacrista\/wp-json\/wp\/v2\/categories?post=193152"},{"taxonomy":"post_tag","embeddable":true,"href":"https:\/\/franciscanos.org.br\/vidacrista\/wp-json\/wp\/v2\/tags?post=193152"}],"curies":[{"name":"wp","href":"https:\/\/api.w.org\/{rel}","templated":true}]}}