{"id":193129,"date":"2023-03-28T10:54:58","date_gmt":"2023-03-28T13:54:58","guid":{"rendered":"https:\/\/franciscanos.org.br\/vidacrista\/?p=193129"},"modified":"2023-03-28T10:56:07","modified_gmt":"2023-03-28T13:56:07","slug":"dia-do-clima","status":"publish","type":"post","link":"https:\/\/franciscanos.org.br\/vidacrista\/dia-do-clima\/","title":{"rendered":"Dia do Clima"},"content":{"rendered":"<div id=\"attachment_193130\" style=\"width: 850px\" class=\"wp-caption alignnone\"><img aria-describedby=\"caption-attachment-193130\" decoding=\"async\" loading=\"lazy\" class=\"wp-image-193130 size-full\" src=\"https:\/\/franciscanos.org.br\/vidacrista\/wp-content\/uploads\/2023\/03\/artigo_atilio_28.png\" alt=\"\" width=\"840\" height=\"450\" srcset=\"https:\/\/franciscanos.org.br\/vidacrista\/wp-content\/uploads\/2023\/03\/artigo_atilio_28.png 840w, https:\/\/franciscanos.org.br\/vidacrista\/wp-content\/uploads\/2023\/03\/artigo_atilio_28-450x241.png 450w, https:\/\/franciscanos.org.br\/vidacrista\/wp-content\/uploads\/2023\/03\/artigo_atilio_28-768x411.png 768w, https:\/\/franciscanos.org.br\/vidacrista\/wp-content\/uploads\/2023\/03\/artigo_atilio_28-150x80.png 150w\" sizes=\"(max-width: 840px) 100vw, 840px\" \/><p id=\"caption-attachment-193130\" class=\"wp-caption-text\">\u00a0 \u00a0 \u00a0 \u00a0 \u00a0 \u00a0 \u00a0 \u00a0 \u00a0 \u00a0 \u00a0 \u00a0 \u00a0 \u00a0 \u00a0 \u00a0 \u00a0 \u00a0 \u00a0 \u00a0 \u00a0 \u00a0 \u00a0 \u00a0 \u00a0 \u00a0 \u00a0 \u00a0 \u00a0 \u00a0 \u00a0 \u00a0 \u00a0 \u00a0 \u00a0 \u00a0 \u00a0 \u00a0 \u00a0 \u00a0 \u00a0 \u00a0 <strong>\u00a0Imagem ilustrativa:<\/strong> Canva (<a href=\"http:\/\/www.canva.com\/pt_br\/modelos\">www.canva.com\/pt_br\/modelos<\/a>)<\/p><\/div>\n<hr \/>\n<p style=\"text-align: center;\"><strong>\u00a0 \u00a0O SERVI\u00c7O DE JUSTI\u00c7A, PAZ E INTEGRIDADE DA CRIA\u00c7\u00c3O (JPIC), ATRAV\u00c9S DO SEU COORDENADOR, FREI MARX RODRIGUES DOS REIS, CONTINUA A S\u00c9RIE SOBRE TEMAS DO MEIO AMBIENTE E TRAZ HOJE A REFLEX\u00c3O\u00a0 DE FREI AT\u00cdLIO BATTISTUZ, MISSION\u00c1RIO NA AMAZ\u00d4NIA, PARA CELEBRAR A SEMANA DO CLIMA. CONFIRA!<\/strong><\/p>\n<hr \/>\n<p>O planeta Terra, ao longo de sua exist\u00eancia, pelos v\u00e1rios processos de mudan\u00e7as, evolu\u00e7\u00f5es e de adapta\u00e7\u00f5es, foi criando um clima favor\u00e1vel \u00e0 exist\u00eancia da vida, e mant\u00e9m esse ambiente para que a vida possa continuar existindo. Esse clima ou ambiente favor\u00e1vel \u00e9 dado principalmente pela atmosfera. A Atmosfera terrestre \u00e9 a grande respons\u00e1vel por esse ambiente favor\u00e1vel \u00e0 exist\u00eancia da vida. \u00c9 a atmosfera que equilibra a temperatura evitando grandes oscila\u00e7\u00f5es. Os planetas vizinhos, que n\u00e3o t\u00eam atmosfera, t\u00eam uma oscila\u00e7\u00e3o de temperatura de mais de 200\u00ba cent\u00edgrados entre o dia e a noite, o que torna o ambiente in\u00f3spito para a exist\u00eancia da vida. Na terra tamb\u00e9m ocorre oscila\u00e7\u00e3o, mas \u00e9 m\u00ednima, gra\u00e7as \u00e0 atmosfera, que funciona como um \u201cefeito estufa\u201d natural.<\/p>\n<p>Sempre houve oscila\u00e7\u00e3o do clima no planeta, per\u00edodos de resfriamento, as eras glaciais, e per\u00edodos de desgelo. Isso faz parte da hist\u00f3ria do planeta. O clima atual, tal como conhecemos hoje, prop\u00edcio para a exist\u00eancia da vida, se mant\u00e9m est\u00e1vel h\u00e1 mais ou menos 12 mil anos, com pequenas oscila\u00e7\u00f5es de esfriamento, como na Idade M\u00e9dia, e aquecimento. Foi esta estabilidade clim\u00e1tica que permitiu o florescimento de grandes civiliza\u00e7\u00f5es e da diversidade de culturas que conhecemos, tal como a agricultura, arquitetura e as artes, o aparecimento das cidades, a organiza\u00e7\u00e3o de Estados e imp\u00e9rios.<\/p>\n<p>Dois grandes problemas s\u00e3o colocados hoje com rela\u00e7\u00e3o ao clima: o <strong>aquecimento global<\/strong>, ou efeito estufa, e as <strong>mudan\u00e7as clim\u00e1ticas<\/strong>. O efeito estufa, que sempre existiu, devido \u00e0 atmosfera, est\u00e1 sendo modificado pela altera\u00e7\u00e3o da composi\u00e7\u00e3o dos gases da atmosfera, especialmente di\u00f3xido de carbono e g\u00e1s metano, que intensificam o efeito estufa. A crise clim\u00e1tica \u00e9 que este fen\u00f4meno est\u00e1 acontecendo n\u00e3o por causas naturais, mas como consequ\u00eancia das atividades humanas, principalmente pela combust\u00e3o de combust\u00edveis f\u00f3sseis. Nos \u00faltimos dois s\u00e9culos, da era industrial, a temperatura m\u00e9dia do planeta j\u00e1 subiu 1,15\u00ba C. As consequ\u00eancias j\u00e1 se fazem sentir pelas mudan\u00e7as clim\u00e1ticas, tais como, secas mais frequentes e mais intensas, enchentes tamb\u00e9m mais frequentes e intensas, frios mais intensos, calor mais intensos, inc\u00eandios catastr\u00f3ficos, transforma\u00e7\u00f5es imprevis\u00edveis no comportamento do clima, tamb\u00e9m com consequ\u00eancias nem sempre previs\u00edveis. H\u00e1 uma previs\u00e3o de que quem est\u00e1 nascendo agora, antes de completar 30 anos, ver\u00e1 sete vezes mais eventos catastr\u00f3ficos do que hoje.<\/p>\n<p>A queima de combust\u00edveis f\u00f3sseis n\u00e3o \u00e9 o \u00fanico fator de aquecimento global. A terra possui todo um sistema de refrigera\u00e7\u00e3o e controle do clima para que se mantenha favor\u00e1vel \u00e0 exist\u00eancia da vida. Tomemos como exemplo o corpo humano com seu sistema de desintoxica\u00e7\u00e3o e elimina\u00e7\u00e3o: pele, intestino, f\u00edgado, rins, bexiga formam todo um sistema de purifica\u00e7\u00e3o, desintoxica\u00e7\u00e3o e elimina\u00e7\u00e3o de impurezas. Se um c\u00e2ncer atingir v\u00e1rios \u00f3rg\u00e3os ao mesmo tempo, p\u00f5e em risco a vida. Assim tamb\u00e9m o organismo terra tem todo um sistema de controle de temperatura e do clima, para conserv\u00e1-lo favor\u00e1vel: a atmosfera, as florestas, as algas marinhas, os manguezais, os glaciais, as calotas polares, as nuvens, os oceanos, a biodiversidade, a permanente reciclagem de gazes da atmosfera pelos seres vivos. As florestas refrescam o planeta, as superf\u00edcies cobertas de gelo refletem calor para o espa\u00e7o, as algas marinhas, t\u00e3o importantes ou mais que as florestas se alimentam de carbono, sequestrando da atmosfera e ajudam a refrescar. Se todos eles forem agredidos simultaneamente, comprometeria o equil\u00edbrio. \u00c9 o que est\u00e1 acontecendo pela a\u00e7\u00e3o humana. As atividades humanas interferem n\u00e3o apenas na atmosfera, mas tamb\u00e9m nas florestas, nos oceanos, no solo e subsolo, na biodiversidade, e muitos outros fatores. As cidades, cada vez maiores, agregam calor, o asfalto agrega calor, as ind\u00fastrias agregam calor, os desertos e \u00e1reas desertificadas agregam calor, os autom\u00f3veis e m\u00e1quinas agregam calor, a agricultura e a pecu\u00e1ria pressionam as florestas, intoxicam e desertificam solos. \u00c9 toda uma s\u00e9rie de fatores que funcionam interligados e pressionam sobre o planeta e comprometem a estabilidade do clima.<\/p>\n<p>As previs\u00f5es para o futuro, fundamentados em dados cient\u00edficos, a continuar como estamos, n\u00e3o traz muita esperan\u00e7a, o futuro poder\u00e1 ser catastr\u00f3fico; a n\u00e3o ser que, alimentados pela teologia, inspirados na m\u00edstica e espiritualidade, haja uma mudan\u00e7a de forma de vida e projeto de sociedade. H\u00e1 estimativas de que para controlar o aquecimento global e evitar mudan\u00e7as clim\u00e1ticas, entre outras coisas, ser\u00e1 necess\u00e1rio replantar urgentemente pelo menos um trilh\u00e3o de \u00e1rvores em todo o planeta. N\u00f3s, seguindo os passos de Francisco de Assis e Francisco de Roma, tamb\u00e9m podemos colaborar com isso e alimentar esta esperan\u00e7a. Estamos dispostos a fazer a dar nossa contribui\u00e7\u00e3o?<\/p>\n<hr \/>\n<p><strong>Frei At\u00edlio Battistuz, OFM<\/strong><\/p>\n<p>Rio Amazonas, 26 de mar\u00e7o de 2023<\/p>\n<p>Semana do Clima<\/p>\n","protected":false},"excerpt":{"rendered":"<p>Artigo de Frei At\u00edlio Battistuz, OFM<\/p>\n","protected":false},"author":3,"featured_media":193130,"comment_status":"open","ping_status":"open","sticky":false,"template":"","format":"standard","meta":{"footnotes":""},"categories":[26],"tags":[377,48],"yoast_head":"<!-- This site is optimized with the Yoast SEO plugin v19.4 - https:\/\/yoast.com\/wordpress\/plugins\/seo\/ -->\n<title>Dia do Clima - Vida Crist\u00e3 - Franciscanos<\/title>\n<meta name=\"robots\" content=\"index, follow, max-snippet:-1, max-image-preview:large, max-video-preview:-1\" \/>\n<link rel=\"canonical\" href=\"https:\/\/franciscanos.org.br\/vidacrista\/dia-do-clima\/\" \/>\n<meta property=\"og:locale\" content=\"pt_BR\" \/>\n<meta property=\"og:type\" content=\"article\" \/>\n<meta property=\"og:title\" content=\"Dia do Clima - Vida Crist\u00e3 - Franciscanos\" \/>\n<meta property=\"og:description\" content=\"Artigo de Frei At\u00edlio Battistuz, OFM\" \/>\n<meta property=\"og:url\" content=\"https:\/\/franciscanos.org.br\/vidacrista\/dia-do-clima\/\" \/>\n<meta property=\"og:site_name\" content=\"Vida Crist\u00e3 - Franciscanos\" \/>\n<meta property=\"article:published_time\" content=\"2023-03-28T13:54:58+00:00\" \/>\n<meta property=\"article:modified_time\" content=\"2023-03-28T13:56:07+00:00\" \/>\n<meta property=\"og:image\" content=\"https:\/\/franciscanos.org.br\/vidacrista\/wp-content\/uploads\/2023\/03\/artigo_atilio_28.png\" \/>\n\t<meta property=\"og:image:width\" content=\"840\" \/>\n\t<meta property=\"og:image:height\" content=\"450\" \/>\n\t<meta property=\"og:image:type\" content=\"image\/png\" \/>\n<meta name=\"author\" content=\"moacir\" \/>\n<meta name=\"twitter:card\" content=\"summary_large_image\" \/>\n<meta name=\"twitter:label1\" content=\"Escrito por\" \/>\n\t<meta name=\"twitter:data1\" content=\"moacir\" \/>\n\t<meta name=\"twitter:label2\" content=\"Est. tempo de leitura\" \/>\n\t<meta name=\"twitter:data2\" content=\"5 minutos\" \/>\n<script type=\"application\/ld+json\" class=\"yoast-schema-graph\">{\"@context\":\"https:\/\/schema.org\",\"@graph\":[{\"@type\":\"WebSite\",\"@id\":\"https:\/\/franciscanos.org.br\/vidacrista\/#website\",\"url\":\"https:\/\/franciscanos.org.br\/vidacrista\/\",\"name\":\"Vida Crist\u00e3 - Franciscanos\",\"description\":\"Prov\u00edncia Franciscana da Imaculada Concei\u00e7\u00e3o do Brasil - Ordem dos Frades Menores\",\"potentialAction\":[{\"@type\":\"SearchAction\",\"target\":{\"@type\":\"EntryPoint\",\"urlTemplate\":\"https:\/\/franciscanos.org.br\/vidacrista\/?s={search_term_string}\"},\"query-input\":\"required name=search_term_string\"}],\"inLanguage\":\"pt-BR\"},{\"@type\":\"WebPage\",\"@id\":\"https:\/\/franciscanos.org.br\/vidacrista\/dia-do-clima\/\",\"url\":\"https:\/\/franciscanos.org.br\/vidacrista\/dia-do-clima\/\",\"name\":\"Dia do Clima - Vida Crist\u00e3 - Franciscanos\",\"isPartOf\":{\"@id\":\"https:\/\/franciscanos.org.br\/vidacrista\/#website\"},\"datePublished\":\"2023-03-28T13:54:58+00:00\",\"dateModified\":\"2023-03-28T13:56:07+00:00\",\"author\":{\"@id\":\"https:\/\/franciscanos.org.br\/vidacrista\/#\/schema\/person\/1880bdd2c350b735648725ef7614736a\"},\"breadcrumb\":{\"@id\":\"https:\/\/franciscanos.org.br\/vidacrista\/dia-do-clima\/#breadcrumb\"},\"inLanguage\":\"pt-BR\",\"potentialAction\":[{\"@type\":\"ReadAction\",\"target\":[\"https:\/\/franciscanos.org.br\/vidacrista\/dia-do-clima\/\"]}]},{\"@type\":\"BreadcrumbList\",\"@id\":\"https:\/\/franciscanos.org.br\/vidacrista\/dia-do-clima\/#breadcrumb\",\"itemListElement\":[{\"@type\":\"ListItem\",\"position\":1,\"name\":\"Home\",\"item\":\"https:\/\/franciscanos.org.br\/vidacrista\/\"},{\"@type\":\"ListItem\",\"position\":2,\"name\":\"Dia do Clima\"}]},{\"@type\":\"Person\",\"@id\":\"https:\/\/franciscanos.org.br\/vidacrista\/#\/schema\/person\/1880bdd2c350b735648725ef7614736a\",\"name\":\"moacir\",\"image\":{\"@type\":\"ImageObject\",\"inLanguage\":\"pt-BR\",\"@id\":\"https:\/\/franciscanos.org.br\/vidacrista\/#\/schema\/person\/image\/\",\"url\":\"https:\/\/secure.gravatar.com\/avatar\/d08aa2ce4c8dd416d4479aa8536fcf64?s=96&d=mm&r=g\",\"contentUrl\":\"https:\/\/secure.gravatar.com\/avatar\/d08aa2ce4c8dd416d4479aa8536fcf64?s=96&d=mm&r=g\",\"caption\":\"moacir\"},\"url\":\"https:\/\/franciscanos.org.br\/vidacrista\/author\/moacir\/\"}]}<\/script>\n<!-- \/ Yoast SEO plugin. -->","yoast_head_json":{"title":"Dia do Clima - Vida Crist\u00e3 - Franciscanos","robots":{"index":"index","follow":"follow","max-snippet":"max-snippet:-1","max-image-preview":"max-image-preview:large","max-video-preview":"max-video-preview:-1"},"canonical":"https:\/\/franciscanos.org.br\/vidacrista\/dia-do-clima\/","og_locale":"pt_BR","og_type":"article","og_title":"Dia do Clima - Vida Crist\u00e3 - Franciscanos","og_description":"Artigo de Frei At\u00edlio Battistuz, OFM","og_url":"https:\/\/franciscanos.org.br\/vidacrista\/dia-do-clima\/","og_site_name":"Vida Crist\u00e3 - Franciscanos","article_published_time":"2023-03-28T13:54:58+00:00","article_modified_time":"2023-03-28T13:56:07+00:00","og_image":[{"width":840,"height":450,"url":"https:\/\/franciscanos.org.br\/vidacrista\/wp-content\/uploads\/2023\/03\/artigo_atilio_28.png","type":"image\/png"}],"author":"moacir","twitter_card":"summary_large_image","twitter_misc":{"Escrito por":"moacir","Est. tempo de leitura":"5 minutos"},"schema":{"@context":"https:\/\/schema.org","@graph":[{"@type":"WebSite","@id":"https:\/\/franciscanos.org.br\/vidacrista\/#website","url":"https:\/\/franciscanos.org.br\/vidacrista\/","name":"Vida Crist\u00e3 - Franciscanos","description":"Prov\u00edncia Franciscana da Imaculada Concei\u00e7\u00e3o do Brasil - Ordem dos Frades Menores","potentialAction":[{"@type":"SearchAction","target":{"@type":"EntryPoint","urlTemplate":"https:\/\/franciscanos.org.br\/vidacrista\/?s={search_term_string}"},"query-input":"required name=search_term_string"}],"inLanguage":"pt-BR"},{"@type":"WebPage","@id":"https:\/\/franciscanos.org.br\/vidacrista\/dia-do-clima\/","url":"https:\/\/franciscanos.org.br\/vidacrista\/dia-do-clima\/","name":"Dia do Clima - Vida Crist\u00e3 - Franciscanos","isPartOf":{"@id":"https:\/\/franciscanos.org.br\/vidacrista\/#website"},"datePublished":"2023-03-28T13:54:58+00:00","dateModified":"2023-03-28T13:56:07+00:00","author":{"@id":"https:\/\/franciscanos.org.br\/vidacrista\/#\/schema\/person\/1880bdd2c350b735648725ef7614736a"},"breadcrumb":{"@id":"https:\/\/franciscanos.org.br\/vidacrista\/dia-do-clima\/#breadcrumb"},"inLanguage":"pt-BR","potentialAction":[{"@type":"ReadAction","target":["https:\/\/franciscanos.org.br\/vidacrista\/dia-do-clima\/"]}]},{"@type":"BreadcrumbList","@id":"https:\/\/franciscanos.org.br\/vidacrista\/dia-do-clima\/#breadcrumb","itemListElement":[{"@type":"ListItem","position":1,"name":"Home","item":"https:\/\/franciscanos.org.br\/vidacrista\/"},{"@type":"ListItem","position":2,"name":"Dia do Clima"}]},{"@type":"Person","@id":"https:\/\/franciscanos.org.br\/vidacrista\/#\/schema\/person\/1880bdd2c350b735648725ef7614736a","name":"moacir","image":{"@type":"ImageObject","inLanguage":"pt-BR","@id":"https:\/\/franciscanos.org.br\/vidacrista\/#\/schema\/person\/image\/","url":"https:\/\/secure.gravatar.com\/avatar\/d08aa2ce4c8dd416d4479aa8536fcf64?s=96&d=mm&r=g","contentUrl":"https:\/\/secure.gravatar.com\/avatar\/d08aa2ce4c8dd416d4479aa8536fcf64?s=96&d=mm&r=g","caption":"moacir"},"url":"https:\/\/franciscanos.org.br\/vidacrista\/author\/moacir\/"}]}},"_links":{"self":[{"href":"https:\/\/franciscanos.org.br\/vidacrista\/wp-json\/wp\/v2\/posts\/193129"}],"collection":[{"href":"https:\/\/franciscanos.org.br\/vidacrista\/wp-json\/wp\/v2\/posts"}],"about":[{"href":"https:\/\/franciscanos.org.br\/vidacrista\/wp-json\/wp\/v2\/types\/post"}],"author":[{"embeddable":true,"href":"https:\/\/franciscanos.org.br\/vidacrista\/wp-json\/wp\/v2\/users\/3"}],"replies":[{"embeddable":true,"href":"https:\/\/franciscanos.org.br\/vidacrista\/wp-json\/wp\/v2\/comments?post=193129"}],"version-history":[{"count":3,"href":"https:\/\/franciscanos.org.br\/vidacrista\/wp-json\/wp\/v2\/posts\/193129\/revisions"}],"predecessor-version":[{"id":193133,"href":"https:\/\/franciscanos.org.br\/vidacrista\/wp-json\/wp\/v2\/posts\/193129\/revisions\/193133"}],"wp:featuredmedia":[{"embeddable":true,"href":"https:\/\/franciscanos.org.br\/vidacrista\/wp-json\/wp\/v2\/media\/193130"}],"wp:attachment":[{"href":"https:\/\/franciscanos.org.br\/vidacrista\/wp-json\/wp\/v2\/media?parent=193129"}],"wp:term":[{"taxonomy":"category","embeddable":true,"href":"https:\/\/franciscanos.org.br\/vidacrista\/wp-json\/wp\/v2\/categories?post=193129"},{"taxonomy":"post_tag","embeddable":true,"href":"https:\/\/franciscanos.org.br\/vidacrista\/wp-json\/wp\/v2\/tags?post=193129"}],"curies":[{"name":"wp","href":"https:\/\/api.w.org\/{rel}","templated":true}]}}