{"id":193115,"date":"2023-03-24T07:48:30","date_gmt":"2023-03-24T10:48:30","guid":{"rendered":"https:\/\/franciscanos.org.br\/vidacrista\/?p=193115"},"modified":"2023-03-24T07:48:30","modified_gmt":"2023-03-24T10:48:30","slug":"o-que-levou-jesus-a-se-autoproclamar-agua-e-luz-na-festa-judaica-das-tendas-jo71-2-10-25-30","status":"publish","type":"post","link":"https:\/\/franciscanos.org.br\/vidacrista\/o-que-levou-jesus-a-se-autoproclamar-agua-e-luz-na-festa-judaica-das-tendas-jo71-2-10-25-30\/","title":{"rendered":"O que levou Jesus a se autoproclamar \u00e1gua e luz na Festa Judaica das Tendas (JO7,1-2.10.25-30)"},"content":{"rendered":"<div id=\"attachment_193116\" style=\"width: 850px\" class=\"wp-caption alignnone\"><img aria-describedby=\"caption-attachment-193116\" decoding=\"async\" loading=\"lazy\" class=\"wp-image-193116 size-full\" src=\"https:\/\/franciscanos.org.br\/vidacrista\/wp-content\/uploads\/2023\/03\/arigo_24032023.png\" alt=\"\" width=\"840\" height=\"450\" srcset=\"https:\/\/franciscanos.org.br\/vidacrista\/wp-content\/uploads\/2023\/03\/arigo_24032023.png 840w, https:\/\/franciscanos.org.br\/vidacrista\/wp-content\/uploads\/2023\/03\/arigo_24032023-450x241.png 450w, https:\/\/franciscanos.org.br\/vidacrista\/wp-content\/uploads\/2023\/03\/arigo_24032023-768x411.png 768w, https:\/\/franciscanos.org.br\/vidacrista\/wp-content\/uploads\/2023\/03\/arigo_24032023-150x80.png 150w\" sizes=\"(max-width: 840px) 100vw, 840px\" \/><p id=\"caption-attachment-193116\" class=\"wp-caption-text\">\u00a0 \u00a0 \u00a0 \u00a0 \u00a0 \u00a0 \u00a0 \u00a0 \u00a0 \u00a0 \u00a0 \u00a0 \u00a0 \u00a0 \u00a0 \u00a0 \u00a0 \u00a0 \u00a0 \u00a0 \u00a0 \u00a0 \u00a0 \u00a0 \u00a0 \u00a0 \u00a0 \u00a0 \u00a0 \u00a0 \u00a0 \u00a0 \u00a0 \u00a0 \u00a0 \u00a0 \u00a0 \u00a0 Imagem ilustrativa: Canva (<a href=\"http:\/\/www.canva.com\/pt_br\/modelos\">www.canva.com\/pt_br\/modelos<\/a>)<\/p><\/div>\n<p><em>Frei Jacir de Freitas Faria<\/em> <a href=\"#_ftn1\" name=\"_ftnref1\">[1]<\/a><\/p>\n<p>O texto sobre o qual vamos refletir hoje \u00e9 Jo 7,1-2.10.25-30. Trata-se da festa judaica das Tendas, na qual Jesus se autoproclama como \u00e1gua e luz. Por que Jesus toma essa decis\u00e3o de se revelar nessa festa? Qual o significado da festa das Tendas para os judeus e a sua rela\u00e7\u00e3o com a atitude prof\u00e9tica de Jesus?<\/p>\n<p>A festa das Tendas ou Tabern\u00e1culos era celebrada seis meses depois da festa da P\u00e1scoa, nos meses que correspondem, no nosso calend\u00e1rio, a setembro e outubro. \u00a0Na festa das Tendas, os judeus celebravam, com a constru\u00e7\u00e3o de tendas, a mem\u00f3ria da passagem do povo pelo deserto, durante 40 anos, depois da sa\u00edda da escravid\u00e3o no Egito (Ex 15,22\u201440,38). \u00a0Ainda hoje, os judeus armam tendas nos telhados, terra\u00e7os e cal\u00e7adas das casas para celebrar esse evento. Abra\u00e3o, Mois\u00e9s, Lei (Ne 8-9) e a espera do Messias eram as tem\u00e1ticas celebradas na festa.<\/p>\n<p>No tempo de Jesus, diariamente, o povo levava \u00e1gua da piscina de Silo\u00e9, lugar onde o cego de nascen\u00e7a se lavou, ap\u00f3s Jesus ter colocado barro com saliva nos seus olhos (Jo 9,1-41). Silo\u00e9, que quer dizer \u2018enviado\u2019, ficava a 900 metros do templo de Jerusal\u00e9m. Levar \u00e1gua ao Templo lembrava as \u201c\u00e1guas da salva\u00e7\u00e3o\u201d (Is 2,3) e a profecia de Ezequiel sobre a \u00e1gua da salva\u00e7\u00e3o saindo do novo Templo (Ez 47,1-2) ou da nova Jerusal\u00e9m (Zc 14,8). <a href=\"#_ftn2\" name=\"_ftnref2\">[2]<\/a><\/p>\n<p>A festa das Tendas terminava no oitavo dia com uma grande prociss\u00e3o de luzes, tochas e \u00e1gua (Lv 33,39: Ne 8,18). Durante a festa, o p\u00e1tio do Templo permanecia iluminado com grandes candelabros. O cen\u00e1rio da festa era maravilhoso!<\/p>\n<p>Jesus, que passou os \u00faltimos tr\u00eas anos de sua vida, segundo o evangelho de Jo\u00e3o, indo \u00e0s festas judaicas e ao Templo de Jerusal\u00e9m, para a\u00ed se revelar publicamente como enviado e Filho de Deus, n\u00e3o o faria diferente na festa das Tendas. Seus irm\u00e3os de cria\u00e7\u00e3o, Tiago, Josetos, Judas e Sim\u00e3o, filhos do primeiro casamento de Jos\u00e9, por n\u00e3o acreditarem que ele era o Messias, provocaram-no para ir \u00e0 festa e a\u00ed se revelar. Jesus n\u00e3o aceita o desafio, mas vai, depois, secretamente. Ele estava sendo perseguido na Galileia. Para ele, seu tempo n\u00e3o era o de seus irm\u00e3os.<\/p>\n<p>Na festa, a primeira atitude de Jesus n\u00e3o foi a de fazer milagres, como esperavam seus irm\u00e3os, mas a de ensinar no Templo. Ele fez isso no meio da festa. O povo murmurava dizendo que ele n\u00e3o podia ser o Messias, pois era conhecido deles. Jesus rebate dizendo que a origem do seu ensinamento vem de Deus. Revoltados, os mestres da Lei, os rabinos, queriam prend\u00ea-lo, mas n\u00e3o o fizeram, ainda que Jesus tivesse desacatado a autoridade deles. A hora da glorifica\u00e7\u00e3o de Jesus ainda n\u00e3o tinha chegado, conforme a tradi\u00e7\u00e3o do evangelho de Jo\u00e3o. Muitos do povo, no entanto, creram nele.<\/p>\n<p>No \u00faltimo dia da festa, o da prociss\u00e3o da \u00e1gua e da luz, Jesus, n\u00e3o mais como o mestre, aquele que fala sentado, mas de p\u00e9, isto \u00e9, como profeta, toma a palavra e se autoproclama \u00e1gua que mata a sede dos que nele creem (Jo 7,37) e luz do mundo (8,12). O que levou Jesus a agir assim foi a certeza de que Ele era a \u00e1gua da salva\u00e7\u00e3o messi\u00e2nica que os judeus esperavam. Ele era o novo Templo que substituiria o de Jerusal\u00e9m, dominado pelo rigorismo da Lei e da salva\u00e7\u00e3o para poucos. A \u00e1gua que brota do Templo de Jerusal\u00e9m era Ele, o Messias esperado. Na morte de Jesus, a \u00e1gua que sai de seu corpo tem esse mesmo sentido.<\/p>\n<p>Jo\u00e3o escreve seu evangelho para uma comunidade de judeus que viviam entre os anos 90 e 100 E.C. Eles eram crist\u00e3os, mas mantinham um p\u00e9 na sinagoga, um desejo de voltar ao rigorismo da Lei, ao modo piedoso de ser judeu.<\/p>\n<p>Jesus se apresenta como Deus na forma de \u00e1gua que purifica, d\u00e1 a vida, e de luz que ilumina os p\u00e9s na caminhada. Como Deus que \u00e9 luz, Jesus \u00e9 o Deus-Luz feito carne, que nos levar\u00e1 de volta \u00e0 Luz Eterna de onde viemos.<\/p>\n<p>Para n\u00f3s, hoje, o apelo de Jesus continua a nos interrogar: Que tipo de Igreja queremos ser, o da satisfa\u00e7\u00e3o pessoal, do devocionismo ou o do comprometimento social? Onde est\u00e1 armada a nossa tenda? Como est\u00e1 o brilho de nossa luz? Que tipo de \u00e1gua oferecemos para matar a sede de Deus? S\u00e3o perguntas e perguntas que permanecem na festa das Tendas do s\u00e9culo XXI.<\/p>\n<hr \/>\n<p><a href=\"#_ftnref1\" name=\"_ftn1\">[1]<\/a>Doutor em Teologia B\u00edblica pela FAJE (BH). Mestre em Ci\u00eancias B\u00edblicas (Exegese) pelo Pontif\u00edcio Instituto B\u00edblico de Roma. Professor de Exegese B\u00edblica. \u00c9 membro da Associa\u00e7\u00e3o Brasileira de Pesquisa B\u00edblica (ABIB). Sacerdote Franciscano. Autor de dez livros e coautor de quinze. Youtube: Frei Jacir B\u00edblia e Ap\u00f3crifos. <a href=\"https:\/\/www.youtube.com\/channel\/UCwbSE97jnR6jQwHRigX1KlQ\">https:\/\/www.youtube.com\/channel\/UCwbSE97jnR6jQwHRigX1KlQ<\/a><\/p>\n<p><a href=\"#_ftnref2\" name=\"_ftn2\">[2]<\/a>KONINGS, Johan. <strong>Evangelho segundo Jo\u00e3o<\/strong>: amor e fidelidade. Petr\u00f3polis: Vozes; S\u00e3o Leopoldo: Sinodal, 200, p. 206 (Coment\u00e1rio B\u00edblico).<\/p>\n","protected":false},"excerpt":{"rendered":"<p>Artigo de Frei Jacir de Freitas Faria<\/p>\n","protected":false},"author":3,"featured_media":193116,"comment_status":"open","ping_status":"open","sticky":false,"template":"","format":"standard","meta":{"footnotes":""},"categories":[26],"tags":[43],"yoast_head":"<!-- This site is optimized with the Yoast SEO plugin v19.4 - https:\/\/yoast.com\/wordpress\/plugins\/seo\/ -->\n<title>O que levou Jesus a se autoproclamar \u00e1gua e luz na Festa Judaica das Tendas (JO7,1-2.10.25-30) - Vida Crist\u00e3 - Franciscanos<\/title>\n<meta name=\"robots\" content=\"index, follow, max-snippet:-1, max-image-preview:large, max-video-preview:-1\" \/>\n<link rel=\"canonical\" href=\"https:\/\/franciscanos.org.br\/vidacrista\/o-que-levou-jesus-a-se-autoproclamar-agua-e-luz-na-festa-judaica-das-tendas-jo71-2-10-25-30\/\" \/>\n<meta property=\"og:locale\" content=\"pt_BR\" \/>\n<meta property=\"og:type\" content=\"article\" \/>\n<meta property=\"og:title\" content=\"O que levou Jesus a se autoproclamar \u00e1gua e luz na Festa Judaica das Tendas (JO7,1-2.10.25-30) - Vida Crist\u00e3 - Franciscanos\" \/>\n<meta property=\"og:description\" content=\"Artigo de Frei Jacir de Freitas Faria\" \/>\n<meta property=\"og:url\" content=\"https:\/\/franciscanos.org.br\/vidacrista\/o-que-levou-jesus-a-se-autoproclamar-agua-e-luz-na-festa-judaica-das-tendas-jo71-2-10-25-30\/\" \/>\n<meta property=\"og:site_name\" content=\"Vida Crist\u00e3 - Franciscanos\" \/>\n<meta property=\"article:published_time\" content=\"2023-03-24T10:48:30+00:00\" \/>\n<meta property=\"og:image\" content=\"https:\/\/franciscanos.org.br\/vidacrista\/wp-content\/uploads\/2023\/03\/arigo_24032023.png\" \/>\n\t<meta property=\"og:image:width\" content=\"840\" \/>\n\t<meta property=\"og:image:height\" content=\"450\" \/>\n\t<meta property=\"og:image:type\" content=\"image\/png\" \/>\n<meta name=\"author\" content=\"moacir\" \/>\n<meta name=\"twitter:card\" content=\"summary_large_image\" \/>\n<meta name=\"twitter:label1\" content=\"Escrito por\" \/>\n\t<meta name=\"twitter:data1\" content=\"moacir\" \/>\n\t<meta name=\"twitter:label2\" content=\"Est. tempo de leitura\" \/>\n\t<meta name=\"twitter:data2\" content=\"5 minutos\" \/>\n<script type=\"application\/ld+json\" class=\"yoast-schema-graph\">{\"@context\":\"https:\/\/schema.org\",\"@graph\":[{\"@type\":\"WebSite\",\"@id\":\"https:\/\/franciscanos.org.br\/vidacrista\/#website\",\"url\":\"https:\/\/franciscanos.org.br\/vidacrista\/\",\"name\":\"Vida Crist\u00e3 - Franciscanos\",\"description\":\"Prov\u00edncia Franciscana da Imaculada Concei\u00e7\u00e3o do Brasil - Ordem dos Frades Menores\",\"potentialAction\":[{\"@type\":\"SearchAction\",\"target\":{\"@type\":\"EntryPoint\",\"urlTemplate\":\"https:\/\/franciscanos.org.br\/vidacrista\/?s={search_term_string}\"},\"query-input\":\"required name=search_term_string\"}],\"inLanguage\":\"pt-BR\"},{\"@type\":\"WebPage\",\"@id\":\"https:\/\/franciscanos.org.br\/vidacrista\/o-que-levou-jesus-a-se-autoproclamar-agua-e-luz-na-festa-judaica-das-tendas-jo71-2-10-25-30\/\",\"url\":\"https:\/\/franciscanos.org.br\/vidacrista\/o-que-levou-jesus-a-se-autoproclamar-agua-e-luz-na-festa-judaica-das-tendas-jo71-2-10-25-30\/\",\"name\":\"O que levou Jesus a se autoproclamar \u00e1gua e luz na Festa Judaica das Tendas (JO7,1-2.10.25-30) - Vida Crist\u00e3 - Franciscanos\",\"isPartOf\":{\"@id\":\"https:\/\/franciscanos.org.br\/vidacrista\/#website\"},\"datePublished\":\"2023-03-24T10:48:30+00:00\",\"dateModified\":\"2023-03-24T10:48:30+00:00\",\"author\":{\"@id\":\"https:\/\/franciscanos.org.br\/vidacrista\/#\/schema\/person\/1880bdd2c350b735648725ef7614736a\"},\"breadcrumb\":{\"@id\":\"https:\/\/franciscanos.org.br\/vidacrista\/o-que-levou-jesus-a-se-autoproclamar-agua-e-luz-na-festa-judaica-das-tendas-jo71-2-10-25-30\/#breadcrumb\"},\"inLanguage\":\"pt-BR\",\"potentialAction\":[{\"@type\":\"ReadAction\",\"target\":[\"https:\/\/franciscanos.org.br\/vidacrista\/o-que-levou-jesus-a-se-autoproclamar-agua-e-luz-na-festa-judaica-das-tendas-jo71-2-10-25-30\/\"]}]},{\"@type\":\"BreadcrumbList\",\"@id\":\"https:\/\/franciscanos.org.br\/vidacrista\/o-que-levou-jesus-a-se-autoproclamar-agua-e-luz-na-festa-judaica-das-tendas-jo71-2-10-25-30\/#breadcrumb\",\"itemListElement\":[{\"@type\":\"ListItem\",\"position\":1,\"name\":\"Home\",\"item\":\"https:\/\/franciscanos.org.br\/vidacrista\/\"},{\"@type\":\"ListItem\",\"position\":2,\"name\":\"O que levou Jesus a se autoproclamar \u00e1gua e luz na Festa Judaica das Tendas (JO7,1-2.10.25-30)\"}]},{\"@type\":\"Person\",\"@id\":\"https:\/\/franciscanos.org.br\/vidacrista\/#\/schema\/person\/1880bdd2c350b735648725ef7614736a\",\"name\":\"moacir\",\"image\":{\"@type\":\"ImageObject\",\"inLanguage\":\"pt-BR\",\"@id\":\"https:\/\/franciscanos.org.br\/vidacrista\/#\/schema\/person\/image\/\",\"url\":\"https:\/\/secure.gravatar.com\/avatar\/d08aa2ce4c8dd416d4479aa8536fcf64?s=96&d=mm&r=g\",\"contentUrl\":\"https:\/\/secure.gravatar.com\/avatar\/d08aa2ce4c8dd416d4479aa8536fcf64?s=96&d=mm&r=g\",\"caption\":\"moacir\"},\"url\":\"https:\/\/franciscanos.org.br\/vidacrista\/author\/moacir\/\"}]}<\/script>\n<!-- \/ Yoast SEO plugin. -->","yoast_head_json":{"title":"O que levou Jesus a se autoproclamar \u00e1gua e luz na Festa Judaica das Tendas (JO7,1-2.10.25-30) - Vida Crist\u00e3 - Franciscanos","robots":{"index":"index","follow":"follow","max-snippet":"max-snippet:-1","max-image-preview":"max-image-preview:large","max-video-preview":"max-video-preview:-1"},"canonical":"https:\/\/franciscanos.org.br\/vidacrista\/o-que-levou-jesus-a-se-autoproclamar-agua-e-luz-na-festa-judaica-das-tendas-jo71-2-10-25-30\/","og_locale":"pt_BR","og_type":"article","og_title":"O que levou Jesus a se autoproclamar \u00e1gua e luz na Festa Judaica das Tendas (JO7,1-2.10.25-30) - Vida Crist\u00e3 - Franciscanos","og_description":"Artigo de Frei Jacir de Freitas Faria","og_url":"https:\/\/franciscanos.org.br\/vidacrista\/o-que-levou-jesus-a-se-autoproclamar-agua-e-luz-na-festa-judaica-das-tendas-jo71-2-10-25-30\/","og_site_name":"Vida Crist\u00e3 - Franciscanos","article_published_time":"2023-03-24T10:48:30+00:00","og_image":[{"width":840,"height":450,"url":"https:\/\/franciscanos.org.br\/vidacrista\/wp-content\/uploads\/2023\/03\/arigo_24032023.png","type":"image\/png"}],"author":"moacir","twitter_card":"summary_large_image","twitter_misc":{"Escrito por":"moacir","Est. tempo de leitura":"5 minutos"},"schema":{"@context":"https:\/\/schema.org","@graph":[{"@type":"WebSite","@id":"https:\/\/franciscanos.org.br\/vidacrista\/#website","url":"https:\/\/franciscanos.org.br\/vidacrista\/","name":"Vida Crist\u00e3 - Franciscanos","description":"Prov\u00edncia Franciscana da Imaculada Concei\u00e7\u00e3o do Brasil - Ordem dos Frades Menores","potentialAction":[{"@type":"SearchAction","target":{"@type":"EntryPoint","urlTemplate":"https:\/\/franciscanos.org.br\/vidacrista\/?s={search_term_string}"},"query-input":"required name=search_term_string"}],"inLanguage":"pt-BR"},{"@type":"WebPage","@id":"https:\/\/franciscanos.org.br\/vidacrista\/o-que-levou-jesus-a-se-autoproclamar-agua-e-luz-na-festa-judaica-das-tendas-jo71-2-10-25-30\/","url":"https:\/\/franciscanos.org.br\/vidacrista\/o-que-levou-jesus-a-se-autoproclamar-agua-e-luz-na-festa-judaica-das-tendas-jo71-2-10-25-30\/","name":"O que levou Jesus a se autoproclamar \u00e1gua e luz na Festa Judaica das Tendas (JO7,1-2.10.25-30) - Vida Crist\u00e3 - Franciscanos","isPartOf":{"@id":"https:\/\/franciscanos.org.br\/vidacrista\/#website"},"datePublished":"2023-03-24T10:48:30+00:00","dateModified":"2023-03-24T10:48:30+00:00","author":{"@id":"https:\/\/franciscanos.org.br\/vidacrista\/#\/schema\/person\/1880bdd2c350b735648725ef7614736a"},"breadcrumb":{"@id":"https:\/\/franciscanos.org.br\/vidacrista\/o-que-levou-jesus-a-se-autoproclamar-agua-e-luz-na-festa-judaica-das-tendas-jo71-2-10-25-30\/#breadcrumb"},"inLanguage":"pt-BR","potentialAction":[{"@type":"ReadAction","target":["https:\/\/franciscanos.org.br\/vidacrista\/o-que-levou-jesus-a-se-autoproclamar-agua-e-luz-na-festa-judaica-das-tendas-jo71-2-10-25-30\/"]}]},{"@type":"BreadcrumbList","@id":"https:\/\/franciscanos.org.br\/vidacrista\/o-que-levou-jesus-a-se-autoproclamar-agua-e-luz-na-festa-judaica-das-tendas-jo71-2-10-25-30\/#breadcrumb","itemListElement":[{"@type":"ListItem","position":1,"name":"Home","item":"https:\/\/franciscanos.org.br\/vidacrista\/"},{"@type":"ListItem","position":2,"name":"O que levou Jesus a se autoproclamar \u00e1gua e luz na Festa Judaica das Tendas (JO7,1-2.10.25-30)"}]},{"@type":"Person","@id":"https:\/\/franciscanos.org.br\/vidacrista\/#\/schema\/person\/1880bdd2c350b735648725ef7614736a","name":"moacir","image":{"@type":"ImageObject","inLanguage":"pt-BR","@id":"https:\/\/franciscanos.org.br\/vidacrista\/#\/schema\/person\/image\/","url":"https:\/\/secure.gravatar.com\/avatar\/d08aa2ce4c8dd416d4479aa8536fcf64?s=96&d=mm&r=g","contentUrl":"https:\/\/secure.gravatar.com\/avatar\/d08aa2ce4c8dd416d4479aa8536fcf64?s=96&d=mm&r=g","caption":"moacir"},"url":"https:\/\/franciscanos.org.br\/vidacrista\/author\/moacir\/"}]}},"_links":{"self":[{"href":"https:\/\/franciscanos.org.br\/vidacrista\/wp-json\/wp\/v2\/posts\/193115"}],"collection":[{"href":"https:\/\/franciscanos.org.br\/vidacrista\/wp-json\/wp\/v2\/posts"}],"about":[{"href":"https:\/\/franciscanos.org.br\/vidacrista\/wp-json\/wp\/v2\/types\/post"}],"author":[{"embeddable":true,"href":"https:\/\/franciscanos.org.br\/vidacrista\/wp-json\/wp\/v2\/users\/3"}],"replies":[{"embeddable":true,"href":"https:\/\/franciscanos.org.br\/vidacrista\/wp-json\/wp\/v2\/comments?post=193115"}],"version-history":[{"count":1,"href":"https:\/\/franciscanos.org.br\/vidacrista\/wp-json\/wp\/v2\/posts\/193115\/revisions"}],"predecessor-version":[{"id":193117,"href":"https:\/\/franciscanos.org.br\/vidacrista\/wp-json\/wp\/v2\/posts\/193115\/revisions\/193117"}],"wp:featuredmedia":[{"embeddable":true,"href":"https:\/\/franciscanos.org.br\/vidacrista\/wp-json\/wp\/v2\/media\/193116"}],"wp:attachment":[{"href":"https:\/\/franciscanos.org.br\/vidacrista\/wp-json\/wp\/v2\/media?parent=193115"}],"wp:term":[{"taxonomy":"category","embeddable":true,"href":"https:\/\/franciscanos.org.br\/vidacrista\/wp-json\/wp\/v2\/categories?post=193115"},{"taxonomy":"post_tag","embeddable":true,"href":"https:\/\/franciscanos.org.br\/vidacrista\/wp-json\/wp\/v2\/tags?post=193115"}],"curies":[{"name":"wp","href":"https:\/\/api.w.org\/{rel}","templated":true}]}}