{"id":193109,"date":"2023-03-21T11:59:57","date_gmt":"2023-03-21T14:59:57","guid":{"rendered":"https:\/\/franciscanos.org.br\/vidacrista\/?p=193109"},"modified":"2023-03-21T11:59:57","modified_gmt":"2023-03-21T14:59:57","slug":"agua-nao-e-mercadoria-mas-fonte-de-vida","status":"publish","type":"post","link":"https:\/\/franciscanos.org.br\/vidacrista\/agua-nao-e-mercadoria-mas-fonte-de-vida\/","title":{"rendered":"\u00c1gua n\u00e3o \u00e9 mercadoria, mas fonte de Vida!"},"content":{"rendered":"<div id=\"attachment_193110\" style=\"width: 850px\" class=\"wp-caption alignnone\"><img aria-describedby=\"caption-attachment-193110\" decoding=\"async\" loading=\"lazy\" class=\"wp-image-193110 size-full\" src=\"https:\/\/franciscanos.org.br\/vidacrista\/wp-content\/uploads\/2023\/03\/agua_artigo.png\" alt=\"\" width=\"840\" height=\"450\" srcset=\"https:\/\/franciscanos.org.br\/vidacrista\/wp-content\/uploads\/2023\/03\/agua_artigo.png 840w, https:\/\/franciscanos.org.br\/vidacrista\/wp-content\/uploads\/2023\/03\/agua_artigo-450x241.png 450w, https:\/\/franciscanos.org.br\/vidacrista\/wp-content\/uploads\/2023\/03\/agua_artigo-768x411.png 768w, https:\/\/franciscanos.org.br\/vidacrista\/wp-content\/uploads\/2023\/03\/agua_artigo-150x80.png 150w\" sizes=\"(max-width: 840px) 100vw, 840px\" \/><p id=\"caption-attachment-193110\" class=\"wp-caption-text\">\u00a0 \u00a0 \u00a0 \u00a0 \u00a0 \u00a0 \u00a0 \u00a0 \u00a0 \u00a0 \u00a0 \u00a0 \u00a0 \u00a0 \u00a0 \u00a0 \u00a0 \u00a0 \u00a0 \u00a0 \u00a0 \u00a0 \u00a0 \u00a0 \u00a0 \u00a0 \u00a0 \u00a0 \u00a0 \u00a0 \u00a0 \u00a0 \u00a0 \u00a0 \u00a0 \u00a0 \u00a0 \u00a0 \u00a0<em> Imagem ilustrativa: Canva (<a href=\"http:\/\/www.canva.com\/pt_br\/modelos\">www.canva.com\/pt_br\/modelos<\/a>)<\/em><\/p><\/div>\n<hr \/>\n<p style=\"text-align: center;\"><strong>\u00a0 \u00a0O SERVI\u00c7O DE JUSTI\u00c7A, PAZ E INTEGRIDADE DA CRIA\u00c7\u00c3O (JPIC), ATRAV\u00c9S DO SEU COORDENADOR, FREI MARX RODRIGUES DOS REIS, TEM A SATISFA\u00c7\u00c3O DE CONTAR COM A REFLEX\u00c3O\u00a0 DE MAYARA INGRID SOUSA LIMA, BI\u00d3LOGA , PROFESSORA DO DEPARTAMENTO DE BIOLOGIA DA UNIVERSIDADE FEDERAL DO MARANH\u00c3O E\u00a0 FRANCISCANA SECULAR, PARA CELEBRAR O DIA DA \u00c1GUA NESTE 22 DE MAR\u00c7O. CONFIRA!<\/strong><\/p>\n<hr \/>\n<p><em>Observando as realidades (Ver):<\/em><\/p>\n<p>N\u00e3o \u00e9 a toa que Guilherme Arantes canta \u201cTerra, planeta \u00e1gua\u201d, afinal, em todo o extrato superficial, a \u00e1gua representa 70% da superf\u00edcie terrestre. Na verdade, n\u00f3s somos \u00e1gua, pois biologicamente um beb\u00ea de 0 a 2 anos possui de 75 a 80% de \u00e1gua no corpo, sendo esse elemento essencial para vida humana, toda cria\u00e7\u00e3o e na manuten\u00e7\u00e3o da casa comum. Mas, mesmo a \u00e1gua sendo um bem comum t\u00e3o importante, estima-se que cerca de 3 em cada 10 pessoas em todo mundo, ou 2,1 bilh\u00f5es de pessoas, n\u00e3o tem acesso a \u00e1gua pot\u00e1vel e dispon\u00edveis em casa, e 6 em cada 10 pessoas, ou 4,4 bilh\u00f5es de pessoas, n\u00e3o tem acesso a saneamento gerido de forma segura, conforme aponta a Organiza\u00e7\u00e3o Mundial da Sa\u00fade (OMS) e o UNICEF.<\/p>\n<p>Muitos fatores corroboram para esse contexto, como aus\u00eancia de pol\u00edticas p\u00fablicas regionais, nacionais e internacionais que favore\u00e7am o acesso a \u00e1gua pot\u00e1vel; a acelera\u00e7\u00e3o de um modelo econ\u00f4mico predat\u00f3rio, por exemplo, a agricultura no modelo de agroneg\u00f3cio baseado em monoculturas extensivistas, \u00e9 a atividade que mais utiliza \u00e1gua em todo o mundo, totalizando um montante de 70%, em m\u00e9dia, de toda a \u00e1gua consumida no planeta, em um cen\u00e1rio onde quase metade de toda a \u00e1gua empregada \u00e9 desperdi\u00e7ada; a contamina\u00e7\u00e3o dos corpos d\u2019\u00e1gua superficiais e subterr\u00e2neos, como por exemplo, os danos diretos causados pela atividade mineradora, atividade que consome volumes extraordin\u00e1rios de \u00e1gua e gera uma s\u00e9rie de impactos como o aumento da turbidez e consequente varia\u00e7\u00e3o na qualidade da \u00e1gua, altera\u00e7\u00e3o do pH da \u00e1gua, tornando-a \u00e1cida, derrame de \u00f3leos e metais pesados (altamente t\u00f3xicos, com s\u00e9rios danos aos seres vivos), redu\u00e7\u00e3o do oxig\u00eanio nos ecossistemas aqu\u00e1ticos e assoreamento de rios; e claro, n\u00e3o podemos esquecer as pol\u00edticas de privatiza\u00e7\u00e3o da \u00e1gua, em pequena e grande escala, que afeta principalmente as popula\u00e7\u00f5es mais pobres, sem disponibilidade financeira para pagar por esse recurso, que deveria ser um bem comum!!<\/p>\n<p><em>Iluminando nossa caminhada (Julgar): <\/em><\/p>\n<p>Na m\u00edstica do Cristianismo \u00e1gua \u00e9 fonte de vida, recordamos que toda a cria\u00e7\u00e3o do mundo come\u00e7ou com as \u00e1guas: \u201c<em>A terra estava sem forma e vazia; as trevas cobriam o abismo e o Esp\u00edrito de Deus se movia sobre a superf\u00edcie das \u00e1guas<\/em>\u201d (G\u00eanesis 1,2) e era atrav\u00e9s da distribui\u00e7\u00e3o das \u00e1guas que o israelita via a a\u00e7\u00e3o ben\u00e9fica e justiceira de Deus. Francisco de Assis, lavando as m\u00e3os num riacho, escolhia o lugar para n\u00e3o ser for\u00e7ado a pisar na \u00e1gua, esta irm\u00e3 \u201c<em>mui \u00fatil e humilde e preciosa e casta<\/em>\u201d (CantS 7; LegPer 51). Mais recentemente a Enc\u00edclica <em>Laudato Si<\/em> atualiza e apresenta concretamente, \u201c<em>o acesso \u00e0 \u00e1gua pot\u00e1vel e segura como um direito humano essencial, fundamental e universal&#8230;.<\/em>\u201d e ainda nos recorda que \u201c<em>este mundo tem uma grave d\u00edvida social para com os pobres que n\u00e3o t\u00eam acesso \u00e0 \u00e1gua pot\u00e1vel, porque isto \u00e9 negar-lhes o direito \u00e0 vida radicado na sua dignidade inalien\u00e1vel<\/em>\u201d (LS, 30). Por isso, Papa Francisco exalta que \u201ca defesa da terra, a defesa da \u00e1gua, \u00e9 a defesa da vida\u201d!<\/p>\n<p><em>Vamos construir, caminhando (Agir):<\/em><\/p>\n<p>Por tudo isso, \u00e9 urgente e necess\u00e1rio repensar novas formas de cuidado e acesso a \u00e1gua. Precisamos rever, de imediato, nosso modelo e forma de vida nesse planeta \u00e1gua, especialmente apresentando, em todos os n\u00edveis, das nossas pequenas comunidades at\u00e9 a esfera macro, modelos econ\u00f4micos alternativos, pautados na economia solid\u00e1ria, justa e que promova equidade de acesso, inclusive a esse direito b\u00e1sico!<\/p>\n<p>E cada um de n\u00f3s pode contribuir nesse processo, com iniciativas individuais, repensando o desperd\u00edcio de \u00e1gua e promovendo estrat\u00e9gias de reutiliza\u00e7\u00e3o desse recurso. Entretanto, precisamos ter consci\u00eancia que somente essas iniciativas pessoais, de longe, n\u00e3o s\u00e3o suficientes, considerando que precisamos pensar coletivamente! Nesse momento, a participa\u00e7\u00e3o efetiva em organiza\u00e7\u00f5es e movimentos nacionais e internacionais, que pautam alternativas ao modelo socioecon\u00f4mico atual \u00e9 fundamentalmente importante e necess\u00e1rio, bem como articula\u00e7\u00f5es locais e regionais, que incluem os conselhos municipais (com participa\u00e7\u00e3o da sociedade civil) dos servi\u00e7os de \u00e1gua e saneamento b\u00e1sico; as articula\u00e7\u00f5es para discuss\u00f5es dos planos de gest\u00e3o municipais; e todas as iniciativas corajosas da Igreja Cat\u00f3lica, de maneira particular das(os) franciscanas e franciscanos articulados no Servi\u00e7o de Justi\u00e7a, Paz e Integridade da Cria\u00e7\u00e3o, <em>pois \u00c1gua n\u00e3o \u00e9 mercadoria, mas fonte de Vida!<\/em><\/p>\n<hr \/>\n<p><strong>Mayara Ingrid Sousa Lima,<\/strong>\u00a0B<em>i\u00f3loga e Professora do Departamento de Biologia da Universidade Federal do Maranh\u00e3o;<\/em><\/p>\n<p><em>Franciscana professa na Ordem Franciscana Secular.<\/em><\/p>\n","protected":false},"excerpt":{"rendered":"<p>JPIC<\/p>\n","protected":false},"author":3,"featured_media":193110,"comment_status":"open","ping_status":"open","sticky":false,"template":"","format":"standard","meta":{"footnotes":""},"categories":[26],"tags":[227],"yoast_head":"<!-- This site is optimized with the Yoast SEO plugin v19.4 - https:\/\/yoast.com\/wordpress\/plugins\/seo\/ -->\n<title>\u00c1gua n\u00e3o \u00e9 mercadoria, mas fonte de Vida! - Vida Crist\u00e3 - Franciscanos<\/title>\n<meta name=\"robots\" content=\"index, follow, max-snippet:-1, max-image-preview:large, max-video-preview:-1\" \/>\n<link rel=\"canonical\" href=\"https:\/\/franciscanos.org.br\/vidacrista\/agua-nao-e-mercadoria-mas-fonte-de-vida\/\" \/>\n<meta property=\"og:locale\" content=\"pt_BR\" \/>\n<meta property=\"og:type\" content=\"article\" \/>\n<meta property=\"og:title\" content=\"\u00c1gua n\u00e3o \u00e9 mercadoria, mas fonte de Vida! - Vida Crist\u00e3 - Franciscanos\" \/>\n<meta property=\"og:description\" content=\"JPIC\" \/>\n<meta property=\"og:url\" content=\"https:\/\/franciscanos.org.br\/vidacrista\/agua-nao-e-mercadoria-mas-fonte-de-vida\/\" \/>\n<meta property=\"og:site_name\" content=\"Vida Crist\u00e3 - Franciscanos\" \/>\n<meta property=\"article:published_time\" content=\"2023-03-21T14:59:57+00:00\" \/>\n<meta property=\"og:image\" content=\"https:\/\/franciscanos.org.br\/vidacrista\/wp-content\/uploads\/2023\/03\/agua_artigo.png\" \/>\n\t<meta property=\"og:image:width\" content=\"840\" \/>\n\t<meta property=\"og:image:height\" content=\"450\" \/>\n\t<meta property=\"og:image:type\" content=\"image\/png\" \/>\n<meta name=\"author\" content=\"moacir\" \/>\n<meta name=\"twitter:card\" content=\"summary_large_image\" \/>\n<meta name=\"twitter:label1\" content=\"Escrito por\" \/>\n\t<meta name=\"twitter:data1\" content=\"moacir\" \/>\n\t<meta name=\"twitter:label2\" content=\"Est. tempo de leitura\" \/>\n\t<meta name=\"twitter:data2\" content=\"5 minutos\" \/>\n<script type=\"application\/ld+json\" class=\"yoast-schema-graph\">{\"@context\":\"https:\/\/schema.org\",\"@graph\":[{\"@type\":\"WebSite\",\"@id\":\"https:\/\/franciscanos.org.br\/vidacrista\/#website\",\"url\":\"https:\/\/franciscanos.org.br\/vidacrista\/\",\"name\":\"Vida Crist\u00e3 - Franciscanos\",\"description\":\"Prov\u00edncia Franciscana da Imaculada Concei\u00e7\u00e3o do Brasil - Ordem dos Frades Menores\",\"potentialAction\":[{\"@type\":\"SearchAction\",\"target\":{\"@type\":\"EntryPoint\",\"urlTemplate\":\"https:\/\/franciscanos.org.br\/vidacrista\/?s={search_term_string}\"},\"query-input\":\"required name=search_term_string\"}],\"inLanguage\":\"pt-BR\"},{\"@type\":\"WebPage\",\"@id\":\"https:\/\/franciscanos.org.br\/vidacrista\/agua-nao-e-mercadoria-mas-fonte-de-vida\/\",\"url\":\"https:\/\/franciscanos.org.br\/vidacrista\/agua-nao-e-mercadoria-mas-fonte-de-vida\/\",\"name\":\"\u00c1gua n\u00e3o \u00e9 mercadoria, mas fonte de Vida! - Vida Crist\u00e3 - Franciscanos\",\"isPartOf\":{\"@id\":\"https:\/\/franciscanos.org.br\/vidacrista\/#website\"},\"datePublished\":\"2023-03-21T14:59:57+00:00\",\"dateModified\":\"2023-03-21T14:59:57+00:00\",\"author\":{\"@id\":\"https:\/\/franciscanos.org.br\/vidacrista\/#\/schema\/person\/1880bdd2c350b735648725ef7614736a\"},\"breadcrumb\":{\"@id\":\"https:\/\/franciscanos.org.br\/vidacrista\/agua-nao-e-mercadoria-mas-fonte-de-vida\/#breadcrumb\"},\"inLanguage\":\"pt-BR\",\"potentialAction\":[{\"@type\":\"ReadAction\",\"target\":[\"https:\/\/franciscanos.org.br\/vidacrista\/agua-nao-e-mercadoria-mas-fonte-de-vida\/\"]}]},{\"@type\":\"BreadcrumbList\",\"@id\":\"https:\/\/franciscanos.org.br\/vidacrista\/agua-nao-e-mercadoria-mas-fonte-de-vida\/#breadcrumb\",\"itemListElement\":[{\"@type\":\"ListItem\",\"position\":1,\"name\":\"Home\",\"item\":\"https:\/\/franciscanos.org.br\/vidacrista\/\"},{\"@type\":\"ListItem\",\"position\":2,\"name\":\"\u00c1gua n\u00e3o \u00e9 mercadoria, mas fonte de Vida!\"}]},{\"@type\":\"Person\",\"@id\":\"https:\/\/franciscanos.org.br\/vidacrista\/#\/schema\/person\/1880bdd2c350b735648725ef7614736a\",\"name\":\"moacir\",\"image\":{\"@type\":\"ImageObject\",\"inLanguage\":\"pt-BR\",\"@id\":\"https:\/\/franciscanos.org.br\/vidacrista\/#\/schema\/person\/image\/\",\"url\":\"https:\/\/secure.gravatar.com\/avatar\/d08aa2ce4c8dd416d4479aa8536fcf64?s=96&d=mm&r=g\",\"contentUrl\":\"https:\/\/secure.gravatar.com\/avatar\/d08aa2ce4c8dd416d4479aa8536fcf64?s=96&d=mm&r=g\",\"caption\":\"moacir\"},\"url\":\"https:\/\/franciscanos.org.br\/vidacrista\/author\/moacir\/\"}]}<\/script>\n<!-- \/ Yoast SEO plugin. -->","yoast_head_json":{"title":"\u00c1gua n\u00e3o \u00e9 mercadoria, mas fonte de Vida! - Vida Crist\u00e3 - Franciscanos","robots":{"index":"index","follow":"follow","max-snippet":"max-snippet:-1","max-image-preview":"max-image-preview:large","max-video-preview":"max-video-preview:-1"},"canonical":"https:\/\/franciscanos.org.br\/vidacrista\/agua-nao-e-mercadoria-mas-fonte-de-vida\/","og_locale":"pt_BR","og_type":"article","og_title":"\u00c1gua n\u00e3o \u00e9 mercadoria, mas fonte de Vida! - Vida Crist\u00e3 - Franciscanos","og_description":"JPIC","og_url":"https:\/\/franciscanos.org.br\/vidacrista\/agua-nao-e-mercadoria-mas-fonte-de-vida\/","og_site_name":"Vida Crist\u00e3 - Franciscanos","article_published_time":"2023-03-21T14:59:57+00:00","og_image":[{"width":840,"height":450,"url":"https:\/\/franciscanos.org.br\/vidacrista\/wp-content\/uploads\/2023\/03\/agua_artigo.png","type":"image\/png"}],"author":"moacir","twitter_card":"summary_large_image","twitter_misc":{"Escrito por":"moacir","Est. tempo de leitura":"5 minutos"},"schema":{"@context":"https:\/\/schema.org","@graph":[{"@type":"WebSite","@id":"https:\/\/franciscanos.org.br\/vidacrista\/#website","url":"https:\/\/franciscanos.org.br\/vidacrista\/","name":"Vida Crist\u00e3 - Franciscanos","description":"Prov\u00edncia Franciscana da Imaculada Concei\u00e7\u00e3o do Brasil - Ordem dos Frades Menores","potentialAction":[{"@type":"SearchAction","target":{"@type":"EntryPoint","urlTemplate":"https:\/\/franciscanos.org.br\/vidacrista\/?s={search_term_string}"},"query-input":"required name=search_term_string"}],"inLanguage":"pt-BR"},{"@type":"WebPage","@id":"https:\/\/franciscanos.org.br\/vidacrista\/agua-nao-e-mercadoria-mas-fonte-de-vida\/","url":"https:\/\/franciscanos.org.br\/vidacrista\/agua-nao-e-mercadoria-mas-fonte-de-vida\/","name":"\u00c1gua n\u00e3o \u00e9 mercadoria, mas fonte de Vida! - Vida Crist\u00e3 - Franciscanos","isPartOf":{"@id":"https:\/\/franciscanos.org.br\/vidacrista\/#website"},"datePublished":"2023-03-21T14:59:57+00:00","dateModified":"2023-03-21T14:59:57+00:00","author":{"@id":"https:\/\/franciscanos.org.br\/vidacrista\/#\/schema\/person\/1880bdd2c350b735648725ef7614736a"},"breadcrumb":{"@id":"https:\/\/franciscanos.org.br\/vidacrista\/agua-nao-e-mercadoria-mas-fonte-de-vida\/#breadcrumb"},"inLanguage":"pt-BR","potentialAction":[{"@type":"ReadAction","target":["https:\/\/franciscanos.org.br\/vidacrista\/agua-nao-e-mercadoria-mas-fonte-de-vida\/"]}]},{"@type":"BreadcrumbList","@id":"https:\/\/franciscanos.org.br\/vidacrista\/agua-nao-e-mercadoria-mas-fonte-de-vida\/#breadcrumb","itemListElement":[{"@type":"ListItem","position":1,"name":"Home","item":"https:\/\/franciscanos.org.br\/vidacrista\/"},{"@type":"ListItem","position":2,"name":"\u00c1gua n\u00e3o \u00e9 mercadoria, mas fonte de Vida!"}]},{"@type":"Person","@id":"https:\/\/franciscanos.org.br\/vidacrista\/#\/schema\/person\/1880bdd2c350b735648725ef7614736a","name":"moacir","image":{"@type":"ImageObject","inLanguage":"pt-BR","@id":"https:\/\/franciscanos.org.br\/vidacrista\/#\/schema\/person\/image\/","url":"https:\/\/secure.gravatar.com\/avatar\/d08aa2ce4c8dd416d4479aa8536fcf64?s=96&d=mm&r=g","contentUrl":"https:\/\/secure.gravatar.com\/avatar\/d08aa2ce4c8dd416d4479aa8536fcf64?s=96&d=mm&r=g","caption":"moacir"},"url":"https:\/\/franciscanos.org.br\/vidacrista\/author\/moacir\/"}]}},"_links":{"self":[{"href":"https:\/\/franciscanos.org.br\/vidacrista\/wp-json\/wp\/v2\/posts\/193109"}],"collection":[{"href":"https:\/\/franciscanos.org.br\/vidacrista\/wp-json\/wp\/v2\/posts"}],"about":[{"href":"https:\/\/franciscanos.org.br\/vidacrista\/wp-json\/wp\/v2\/types\/post"}],"author":[{"embeddable":true,"href":"https:\/\/franciscanos.org.br\/vidacrista\/wp-json\/wp\/v2\/users\/3"}],"replies":[{"embeddable":true,"href":"https:\/\/franciscanos.org.br\/vidacrista\/wp-json\/wp\/v2\/comments?post=193109"}],"version-history":[{"count":1,"href":"https:\/\/franciscanos.org.br\/vidacrista\/wp-json\/wp\/v2\/posts\/193109\/revisions"}],"predecessor-version":[{"id":193111,"href":"https:\/\/franciscanos.org.br\/vidacrista\/wp-json\/wp\/v2\/posts\/193109\/revisions\/193111"}],"wp:featuredmedia":[{"embeddable":true,"href":"https:\/\/franciscanos.org.br\/vidacrista\/wp-json\/wp\/v2\/media\/193110"}],"wp:attachment":[{"href":"https:\/\/franciscanos.org.br\/vidacrista\/wp-json\/wp\/v2\/media?parent=193109"}],"wp:term":[{"taxonomy":"category","embeddable":true,"href":"https:\/\/franciscanos.org.br\/vidacrista\/wp-json\/wp\/v2\/categories?post=193109"},{"taxonomy":"post_tag","embeddable":true,"href":"https:\/\/franciscanos.org.br\/vidacrista\/wp-json\/wp\/v2\/tags?post=193109"}],"curies":[{"name":"wp","href":"https:\/\/api.w.org\/{rel}","templated":true}]}}