{"id":193100,"date":"2023-03-18T07:42:58","date_gmt":"2023-03-18T10:42:58","guid":{"rendered":"https:\/\/franciscanos.org.br\/vidacrista\/?p=193100"},"modified":"2023-03-18T07:42:58","modified_gmt":"2023-03-18T10:42:58","slug":"um-papa-que-ama-ao-modo-de-jesus","status":"publish","type":"post","link":"https:\/\/franciscanos.org.br\/vidacrista\/um-papa-que-ama-ao-modo-de-jesus\/","title":{"rendered":"Um Papa que ama ao modo de Jesus"},"content":{"rendered":"<div id=\"attachment_193101\" style=\"width: 850px\" class=\"wp-caption alignnone\"><img aria-describedby=\"caption-attachment-193101\" decoding=\"async\" loading=\"lazy\" class=\"wp-image-193101 size-full\" src=\"https:\/\/franciscanos.org.br\/vidacrista\/wp-content\/uploads\/2023\/03\/papa_d.jpg\" alt=\"\" width=\"840\" height=\"450\" srcset=\"https:\/\/franciscanos.org.br\/vidacrista\/wp-content\/uploads\/2023\/03\/papa_d.jpg 840w, https:\/\/franciscanos.org.br\/vidacrista\/wp-content\/uploads\/2023\/03\/papa_d-450x241.jpg 450w, https:\/\/franciscanos.org.br\/vidacrista\/wp-content\/uploads\/2023\/03\/papa_d-768x411.jpg 768w, https:\/\/franciscanos.org.br\/vidacrista\/wp-content\/uploads\/2023\/03\/papa_d-150x80.jpg 150w\" sizes=\"(max-width: 840px) 100vw, 840px\" \/><p id=\"caption-attachment-193101\" class=\"wp-caption-text\">\u00a0 \u00a0 \u00a0 \u00a0 \u00a0 \u00a0 \u00a0 \u00a0 \u00a0 \u00a0 \u00a0 \u00a0 \u00a0 \u00a0 \u00a0 \u00a0 \u00a0 \u00a0 \u00a0 \u00a0 \u00a0 \u00a0 \u00a0 \u00a0 \u00a0 \u00a0 \u00a0 \u00a0 \u00a0 \u00a0 \u00a0 \u00a0 \u00a0 \u00a0 \u00a0 \u00a0 \u00a0 \u00a0 \u00a0 \u00a0 \u00a0 \u00a0 \u00a0 \u00a0 \u00a0 \u00a0 <em>\u00a0 \u00a0 \u00a0 \u00a0 \u00a0 \u00a0 \u00a0 \u00a0 \u00a0 Imagem: Vatican Media<\/em><\/p><\/div>\n<p><strong>Leonardo Boff<\/strong><\/p>\n<p>No dia 13 de mar\u00e7o a Igreja celebrou 10 anos de pontificado do Papa Francisco. \u00c9 a primeira vez na hist\u00f3ria da Igreja que um Papa \u00e9 eleito fora da gal\u00e1xia do cristianismo europeu. E com raz\u00e3o, pois a vitalidade da mensagem evang\u00e9lica se enraizou nas culturas n\u00e3o-europeias nas quais numericamente vive a maioria dos cat\u00f3licos. Enfatizamos algumas caracter\u00edsticas de seu pontificado.<\/p>\n<p>A mais importante delas foi a nova atmosfera criada dentro da comunidade crist\u00e3 a n\u00edvel mundial. Sa\u00edmos de um inverno, dos \u00faltimos Papas, e inaugurou-se uma primavera. Predomina n\u00e3o mais a doutrina, mas a vida concreta da f\u00e9. J\u00e1 n\u00e3o h\u00e1 medo e condena\u00e7\u00f5es, mas grande liberdade de express\u00e3o e de participa\u00e7\u00e3o, especialmente de mulheres em cargos importantes dentro do Vaticano.<\/p>\n<p>O Papa Francisco deu corpo a um novo modo de ser Papa. J\u00e1 n\u00e3o vive no pal\u00e1cio pontif\u00edcio, mas numa casa de h\u00f3spedes, Santa Marta. Recusa qualquer privil\u00e9gio. Vive em seu quarto de h\u00f3spedes. Outro \u00e9 reservado para receber pessoas. Entra na fila ao servi-se nas refei\u00e7\u00f5es. Com humor, pensando em fatos do passado, diz, \u201cassim \u00e9 mais dif\u00edcil que me envenenem\u201d. Vive uma pobreza franciscana, despojando-se de todos os s\u00edmbolos de poder.<\/p>\n<p>Abriu uma perspectiva nova para a Igreja. Se antes era um castelo fortificado contra os erros do mundo, agora \u00e9 \u201cuma Igreja-hospital-de-campanha\u201d que acolhe a todos, sem perguntar sua origem ou seu estado moral. Como enfatiza: \u201c\u00e9 uma Igreja em sa\u00edda para as periferias existenciais\u201d, colando seu ouvido ao grito dos sofredores deste mudo.<\/p>\n<p>Conferiu centralidade aos pobres. Escolheu o nome de Francisco para resgatar a figura de S\u00e3o Francisco, o <em>Poverello<\/em> de Assis. Em sua primeira apari\u00e7\u00e3o disse claramente: quero uma Igreja de pobres e uma Igreja com os pobres.Pouco importa se o pobre \u00e9 crist\u00e3o ou mu\u00e7ulmano: lava-lhes os p\u00e9s da Quinta-Feira Santa. Sua inspira\u00e7\u00e3o maior \u00e9 o Jesus hist\u00f3rico, artes\u00e3o, contador de hist\u00f3rias, defensor de todos os que menos vida t\u00eam, curando-os de suas doen\u00e7as, enxugando-lhes as l\u00e1grimas e at\u00e9 ressuscitando mortos. Chama Deus de <em>Abb\u00e1=\u201dpaizinho querido\u201d<\/em> sentido-se seu Filho bem-amado. Ama a todos no modo desse Deus-Abb\u00e1, bem expresso no evangelho de S\u00e3o Jo\u00e3o:\u201dse algu\u00e9m vem a mim eu n\u00e3o o mandarei embora\u201d(Jo 6,37). Podia ser uma ad\u00faltera,um te\u00f3logo angustiado como Nicodemos que o procura \u00e0 noite, ou um mulher estrangeira s\u00edrio-fen\u00edcia ou um oficial romano. A todos acolhe afetuosamente.<\/p>\n<p>Deixou muitas vezes claro que Jesus n\u00e3o veio criar uma nova religi\u00e3o, mas veio ensinar-nos a viver: o amor incondicional, a solidariedade, a compaix\u00e3o e o perd\u00e3o. As doutrinas est\u00e3o a\u00ed e n\u00e3o h\u00e1 por que n\u00e3o dar-lhe import\u00e2ncia. Mas s\u00f3 com elas n\u00e3o se chega ao cora\u00e7\u00e3o do ser humano. Precisa-se ternura e amor.<\/p>\n<p>O que convence as pessoas e as deixa at\u00e9 fascinadas \u00e9 sua prega\u00e7\u00e3o ininterrupta sobre a import\u00e2ncia dessa ternura que abra\u00e7a o outro e que se aplica tamb\u00e9m \u00e0 pol\u00edtica, como claramente o diz em sua enc\u00edclica Fratelli tutti.<\/p>\n<p>Mas para ele, a culmin\u00e2ncia de sua prega\u00e7\u00e3o \u00e9 a miseric\u00f3rdia. \u00c9 a caracter\u00edstica pessoal de Jesus e se enra\u00edza na ess\u00eancia de Deus mesmo. Ningu\u00e9m pode p\u00f4r limites \u00e0 miseric\u00f3rdia de Deus que alcan\u00e7a at\u00e9 o pior dos pecadores. Deus n\u00e3o pode perder nenhum filho ou filha que criou com amor. Ele n\u00e3o pode perder nunca. Por isso assevera que a condena\u00e7\u00e3o \u00e9 somente para esse mundo. Todos s\u00e3o destinados, por causa da ilimitada miseric\u00f3rdia, a participar do Reino bem-aventurado da Trindade, do Pai, do Filho e do Esp\u00edrito Santo.<\/p>\n<p>A mensagem de Jesus n\u00e3o \u00e9 somente boa na perspectiva da vida eterna. Mas tamb\u00e9m deve ser boa para esta vida e para a pr\u00f3pria M\u00e3e Terra. Sua enc\u00edclica \u201ccomo cuidar da Casa Comum: <em>Laudato S\u00ec<\/em> (2015) o coloca, conforme not\u00e1veis ec\u00f3logos, na ponta de reflex\u00e3o ecol\u00f3gica mundial. N\u00e3o se trata de uma ecologia verde, mas de um ecologia integral: abarca o ambiental, o pol\u00edtico, o social,o cultural, a vida cotidiana e a vida do esp\u00edrito. N\u00e3o se trata de uma t\u00e9cnica de sanar as feridas no corpo da M\u00e3e Terra, mas de uma arte de viver em comunh\u00e3o com ela e com todas as demais criaturas, abra\u00e7adas como irm\u00e3s e irm\u00e3os. \u00c9 t\u00e3o preocupado pelo futuro da vida que diz com palavras severas em sua outra enc\u00edclica Fratelli tutti (2020) \u201cou nos salvamos todos ou ningu\u00e9m se salva\u201d.<\/p>\n<p>N\u00e3o obstante as nuvens escuras que encobrem nosso futuro, mostra-se esperan\u00e7oso. Confia na esperan\u00e7a como aquele princ\u00edpio ou melhor, aquele motor que trabalha sempre dentro de n\u00f3s, buscando melhores caminhos, projetando utopias vi\u00e1veis e desanuviando a obscuridade de nossa hist\u00f3ria. Ela se expressa por estas palavras no final de sua enc\u00edclica \u201cComo cuidar da Casa Comum\u201d: \u201cCaminhemos cantando, que as nossas lutas e a preocupa\u00e7\u00e3o por este planeta n\u00e3o nos tirem a alegria da esperan\u00e7a\u201d.<\/p>\n<p>Em fim, estamos diante de uma figura de especial densidade humana, testemunha de uma f\u00e9 e de uma esperan\u00e7a inabal\u00e1veis de que atravessaremos os sombrios tempos atuais rumo a uma biociviliza\u00e7\u00e3o na qual possamos nos irmanar entre todos, a natureza inclu\u00edda, dentro da mesma grande Casa Comum, cuidada e amada.<\/p>\n<hr \/>\n<p><strong>Leonardo Boff<\/strong><em> \u00e9 te\u00f3logo e fil\u00f3sofo e escreveu: Francisco de Assis-Francisco de Roma: a irrup\u00e7\u00e3o da primavera, Rio, Mar de Ideias 2012.<\/em><\/p>\n","protected":false},"excerpt":{"rendered":"<p>Artigo de Leonardo Boff<\/p>\n","protected":false},"author":3,"featured_media":193101,"comment_status":"open","ping_status":"open","sticky":false,"template":"","format":"standard","meta":{"footnotes":""},"categories":[26],"tags":[59],"yoast_head":"<!-- This site is optimized with the Yoast SEO plugin v19.4 - https:\/\/yoast.com\/wordpress\/plugins\/seo\/ -->\n<title>Um Papa que ama ao modo de Jesus - Vida Crist\u00e3 - Franciscanos<\/title>\n<meta name=\"robots\" content=\"index, follow, max-snippet:-1, max-image-preview:large, max-video-preview:-1\" \/>\n<link rel=\"canonical\" href=\"https:\/\/franciscanos.org.br\/vidacrista\/um-papa-que-ama-ao-modo-de-jesus\/\" \/>\n<meta property=\"og:locale\" content=\"pt_BR\" \/>\n<meta property=\"og:type\" content=\"article\" \/>\n<meta property=\"og:title\" content=\"Um Papa que ama ao modo de Jesus - Vida Crist\u00e3 - Franciscanos\" \/>\n<meta property=\"og:description\" content=\"Artigo de Leonardo Boff\" \/>\n<meta property=\"og:url\" content=\"https:\/\/franciscanos.org.br\/vidacrista\/um-papa-que-ama-ao-modo-de-jesus\/\" \/>\n<meta property=\"og:site_name\" content=\"Vida Crist\u00e3 - Franciscanos\" \/>\n<meta property=\"article:published_time\" content=\"2023-03-18T10:42:58+00:00\" \/>\n<meta property=\"og:image\" content=\"https:\/\/franciscanos.org.br\/vidacrista\/wp-content\/uploads\/2023\/03\/papa_d.jpg\" \/>\n\t<meta property=\"og:image:width\" content=\"840\" \/>\n\t<meta property=\"og:image:height\" content=\"450\" \/>\n\t<meta property=\"og:image:type\" content=\"image\/jpeg\" \/>\n<meta name=\"author\" content=\"moacir\" \/>\n<meta name=\"twitter:card\" content=\"summary_large_image\" \/>\n<meta name=\"twitter:label1\" content=\"Escrito por\" \/>\n\t<meta name=\"twitter:data1\" content=\"moacir\" \/>\n\t<meta name=\"twitter:label2\" content=\"Est. tempo de leitura\" \/>\n\t<meta name=\"twitter:data2\" content=\"6 minutos\" \/>\n<script type=\"application\/ld+json\" class=\"yoast-schema-graph\">{\"@context\":\"https:\/\/schema.org\",\"@graph\":[{\"@type\":\"WebSite\",\"@id\":\"https:\/\/franciscanos.org.br\/vidacrista\/#website\",\"url\":\"https:\/\/franciscanos.org.br\/vidacrista\/\",\"name\":\"Vida Crist\u00e3 - Franciscanos\",\"description\":\"Prov\u00edncia Franciscana da Imaculada Concei\u00e7\u00e3o do Brasil - Ordem dos Frades Menores\",\"potentialAction\":[{\"@type\":\"SearchAction\",\"target\":{\"@type\":\"EntryPoint\",\"urlTemplate\":\"https:\/\/franciscanos.org.br\/vidacrista\/?s={search_term_string}\"},\"query-input\":\"required name=search_term_string\"}],\"inLanguage\":\"pt-BR\"},{\"@type\":\"WebPage\",\"@id\":\"https:\/\/franciscanos.org.br\/vidacrista\/um-papa-que-ama-ao-modo-de-jesus\/\",\"url\":\"https:\/\/franciscanos.org.br\/vidacrista\/um-papa-que-ama-ao-modo-de-jesus\/\",\"name\":\"Um Papa que ama ao modo de Jesus - Vida Crist\u00e3 - Franciscanos\",\"isPartOf\":{\"@id\":\"https:\/\/franciscanos.org.br\/vidacrista\/#website\"},\"datePublished\":\"2023-03-18T10:42:58+00:00\",\"dateModified\":\"2023-03-18T10:42:58+00:00\",\"author\":{\"@id\":\"https:\/\/franciscanos.org.br\/vidacrista\/#\/schema\/person\/1880bdd2c350b735648725ef7614736a\"},\"breadcrumb\":{\"@id\":\"https:\/\/franciscanos.org.br\/vidacrista\/um-papa-que-ama-ao-modo-de-jesus\/#breadcrumb\"},\"inLanguage\":\"pt-BR\",\"potentialAction\":[{\"@type\":\"ReadAction\",\"target\":[\"https:\/\/franciscanos.org.br\/vidacrista\/um-papa-que-ama-ao-modo-de-jesus\/\"]}]},{\"@type\":\"BreadcrumbList\",\"@id\":\"https:\/\/franciscanos.org.br\/vidacrista\/um-papa-que-ama-ao-modo-de-jesus\/#breadcrumb\",\"itemListElement\":[{\"@type\":\"ListItem\",\"position\":1,\"name\":\"Home\",\"item\":\"https:\/\/franciscanos.org.br\/vidacrista\/\"},{\"@type\":\"ListItem\",\"position\":2,\"name\":\"Um Papa que ama ao modo de Jesus\"}]},{\"@type\":\"Person\",\"@id\":\"https:\/\/franciscanos.org.br\/vidacrista\/#\/schema\/person\/1880bdd2c350b735648725ef7614736a\",\"name\":\"moacir\",\"image\":{\"@type\":\"ImageObject\",\"inLanguage\":\"pt-BR\",\"@id\":\"https:\/\/franciscanos.org.br\/vidacrista\/#\/schema\/person\/image\/\",\"url\":\"https:\/\/secure.gravatar.com\/avatar\/d08aa2ce4c8dd416d4479aa8536fcf64?s=96&d=mm&r=g\",\"contentUrl\":\"https:\/\/secure.gravatar.com\/avatar\/d08aa2ce4c8dd416d4479aa8536fcf64?s=96&d=mm&r=g\",\"caption\":\"moacir\"},\"url\":\"https:\/\/franciscanos.org.br\/vidacrista\/author\/moacir\/\"}]}<\/script>\n<!-- \/ Yoast SEO plugin. -->","yoast_head_json":{"title":"Um Papa que ama ao modo de Jesus - Vida Crist\u00e3 - Franciscanos","robots":{"index":"index","follow":"follow","max-snippet":"max-snippet:-1","max-image-preview":"max-image-preview:large","max-video-preview":"max-video-preview:-1"},"canonical":"https:\/\/franciscanos.org.br\/vidacrista\/um-papa-que-ama-ao-modo-de-jesus\/","og_locale":"pt_BR","og_type":"article","og_title":"Um Papa que ama ao modo de Jesus - Vida Crist\u00e3 - Franciscanos","og_description":"Artigo de Leonardo Boff","og_url":"https:\/\/franciscanos.org.br\/vidacrista\/um-papa-que-ama-ao-modo-de-jesus\/","og_site_name":"Vida Crist\u00e3 - Franciscanos","article_published_time":"2023-03-18T10:42:58+00:00","og_image":[{"width":840,"height":450,"url":"https:\/\/franciscanos.org.br\/vidacrista\/wp-content\/uploads\/2023\/03\/papa_d.jpg","type":"image\/jpeg"}],"author":"moacir","twitter_card":"summary_large_image","twitter_misc":{"Escrito por":"moacir","Est. tempo de leitura":"6 minutos"},"schema":{"@context":"https:\/\/schema.org","@graph":[{"@type":"WebSite","@id":"https:\/\/franciscanos.org.br\/vidacrista\/#website","url":"https:\/\/franciscanos.org.br\/vidacrista\/","name":"Vida Crist\u00e3 - Franciscanos","description":"Prov\u00edncia Franciscana da Imaculada Concei\u00e7\u00e3o do Brasil - Ordem dos Frades Menores","potentialAction":[{"@type":"SearchAction","target":{"@type":"EntryPoint","urlTemplate":"https:\/\/franciscanos.org.br\/vidacrista\/?s={search_term_string}"},"query-input":"required name=search_term_string"}],"inLanguage":"pt-BR"},{"@type":"WebPage","@id":"https:\/\/franciscanos.org.br\/vidacrista\/um-papa-que-ama-ao-modo-de-jesus\/","url":"https:\/\/franciscanos.org.br\/vidacrista\/um-papa-que-ama-ao-modo-de-jesus\/","name":"Um Papa que ama ao modo de Jesus - Vida Crist\u00e3 - Franciscanos","isPartOf":{"@id":"https:\/\/franciscanos.org.br\/vidacrista\/#website"},"datePublished":"2023-03-18T10:42:58+00:00","dateModified":"2023-03-18T10:42:58+00:00","author":{"@id":"https:\/\/franciscanos.org.br\/vidacrista\/#\/schema\/person\/1880bdd2c350b735648725ef7614736a"},"breadcrumb":{"@id":"https:\/\/franciscanos.org.br\/vidacrista\/um-papa-que-ama-ao-modo-de-jesus\/#breadcrumb"},"inLanguage":"pt-BR","potentialAction":[{"@type":"ReadAction","target":["https:\/\/franciscanos.org.br\/vidacrista\/um-papa-que-ama-ao-modo-de-jesus\/"]}]},{"@type":"BreadcrumbList","@id":"https:\/\/franciscanos.org.br\/vidacrista\/um-papa-que-ama-ao-modo-de-jesus\/#breadcrumb","itemListElement":[{"@type":"ListItem","position":1,"name":"Home","item":"https:\/\/franciscanos.org.br\/vidacrista\/"},{"@type":"ListItem","position":2,"name":"Um Papa que ama ao modo de Jesus"}]},{"@type":"Person","@id":"https:\/\/franciscanos.org.br\/vidacrista\/#\/schema\/person\/1880bdd2c350b735648725ef7614736a","name":"moacir","image":{"@type":"ImageObject","inLanguage":"pt-BR","@id":"https:\/\/franciscanos.org.br\/vidacrista\/#\/schema\/person\/image\/","url":"https:\/\/secure.gravatar.com\/avatar\/d08aa2ce4c8dd416d4479aa8536fcf64?s=96&d=mm&r=g","contentUrl":"https:\/\/secure.gravatar.com\/avatar\/d08aa2ce4c8dd416d4479aa8536fcf64?s=96&d=mm&r=g","caption":"moacir"},"url":"https:\/\/franciscanos.org.br\/vidacrista\/author\/moacir\/"}]}},"_links":{"self":[{"href":"https:\/\/franciscanos.org.br\/vidacrista\/wp-json\/wp\/v2\/posts\/193100"}],"collection":[{"href":"https:\/\/franciscanos.org.br\/vidacrista\/wp-json\/wp\/v2\/posts"}],"about":[{"href":"https:\/\/franciscanos.org.br\/vidacrista\/wp-json\/wp\/v2\/types\/post"}],"author":[{"embeddable":true,"href":"https:\/\/franciscanos.org.br\/vidacrista\/wp-json\/wp\/v2\/users\/3"}],"replies":[{"embeddable":true,"href":"https:\/\/franciscanos.org.br\/vidacrista\/wp-json\/wp\/v2\/comments?post=193100"}],"version-history":[{"count":1,"href":"https:\/\/franciscanos.org.br\/vidacrista\/wp-json\/wp\/v2\/posts\/193100\/revisions"}],"predecessor-version":[{"id":193102,"href":"https:\/\/franciscanos.org.br\/vidacrista\/wp-json\/wp\/v2\/posts\/193100\/revisions\/193102"}],"wp:featuredmedia":[{"embeddable":true,"href":"https:\/\/franciscanos.org.br\/vidacrista\/wp-json\/wp\/v2\/media\/193101"}],"wp:attachment":[{"href":"https:\/\/franciscanos.org.br\/vidacrista\/wp-json\/wp\/v2\/media?parent=193100"}],"wp:term":[{"taxonomy":"category","embeddable":true,"href":"https:\/\/franciscanos.org.br\/vidacrista\/wp-json\/wp\/v2\/categories?post=193100"},{"taxonomy":"post_tag","embeddable":true,"href":"https:\/\/franciscanos.org.br\/vidacrista\/wp-json\/wp\/v2\/tags?post=193100"}],"curies":[{"name":"wp","href":"https:\/\/api.w.org\/{rel}","templated":true}]}}