{"id":193094,"date":"2023-03-16T07:14:46","date_gmt":"2023-03-16T10:14:46","guid":{"rendered":"https:\/\/franciscanos.org.br\/vidacrista\/?p=193094"},"modified":"2023-03-16T07:16:53","modified_gmt":"2023-03-16T10:16:53","slug":"demonios-satanas-e-jesus-o-exorcista-lc-1114-26","status":"publish","type":"post","link":"https:\/\/franciscanos.org.br\/vidacrista\/demonios-satanas-e-jesus-o-exorcista-lc-1114-26\/","title":{"rendered":"Dem\u00f4nios, Satan\u00e1s e Jesus, o exorcista (Lc 11,14-26)"},"content":{"rendered":"<div id=\"attachment_193095\" style=\"width: 850px\" class=\"wp-caption alignnone\"><img aria-describedby=\"caption-attachment-193095\" decoding=\"async\" loading=\"lazy\" class=\"wp-image-193095 size-full\" src=\"https:\/\/franciscanos.org.br\/vidacrista\/wp-content\/uploads\/2023\/03\/artigo_16.jpg\" alt=\"\" width=\"840\" height=\"450\" srcset=\"https:\/\/franciscanos.org.br\/vidacrista\/wp-content\/uploads\/2023\/03\/artigo_16.jpg 840w, https:\/\/franciscanos.org.br\/vidacrista\/wp-content\/uploads\/2023\/03\/artigo_16-450x241.jpg 450w, https:\/\/franciscanos.org.br\/vidacrista\/wp-content\/uploads\/2023\/03\/artigo_16-768x411.jpg 768w, https:\/\/franciscanos.org.br\/vidacrista\/wp-content\/uploads\/2023\/03\/artigo_16-150x80.jpg 150w\" sizes=\"(max-width: 840px) 100vw, 840px\" \/><p id=\"caption-attachment-193095\" class=\"wp-caption-text\"><em>O tormento de Santo Ant\u00e2o (1488), de Michelangelo, dom\u00ednio p\u00fablico (Wikip\u00e9dia) <\/em><\/p><\/div>\n<p><em>Frei Jacir de Freitas Faria<\/em> <a href=\"#_ftn1\" name=\"_ftnref1\">[1]<\/a><\/p>\n<p>O texto sobre o qual vamos refletir hoje \u00e9 Lc 11,14-26. Nele aparece o imagin\u00e1rio das figuras do Dem\u00f4nio e de Satan\u00e1s. Existe diferen\u00e7a entre eles? Quem \u00e9 Belzebul?<\/p>\n<p>Jesus expulsa um dem\u00f4nio que estava num mudo, que volta a falar. Acusado de agir em nome do Pr\u00edncipe dos dem\u00f4nios, Belzebul, Jesus menciona Satan\u00e1s. Ser\u00e1 por qu\u00ea? Seria Jesus um exorcista?<\/p>\n<p>A primeira coisa, sobre a qual devemos ter clareza, \u00e9 que Jesus n\u00e3o est\u00e1 falando do capeta, figura que surgiu a partir do ano mil na Igreja, como um ser perigoso que imp\u00f5e medo, que tem chifres, rabo, pernas de bode e asas de morcego. Ao desaparecer, fede a enxofre e vive no meio do fogo do Inferno. Jesus n\u00e3o conheceu esse imagin\u00e1rio religioso que foi usado pela Igreja para impor o seu dom\u00ednio na sociedade, a partir do controle das almas.<a href=\"#_ftn2\" name=\"_ftnref2\">[2]<\/a><\/p>\n<p><iframe loading=\"lazy\" title=\"YouTube video player\" src=\"https:\/\/www.youtube.com\/embed\/0WX0R4jZhRM\" width=\"100%\" height=\"500\" frameborder=\"0\" allowfullscreen=\"allowfullscreen\"><span data-mce-type=\"bookmark\" style=\"display: inline-block; width: 0px; overflow: hidden; line-height: 0;\" class=\"mce_SELRES_start\">\ufeff<\/span><\/iframe><\/p>\n<p>Ausente no Primeiro Testamento, o termo dem\u00f4nio aparece 73 vezes no Segundo Testamento. S\u00f3 em Lucas s\u00e3o 23 vezes. J\u00e1 os termos correlatos de dem\u00f4nio, como esp\u00edrito impuro, somados passam de 500. Os dem\u00f4nios s\u00e3o as for\u00e7as opositoras a Deus e ao ser humano. Eles est\u00e3o subordinados a Satan\u00e1s. H\u00e1 uma legi\u00e3o de dem\u00f4nios comandados por ele. Por isso, Jesus fala de Satan\u00e1s, que significa aquele que se op\u00f5e e divide. Diabo \u00e9 a tradu\u00e7\u00e3o grega do hebraico Satan\u00e1s. O chefe (pr\u00edncipe) dos dem\u00f4nios \u00e9 Belzebu, nome que significa \u2018Senhor\u2019 (Baal) das mocas e da peste, da pandemia (Zebul).<\/p>\n<p>Na literatura judaica, encontramos figuras demon\u00edacas, citadas no Primeiro Testamento, como Azazel (Lv 16,8), o dem\u00f4nio bode que vive no deserto, o qual tamb\u00e9m \u00e9 considerado o chefe dos dem\u00f4nios. Famosa \u00e9 Lilit (Is 34,14), a dem\u00f4nia feminina, a rainha sedutora da noite, a coruja da floresta que atormenta homens que dormem sozinhos, tendo como objetivo ter filhos dem\u00f4nios das polu\u00e7\u00f5es noturnas. Litit foi tamb\u00e9m considerada, pelo folclore judaico, como a primeira mulher de Ad\u00e3o.<a href=\"#_ftn3\" name=\"_ftnref3\">[3]<\/a><\/p>\n<p>Jesus, em rela\u00e7\u00e3o aos dem\u00f4nios, nos evangelhos, age como exorcista. Ele expulsa dem\u00f4nios pelo seu poder. Nos evangelhos h\u00e1 uma aproxima\u00e7\u00e3o entre a cura e o exorcismo. Para os conterr\u00e2neos de Jesus, a cura de uma doen\u00e7a equivale ao expulsar dem\u00f4nios. Sem expulsar os dem\u00f4nios, a vit\u00f3ria final n\u00e3o viria. Havia judeus exorcistas. Jesus reconhece essa pr\u00e1tica ao autorizar os seus disc\u00edpulos a expulsar dem\u00f4nios (Mt 10,1). Jesus e os disc\u00edpulos vencem o universo demon\u00edaco.<\/p>\n<p>Os judeus acusam Jesus de estar possu\u00eddo pelo dem\u00f4nio, pois seu modo de pensar e apresentar o reino de Deus entrava em choque com as pr\u00e1ticas judaicas dos fariseus e dos saduceus.<\/p>\n<p>Em Lucas, os judeus pedem a Jesus que d\u00ea um sinal para provar o poder de seus atos. Sabiamente, Jesus devolve a pergunta, falando de Satan\u00e1s, o que se op\u00f5e, para demonstrar que eles que estavam divididos. Jesus garante que ele expulsa dem\u00f4nios pelo dedo de Deus.<\/p>\n<p>Jesus tinha consci\u00eancia de que, expulsando dem\u00f4nios, ele apressaria a vinda do Reino de Deus. Assim, de forma apocal\u00edptica, Deus iria interferir na hist\u00f3ria, vencendo as for\u00e7as do mal para inaugurar um novo tempo na hist\u00f3ria. Quem estivesse contra, estaria fora dos planos salv\u00edficos.<\/p>\n<p>E hoje, que for\u00e7as demon\u00edacas devemos expulsar do nosso meio? Como exorcizar a fome, a desigualdade social? Ser\u00e1 que estamos endemoniados, mudos diante de um mundo desigual, faminto e dividido. Nas pegadas de Jesus, a nossa miss\u00e3o \u00e9 de exorcizar todas as formas de injusti\u00e7as e dom\u00ednios mal\u00e9ficos que n\u00e3o nos deixam viver na dignidade de filhos e filhas de Deus. N\u00f3s temos o poder de expulsar dem\u00f4nios modernos, nas suas variadas formas.<\/p>\n<hr \/>\n<p><a href=\"#_ftnref1\" name=\"_ftn1\">[1]<\/a>Doutor em Teologia B\u00edblica pela FAJE (BH). Mestre em Ci\u00eancias B\u00edblicas (Exegese) pelo Pontif\u00edcio Instituto B\u00edblico de Roma. Professor de Exegese B\u00edblica. \u00c9 membro da Associa\u00e7\u00e3o Brasileira de Pesquisa B\u00edblica (ABIB). Sacerdote Franciscano. Autor de dez livros e coautor de quinze. Youtube: Frei Jacir B\u00edblia e Ap\u00f3crifos. <a href=\"https:\/\/www.youtube.com\/channel\/UCwbSE97jnR6jQwHRigX1KlQ\">https:\/\/www.youtube.com\/channel\/UCwbSE97jnR6jQwHRigX1KlQ<\/a><\/p>\n<p><a href=\"#_ftnref2\" name=\"_ftn2\">[2]<\/a> FARIA, Jacir de Freitas. <strong>O medo do Inferno e a arte de bem morrer<\/strong>: da devo\u00e7\u00e3o a Nossa Senhora da Boa Morte \u00e0s irmandades Negras de Nossa Senhora da Boa Morte. Petr\u00f3polis: Vozes, 2019, p. 147.<\/p>\n<p><a href=\"#_ftnref3\" name=\"_ftn3\">[3]<\/a> VAILATTI, Carlos Augusto. Manual de demonologia, 2\u00aa ed. S\u00e3o Paulo: Fonte Editorial, p. 67-68.<\/p>\n","protected":false},"excerpt":{"rendered":"<p>Artigo de Frei Jacir de Freitas Faria<\/p>\n","protected":false},"author":3,"featured_media":193095,"comment_status":"open","ping_status":"open","sticky":false,"template":"","format":"standard","meta":{"footnotes":""},"categories":[26],"tags":[43],"yoast_head":"<!-- This site is optimized with the Yoast SEO plugin v19.4 - https:\/\/yoast.com\/wordpress\/plugins\/seo\/ -->\n<title>Dem\u00f4nios, Satan\u00e1s e Jesus, o exorcista (Lc 11,14-26) - Vida Crist\u00e3 - Franciscanos<\/title>\n<meta name=\"robots\" content=\"index, follow, max-snippet:-1, max-image-preview:large, max-video-preview:-1\" \/>\n<link rel=\"canonical\" href=\"https:\/\/franciscanos.org.br\/vidacrista\/demonios-satanas-e-jesus-o-exorcista-lc-1114-26\/\" \/>\n<meta property=\"og:locale\" content=\"pt_BR\" \/>\n<meta property=\"og:type\" content=\"article\" \/>\n<meta property=\"og:title\" content=\"Dem\u00f4nios, Satan\u00e1s e Jesus, o exorcista (Lc 11,14-26) - Vida Crist\u00e3 - Franciscanos\" \/>\n<meta property=\"og:description\" content=\"Artigo de Frei Jacir de Freitas Faria\" \/>\n<meta property=\"og:url\" content=\"https:\/\/franciscanos.org.br\/vidacrista\/demonios-satanas-e-jesus-o-exorcista-lc-1114-26\/\" \/>\n<meta property=\"og:site_name\" content=\"Vida Crist\u00e3 - Franciscanos\" \/>\n<meta property=\"article:published_time\" content=\"2023-03-16T10:14:46+00:00\" \/>\n<meta property=\"article:modified_time\" content=\"2023-03-16T10:16:53+00:00\" \/>\n<meta property=\"og:image\" content=\"https:\/\/franciscanos.org.br\/vidacrista\/wp-content\/uploads\/2023\/03\/artigo_16.jpg\" \/>\n\t<meta property=\"og:image:width\" content=\"840\" \/>\n\t<meta property=\"og:image:height\" content=\"450\" \/>\n\t<meta property=\"og:image:type\" content=\"image\/jpeg\" \/>\n<meta name=\"author\" content=\"moacir\" \/>\n<meta name=\"twitter:card\" content=\"summary_large_image\" \/>\n<meta name=\"twitter:label1\" content=\"Escrito por\" \/>\n\t<meta name=\"twitter:data1\" content=\"moacir\" \/>\n\t<meta name=\"twitter:label2\" content=\"Est. tempo de leitura\" \/>\n\t<meta name=\"twitter:data2\" content=\"5 minutos\" \/>\n<script type=\"application\/ld+json\" class=\"yoast-schema-graph\">{\"@context\":\"https:\/\/schema.org\",\"@graph\":[{\"@type\":\"WebSite\",\"@id\":\"https:\/\/franciscanos.org.br\/vidacrista\/#website\",\"url\":\"https:\/\/franciscanos.org.br\/vidacrista\/\",\"name\":\"Vida Crist\u00e3 - Franciscanos\",\"description\":\"Prov\u00edncia Franciscana da Imaculada Concei\u00e7\u00e3o do Brasil - Ordem dos Frades Menores\",\"potentialAction\":[{\"@type\":\"SearchAction\",\"target\":{\"@type\":\"EntryPoint\",\"urlTemplate\":\"https:\/\/franciscanos.org.br\/vidacrista\/?s={search_term_string}\"},\"query-input\":\"required name=search_term_string\"}],\"inLanguage\":\"pt-BR\"},{\"@type\":\"WebPage\",\"@id\":\"https:\/\/franciscanos.org.br\/vidacrista\/demonios-satanas-e-jesus-o-exorcista-lc-1114-26\/\",\"url\":\"https:\/\/franciscanos.org.br\/vidacrista\/demonios-satanas-e-jesus-o-exorcista-lc-1114-26\/\",\"name\":\"Dem\u00f4nios, Satan\u00e1s e Jesus, o exorcista (Lc 11,14-26) - Vida Crist\u00e3 - Franciscanos\",\"isPartOf\":{\"@id\":\"https:\/\/franciscanos.org.br\/vidacrista\/#website\"},\"datePublished\":\"2023-03-16T10:14:46+00:00\",\"dateModified\":\"2023-03-16T10:16:53+00:00\",\"author\":{\"@id\":\"https:\/\/franciscanos.org.br\/vidacrista\/#\/schema\/person\/1880bdd2c350b735648725ef7614736a\"},\"breadcrumb\":{\"@id\":\"https:\/\/franciscanos.org.br\/vidacrista\/demonios-satanas-e-jesus-o-exorcista-lc-1114-26\/#breadcrumb\"},\"inLanguage\":\"pt-BR\",\"potentialAction\":[{\"@type\":\"ReadAction\",\"target\":[\"https:\/\/franciscanos.org.br\/vidacrista\/demonios-satanas-e-jesus-o-exorcista-lc-1114-26\/\"]}]},{\"@type\":\"BreadcrumbList\",\"@id\":\"https:\/\/franciscanos.org.br\/vidacrista\/demonios-satanas-e-jesus-o-exorcista-lc-1114-26\/#breadcrumb\",\"itemListElement\":[{\"@type\":\"ListItem\",\"position\":1,\"name\":\"Home\",\"item\":\"https:\/\/franciscanos.org.br\/vidacrista\/\"},{\"@type\":\"ListItem\",\"position\":2,\"name\":\"Dem\u00f4nios, Satan\u00e1s e Jesus, o exorcista (Lc 11,14-26)\"}]},{\"@type\":\"Person\",\"@id\":\"https:\/\/franciscanos.org.br\/vidacrista\/#\/schema\/person\/1880bdd2c350b735648725ef7614736a\",\"name\":\"moacir\",\"image\":{\"@type\":\"ImageObject\",\"inLanguage\":\"pt-BR\",\"@id\":\"https:\/\/franciscanos.org.br\/vidacrista\/#\/schema\/person\/image\/\",\"url\":\"https:\/\/secure.gravatar.com\/avatar\/d08aa2ce4c8dd416d4479aa8536fcf64?s=96&d=mm&r=g\",\"contentUrl\":\"https:\/\/secure.gravatar.com\/avatar\/d08aa2ce4c8dd416d4479aa8536fcf64?s=96&d=mm&r=g\",\"caption\":\"moacir\"},\"url\":\"https:\/\/franciscanos.org.br\/vidacrista\/author\/moacir\/\"}]}<\/script>\n<!-- \/ Yoast SEO plugin. -->","yoast_head_json":{"title":"Dem\u00f4nios, Satan\u00e1s e Jesus, o exorcista (Lc 11,14-26) - Vida Crist\u00e3 - Franciscanos","robots":{"index":"index","follow":"follow","max-snippet":"max-snippet:-1","max-image-preview":"max-image-preview:large","max-video-preview":"max-video-preview:-1"},"canonical":"https:\/\/franciscanos.org.br\/vidacrista\/demonios-satanas-e-jesus-o-exorcista-lc-1114-26\/","og_locale":"pt_BR","og_type":"article","og_title":"Dem\u00f4nios, Satan\u00e1s e Jesus, o exorcista (Lc 11,14-26) - Vida Crist\u00e3 - Franciscanos","og_description":"Artigo de Frei Jacir de Freitas Faria","og_url":"https:\/\/franciscanos.org.br\/vidacrista\/demonios-satanas-e-jesus-o-exorcista-lc-1114-26\/","og_site_name":"Vida Crist\u00e3 - Franciscanos","article_published_time":"2023-03-16T10:14:46+00:00","article_modified_time":"2023-03-16T10:16:53+00:00","og_image":[{"width":840,"height":450,"url":"https:\/\/franciscanos.org.br\/vidacrista\/wp-content\/uploads\/2023\/03\/artigo_16.jpg","type":"image\/jpeg"}],"author":"moacir","twitter_card":"summary_large_image","twitter_misc":{"Escrito por":"moacir","Est. tempo de leitura":"5 minutos"},"schema":{"@context":"https:\/\/schema.org","@graph":[{"@type":"WebSite","@id":"https:\/\/franciscanos.org.br\/vidacrista\/#website","url":"https:\/\/franciscanos.org.br\/vidacrista\/","name":"Vida Crist\u00e3 - Franciscanos","description":"Prov\u00edncia Franciscana da Imaculada Concei\u00e7\u00e3o do Brasil - Ordem dos Frades Menores","potentialAction":[{"@type":"SearchAction","target":{"@type":"EntryPoint","urlTemplate":"https:\/\/franciscanos.org.br\/vidacrista\/?s={search_term_string}"},"query-input":"required name=search_term_string"}],"inLanguage":"pt-BR"},{"@type":"WebPage","@id":"https:\/\/franciscanos.org.br\/vidacrista\/demonios-satanas-e-jesus-o-exorcista-lc-1114-26\/","url":"https:\/\/franciscanos.org.br\/vidacrista\/demonios-satanas-e-jesus-o-exorcista-lc-1114-26\/","name":"Dem\u00f4nios, Satan\u00e1s e Jesus, o exorcista (Lc 11,14-26) - Vida Crist\u00e3 - Franciscanos","isPartOf":{"@id":"https:\/\/franciscanos.org.br\/vidacrista\/#website"},"datePublished":"2023-03-16T10:14:46+00:00","dateModified":"2023-03-16T10:16:53+00:00","author":{"@id":"https:\/\/franciscanos.org.br\/vidacrista\/#\/schema\/person\/1880bdd2c350b735648725ef7614736a"},"breadcrumb":{"@id":"https:\/\/franciscanos.org.br\/vidacrista\/demonios-satanas-e-jesus-o-exorcista-lc-1114-26\/#breadcrumb"},"inLanguage":"pt-BR","potentialAction":[{"@type":"ReadAction","target":["https:\/\/franciscanos.org.br\/vidacrista\/demonios-satanas-e-jesus-o-exorcista-lc-1114-26\/"]}]},{"@type":"BreadcrumbList","@id":"https:\/\/franciscanos.org.br\/vidacrista\/demonios-satanas-e-jesus-o-exorcista-lc-1114-26\/#breadcrumb","itemListElement":[{"@type":"ListItem","position":1,"name":"Home","item":"https:\/\/franciscanos.org.br\/vidacrista\/"},{"@type":"ListItem","position":2,"name":"Dem\u00f4nios, Satan\u00e1s e Jesus, o exorcista (Lc 11,14-26)"}]},{"@type":"Person","@id":"https:\/\/franciscanos.org.br\/vidacrista\/#\/schema\/person\/1880bdd2c350b735648725ef7614736a","name":"moacir","image":{"@type":"ImageObject","inLanguage":"pt-BR","@id":"https:\/\/franciscanos.org.br\/vidacrista\/#\/schema\/person\/image\/","url":"https:\/\/secure.gravatar.com\/avatar\/d08aa2ce4c8dd416d4479aa8536fcf64?s=96&d=mm&r=g","contentUrl":"https:\/\/secure.gravatar.com\/avatar\/d08aa2ce4c8dd416d4479aa8536fcf64?s=96&d=mm&r=g","caption":"moacir"},"url":"https:\/\/franciscanos.org.br\/vidacrista\/author\/moacir\/"}]}},"_links":{"self":[{"href":"https:\/\/franciscanos.org.br\/vidacrista\/wp-json\/wp\/v2\/posts\/193094"}],"collection":[{"href":"https:\/\/franciscanos.org.br\/vidacrista\/wp-json\/wp\/v2\/posts"}],"about":[{"href":"https:\/\/franciscanos.org.br\/vidacrista\/wp-json\/wp\/v2\/types\/post"}],"author":[{"embeddable":true,"href":"https:\/\/franciscanos.org.br\/vidacrista\/wp-json\/wp\/v2\/users\/3"}],"replies":[{"embeddable":true,"href":"https:\/\/franciscanos.org.br\/vidacrista\/wp-json\/wp\/v2\/comments?post=193094"}],"version-history":[{"count":4,"href":"https:\/\/franciscanos.org.br\/vidacrista\/wp-json\/wp\/v2\/posts\/193094\/revisions"}],"predecessor-version":[{"id":193099,"href":"https:\/\/franciscanos.org.br\/vidacrista\/wp-json\/wp\/v2\/posts\/193094\/revisions\/193099"}],"wp:featuredmedia":[{"embeddable":true,"href":"https:\/\/franciscanos.org.br\/vidacrista\/wp-json\/wp\/v2\/media\/193095"}],"wp:attachment":[{"href":"https:\/\/franciscanos.org.br\/vidacrista\/wp-json\/wp\/v2\/media?parent=193094"}],"wp:term":[{"taxonomy":"category","embeddable":true,"href":"https:\/\/franciscanos.org.br\/vidacrista\/wp-json\/wp\/v2\/categories?post=193094"},{"taxonomy":"post_tag","embeddable":true,"href":"https:\/\/franciscanos.org.br\/vidacrista\/wp-json\/wp\/v2\/tags?post=193094"}],"curies":[{"name":"wp","href":"https:\/\/api.w.org\/{rel}","templated":true}]}}