{"id":193055,"date":"2023-03-13T06:52:58","date_gmt":"2023-03-13T09:52:58","guid":{"rendered":"https:\/\/franciscanos.org.br\/vidacrista\/?p=193055"},"modified":"2023-03-13T06:56:16","modified_gmt":"2023-03-13T09:56:16","slug":"francisco-um-papa-que-sonha-e-convida-a-sonhar","status":"publish","type":"post","link":"https:\/\/franciscanos.org.br\/vidacrista\/francisco-um-papa-que-sonha-e-convida-a-sonhar\/","title":{"rendered":"Francisco, um Papa que sonha e convida a sonhar"},"content":{"rendered":"<div id=\"attachment_193056\" style=\"width: 1290px\" class=\"wp-caption alignnone\"><img aria-describedby=\"caption-attachment-193056\" decoding=\"async\" loading=\"lazy\" class=\"wp-image-193056 size-full\" src=\"https:\/\/franciscanos.org.br\/vidacrista\/wp-content\/uploads\/2023\/03\/papa_1303.jpg\" alt=\"\" width=\"1280\" height=\"720\" srcset=\"https:\/\/franciscanos.org.br\/vidacrista\/wp-content\/uploads\/2023\/03\/papa_1303.jpg 1280w, https:\/\/franciscanos.org.br\/vidacrista\/wp-content\/uploads\/2023\/03\/papa_1303-450x253.jpg 450w, https:\/\/franciscanos.org.br\/vidacrista\/wp-content\/uploads\/2023\/03\/papa_1303-1024x576.jpg 1024w, https:\/\/franciscanos.org.br\/vidacrista\/wp-content\/uploads\/2023\/03\/papa_1303-768x432.jpg 768w, https:\/\/franciscanos.org.br\/vidacrista\/wp-content\/uploads\/2023\/03\/papa_1303-150x84.jpg 150w\" sizes=\"(max-width: 1280px) 100vw, 1280px\" \/><p id=\"caption-attachment-193056\" class=\"wp-caption-text\"><em>\u00a0 \u00a0 \u00a0 \u00a0 \u00a0 \u00a0 \u00a0 \u00a0 \u00a0 \u00a0 \u00a0 \u00a0 \u00a0 \u00a0 \u00a0 \u00a0 \u00a0 \u00a0 \u00a0 \u00a0 \u00a0 \u00a0 \u00a0 \u00a0 \u00a0 \u00a0 \u00a0 \u00a0 \u00a0 \u00a0 \u00a0 \u00a0 \u00a0 \u00a0 \u00a0 \u00a0 \u00a0 \u00a0 \u00a0 \u00a0 \u00a0 \u00a0 \u00a0 \u00a0 \u00a0 \u00a0 \u00a0 \u00a0 \u00a0 \u00a0 \u00a0 \u00a0 \u00a0 \u00a0 \u00a0 \u00a0 \u00a0 \u00a0 \u00a0 \u00a0 Imagem: Vatican Media<\/em><\/p><\/div>\n<p><em>Frei F\u00e1bio Vasconcelos, ofm<\/em><\/p>\n<p>O Papa Francisco completa, neste dia 13 de mar\u00e7o, 10 anos do seu Pontificado. E, de muitas maneiras, as palavras e gestos de Francisco nos fazem sonhar. Dentro do seu magist\u00e9rio, evidenciamos que a palavra sonho ganhou muita for\u00e7a. Em uma recente entrevista, dada \u00e0 Elisabetta Piqu\u00e9, jornalista do \u201cLa Naci\u00f3n\u201d, ficou claro o sonho de Francisco com uma Igreja mais pastoral, mais justa e mais aberta. Neste pequeno texto, nos permitimos viajar nos sonhos do Papa Francisco que retomam os grandes sonhos do Vaticano II.<\/p>\n<p>O cantor Belchior, que muito bem comp\u00f4s a afirma\u00e7\u00e3o: \u201cViver \u00e9 melhor que sonhar\u201d, \u00a0igualmente podemos dizer que sem sonhar n\u00e3o se pode viver. Sem sonhar, a Igreja n\u00e3o caminha. O te\u00f3logo franciscano Guiseppe Buffon, ao comentar a <em>Querida Amaz\u00f4nia<\/em>, afirma que \u201co sonho \u00e9 a vis\u00e3o do profeta, para n\u00e3o ser comprimido pelo presente, prisioneiro da museifica\u00e7\u00e3o do passado\u201d. As sagradas escrituras trazem fortemente a imagem do sonho. O bispo de Roma, em uma catequese sobre Jos\u00e9, \u201chomem que sonha\u201d, destacou que \u201cna B\u00edblia, como nas culturas dos povos antigos, os sonhos eram considerados um meio pelo qual Deus se revelava\u201d<a href=\"#_ftn1\" name=\"_ftnref1\">[1]<\/a>.<\/p>\n<p>O Papa n\u00e3o teme dizer que tem sonhos. Francisco n\u00e3o apenas se permite sonhar como conta aos outros os seus sonhos, al\u00e9m disso, convida as pessoas a sonharem juntas. Em <em>Evangelli Gaudium<\/em>, ele expressou o seu sonho mission\u00e1rio: \u201cSonho com uma op\u00e7\u00e3o mission\u00e1ria capaz de transformar tudo, para que os costumes, os estilos, os hor\u00e1rios, a linguagem e toda a estrutura eclesial se tornem um canal proporcionado mais \u00e0 evangeliza\u00e7\u00e3o do mundo atual que \u00e0 autopreserva\u00e7\u00e3o\u201d (EG, 27).<\/p>\n<p>Francisco de Assis \u00e9 com toda certeza um grande modelo de sonhador, que, com os olhos abertos, soube concretizar muitos de seus sonhos. \u201cS\u00e3o Francisco de Assis, ainda muito jovem e cheio de sonhos, ouviu a chamado de Jesus para ser pobre como Ele e restaurar a Igreja com o seu testemunho\u201d (CV 52). Os seus bi\u00f3grafos contam de sonhos que tiveram import\u00e2ncia na vida do Santo, e o fizeram mudar de caminho. Algumas narrativas chegam a falar que o Papa Inoc\u00eancio III sonhou que a Bas\u00edlica do Latr\u00e3o, prestes a ruir era segurada por Francisco, mostrando sobretudo a miss\u00e3o de Francisco de reconstruir a Igreja. Francisco sonha, acima de tudo, em viver o Evangelho, servindo ao verdadeiro Senhor. Em <em>Fratelli Tutti,<\/em> o Papa Francisco aponta para o santo de Assis como \u201cpai fecundo que suscitou o sonho de uma sociedade fraterna\u201d (FT, 4).<\/p>\n<p>Sabemos que existem diante aos sonhos tamb\u00e9m as \u201cquimeras\u201d, ou as falsas ilus\u00f5es no contexto contempor\u00e2neo, e sobre elas tamb\u00e9m o Papa Francisco nos faz despertar. Nas sombras de um mundo fechado, muitos sonhos s\u00e3o feitos em peda\u00e7os. O antropocentrismo moderno tem como consequ\u00eancia, nos diz o Papa Francisco, \u201cum sonho prometeico de dom\u00ednio sobre o mundo, que provocou a impress\u00e3o de que o cuidado da natureza fosse atividade de fracos\u201d (LS 116). Podemos por os sonhos de um novo mundo poss\u00edvel e \u201cmostrar outros sonhos que este mundo n\u00e3o oferece\u201d (CV 36).<\/p>\n<p>Ao falar aos jovens crist\u00e3os, Francisco os convidou a sonhar e a encontrar em Jesus a \u201cverdadeira fonte que mant\u00e9m vivos os nossos sonhos, projetos e grandes ideais\u201d (CV, 32). Ele convida a Igreja a dialogar com os sonhos dos jovens. A juventude, vista como um tempo de sonho e op\u00e7\u00f5es, \u00e9 chamada por Francisco caminhar perseverante na trilha dos sonhos. Os jovens s\u00e3o movidos pelos seus ideais mais belos e podem juntos sonhar os sonhos do Reino de Deus.<\/p>\n<p>Em <em>Querida Amaz\u00f4nia<\/em>, Francisco manifesta os seus sonhos para aquela bendita obra do Criador. S\u00e3o sonhos, sociais, ecol\u00f3gicos, culturais e eclesiais. Sonhar e partilhar os sonhos como fazem os povos da Amaz\u00f4nia permite animar-se mutuamente para concretizar essas ideias. Sonhar nos permite ver outros horizontes, abrir novos caminhos. Esses passos firmes de utopia embalaram o percurso do S\u00ednodo de 2019, continuam guiando aqueles que abra\u00e7am os sonhos de Francisco, que s\u00e3o sonhos inspirados pelo Esp\u00edrito Santo.<\/p>\n<p>Frente aos desafios que n\u00e3o tenhamos o medo, cultivemos sonhos corajosos! Temos ainda sonhos que nos questionam, sonhos que nos inquietam. \u00c0s vezes ficamos horas pensando em seus significados mais profundos. Esses sonhos do Papa, de algum modo, tamb\u00e9m tocam em n\u00f3s e nos movimentam. Diante de tudo isso podemos nos perguntar: e n\u00f3s, qual s\u00e3o nossos sonhos? Com que Igreja sonhamos? Que os sonhos de Francisco nos animem a buscar sempre mais a realiza\u00e7\u00e3o do projeto de Deus!<\/p>\n<hr \/>\n<p><strong>F\u00e1bio Melo Vasconcelos, OFM,<\/strong> \u00e9<em> frade da Cust\u00f3dia S\u00e3o Benedito da Amaz\u00f4nia e cursa o \u00faltimo ano de Teologia no Instituto Teol\u00f3gico Franciscano (ITF) de Petr\u00f3polis (RJ). Reside na Fraternidade do Sagrado de Petr\u00f3polis.<\/em><\/p>\n<p><a href=\"#_ftnref1\" name=\"_ftn1\">[1]<\/a>FRANCISCO. S\u00e3o Jos\u00e9, homem que sonha. Dispon\u00edvel em: <a href=\"https:\/\/www.vatican.va\/content\/francesco\/pt\/audiences\/2022\/documents\/20220126-udienza-generale.html\">https:\/\/www.vatican.va\/content\/francesco\/pt\/audiences\/2022\/documents\/20220126-udienza-generale.html<\/a>. Acesso em: 11\/03\/2023.<\/p>\n","protected":false},"excerpt":{"rendered":"<p>Artigo de  F\u00e1bio Melo Vasconcelos, OFM<\/p>\n","protected":false},"author":3,"featured_media":193056,"comment_status":"open","ping_status":"open","sticky":false,"template":"","format":"standard","meta":{"footnotes":""},"categories":[26],"tags":[376,65],"yoast_head":"<!-- This site is optimized with the Yoast SEO plugin v19.4 - https:\/\/yoast.com\/wordpress\/plugins\/seo\/ -->\n<title>Francisco, um Papa que sonha e convida a sonhar - Vida Crist\u00e3 - Franciscanos<\/title>\n<meta name=\"robots\" content=\"index, follow, max-snippet:-1, max-image-preview:large, max-video-preview:-1\" \/>\n<link rel=\"canonical\" href=\"https:\/\/franciscanos.org.br\/vidacrista\/francisco-um-papa-que-sonha-e-convida-a-sonhar\/\" \/>\n<meta property=\"og:locale\" content=\"pt_BR\" \/>\n<meta property=\"og:type\" content=\"article\" \/>\n<meta property=\"og:title\" content=\"Francisco, um Papa que sonha e convida a sonhar - Vida Crist\u00e3 - Franciscanos\" \/>\n<meta property=\"og:description\" content=\"Artigo de F\u00e1bio Melo Vasconcelos, OFM\" \/>\n<meta property=\"og:url\" content=\"https:\/\/franciscanos.org.br\/vidacrista\/francisco-um-papa-que-sonha-e-convida-a-sonhar\/\" \/>\n<meta property=\"og:site_name\" content=\"Vida Crist\u00e3 - Franciscanos\" \/>\n<meta property=\"article:published_time\" content=\"2023-03-13T09:52:58+00:00\" \/>\n<meta property=\"article:modified_time\" content=\"2023-03-13T09:56:16+00:00\" \/>\n<meta property=\"og:image\" content=\"https:\/\/franciscanos.org.br\/vidacrista\/wp-content\/uploads\/2023\/03\/papa_1303.jpg\" \/>\n\t<meta property=\"og:image:width\" content=\"1280\" \/>\n\t<meta property=\"og:image:height\" content=\"720\" \/>\n\t<meta property=\"og:image:type\" content=\"image\/jpeg\" \/>\n<meta name=\"author\" content=\"moacir\" \/>\n<meta name=\"twitter:card\" content=\"summary_large_image\" \/>\n<meta name=\"twitter:label1\" content=\"Escrito por\" \/>\n\t<meta name=\"twitter:data1\" content=\"moacir\" \/>\n\t<meta name=\"twitter:label2\" content=\"Est. tempo de leitura\" \/>\n\t<meta name=\"twitter:data2\" content=\"5 minutos\" \/>\n<script type=\"application\/ld+json\" class=\"yoast-schema-graph\">{\"@context\":\"https:\/\/schema.org\",\"@graph\":[{\"@type\":\"WebSite\",\"@id\":\"https:\/\/franciscanos.org.br\/vidacrista\/#website\",\"url\":\"https:\/\/franciscanos.org.br\/vidacrista\/\",\"name\":\"Vida Crist\u00e3 - Franciscanos\",\"description\":\"Prov\u00edncia Franciscana da Imaculada Concei\u00e7\u00e3o do Brasil - Ordem dos Frades Menores\",\"potentialAction\":[{\"@type\":\"SearchAction\",\"target\":{\"@type\":\"EntryPoint\",\"urlTemplate\":\"https:\/\/franciscanos.org.br\/vidacrista\/?s={search_term_string}\"},\"query-input\":\"required name=search_term_string\"}],\"inLanguage\":\"pt-BR\"},{\"@type\":\"WebPage\",\"@id\":\"https:\/\/franciscanos.org.br\/vidacrista\/francisco-um-papa-que-sonha-e-convida-a-sonhar\/\",\"url\":\"https:\/\/franciscanos.org.br\/vidacrista\/francisco-um-papa-que-sonha-e-convida-a-sonhar\/\",\"name\":\"Francisco, um Papa que sonha e convida a sonhar - Vida Crist\u00e3 - Franciscanos\",\"isPartOf\":{\"@id\":\"https:\/\/franciscanos.org.br\/vidacrista\/#website\"},\"datePublished\":\"2023-03-13T09:52:58+00:00\",\"dateModified\":\"2023-03-13T09:56:16+00:00\",\"author\":{\"@id\":\"https:\/\/franciscanos.org.br\/vidacrista\/#\/schema\/person\/1880bdd2c350b735648725ef7614736a\"},\"breadcrumb\":{\"@id\":\"https:\/\/franciscanos.org.br\/vidacrista\/francisco-um-papa-que-sonha-e-convida-a-sonhar\/#breadcrumb\"},\"inLanguage\":\"pt-BR\",\"potentialAction\":[{\"@type\":\"ReadAction\",\"target\":[\"https:\/\/franciscanos.org.br\/vidacrista\/francisco-um-papa-que-sonha-e-convida-a-sonhar\/\"]}]},{\"@type\":\"BreadcrumbList\",\"@id\":\"https:\/\/franciscanos.org.br\/vidacrista\/francisco-um-papa-que-sonha-e-convida-a-sonhar\/#breadcrumb\",\"itemListElement\":[{\"@type\":\"ListItem\",\"position\":1,\"name\":\"Home\",\"item\":\"https:\/\/franciscanos.org.br\/vidacrista\/\"},{\"@type\":\"ListItem\",\"position\":2,\"name\":\"Francisco, um Papa que sonha e convida a sonhar\"}]},{\"@type\":\"Person\",\"@id\":\"https:\/\/franciscanos.org.br\/vidacrista\/#\/schema\/person\/1880bdd2c350b735648725ef7614736a\",\"name\":\"moacir\",\"image\":{\"@type\":\"ImageObject\",\"inLanguage\":\"pt-BR\",\"@id\":\"https:\/\/franciscanos.org.br\/vidacrista\/#\/schema\/person\/image\/\",\"url\":\"https:\/\/secure.gravatar.com\/avatar\/d08aa2ce4c8dd416d4479aa8536fcf64?s=96&d=mm&r=g\",\"contentUrl\":\"https:\/\/secure.gravatar.com\/avatar\/d08aa2ce4c8dd416d4479aa8536fcf64?s=96&d=mm&r=g\",\"caption\":\"moacir\"},\"url\":\"https:\/\/franciscanos.org.br\/vidacrista\/author\/moacir\/\"}]}<\/script>\n<!-- \/ Yoast SEO plugin. -->","yoast_head_json":{"title":"Francisco, um Papa que sonha e convida a sonhar - Vida Crist\u00e3 - Franciscanos","robots":{"index":"index","follow":"follow","max-snippet":"max-snippet:-1","max-image-preview":"max-image-preview:large","max-video-preview":"max-video-preview:-1"},"canonical":"https:\/\/franciscanos.org.br\/vidacrista\/francisco-um-papa-que-sonha-e-convida-a-sonhar\/","og_locale":"pt_BR","og_type":"article","og_title":"Francisco, um Papa que sonha e convida a sonhar - Vida Crist\u00e3 - Franciscanos","og_description":"Artigo de F\u00e1bio Melo Vasconcelos, OFM","og_url":"https:\/\/franciscanos.org.br\/vidacrista\/francisco-um-papa-que-sonha-e-convida-a-sonhar\/","og_site_name":"Vida Crist\u00e3 - Franciscanos","article_published_time":"2023-03-13T09:52:58+00:00","article_modified_time":"2023-03-13T09:56:16+00:00","og_image":[{"width":1280,"height":720,"url":"https:\/\/franciscanos.org.br\/vidacrista\/wp-content\/uploads\/2023\/03\/papa_1303.jpg","type":"image\/jpeg"}],"author":"moacir","twitter_card":"summary_large_image","twitter_misc":{"Escrito por":"moacir","Est. tempo de leitura":"5 minutos"},"schema":{"@context":"https:\/\/schema.org","@graph":[{"@type":"WebSite","@id":"https:\/\/franciscanos.org.br\/vidacrista\/#website","url":"https:\/\/franciscanos.org.br\/vidacrista\/","name":"Vida Crist\u00e3 - Franciscanos","description":"Prov\u00edncia Franciscana da Imaculada Concei\u00e7\u00e3o do Brasil - Ordem dos Frades Menores","potentialAction":[{"@type":"SearchAction","target":{"@type":"EntryPoint","urlTemplate":"https:\/\/franciscanos.org.br\/vidacrista\/?s={search_term_string}"},"query-input":"required name=search_term_string"}],"inLanguage":"pt-BR"},{"@type":"WebPage","@id":"https:\/\/franciscanos.org.br\/vidacrista\/francisco-um-papa-que-sonha-e-convida-a-sonhar\/","url":"https:\/\/franciscanos.org.br\/vidacrista\/francisco-um-papa-que-sonha-e-convida-a-sonhar\/","name":"Francisco, um Papa que sonha e convida a sonhar - Vida Crist\u00e3 - Franciscanos","isPartOf":{"@id":"https:\/\/franciscanos.org.br\/vidacrista\/#website"},"datePublished":"2023-03-13T09:52:58+00:00","dateModified":"2023-03-13T09:56:16+00:00","author":{"@id":"https:\/\/franciscanos.org.br\/vidacrista\/#\/schema\/person\/1880bdd2c350b735648725ef7614736a"},"breadcrumb":{"@id":"https:\/\/franciscanos.org.br\/vidacrista\/francisco-um-papa-que-sonha-e-convida-a-sonhar\/#breadcrumb"},"inLanguage":"pt-BR","potentialAction":[{"@type":"ReadAction","target":["https:\/\/franciscanos.org.br\/vidacrista\/francisco-um-papa-que-sonha-e-convida-a-sonhar\/"]}]},{"@type":"BreadcrumbList","@id":"https:\/\/franciscanos.org.br\/vidacrista\/francisco-um-papa-que-sonha-e-convida-a-sonhar\/#breadcrumb","itemListElement":[{"@type":"ListItem","position":1,"name":"Home","item":"https:\/\/franciscanos.org.br\/vidacrista\/"},{"@type":"ListItem","position":2,"name":"Francisco, um Papa que sonha e convida a sonhar"}]},{"@type":"Person","@id":"https:\/\/franciscanos.org.br\/vidacrista\/#\/schema\/person\/1880bdd2c350b735648725ef7614736a","name":"moacir","image":{"@type":"ImageObject","inLanguage":"pt-BR","@id":"https:\/\/franciscanos.org.br\/vidacrista\/#\/schema\/person\/image\/","url":"https:\/\/secure.gravatar.com\/avatar\/d08aa2ce4c8dd416d4479aa8536fcf64?s=96&d=mm&r=g","contentUrl":"https:\/\/secure.gravatar.com\/avatar\/d08aa2ce4c8dd416d4479aa8536fcf64?s=96&d=mm&r=g","caption":"moacir"},"url":"https:\/\/franciscanos.org.br\/vidacrista\/author\/moacir\/"}]}},"_links":{"self":[{"href":"https:\/\/franciscanos.org.br\/vidacrista\/wp-json\/wp\/v2\/posts\/193055"}],"collection":[{"href":"https:\/\/franciscanos.org.br\/vidacrista\/wp-json\/wp\/v2\/posts"}],"about":[{"href":"https:\/\/franciscanos.org.br\/vidacrista\/wp-json\/wp\/v2\/types\/post"}],"author":[{"embeddable":true,"href":"https:\/\/franciscanos.org.br\/vidacrista\/wp-json\/wp\/v2\/users\/3"}],"replies":[{"embeddable":true,"href":"https:\/\/franciscanos.org.br\/vidacrista\/wp-json\/wp\/v2\/comments?post=193055"}],"version-history":[{"count":3,"href":"https:\/\/franciscanos.org.br\/vidacrista\/wp-json\/wp\/v2\/posts\/193055\/revisions"}],"predecessor-version":[{"id":193059,"href":"https:\/\/franciscanos.org.br\/vidacrista\/wp-json\/wp\/v2\/posts\/193055\/revisions\/193059"}],"wp:featuredmedia":[{"embeddable":true,"href":"https:\/\/franciscanos.org.br\/vidacrista\/wp-json\/wp\/v2\/media\/193056"}],"wp:attachment":[{"href":"https:\/\/franciscanos.org.br\/vidacrista\/wp-json\/wp\/v2\/media?parent=193055"}],"wp:term":[{"taxonomy":"category","embeddable":true,"href":"https:\/\/franciscanos.org.br\/vidacrista\/wp-json\/wp\/v2\/categories?post=193055"},{"taxonomy":"post_tag","embeddable":true,"href":"https:\/\/franciscanos.org.br\/vidacrista\/wp-json\/wp\/v2\/tags?post=193055"}],"curies":[{"name":"wp","href":"https:\/\/api.w.org\/{rel}","templated":true}]}}