{"id":193041,"date":"2023-03-04T09:42:23","date_gmt":"2023-03-04T12:42:23","guid":{"rendered":"https:\/\/franciscanos.org.br\/vidacrista\/?p=193041"},"modified":"2023-03-04T09:42:23","modified_gmt":"2023-03-04T12:42:23","slug":"o-tres-na-transfiguracao-de-jesus-e-na-presenca-de-deus-na-nossa-existencia","status":"publish","type":"post","link":"https:\/\/franciscanos.org.br\/vidacrista\/o-tres-na-transfiguracao-de-jesus-e-na-presenca-de-deus-na-nossa-existencia\/","title":{"rendered":"O tr\u00eas na transfigura\u00e7\u00e3o de Jesus e na presen\u00e7a de Deus na nossa exist\u00eancia!"},"content":{"rendered":"<div id=\"attachment_193042\" style=\"width: 850px\" class=\"wp-caption alignnone\"><img aria-describedby=\"caption-attachment-193042\" decoding=\"async\" loading=\"lazy\" class=\"wp-image-193042 size-full\" src=\"https:\/\/franciscanos.org.br\/vidacrista\/wp-content\/uploads\/2023\/03\/artigo_04.jpg\" alt=\"\" width=\"840\" height=\"450\" srcset=\"https:\/\/franciscanos.org.br\/vidacrista\/wp-content\/uploads\/2023\/03\/artigo_04.jpg 840w, https:\/\/franciscanos.org.br\/vidacrista\/wp-content\/uploads\/2023\/03\/artigo_04-450x241.jpg 450w, https:\/\/franciscanos.org.br\/vidacrista\/wp-content\/uploads\/2023\/03\/artigo_04-768x411.jpg 768w, https:\/\/franciscanos.org.br\/vidacrista\/wp-content\/uploads\/2023\/03\/artigo_04-150x80.jpg 150w\" sizes=\"(max-width: 840px) 100vw, 840px\" \/><p id=\"caption-attachment-193042\" class=\"wp-caption-text\"><em> \u00a0&#8220;Transfigura\u00e7\u00e3o&#8221;, de Alexandr Ivanov, 1824 (Wikip\u00e9dia, dom\u00ednio p\u00fablico)<\/em><\/p><\/div>\n<p><em>Frei Jacir de Freitas Faria<\/em> <a href=\"#_ftn1\" name=\"_ftnref1\">[1]<\/a><\/p>\n<p>Na transfigura\u00e7\u00e3o de Jesus, Pedro toma a palavra e lhe diz: \u201cSenhor, \u00e9 bom ficarmos aqui. Se queres, vou fazer aqui tr\u00eas tendas: uma para ti, outra para Mois\u00e9s, e outra para Elias.\u201d (Mt 17,4). Pedro intuiu corretamente que Deus estava ali, naquele momento sublime, no qual Jesus toma a apar\u00eancia divina. Era preciso armar uma tenda, de modo aquele momento n\u00e3o terminasse nunca. Armar tr\u00eas tendas \u00e9 falar Deus que deixou sua marca no tempo e no espa\u00e7o de nossa exist\u00eancia. \u00a0Sabe o porqu\u00ea?<br \/>\n<iframe loading=\"lazy\" title=\"YouTube video player\" src=\"https:\/\/www.youtube.com\/embed\/4Pi03rn7MQo\" width=\"100%\" height=\"500\" frameborder=\"0\" allowfullscreen=\"allowfullscreen\"><span data-mce-type=\"bookmark\" style=\"display: inline-block; width: 0px; overflow: hidden; line-height: 0;\" class=\"mce_SELRES_start\">\ufeff<\/span><\/iframe><\/p>\n<p>Em tudo est\u00e1 o tr\u00eas. N\u00f3s somos formado de corpo, esp\u00edrito e mente; a natureza \u00e9 formada pelos reinos animal, vegetal e mineral; no cristianismo, Deus \u00e9 Pai, Filho e Espirito Santo; o hindu\u00edsmo tem tr\u00eas divindades: Brahma, Shiva e Vishnu; no juda\u00edsmo, o tr\u00eas representa o divino: c\u00e9u, firmamento e Xeol; tr\u00eas s\u00e3o os amores: o do desejo er\u00f3tico, o de filho e o fraterno; Pedro negou Jesus tr\u00eas vezes; o diabo tentou Jesus tr\u00eas vezes; tr\u00eas s\u00e3o os reis magos; a sagrada fam\u00edlia \u00e9 formada por Jos\u00e9, Maria e Jesus; com 33 anos, Jesus morreu \u00e0s tr\u00eas horas da tarde e ressuscitou no terceiro dia; o credo de f\u00e9 judaico convoca o fiel a amar a Deus com o cora\u00e7\u00e3o, a alma e o dinheiro (Dt 6,4-9); Jesus ensinou que a religi\u00e3o deve ser vivida a partir das pr\u00e1ticas da ora\u00e7\u00e3o, do fazer esmola e do jejum. Na missa, tr\u00eas vezes \u00e9 cantado: \u2018Senhor tem de piedade de n\u00f3s\u2019, e \u201cCordeiro de Deus, que tira o pecado do mundo\u201d. A nossa vida \u00e9 constitu\u00edda de passado, presente e futuro, assim como de princ\u00edpio, meio e fim; nascemos, vivemos e morremos.<\/p>\n<p>Quando Pedro sugere a Jesus que sejam feitas tr\u00eas tendas, ele expressa sua certeza de que a Lei (Mois\u00e9s), o Profetismo (Elias) e o Messias (Jesus) permaneceriam para sempre no meio deles. Sem leis, sem o profetismo que as atualiza e sem a presen\u00e7a de Deus (Jesus) no meio de n\u00f3s, a vida n\u00e3o transfigura para suportar as dores do viver, nas tendas da exist\u00eancia que apontam para o Infinito. Que o tr\u00eas nos inspire a\u00e7\u00f5es trinit\u00e1rias em favor da vida de Deus que palpita em nossa cabe\u00e7a, corpo e tronco. Am\u00e9m! Am\u00e9m! Am\u00e9m!<\/p>\n<hr \/>\n<p><a href=\"#_ftnref1\" name=\"_ftn1\">[1]<\/a>Doutor em Teologia B\u00edblica pela FAJE (BH). Mestre em Ci\u00eancias B\u00edblicas (Exegese) pelo Pontif\u00edcio Instituto B\u00edblico de Roma. Professor de Exegese B\u00edblica. \u00c9 membro da Associa\u00e7\u00e3o Brasileira de Pesquisa B\u00edblica (ABIB). Sacerdote Franciscano. Autor de dez livros e coautor de quinze. Youtube: Frei Jacir B\u00edblia e Ap\u00f3crifos. <a href=\"https:\/\/www.youtube.com\/channel\/UCwbSE97jnR6jQwHRigX1KlQ\">https:\/\/www.youtube.com\/channel\/UCwbSE97jnR6jQwHRigX1KlQ<\/a><\/p>\n","protected":false},"excerpt":{"rendered":"<p>Artigo de Frei Jacir de Freitas Faria<\/p>\n","protected":false},"author":3,"featured_media":193042,"comment_status":"open","ping_status":"open","sticky":false,"template":"","format":"standard","meta":{"footnotes":""},"categories":[26],"tags":[43],"yoast_head":"<!-- This site is optimized with the Yoast SEO plugin v19.4 - https:\/\/yoast.com\/wordpress\/plugins\/seo\/ -->\n<title>O tr\u00eas na transfigura\u00e7\u00e3o de Jesus e na presen\u00e7a de Deus na nossa exist\u00eancia! - Vida Crist\u00e3 - Franciscanos<\/title>\n<meta name=\"robots\" content=\"index, follow, max-snippet:-1, max-image-preview:large, max-video-preview:-1\" \/>\n<link rel=\"canonical\" href=\"https:\/\/franciscanos.org.br\/vidacrista\/o-tres-na-transfiguracao-de-jesus-e-na-presenca-de-deus-na-nossa-existencia\/\" \/>\n<meta property=\"og:locale\" content=\"pt_BR\" \/>\n<meta property=\"og:type\" content=\"article\" \/>\n<meta property=\"og:title\" content=\"O tr\u00eas na transfigura\u00e7\u00e3o de Jesus e na presen\u00e7a de Deus na nossa exist\u00eancia! - Vida Crist\u00e3 - Franciscanos\" \/>\n<meta property=\"og:description\" content=\"Artigo de Frei Jacir de Freitas Faria\" \/>\n<meta property=\"og:url\" content=\"https:\/\/franciscanos.org.br\/vidacrista\/o-tres-na-transfiguracao-de-jesus-e-na-presenca-de-deus-na-nossa-existencia\/\" \/>\n<meta property=\"og:site_name\" content=\"Vida Crist\u00e3 - Franciscanos\" \/>\n<meta property=\"article:published_time\" content=\"2023-03-04T12:42:23+00:00\" \/>\n<meta property=\"og:image\" content=\"https:\/\/franciscanos.org.br\/vidacrista\/wp-content\/uploads\/2023\/03\/artigo_04.jpg\" \/>\n\t<meta property=\"og:image:width\" content=\"840\" \/>\n\t<meta property=\"og:image:height\" content=\"450\" \/>\n\t<meta property=\"og:image:type\" content=\"image\/jpeg\" \/>\n<meta name=\"author\" content=\"moacir\" \/>\n<meta name=\"twitter:card\" content=\"summary_large_image\" \/>\n<meta name=\"twitter:label1\" content=\"Escrito por\" \/>\n\t<meta name=\"twitter:data1\" content=\"moacir\" \/>\n\t<meta name=\"twitter:label2\" content=\"Est. tempo de leitura\" \/>\n\t<meta name=\"twitter:data2\" content=\"3 minutos\" \/>\n<script type=\"application\/ld+json\" class=\"yoast-schema-graph\">{\"@context\":\"https:\/\/schema.org\",\"@graph\":[{\"@type\":\"WebSite\",\"@id\":\"https:\/\/franciscanos.org.br\/vidacrista\/#website\",\"url\":\"https:\/\/franciscanos.org.br\/vidacrista\/\",\"name\":\"Vida Crist\u00e3 - Franciscanos\",\"description\":\"Prov\u00edncia Franciscana da Imaculada Concei\u00e7\u00e3o do Brasil - Ordem dos Frades Menores\",\"potentialAction\":[{\"@type\":\"SearchAction\",\"target\":{\"@type\":\"EntryPoint\",\"urlTemplate\":\"https:\/\/franciscanos.org.br\/vidacrista\/?s={search_term_string}\"},\"query-input\":\"required name=search_term_string\"}],\"inLanguage\":\"pt-BR\"},{\"@type\":\"WebPage\",\"@id\":\"https:\/\/franciscanos.org.br\/vidacrista\/o-tres-na-transfiguracao-de-jesus-e-na-presenca-de-deus-na-nossa-existencia\/\",\"url\":\"https:\/\/franciscanos.org.br\/vidacrista\/o-tres-na-transfiguracao-de-jesus-e-na-presenca-de-deus-na-nossa-existencia\/\",\"name\":\"O tr\u00eas na transfigura\u00e7\u00e3o de Jesus e na presen\u00e7a de Deus na nossa exist\u00eancia! - Vida Crist\u00e3 - Franciscanos\",\"isPartOf\":{\"@id\":\"https:\/\/franciscanos.org.br\/vidacrista\/#website\"},\"datePublished\":\"2023-03-04T12:42:23+00:00\",\"dateModified\":\"2023-03-04T12:42:23+00:00\",\"author\":{\"@id\":\"https:\/\/franciscanos.org.br\/vidacrista\/#\/schema\/person\/1880bdd2c350b735648725ef7614736a\"},\"breadcrumb\":{\"@id\":\"https:\/\/franciscanos.org.br\/vidacrista\/o-tres-na-transfiguracao-de-jesus-e-na-presenca-de-deus-na-nossa-existencia\/#breadcrumb\"},\"inLanguage\":\"pt-BR\",\"potentialAction\":[{\"@type\":\"ReadAction\",\"target\":[\"https:\/\/franciscanos.org.br\/vidacrista\/o-tres-na-transfiguracao-de-jesus-e-na-presenca-de-deus-na-nossa-existencia\/\"]}]},{\"@type\":\"BreadcrumbList\",\"@id\":\"https:\/\/franciscanos.org.br\/vidacrista\/o-tres-na-transfiguracao-de-jesus-e-na-presenca-de-deus-na-nossa-existencia\/#breadcrumb\",\"itemListElement\":[{\"@type\":\"ListItem\",\"position\":1,\"name\":\"Home\",\"item\":\"https:\/\/franciscanos.org.br\/vidacrista\/\"},{\"@type\":\"ListItem\",\"position\":2,\"name\":\"O tr\u00eas na transfigura\u00e7\u00e3o de Jesus e na presen\u00e7a de Deus na nossa exist\u00eancia!\"}]},{\"@type\":\"Person\",\"@id\":\"https:\/\/franciscanos.org.br\/vidacrista\/#\/schema\/person\/1880bdd2c350b735648725ef7614736a\",\"name\":\"moacir\",\"image\":{\"@type\":\"ImageObject\",\"inLanguage\":\"pt-BR\",\"@id\":\"https:\/\/franciscanos.org.br\/vidacrista\/#\/schema\/person\/image\/\",\"url\":\"https:\/\/secure.gravatar.com\/avatar\/d08aa2ce4c8dd416d4479aa8536fcf64?s=96&d=mm&r=g\",\"contentUrl\":\"https:\/\/secure.gravatar.com\/avatar\/d08aa2ce4c8dd416d4479aa8536fcf64?s=96&d=mm&r=g\",\"caption\":\"moacir\"},\"url\":\"https:\/\/franciscanos.org.br\/vidacrista\/author\/moacir\/\"}]}<\/script>\n<!-- \/ Yoast SEO plugin. -->","yoast_head_json":{"title":"O tr\u00eas na transfigura\u00e7\u00e3o de Jesus e na presen\u00e7a de Deus na nossa exist\u00eancia! - Vida Crist\u00e3 - Franciscanos","robots":{"index":"index","follow":"follow","max-snippet":"max-snippet:-1","max-image-preview":"max-image-preview:large","max-video-preview":"max-video-preview:-1"},"canonical":"https:\/\/franciscanos.org.br\/vidacrista\/o-tres-na-transfiguracao-de-jesus-e-na-presenca-de-deus-na-nossa-existencia\/","og_locale":"pt_BR","og_type":"article","og_title":"O tr\u00eas na transfigura\u00e7\u00e3o de Jesus e na presen\u00e7a de Deus na nossa exist\u00eancia! - Vida Crist\u00e3 - Franciscanos","og_description":"Artigo de Frei Jacir de Freitas Faria","og_url":"https:\/\/franciscanos.org.br\/vidacrista\/o-tres-na-transfiguracao-de-jesus-e-na-presenca-de-deus-na-nossa-existencia\/","og_site_name":"Vida Crist\u00e3 - Franciscanos","article_published_time":"2023-03-04T12:42:23+00:00","og_image":[{"width":840,"height":450,"url":"https:\/\/franciscanos.org.br\/vidacrista\/wp-content\/uploads\/2023\/03\/artigo_04.jpg","type":"image\/jpeg"}],"author":"moacir","twitter_card":"summary_large_image","twitter_misc":{"Escrito por":"moacir","Est. tempo de leitura":"3 minutos"},"schema":{"@context":"https:\/\/schema.org","@graph":[{"@type":"WebSite","@id":"https:\/\/franciscanos.org.br\/vidacrista\/#website","url":"https:\/\/franciscanos.org.br\/vidacrista\/","name":"Vida Crist\u00e3 - Franciscanos","description":"Prov\u00edncia Franciscana da Imaculada Concei\u00e7\u00e3o do Brasil - Ordem dos Frades Menores","potentialAction":[{"@type":"SearchAction","target":{"@type":"EntryPoint","urlTemplate":"https:\/\/franciscanos.org.br\/vidacrista\/?s={search_term_string}"},"query-input":"required name=search_term_string"}],"inLanguage":"pt-BR"},{"@type":"WebPage","@id":"https:\/\/franciscanos.org.br\/vidacrista\/o-tres-na-transfiguracao-de-jesus-e-na-presenca-de-deus-na-nossa-existencia\/","url":"https:\/\/franciscanos.org.br\/vidacrista\/o-tres-na-transfiguracao-de-jesus-e-na-presenca-de-deus-na-nossa-existencia\/","name":"O tr\u00eas na transfigura\u00e7\u00e3o de Jesus e na presen\u00e7a de Deus na nossa exist\u00eancia! - Vida Crist\u00e3 - Franciscanos","isPartOf":{"@id":"https:\/\/franciscanos.org.br\/vidacrista\/#website"},"datePublished":"2023-03-04T12:42:23+00:00","dateModified":"2023-03-04T12:42:23+00:00","author":{"@id":"https:\/\/franciscanos.org.br\/vidacrista\/#\/schema\/person\/1880bdd2c350b735648725ef7614736a"},"breadcrumb":{"@id":"https:\/\/franciscanos.org.br\/vidacrista\/o-tres-na-transfiguracao-de-jesus-e-na-presenca-de-deus-na-nossa-existencia\/#breadcrumb"},"inLanguage":"pt-BR","potentialAction":[{"@type":"ReadAction","target":["https:\/\/franciscanos.org.br\/vidacrista\/o-tres-na-transfiguracao-de-jesus-e-na-presenca-de-deus-na-nossa-existencia\/"]}]},{"@type":"BreadcrumbList","@id":"https:\/\/franciscanos.org.br\/vidacrista\/o-tres-na-transfiguracao-de-jesus-e-na-presenca-de-deus-na-nossa-existencia\/#breadcrumb","itemListElement":[{"@type":"ListItem","position":1,"name":"Home","item":"https:\/\/franciscanos.org.br\/vidacrista\/"},{"@type":"ListItem","position":2,"name":"O tr\u00eas na transfigura\u00e7\u00e3o de Jesus e na presen\u00e7a de Deus na nossa exist\u00eancia!"}]},{"@type":"Person","@id":"https:\/\/franciscanos.org.br\/vidacrista\/#\/schema\/person\/1880bdd2c350b735648725ef7614736a","name":"moacir","image":{"@type":"ImageObject","inLanguage":"pt-BR","@id":"https:\/\/franciscanos.org.br\/vidacrista\/#\/schema\/person\/image\/","url":"https:\/\/secure.gravatar.com\/avatar\/d08aa2ce4c8dd416d4479aa8536fcf64?s=96&d=mm&r=g","contentUrl":"https:\/\/secure.gravatar.com\/avatar\/d08aa2ce4c8dd416d4479aa8536fcf64?s=96&d=mm&r=g","caption":"moacir"},"url":"https:\/\/franciscanos.org.br\/vidacrista\/author\/moacir\/"}]}},"_links":{"self":[{"href":"https:\/\/franciscanos.org.br\/vidacrista\/wp-json\/wp\/v2\/posts\/193041"}],"collection":[{"href":"https:\/\/franciscanos.org.br\/vidacrista\/wp-json\/wp\/v2\/posts"}],"about":[{"href":"https:\/\/franciscanos.org.br\/vidacrista\/wp-json\/wp\/v2\/types\/post"}],"author":[{"embeddable":true,"href":"https:\/\/franciscanos.org.br\/vidacrista\/wp-json\/wp\/v2\/users\/3"}],"replies":[{"embeddable":true,"href":"https:\/\/franciscanos.org.br\/vidacrista\/wp-json\/wp\/v2\/comments?post=193041"}],"version-history":[{"count":1,"href":"https:\/\/franciscanos.org.br\/vidacrista\/wp-json\/wp\/v2\/posts\/193041\/revisions"}],"predecessor-version":[{"id":193043,"href":"https:\/\/franciscanos.org.br\/vidacrista\/wp-json\/wp\/v2\/posts\/193041\/revisions\/193043"}],"wp:featuredmedia":[{"embeddable":true,"href":"https:\/\/franciscanos.org.br\/vidacrista\/wp-json\/wp\/v2\/media\/193042"}],"wp:attachment":[{"href":"https:\/\/franciscanos.org.br\/vidacrista\/wp-json\/wp\/v2\/media?parent=193041"}],"wp:term":[{"taxonomy":"category","embeddable":true,"href":"https:\/\/franciscanos.org.br\/vidacrista\/wp-json\/wp\/v2\/categories?post=193041"},{"taxonomy":"post_tag","embeddable":true,"href":"https:\/\/franciscanos.org.br\/vidacrista\/wp-json\/wp\/v2\/tags?post=193041"}],"curies":[{"name":"wp","href":"https:\/\/api.w.org\/{rel}","templated":true}]}}