{"id":193021,"date":"2023-02-28T11:23:54","date_gmt":"2023-02-28T14:23:54","guid":{"rendered":"https:\/\/franciscanos.org.br\/vidacrista\/?p=193021"},"modified":"2023-02-28T11:23:54","modified_gmt":"2023-02-28T14:23:54","slug":"a-cruz-e-os-gritos","status":"publish","type":"post","link":"https:\/\/franciscanos.org.br\/vidacrista\/a-cruz-e-os-gritos\/","title":{"rendered":"A Cruz e os gritos"},"content":{"rendered":"<div id=\"attachment_193022\" style=\"width: 850px\" class=\"wp-caption alignnone\"><img aria-describedby=\"caption-attachment-193022\" decoding=\"async\" loading=\"lazy\" class=\"wp-image-193022 size-full\" src=\"https:\/\/franciscanos.org.br\/vidacrista\/wp-content\/uploads\/2023\/02\/artigo_28.jpg\" alt=\"\" width=\"840\" height=\"450\" srcset=\"https:\/\/franciscanos.org.br\/vidacrista\/wp-content\/uploads\/2023\/02\/artigo_28.jpg 840w, https:\/\/franciscanos.org.br\/vidacrista\/wp-content\/uploads\/2023\/02\/artigo_28-450x241.jpg 450w, https:\/\/franciscanos.org.br\/vidacrista\/wp-content\/uploads\/2023\/02\/artigo_28-768x411.jpg 768w, https:\/\/franciscanos.org.br\/vidacrista\/wp-content\/uploads\/2023\/02\/artigo_28-150x80.jpg 150w\" sizes=\"(max-width: 840px) 100vw, 840px\" \/><p id=\"caption-attachment-193022\" class=\"wp-caption-text\">\u00a0 \u00a0 \u00a0 \u00a0 \u00a0 \u00a0 \u00a0 \u00a0 \u00a0 \u00a0 \u00a0 \u00a0 \u00a0 \u00a0 \u00a0 \u00a0 \u00a0 \u00a0<em> \u00a0 \u00a0Cappella degli Scrovegni, A Crucifica\u00e7\u00e3o, de Giotto (Wikip\u00e9dia, dom\u00ednio p\u00fablico)<\/em><\/p><\/div>\n<p>Pe. Ademir Guedes Azevedo, cp.<\/p>\n<p>Nesta medita\u00e7\u00e3o veremos que na cruz o pr\u00f3prio Jesus dirige uma pergunta a Deus em forma de um grito. Tamb\u00e9m enquanto Ele est\u00e1 ali suspenso, outras personagens lhe dirigem um grito. Comecemos por estes \u00faltimos.<\/p>\n<p>Alguns que passavam por ali e assistiam ao espet\u00e1culo da morte daquele justo diziam: \u00abTu, que destr\u00f3is o templo, e em tr\u00eas dias o reedificas, salva-te a ti mesmo. Se \u00e9s Filho de Deus, desce da cruz\u00bb (Mt 27,40). Pode parecer uma s\u00faplica piedosa, mas \u00e9 na verdade um grito mascarado com uma tenta\u00e7\u00e3o. Aqui, est\u00e1 posta em jogo a divindade de Jesus: se \u00e9s o Filho de Deus. Tamb\u00e9m no deserto Jesus deparou-se com esta mesma situa\u00e7\u00e3o: \u00abSe tu \u00e9s o Filho de Deus, dize a esta pedra que se transforme em p\u00e3o\u00bb (Lc 4,3). Mas, seja no deserto que em sua cruz, ou seja, no momento mais decisivo de sua vida, Jesus n\u00e3o tenta a Deus, Ele n\u00e3o quer servir-se do poder, pelo contr\u00e1rio, mant\u00e9m-se radicalmente em uma pobreza de esp\u00edrito ao ponto de provar toda desola\u00e7\u00e3o e abandono. Ele permanece firme no seu voto de fazer a vontade do Pai que agora \u00e9 tamb\u00e9m a sua.<\/p>\n<p>O cristianismo aut\u00eantico nunca abandona a pobreza de esp\u00edrito. Os disc\u00edpulos de Jesus n\u00e3o renunciam ao caminho da cruz. Sabem que ser crist\u00e3o \u00e9 uma decis\u00e3o s\u00e9ria que implica consequ\u00eancias que podem custar o pre\u00e7o da pr\u00f3pria vida. Jesus tem consci\u00eancia disso e n\u00e3o quer encontrar uma consola\u00e7\u00e3o barata, pois n\u00e3o se deixa persuadir por uma espiritualidade <em>light<\/em> ou por qualquer outro discurso que prega um Deus tapa-buraco. N\u00e3o! \u00c9 fiel a sua<em> k\u00e9nosis<\/em>. Ele est\u00e1 ali e espera contra toda esperan\u00e7a.<\/p>\n<p>Outro grito ecoa e chega ao cora\u00e7\u00e3o do crucificado: trata-se daquele que vem de um malfeitor, por\u00e9m arrependido. \u00c9 um grito de um convertido, muito parecido com aquela ora\u00e7\u00e3o que saiu da boca do publicano que n\u00e3o se sentia digno nem mesmo de levantar os olhos ao c\u00e9u. Ele grita: \u00abSenhor, lembra-te de mim, quando entrares no teu Reino\u00bb (Lc 23,42). Sim, este grito \u00e9 diferente daquele anterior porque \u00e9 de s\u00faplica, n\u00e3o de tenta\u00e7\u00e3o e soberba: recorda-te de mim. A pobreza de esp\u00edrito s\u00f3 tem sentido se for em rela\u00e7\u00e3o com Jesus, a rocha que sustenta a nossa vida e a luz que guia os nossos passos. Naquele instante, o calv\u00e1rio tornou-se para o salteador um farol, pois ele viu toda a sua exist\u00eancia iluminada e para ele a cruz tornou-se uma \u00e2ncora segura, descobriu que o instrumento de condena\u00e7\u00e3o e tortura agora com a luz de Cristo que est\u00e1 ali ao seu lado, tornou-se a maior de todas as gra\u00e7as em sua vida. O malfeitor poderia sentir-se como o apostolo Paulo: estou crucificado com Cristo. N\u00e3o vivo, mas \u00e9 ele que vive em mim. Este grito, vale a pena dirigi-lo sempre a Jesus: Lembra-te de mim, lembra-te de mim!<\/p>\n<p>Por fim, \u00abPor volta das tr\u00eas horas da tarde, Jesus bradou em alta voz: &#8220;Elo\u00ed, Elo\u00ed, lam\u00e1 sabact\u00e2ni?&#8221;, que significa &#8220;Meu Deus! Meu Deus! Por que me abandonaste?\u00bb (Mt 27,46). Jesus n\u00e3o est\u00e1 buscando uma consola\u00e7\u00e3o, mas ele entende que o sofrimento seja ele qual for deve ser sempre apresentado a Deus por meio de uma pergunta perturbadora que nem sempre encontra uma explica\u00e7\u00e3o. Este grito, diferente dos dois anteriores, n\u00e3o encontra uma resposta, h\u00e1 somente um sil\u00eancio cortante. Esta \u00faltima pergunta dirigida a Deus, no entanto, \u00e9 a prova extrema da f\u00e9 de Jesus. O Pai n\u00e3o responde, ocorre um n\u00e3o dizer e um n\u00e3o fazer, pelo menos como espera a l\u00f3gica humana. Mas Jesus, em sua radicalidade e fidelidade a sua cruz n\u00e3o abandona jamais a f\u00e9 em seu Deus, mesmo que este pare\u00e7a que o tenha abandonado na hora mais desoladora. Neste grito que n\u00e3o encontra resposta e que ecoa no sil\u00eancio e no vazio do calv\u00e1rio, est\u00e3o inclu\u00eddas todas as v\u00edtimas inocentes da hist\u00f3ria. Todos os que morrem antes da hora, aqueles que n\u00e3o tiveram a oportunidade de ver o desabrochar da vida porque outros n\u00e3o deixaram. No grito de Jesus est\u00e1 um pouco de nossa exist\u00eancia, \u00e0s vezes confusa e abatida, golpeada pelo mal e pelos rumos sombrios que a hist\u00f3ria assume. Ali, no calv\u00e1rio, ecoa o grito de um homem desolado, mas abandonado em Deus.<\/p>\n<p>Unamo-nos a Ele para insistir com nossa f\u00e9 teimosa que espera e acredita: chegar\u00e1 a manh\u00e3 da ressurrei\u00e7\u00e3o.<\/p>\n<hr \/>\n<p><strong>Pe. Ademir Guedes Azevedo, cp,<\/strong>\u00a0<em>\u00e9 mission\u00e1rio passionista e mestre em Teologia Fundamental na Pontif\u00edcia Universidade Gregoriana. Atualmente, faz o doutorado em Teologia Fundamental nesta Universidade.<\/em><\/p>\n","protected":false},"excerpt":{"rendered":"<p>Artigo de Ademir Guedes Azevedo, cp<\/p>\n","protected":false},"author":3,"featured_media":193022,"comment_status":"open","ping_status":"open","sticky":false,"template":"","format":"standard","meta":{"footnotes":""},"categories":[26],"tags":[188],"yoast_head":"<!-- This site is optimized with the Yoast SEO plugin v19.4 - https:\/\/yoast.com\/wordpress\/plugins\/seo\/ -->\n<title>A Cruz e os gritos - Vida Crist\u00e3 - Franciscanos<\/title>\n<meta name=\"robots\" content=\"index, follow, max-snippet:-1, max-image-preview:large, max-video-preview:-1\" \/>\n<link rel=\"canonical\" href=\"https:\/\/franciscanos.org.br\/vidacrista\/a-cruz-e-os-gritos\/\" \/>\n<meta property=\"og:locale\" content=\"pt_BR\" \/>\n<meta property=\"og:type\" content=\"article\" \/>\n<meta property=\"og:title\" content=\"A Cruz e os gritos - Vida Crist\u00e3 - Franciscanos\" \/>\n<meta property=\"og:description\" content=\"Artigo de Ademir Guedes Azevedo, cp\" \/>\n<meta property=\"og:url\" content=\"https:\/\/franciscanos.org.br\/vidacrista\/a-cruz-e-os-gritos\/\" \/>\n<meta property=\"og:site_name\" content=\"Vida Crist\u00e3 - Franciscanos\" \/>\n<meta property=\"article:published_time\" content=\"2023-02-28T14:23:54+00:00\" \/>\n<meta property=\"og:image\" content=\"https:\/\/franciscanos.org.br\/vidacrista\/wp-content\/uploads\/2023\/02\/artigo_28.jpg\" \/>\n\t<meta property=\"og:image:width\" content=\"840\" \/>\n\t<meta property=\"og:image:height\" content=\"450\" \/>\n\t<meta property=\"og:image:type\" content=\"image\/jpeg\" \/>\n<meta name=\"author\" content=\"moacir\" \/>\n<meta name=\"twitter:card\" content=\"summary_large_image\" \/>\n<meta name=\"twitter:label1\" content=\"Escrito por\" \/>\n\t<meta name=\"twitter:data1\" content=\"moacir\" \/>\n\t<meta name=\"twitter:label2\" content=\"Est. tempo de leitura\" \/>\n\t<meta name=\"twitter:data2\" content=\"5 minutos\" \/>\n<script type=\"application\/ld+json\" class=\"yoast-schema-graph\">{\"@context\":\"https:\/\/schema.org\",\"@graph\":[{\"@type\":\"WebSite\",\"@id\":\"https:\/\/franciscanos.org.br\/vidacrista\/#website\",\"url\":\"https:\/\/franciscanos.org.br\/vidacrista\/\",\"name\":\"Vida Crist\u00e3 - Franciscanos\",\"description\":\"Prov\u00edncia Franciscana da Imaculada Concei\u00e7\u00e3o do Brasil - Ordem dos Frades Menores\",\"potentialAction\":[{\"@type\":\"SearchAction\",\"target\":{\"@type\":\"EntryPoint\",\"urlTemplate\":\"https:\/\/franciscanos.org.br\/vidacrista\/?s={search_term_string}\"},\"query-input\":\"required name=search_term_string\"}],\"inLanguage\":\"pt-BR\"},{\"@type\":\"WebPage\",\"@id\":\"https:\/\/franciscanos.org.br\/vidacrista\/a-cruz-e-os-gritos\/\",\"url\":\"https:\/\/franciscanos.org.br\/vidacrista\/a-cruz-e-os-gritos\/\",\"name\":\"A Cruz e os gritos - Vida Crist\u00e3 - Franciscanos\",\"isPartOf\":{\"@id\":\"https:\/\/franciscanos.org.br\/vidacrista\/#website\"},\"datePublished\":\"2023-02-28T14:23:54+00:00\",\"dateModified\":\"2023-02-28T14:23:54+00:00\",\"author\":{\"@id\":\"https:\/\/franciscanos.org.br\/vidacrista\/#\/schema\/person\/1880bdd2c350b735648725ef7614736a\"},\"breadcrumb\":{\"@id\":\"https:\/\/franciscanos.org.br\/vidacrista\/a-cruz-e-os-gritos\/#breadcrumb\"},\"inLanguage\":\"pt-BR\",\"potentialAction\":[{\"@type\":\"ReadAction\",\"target\":[\"https:\/\/franciscanos.org.br\/vidacrista\/a-cruz-e-os-gritos\/\"]}]},{\"@type\":\"BreadcrumbList\",\"@id\":\"https:\/\/franciscanos.org.br\/vidacrista\/a-cruz-e-os-gritos\/#breadcrumb\",\"itemListElement\":[{\"@type\":\"ListItem\",\"position\":1,\"name\":\"Home\",\"item\":\"https:\/\/franciscanos.org.br\/vidacrista\/\"},{\"@type\":\"ListItem\",\"position\":2,\"name\":\"A Cruz e os gritos\"}]},{\"@type\":\"Person\",\"@id\":\"https:\/\/franciscanos.org.br\/vidacrista\/#\/schema\/person\/1880bdd2c350b735648725ef7614736a\",\"name\":\"moacir\",\"image\":{\"@type\":\"ImageObject\",\"inLanguage\":\"pt-BR\",\"@id\":\"https:\/\/franciscanos.org.br\/vidacrista\/#\/schema\/person\/image\/\",\"url\":\"https:\/\/secure.gravatar.com\/avatar\/d08aa2ce4c8dd416d4479aa8536fcf64?s=96&d=mm&r=g\",\"contentUrl\":\"https:\/\/secure.gravatar.com\/avatar\/d08aa2ce4c8dd416d4479aa8536fcf64?s=96&d=mm&r=g\",\"caption\":\"moacir\"},\"url\":\"https:\/\/franciscanos.org.br\/vidacrista\/author\/moacir\/\"}]}<\/script>\n<!-- \/ Yoast SEO plugin. -->","yoast_head_json":{"title":"A Cruz e os gritos - Vida Crist\u00e3 - Franciscanos","robots":{"index":"index","follow":"follow","max-snippet":"max-snippet:-1","max-image-preview":"max-image-preview:large","max-video-preview":"max-video-preview:-1"},"canonical":"https:\/\/franciscanos.org.br\/vidacrista\/a-cruz-e-os-gritos\/","og_locale":"pt_BR","og_type":"article","og_title":"A Cruz e os gritos - Vida Crist\u00e3 - Franciscanos","og_description":"Artigo de Ademir Guedes Azevedo, cp","og_url":"https:\/\/franciscanos.org.br\/vidacrista\/a-cruz-e-os-gritos\/","og_site_name":"Vida Crist\u00e3 - Franciscanos","article_published_time":"2023-02-28T14:23:54+00:00","og_image":[{"width":840,"height":450,"url":"https:\/\/franciscanos.org.br\/vidacrista\/wp-content\/uploads\/2023\/02\/artigo_28.jpg","type":"image\/jpeg"}],"author":"moacir","twitter_card":"summary_large_image","twitter_misc":{"Escrito por":"moacir","Est. tempo de leitura":"5 minutos"},"schema":{"@context":"https:\/\/schema.org","@graph":[{"@type":"WebSite","@id":"https:\/\/franciscanos.org.br\/vidacrista\/#website","url":"https:\/\/franciscanos.org.br\/vidacrista\/","name":"Vida Crist\u00e3 - Franciscanos","description":"Prov\u00edncia Franciscana da Imaculada Concei\u00e7\u00e3o do Brasil - Ordem dos Frades Menores","potentialAction":[{"@type":"SearchAction","target":{"@type":"EntryPoint","urlTemplate":"https:\/\/franciscanos.org.br\/vidacrista\/?s={search_term_string}"},"query-input":"required name=search_term_string"}],"inLanguage":"pt-BR"},{"@type":"WebPage","@id":"https:\/\/franciscanos.org.br\/vidacrista\/a-cruz-e-os-gritos\/","url":"https:\/\/franciscanos.org.br\/vidacrista\/a-cruz-e-os-gritos\/","name":"A Cruz e os gritos - Vida Crist\u00e3 - Franciscanos","isPartOf":{"@id":"https:\/\/franciscanos.org.br\/vidacrista\/#website"},"datePublished":"2023-02-28T14:23:54+00:00","dateModified":"2023-02-28T14:23:54+00:00","author":{"@id":"https:\/\/franciscanos.org.br\/vidacrista\/#\/schema\/person\/1880bdd2c350b735648725ef7614736a"},"breadcrumb":{"@id":"https:\/\/franciscanos.org.br\/vidacrista\/a-cruz-e-os-gritos\/#breadcrumb"},"inLanguage":"pt-BR","potentialAction":[{"@type":"ReadAction","target":["https:\/\/franciscanos.org.br\/vidacrista\/a-cruz-e-os-gritos\/"]}]},{"@type":"BreadcrumbList","@id":"https:\/\/franciscanos.org.br\/vidacrista\/a-cruz-e-os-gritos\/#breadcrumb","itemListElement":[{"@type":"ListItem","position":1,"name":"Home","item":"https:\/\/franciscanos.org.br\/vidacrista\/"},{"@type":"ListItem","position":2,"name":"A Cruz e os gritos"}]},{"@type":"Person","@id":"https:\/\/franciscanos.org.br\/vidacrista\/#\/schema\/person\/1880bdd2c350b735648725ef7614736a","name":"moacir","image":{"@type":"ImageObject","inLanguage":"pt-BR","@id":"https:\/\/franciscanos.org.br\/vidacrista\/#\/schema\/person\/image\/","url":"https:\/\/secure.gravatar.com\/avatar\/d08aa2ce4c8dd416d4479aa8536fcf64?s=96&d=mm&r=g","contentUrl":"https:\/\/secure.gravatar.com\/avatar\/d08aa2ce4c8dd416d4479aa8536fcf64?s=96&d=mm&r=g","caption":"moacir"},"url":"https:\/\/franciscanos.org.br\/vidacrista\/author\/moacir\/"}]}},"_links":{"self":[{"href":"https:\/\/franciscanos.org.br\/vidacrista\/wp-json\/wp\/v2\/posts\/193021"}],"collection":[{"href":"https:\/\/franciscanos.org.br\/vidacrista\/wp-json\/wp\/v2\/posts"}],"about":[{"href":"https:\/\/franciscanos.org.br\/vidacrista\/wp-json\/wp\/v2\/types\/post"}],"author":[{"embeddable":true,"href":"https:\/\/franciscanos.org.br\/vidacrista\/wp-json\/wp\/v2\/users\/3"}],"replies":[{"embeddable":true,"href":"https:\/\/franciscanos.org.br\/vidacrista\/wp-json\/wp\/v2\/comments?post=193021"}],"version-history":[{"count":1,"href":"https:\/\/franciscanos.org.br\/vidacrista\/wp-json\/wp\/v2\/posts\/193021\/revisions"}],"predecessor-version":[{"id":193023,"href":"https:\/\/franciscanos.org.br\/vidacrista\/wp-json\/wp\/v2\/posts\/193021\/revisions\/193023"}],"wp:featuredmedia":[{"embeddable":true,"href":"https:\/\/franciscanos.org.br\/vidacrista\/wp-json\/wp\/v2\/media\/193022"}],"wp:attachment":[{"href":"https:\/\/franciscanos.org.br\/vidacrista\/wp-json\/wp\/v2\/media?parent=193021"}],"wp:term":[{"taxonomy":"category","embeddable":true,"href":"https:\/\/franciscanos.org.br\/vidacrista\/wp-json\/wp\/v2\/categories?post=193021"},{"taxonomy":"post_tag","embeddable":true,"href":"https:\/\/franciscanos.org.br\/vidacrista\/wp-json\/wp\/v2\/tags?post=193021"}],"curies":[{"name":"wp","href":"https:\/\/api.w.org\/{rel}","templated":true}]}}