{"id":193011,"date":"2023-02-26T09:51:04","date_gmt":"2023-02-26T12:51:04","guid":{"rendered":"https:\/\/franciscanos.org.br\/vidacrista\/?p=193011"},"modified":"2023-02-26T09:56:46","modified_gmt":"2023-02-26T12:56:46","slug":"os-ataques-a-cf-2023-e-o-nao-so-de-pao-vive-o-homem-mt-43-salvar-o-corpo-ou-a-alma","status":"publish","type":"post","link":"https:\/\/franciscanos.org.br\/vidacrista\/os-ataques-a-cf-2023-e-o-nao-so-de-pao-vive-o-homem-mt-43-salvar-o-corpo-ou-a-alma\/","title":{"rendered":"Os ataques \u00e0 CF 2023 e o \u201cn\u00e3o s\u00f3 de p\u00e3o vive o homem\u201d (Mt 4,3) Salvar o corpo ou a alma?"},"content":{"rendered":"<div id=\"attachment_192993\" style=\"width: 850px\" class=\"wp-caption alignnone\"><img aria-describedby=\"caption-attachment-192993\" decoding=\"async\" loading=\"lazy\" class=\"wp-image-192993 size-full\" src=\"https:\/\/franciscanos.org.br\/vidacrista\/wp-content\/uploads\/2023\/02\/cf_artigo_22.jpg\" alt=\"\" width=\"840\" height=\"450\" srcset=\"https:\/\/franciscanos.org.br\/vidacrista\/wp-content\/uploads\/2023\/02\/cf_artigo_22.jpg 840w, https:\/\/franciscanos.org.br\/vidacrista\/wp-content\/uploads\/2023\/02\/cf_artigo_22-450x241.jpg 450w, https:\/\/franciscanos.org.br\/vidacrista\/wp-content\/uploads\/2023\/02\/cf_artigo_22-768x411.jpg 768w, https:\/\/franciscanos.org.br\/vidacrista\/wp-content\/uploads\/2023\/02\/cf_artigo_22-150x80.jpg 150w\" sizes=\"(max-width: 840px) 100vw, 840px\" \/><p id=\"caption-attachment-192993\" class=\"wp-caption-text\"><em>\u00a0 \u00a0 \u00a0 \u00a0 \u00a0 \u00a0 \u00a0 \u00a0 \u00a0 \u00a0 \u00a0 \u00a0 \u00a0 \u00a0 \u00a0 \u00a0 \u00a0 \u00a0 \u00a0 \u00a0 \u00a0 \u00a0 \u00a0 \u00a0 \u00a0 \u00a0 \u00a0 \u00a0 \u00a0 \u00a0 \u00a0 \u00a0 \u00a0 \u00a0 \u00a0 \u00a0 \u00a0 \u00a0 \u00a0 \u00a0 \u00a0 \u00a0 \u00a0 \u00a0 Imagem: Cartaz da Campanha da Fraternidade<\/em><\/p><\/div>\n<p><em>Frei Jacir de Freitas Faria<\/em> <a href=\"#_ftn1\" name=\"_ftnref1\">[1]<\/a><\/p>\n<p>\u201cN\u00e3o s\u00f3 de p\u00e3o vive o homem, mas de toda palavra que procede da boca de Deus.\u201d Esse \u00e9 um pensamento b\u00edblico que vem do livro do Deuteron\u00f4mio (Dt 8,3). Jesus cita-o para contrapor ao diabo que pede que Ele transforme pedras em p\u00e3o se \u00e9 que ele era Filho de Deus (Mt 4,4). O que Jesus quis dizer com isso? Por que a CF 2023 est\u00e1 sendo combatida de forma desonesta por crist\u00e3os de extrema direita, somente porque ela trata da fome cotidiana de mais de 30 milh\u00f5es de brasileiros?<\/p>\n<p><iframe loading=\"lazy\" title=\"YouTube video player\" src=\"https:\/\/www.youtube.com\/embed\/IrK-VbAg-kA\" width=\"100%\" height=\"500\" frameborder=\"0\" allowfullscreen=\"allowfullscreen\"><span data-mce-type=\"bookmark\" style=\"display: inline-block; width: 0px; overflow: hidden; line-height: 0;\" class=\"mce_SELRES_start\">\ufeff<\/span><\/iframe><\/p>\n<p>Jesus n\u00e3o estava querendo dizer que n\u00e3o \u00e9 preciso dar de comer a quem tem fome, tampouco que o dever do crist\u00e3o ou da Igreja \u00e9 de cuidar da alma e n\u00e3o do corpo. Quando o povo estava no deserto passando fome, Deus lhes deu o man\u00e1, o p\u00e3o, para dizer ao povo que acreditasse na sua Palavra que o libertou da escravid\u00e3o do Egito. O p\u00e3o oferecido foi a certeza de que a Palavra de Deus \u00e9 fiel.<\/p>\n<p>No deserto, lugar da terra sem p\u00e3o, e sendo tentado pelo Diabo, Azazel, o dem\u00f4nio do deserto, Jesus, o novo Mois\u00e9s, afirma que o que sai da boca de Deus \u00e9 a sua palavra. A boca de Jesus \u00e9 a boca de Deus. A Palavra que sai de ambas \u00e9 a mesma. Mais tarde, assim como o Pai, Jesus multiplica p\u00e3es e peixes para os famintos e conclama os seus disc\u00edpulos a dividir o p\u00e3o (Mc 6,30-44). Tarefa repassada para n\u00f3s.<\/p>\n<p>Aqueles que atacam a proposta da CF de refletir sobre a criminosa situa\u00e7\u00e3o da fome, como afirmou o Papa Francisco, agem como Diabos que dividem e mutilam o evangelho. N\u00e3o se trata de partidarismo pol\u00edtico! Tampouco de comunismo. \u00c9 Evangelho vivo! Por que ser\u00e1 que a fome incomoda tanto esses que se dizem crist\u00e3os defensores da tradi\u00e7\u00e3o? Seria \u00f3dio aos pobres? Os dados sobre a situa\u00e7\u00e3o da fome no Brasil s\u00e3o estat\u00edsticos, reais.<\/p>\n<p>Fora da realidade \u00e9 a proposta de crist\u00e3os ultraconservadores do grupo intitulado \u201cCentro Dom Bosco\u201d, que prop\u00f5e como tema da CF: \u201cFora da Igreja n\u00e3o h\u00e1 salva\u00e7\u00e3o\u201d. Essa frase, dita por Santo Irineu, no ano 180, causou divis\u00f5es na Igreja por entender que os outros grupos de crist\u00e3os eram ladr\u00f5es e assaltantes. Retomar essa ideia \u00e9 voltar a um passado superado. \u00c9 n\u00e3o sair da sacristia para evangelizar, como pede o Papa Francisco. Libertar o corpo da fome \u00e9 o mesmo que salvar a alma. M\u00e3os \u00e0 obra. Contribuamos para acabar com a fome no mundo, no nosso pa\u00eds. Lutemos por pol\u00edticas p\u00fablicas que acabem com as desigualdades sociais, tendo a Palavra de Deus como a b\u00fassola que nos orienta, pois a luta contra a fome n\u00e3o \u00e9 quest\u00e3o simplesmente religiosa, mas de direitos humanos. Quer saber o sentido da CF.<\/p>\n<hr \/>\n<p><a href=\"#_ftnref1\" name=\"_ftn1\">[1]<\/a>Doutor em Teologia B\u00edblica pela FAJE (BH). Mestre em Ci\u00eancias B\u00edblicas (Exegese) pelo Pontif\u00edcio Instituto B\u00edblico de Roma. Professor de Exegese B\u00edblica. \u00c9 membro da Associa\u00e7\u00e3o Brasileira de Pesquisa B\u00edblica (ABIB). Sacerdote Franciscano. Autor de dez livros e coautor de quinze. Youtube: Frei Jacir B\u00edblia e Ap\u00f3crifos. <a href=\"https:\/\/www.youtube.com\/channel\/UCwbSE97jnR6jQwHRigX1KlQ\">https:\/\/www.youtube.com\/channel\/UCwbSE97jnR6jQwHRigX1KlQ<\/a><\/p>\n","protected":false},"excerpt":{"rendered":"<p>Artigo de Frei Jacir de Freitas Faria<\/p>\n","protected":false},"author":3,"featured_media":192993,"comment_status":"open","ping_status":"open","sticky":false,"template":"","format":"standard","meta":{"footnotes":""},"categories":[26],"tags":[43],"yoast_head":"<!-- This site is optimized with the Yoast SEO plugin v19.4 - https:\/\/yoast.com\/wordpress\/plugins\/seo\/ -->\n<title>Os ataques \u00e0 CF 2023 e o \u201cn\u00e3o s\u00f3 de p\u00e3o vive o homem\u201d (Mt 4,3) Salvar o corpo ou a alma? - Vida Crist\u00e3 - Franciscanos<\/title>\n<meta name=\"robots\" content=\"index, follow, max-snippet:-1, max-image-preview:large, max-video-preview:-1\" \/>\n<link rel=\"canonical\" href=\"https:\/\/franciscanos.org.br\/vidacrista\/os-ataques-a-cf-2023-e-o-nao-so-de-pao-vive-o-homem-mt-43-salvar-o-corpo-ou-a-alma\/\" \/>\n<meta property=\"og:locale\" content=\"pt_BR\" \/>\n<meta property=\"og:type\" content=\"article\" \/>\n<meta property=\"og:title\" content=\"Os ataques \u00e0 CF 2023 e o \u201cn\u00e3o s\u00f3 de p\u00e3o vive o homem\u201d (Mt 4,3) Salvar o corpo ou a alma? - Vida Crist\u00e3 - Franciscanos\" \/>\n<meta property=\"og:description\" content=\"Artigo de Frei Jacir de Freitas Faria\" \/>\n<meta property=\"og:url\" content=\"https:\/\/franciscanos.org.br\/vidacrista\/os-ataques-a-cf-2023-e-o-nao-so-de-pao-vive-o-homem-mt-43-salvar-o-corpo-ou-a-alma\/\" \/>\n<meta property=\"og:site_name\" content=\"Vida Crist\u00e3 - Franciscanos\" \/>\n<meta property=\"article:published_time\" content=\"2023-02-26T12:51:04+00:00\" \/>\n<meta property=\"article:modified_time\" content=\"2023-02-26T12:56:46+00:00\" \/>\n<meta property=\"og:image\" content=\"https:\/\/franciscanos.org.br\/vidacrista\/wp-content\/uploads\/2023\/02\/cf_artigo_22.jpg\" \/>\n\t<meta property=\"og:image:width\" content=\"840\" \/>\n\t<meta property=\"og:image:height\" content=\"450\" \/>\n\t<meta property=\"og:image:type\" content=\"image\/jpeg\" \/>\n<meta name=\"author\" content=\"moacir\" \/>\n<meta name=\"twitter:card\" content=\"summary_large_image\" \/>\n<meta name=\"twitter:label1\" content=\"Escrito por\" \/>\n\t<meta name=\"twitter:data1\" content=\"moacir\" \/>\n\t<meta name=\"twitter:label2\" content=\"Est. tempo de leitura\" \/>\n\t<meta name=\"twitter:data2\" content=\"4 minutos\" \/>\n<script type=\"application\/ld+json\" class=\"yoast-schema-graph\">{\"@context\":\"https:\/\/schema.org\",\"@graph\":[{\"@type\":\"WebSite\",\"@id\":\"https:\/\/franciscanos.org.br\/vidacrista\/#website\",\"url\":\"https:\/\/franciscanos.org.br\/vidacrista\/\",\"name\":\"Vida Crist\u00e3 - Franciscanos\",\"description\":\"Prov\u00edncia Franciscana da Imaculada Concei\u00e7\u00e3o do Brasil - Ordem dos Frades Menores\",\"potentialAction\":[{\"@type\":\"SearchAction\",\"target\":{\"@type\":\"EntryPoint\",\"urlTemplate\":\"https:\/\/franciscanos.org.br\/vidacrista\/?s={search_term_string}\"},\"query-input\":\"required name=search_term_string\"}],\"inLanguage\":\"pt-BR\"},{\"@type\":\"WebPage\",\"@id\":\"https:\/\/franciscanos.org.br\/vidacrista\/os-ataques-a-cf-2023-e-o-nao-so-de-pao-vive-o-homem-mt-43-salvar-o-corpo-ou-a-alma\/\",\"url\":\"https:\/\/franciscanos.org.br\/vidacrista\/os-ataques-a-cf-2023-e-o-nao-so-de-pao-vive-o-homem-mt-43-salvar-o-corpo-ou-a-alma\/\",\"name\":\"Os ataques \u00e0 CF 2023 e o \u201cn\u00e3o s\u00f3 de p\u00e3o vive o homem\u201d (Mt 4,3) Salvar o corpo ou a alma? - Vida Crist\u00e3 - Franciscanos\",\"isPartOf\":{\"@id\":\"https:\/\/franciscanos.org.br\/vidacrista\/#website\"},\"datePublished\":\"2023-02-26T12:51:04+00:00\",\"dateModified\":\"2023-02-26T12:56:46+00:00\",\"author\":{\"@id\":\"https:\/\/franciscanos.org.br\/vidacrista\/#\/schema\/person\/1880bdd2c350b735648725ef7614736a\"},\"breadcrumb\":{\"@id\":\"https:\/\/franciscanos.org.br\/vidacrista\/os-ataques-a-cf-2023-e-o-nao-so-de-pao-vive-o-homem-mt-43-salvar-o-corpo-ou-a-alma\/#breadcrumb\"},\"inLanguage\":\"pt-BR\",\"potentialAction\":[{\"@type\":\"ReadAction\",\"target\":[\"https:\/\/franciscanos.org.br\/vidacrista\/os-ataques-a-cf-2023-e-o-nao-so-de-pao-vive-o-homem-mt-43-salvar-o-corpo-ou-a-alma\/\"]}]},{\"@type\":\"BreadcrumbList\",\"@id\":\"https:\/\/franciscanos.org.br\/vidacrista\/os-ataques-a-cf-2023-e-o-nao-so-de-pao-vive-o-homem-mt-43-salvar-o-corpo-ou-a-alma\/#breadcrumb\",\"itemListElement\":[{\"@type\":\"ListItem\",\"position\":1,\"name\":\"Home\",\"item\":\"https:\/\/franciscanos.org.br\/vidacrista\/\"},{\"@type\":\"ListItem\",\"position\":2,\"name\":\"Os ataques \u00e0 CF 2023 e o \u201cn\u00e3o s\u00f3 de p\u00e3o vive o homem\u201d (Mt 4,3) Salvar o corpo ou a alma?\"}]},{\"@type\":\"Person\",\"@id\":\"https:\/\/franciscanos.org.br\/vidacrista\/#\/schema\/person\/1880bdd2c350b735648725ef7614736a\",\"name\":\"moacir\",\"image\":{\"@type\":\"ImageObject\",\"inLanguage\":\"pt-BR\",\"@id\":\"https:\/\/franciscanos.org.br\/vidacrista\/#\/schema\/person\/image\/\",\"url\":\"https:\/\/secure.gravatar.com\/avatar\/d08aa2ce4c8dd416d4479aa8536fcf64?s=96&d=mm&r=g\",\"contentUrl\":\"https:\/\/secure.gravatar.com\/avatar\/d08aa2ce4c8dd416d4479aa8536fcf64?s=96&d=mm&r=g\",\"caption\":\"moacir\"},\"url\":\"https:\/\/franciscanos.org.br\/vidacrista\/author\/moacir\/\"}]}<\/script>\n<!-- \/ Yoast SEO plugin. -->","yoast_head_json":{"title":"Os ataques \u00e0 CF 2023 e o \u201cn\u00e3o s\u00f3 de p\u00e3o vive o homem\u201d (Mt 4,3) Salvar o corpo ou a alma? - Vida Crist\u00e3 - Franciscanos","robots":{"index":"index","follow":"follow","max-snippet":"max-snippet:-1","max-image-preview":"max-image-preview:large","max-video-preview":"max-video-preview:-1"},"canonical":"https:\/\/franciscanos.org.br\/vidacrista\/os-ataques-a-cf-2023-e-o-nao-so-de-pao-vive-o-homem-mt-43-salvar-o-corpo-ou-a-alma\/","og_locale":"pt_BR","og_type":"article","og_title":"Os ataques \u00e0 CF 2023 e o \u201cn\u00e3o s\u00f3 de p\u00e3o vive o homem\u201d (Mt 4,3) Salvar o corpo ou a alma? - Vida Crist\u00e3 - Franciscanos","og_description":"Artigo de Frei Jacir de Freitas Faria","og_url":"https:\/\/franciscanos.org.br\/vidacrista\/os-ataques-a-cf-2023-e-o-nao-so-de-pao-vive-o-homem-mt-43-salvar-o-corpo-ou-a-alma\/","og_site_name":"Vida Crist\u00e3 - Franciscanos","article_published_time":"2023-02-26T12:51:04+00:00","article_modified_time":"2023-02-26T12:56:46+00:00","og_image":[{"width":840,"height":450,"url":"https:\/\/franciscanos.org.br\/vidacrista\/wp-content\/uploads\/2023\/02\/cf_artigo_22.jpg","type":"image\/jpeg"}],"author":"moacir","twitter_card":"summary_large_image","twitter_misc":{"Escrito por":"moacir","Est. tempo de leitura":"4 minutos"},"schema":{"@context":"https:\/\/schema.org","@graph":[{"@type":"WebSite","@id":"https:\/\/franciscanos.org.br\/vidacrista\/#website","url":"https:\/\/franciscanos.org.br\/vidacrista\/","name":"Vida Crist\u00e3 - Franciscanos","description":"Prov\u00edncia Franciscana da Imaculada Concei\u00e7\u00e3o do Brasil - Ordem dos Frades Menores","potentialAction":[{"@type":"SearchAction","target":{"@type":"EntryPoint","urlTemplate":"https:\/\/franciscanos.org.br\/vidacrista\/?s={search_term_string}"},"query-input":"required name=search_term_string"}],"inLanguage":"pt-BR"},{"@type":"WebPage","@id":"https:\/\/franciscanos.org.br\/vidacrista\/os-ataques-a-cf-2023-e-o-nao-so-de-pao-vive-o-homem-mt-43-salvar-o-corpo-ou-a-alma\/","url":"https:\/\/franciscanos.org.br\/vidacrista\/os-ataques-a-cf-2023-e-o-nao-so-de-pao-vive-o-homem-mt-43-salvar-o-corpo-ou-a-alma\/","name":"Os ataques \u00e0 CF 2023 e o \u201cn\u00e3o s\u00f3 de p\u00e3o vive o homem\u201d (Mt 4,3) Salvar o corpo ou a alma? - Vida Crist\u00e3 - Franciscanos","isPartOf":{"@id":"https:\/\/franciscanos.org.br\/vidacrista\/#website"},"datePublished":"2023-02-26T12:51:04+00:00","dateModified":"2023-02-26T12:56:46+00:00","author":{"@id":"https:\/\/franciscanos.org.br\/vidacrista\/#\/schema\/person\/1880bdd2c350b735648725ef7614736a"},"breadcrumb":{"@id":"https:\/\/franciscanos.org.br\/vidacrista\/os-ataques-a-cf-2023-e-o-nao-so-de-pao-vive-o-homem-mt-43-salvar-o-corpo-ou-a-alma\/#breadcrumb"},"inLanguage":"pt-BR","potentialAction":[{"@type":"ReadAction","target":["https:\/\/franciscanos.org.br\/vidacrista\/os-ataques-a-cf-2023-e-o-nao-so-de-pao-vive-o-homem-mt-43-salvar-o-corpo-ou-a-alma\/"]}]},{"@type":"BreadcrumbList","@id":"https:\/\/franciscanos.org.br\/vidacrista\/os-ataques-a-cf-2023-e-o-nao-so-de-pao-vive-o-homem-mt-43-salvar-o-corpo-ou-a-alma\/#breadcrumb","itemListElement":[{"@type":"ListItem","position":1,"name":"Home","item":"https:\/\/franciscanos.org.br\/vidacrista\/"},{"@type":"ListItem","position":2,"name":"Os ataques \u00e0 CF 2023 e o \u201cn\u00e3o s\u00f3 de p\u00e3o vive o homem\u201d (Mt 4,3) Salvar o corpo ou a alma?"}]},{"@type":"Person","@id":"https:\/\/franciscanos.org.br\/vidacrista\/#\/schema\/person\/1880bdd2c350b735648725ef7614736a","name":"moacir","image":{"@type":"ImageObject","inLanguage":"pt-BR","@id":"https:\/\/franciscanos.org.br\/vidacrista\/#\/schema\/person\/image\/","url":"https:\/\/secure.gravatar.com\/avatar\/d08aa2ce4c8dd416d4479aa8536fcf64?s=96&d=mm&r=g","contentUrl":"https:\/\/secure.gravatar.com\/avatar\/d08aa2ce4c8dd416d4479aa8536fcf64?s=96&d=mm&r=g","caption":"moacir"},"url":"https:\/\/franciscanos.org.br\/vidacrista\/author\/moacir\/"}]}},"_links":{"self":[{"href":"https:\/\/franciscanos.org.br\/vidacrista\/wp-json\/wp\/v2\/posts\/193011"}],"collection":[{"href":"https:\/\/franciscanos.org.br\/vidacrista\/wp-json\/wp\/v2\/posts"}],"about":[{"href":"https:\/\/franciscanos.org.br\/vidacrista\/wp-json\/wp\/v2\/types\/post"}],"author":[{"embeddable":true,"href":"https:\/\/franciscanos.org.br\/vidacrista\/wp-json\/wp\/v2\/users\/3"}],"replies":[{"embeddable":true,"href":"https:\/\/franciscanos.org.br\/vidacrista\/wp-json\/wp\/v2\/comments?post=193011"}],"version-history":[{"count":5,"href":"https:\/\/franciscanos.org.br\/vidacrista\/wp-json\/wp\/v2\/posts\/193011\/revisions"}],"predecessor-version":[{"id":193016,"href":"https:\/\/franciscanos.org.br\/vidacrista\/wp-json\/wp\/v2\/posts\/193011\/revisions\/193016"}],"wp:featuredmedia":[{"embeddable":true,"href":"https:\/\/franciscanos.org.br\/vidacrista\/wp-json\/wp\/v2\/media\/192993"}],"wp:attachment":[{"href":"https:\/\/franciscanos.org.br\/vidacrista\/wp-json\/wp\/v2\/media?parent=193011"}],"wp:term":[{"taxonomy":"category","embeddable":true,"href":"https:\/\/franciscanos.org.br\/vidacrista\/wp-json\/wp\/v2\/categories?post=193011"},{"taxonomy":"post_tag","embeddable":true,"href":"https:\/\/franciscanos.org.br\/vidacrista\/wp-json\/wp\/v2\/tags?post=193011"}],"curies":[{"name":"wp","href":"https:\/\/api.w.org\/{rel}","templated":true}]}}