{"id":192992,"date":"2023-02-22T07:55:34","date_gmt":"2023-02-22T10:55:34","guid":{"rendered":"https:\/\/franciscanos.org.br\/vidacrista\/?p=192992"},"modified":"2023-02-22T07:55:34","modified_gmt":"2023-02-22T10:55:34","slug":"cf-2023-fome-de-pao-e-de-deus-mt-61-6-16-18-comunismo-ou-justica-social","status":"publish","type":"post","link":"https:\/\/franciscanos.org.br\/vidacrista\/cf-2023-fome-de-pao-e-de-deus-mt-61-6-16-18-comunismo-ou-justica-social\/","title":{"rendered":"CF 2023: Fome de P\u00e3o e de Deus (Mt 6,1-6.16-18), comunismo ou justi\u00e7a social?"},"content":{"rendered":"<div id=\"attachment_192993\" style=\"width: 850px\" class=\"wp-caption alignnone\"><img aria-describedby=\"caption-attachment-192993\" decoding=\"async\" loading=\"lazy\" class=\"wp-image-192993 size-full\" src=\"https:\/\/franciscanos.org.br\/vidacrista\/wp-content\/uploads\/2023\/02\/cf_artigo_22.jpg\" alt=\"\" width=\"840\" height=\"450\" srcset=\"https:\/\/franciscanos.org.br\/vidacrista\/wp-content\/uploads\/2023\/02\/cf_artigo_22.jpg 840w, https:\/\/franciscanos.org.br\/vidacrista\/wp-content\/uploads\/2023\/02\/cf_artigo_22-450x241.jpg 450w, https:\/\/franciscanos.org.br\/vidacrista\/wp-content\/uploads\/2023\/02\/cf_artigo_22-768x411.jpg 768w, https:\/\/franciscanos.org.br\/vidacrista\/wp-content\/uploads\/2023\/02\/cf_artigo_22-150x80.jpg 150w\" sizes=\"(max-width: 840px) 100vw, 840px\" \/><p id=\"caption-attachment-192993\" class=\"wp-caption-text\"><em> Imagem: Cartaz Campanha da Fraternidade 2023<\/em><\/p><\/div>\n<p><strong>Frei Jacir de Freitas Faria [1]<\/strong><\/p>\n<p>Com a Quarta-Feira de Cinzas tem in\u00edcio o per\u00edodo quaresmal, ap\u00f3s o Carnaval, a festa da carne. N\u00e3o \u00e9 nenhuma novidade para n\u00f3s essa sequ\u00eancia de ritos lit\u00fargicos. A Igreja Cat\u00f3lica do Brasil, a cada ano, retoma as pr\u00e1ticas judaicas e crist\u00e3s da ora\u00e7\u00e3o, da esmola e do jejum (Mt 6,1-6.16-18) e as relaciona com uma tem\u00e1tica social. O tema desse ano de 2023 \u00e9 \u201cFraternidade e a Fome\u201d. Que rela\u00e7\u00e3o existe entre ora\u00e7\u00e3o, esmola e jejum com a fome? Fome de Deus ou fome de p\u00e3o? Comunismo ou Evangelho? Justi\u00e7a ou caridade?<\/p>\n<p><iframe loading=\"lazy\" title=\"YouTube video player\" src=\"https:\/\/www.youtube.com\/embed\/XMxWI5GmHjI\" width=\"100%\" height=\"500\" frameborder=\"0\" allowfullscreen=\"allowfullscreen\"><span data-mce-type=\"bookmark\" style=\"display: inline-block; width: 0px; overflow: hidden; line-height: 0;\" class=\"mce_SELRES_start\">\ufeff<\/span><\/iframe><\/p>\n<p>Mt 6,1-6.16-18 come\u00e7a com a advert\u00eancia de Jesus sobre a pr\u00e1tica da religi\u00e3o como justi\u00e7a. Algumas B\u00edblias traduzem: \u201cGuardai-vos de praticar a vossa justi\u00e7a\u201d; outras, \u201cvossa religi\u00e3o\u201d (Mt 6,1). Na perspectiva judaica, religi\u00e3o e justi\u00e7a s\u00e3o substantivos sin\u00f4nimos. Religi\u00e3o, do latim religare, consiste em unir o ser humano ao Sagrado. No juda\u00edsmo e no cristianismo, Deus n\u00e3o tolera as injusti\u00e7as em suas variadas formas, sobretudo a social. A religi\u00e3o como justi\u00e7a torna-se vis\u00edvel na pr\u00e1tica do jejum, da esmola e da ora\u00e7\u00e3o.<\/p>\n<p>O jejum religioso judaico tem rela\u00e7\u00e3o com a miseric\u00f3rdia e a justi\u00e7a. O profeta Joel conclamou: \u201cAgora, diz o Senhor, voltai para mim com todo o vosso cora\u00e7\u00e3o, com jejuns, l\u00e1grimas e gemidos; rasgai o cora\u00e7\u00e3o, e n\u00e3o as vestes; Voltai para o Senhor, vosso Deus; ele \u00e9 benigno e compassivo, paciente e cheio de miseric\u00f3rdia, inclinado a perdoar o castigo.\u201d (Jl 2,12-13) Os judeus s\u00e3o chamados \u00e0 convers\u00e3o.<\/p>\n<p>O jejum praticado por quem tem o que comer devolve a dignidade para quem o pratica, recordando a liga\u00e7\u00e3o com Deus. O judeu Jesus de Nazar\u00e9 critica seus conterr\u00e2neos que se vangloriavam nas pra\u00e7as por causa do jejum que praticavam. Eles se achavam os verdadeiros piedosos, religiosos. Por que Jesus agiu assim? Porque ele ensinava que o praticar o jejum n\u00e3o \u00e9 para receber honras e gl\u00f3rias, mas \u00e9, simplesmente, uma atitude de sacrif\u00edcio para partilhar.<\/p>\n<p>A compreens\u00e3o de esmola como pr\u00e1tica religiosa de justi\u00e7a fica claro no seu significado. O judeu n\u00e3o diz \u201cdar\u201d esmola, mas \u201cfazer\u201d esmola, o que corresponde ao fazer justi\u00e7a, praticando a religi\u00e3o. Em hebraico, esmola se diz Tzedakah e justi\u00e7a Tzedek. Esmola deriva de justi\u00e7a. Fazer esmola significa cumprir a lei, a Tor\u00e1, isto \u00e9, fazer justi\u00e7a. Quando um judeu pobre gritava pelas ruas Tsedakah, todos entendiam: \u201cFa\u00e7a justi\u00e7a! Cumpra a Tor\u00e1!\u201d E esse grito incomodava qualquer judeu piedoso. O juda\u00edsmo conclama os seus adeptos a fazer esmola. E fazer esmola (Tzedakah) \u00e9 agir com justi\u00e7a no que diz respeito ao modo como cada judeu ganha, gasta e compartilha suas riquezas. N\u00e3o se trata de dar esmola como de gesto de caridade, como interpretou Santo Agostinho (354-430 E.C.), mas de reconhecimento de que o outro tem direito \u00e0 dignidade.<\/p>\n<p>A partir dessa compreens\u00e3o de ora\u00e7\u00e3o, esmola e jejum, vejamos como ela relaciona-se com a fome de p\u00e3o, de dignidade e de Deus. Comecemos pela fome de p\u00e3o. A tem\u00e1tica da fome no mundo e no Brasil \u00e9 muito atual e n\u00e3o tem hora para sair de cena. Ali\u00e1s, \u00e9 a terceira vez que esse tema \u00e9 proposto pela Igreja para a nossa reflex\u00e3o (1975, 1985 e 2023). Trinta e tr\u00eas milh\u00f5es de brasileiros passam fome no Brasil, sobretudo no Nordeste entre mulheres, crian\u00e7as e pessoas pretas. Cento e vinte milh\u00f5es de brasileiros vivem de inseguran\u00e7a alimentar, sem saber se ter\u00e1 o que comer no dia seguinte. \u00c9 poss\u00edvel zerar a fome? Sim e n\u00e3o. Fome \u00e9 condi\u00e7\u00e3o indispens\u00e1vel, criada por Deus, para a sobreviv\u00eancia humana e animal. Com o alimento nos tornamos saud\u00e1veis e a vida prevalece em nosso corpo.<\/p>\n<p>O faminto que pede comida n\u00e3o quer esmola, mas dignidade. Certa vez, nos meus idos anos de padre jovem, em Ipatinga (MG), ouvi de uma mulher prostitu\u00edda a resposta \u00e0 pergunta de uma jornalista sobre o que era pior para elas numa zona de prostitui\u00e7\u00e3o, que \u2018o pior \u00e9 a fome\u2019. Nunca me esqueci dessas palavras. O Papa Francisco, falando aos ju\u00edzes argentinos, em 2021, afirmou que \u201cn\u00e3o h\u00e1 democracia, se existe fome\u201d. Democracia \u00e9 sinal de mesa farta para todos, igualdade social.<\/p>\n<p>Quando assistimos nos meios de comunica\u00e7\u00e3o a trag\u00e9dia da devasta\u00e7\u00e3o das terras ind\u00edgenas dos Yanomamis, causada pela primazia do lucro e do mercado, a fome e a morte desses brasileiros genu\u00ednos impactaram o mundo. Desnutri\u00e7\u00e3o mata, merc\u00fario mata, garimpo destr\u00f3i a natureza. Onde h\u00e1 garimpo, h\u00e1 fome, mis\u00e9ria e riqueza de poucos! Por causa disso, o povo yanomami est\u00e1 morrendo de desnutri\u00e7\u00e3o. Essa trag\u00e9dia, deliberadamente planejada, orquestrada nos \u00faltimos anos, deveria causar vergonha em n\u00f3s brasileiros, nascidos num pa\u00eds que \u00e9 gigante pela pr\u00f3pria natureza.<\/p>\n<p>O Brasil tem tudo para ser o pa\u00eds que, num futuro pr\u00f3ximo, poder\u00e1 produzir muito mais alimentos para saciar a fome no mundo. O eixo econ\u00f4mico mundial est\u00e1 mudando de foco, de bens de consumo para a produ\u00e7\u00e3o de alimentos e defesa da natureza. Temos terra, \u00e1gua e natureza f\u00e9rtil. Basta vontade pol\u00edtica de nossos governos e da sociedade para que possamos vencer a fome em nosso pa\u00eds. Apesar de o Brasil ser um dos grandes produtores de prote\u00ednas, de gr\u00e3os, do mundo, o nosso povo passa fome porque o interesse dos donos do alimento n\u00e3o \u00e9 matar a fome, mas gerar dividendo para eles.<\/p>\n<p>O segundo tipo de fome, o de dignidade, corresponde \u00e0 fome de emprego, de cultura, de arte, de educa\u00e7\u00e3o, de sal\u00e1rio justo, de sa\u00fade, de respeito pelas diferen\u00e7as, de qualidade de vida, de direitos humanas, de justi\u00e7a, de habita\u00e7\u00e3o, de fraternidade, de solidariedade, de amor, de democracia etc. Quem de n\u00f3s nunca sentiu essa fome? S\u00f3 n\u00e3o vale a fome de consumismo, pois ela impede a partilha. N\u00e3o precisamos muito para viver com dignidade.<\/p>\n<p>O terceiro tipo de fome, a de Deus \u00e9 mais complicada. De qual Deus temos fome? Ser\u00e1 que a nossa fome de Deus \u00e9 suficiente para acabar com fome de p\u00e3o? Na verdade, uma das maiores fomes do ser humano \u00e9 o desejo de possuir e de ser possu\u00eddo pelo Sagrado, por Deus. O ser humano sente que falta algo nele. Ele deseja Deus para compensar as suas perdas e frustra\u00e7\u00f5es. Ritos lit\u00fargicos, erotismo e afeto permeiam a insaci\u00e1vel fome de Deus. Muitos se alimentam de um Deus castigador e violento. A saciedade incontida dessas pessoas por estruturas de sociedade que n\u00e3o incluem os empobrecidos resulta no seguimento de \u00eddolos de carne e osso, transformados em mitos que manipulam Deus em favor das massas que o acompanham de forma cega, excitante e violenta. O resultado dessa rela\u00e7\u00e3o incestuosa gera a fome de p\u00e3o em nosso meio. A manipula\u00e7\u00e3o do Sagrado \u00e9 coisa s\u00e9ria. E como ela est\u00e1 voltando. Basta revisitar as \u00faltimas cenas da novela brasileira chamada elei\u00e7\u00e3o. A fome de Deus n\u00e3o tem sentido sen\u00e3o tivermos fome de dignidade, de justi\u00e7a social. \u201cDai-lhes v\u00f3s mesmos de comer\u201d, disse Jesus aos disc\u00edpulos (Mc 6,37).<\/p>\n<p>Por fim, a rela\u00e7\u00e3o entre ora\u00e7\u00e3o, esmola, jejum e a fome de p\u00e3o, de dignidade e de Deus \u00e9 clara. O jejum \u00e9 capacidade de se indignar diante do sofrimento dos famintos. A emola \u00e9 o saber repartir com os que passam fome em todos os sentidos. A ora\u00e7\u00e3o \u00e9 uma forma de espiritualidade, um modo de viver a f\u00e9 em Deus libertador de todas as dores que n\u00e3o nos deixam viver na justi\u00e7a, na igualdade e na harmonia.<\/p>\n<p>Receber cinzas sobre as cabe\u00e7as significa tomar consci\u00eancia dessa realidade e mudar de vida. Uns dir\u00e3o que isso \u00e9 comunismo. N\u00e3o! \u00c9 Evangelho vivo. O dia em que o evangelho deixar de nos incomodar, de nos levar \u00e0 compaix\u00e3o, ele perder\u00e1 o seu sabor para a nossa vida. Dar comida aos empobrecidos e defender a vida, a floresta destru\u00edda dos Yanomamis \u00e9 Evangelho que renasce das cinzas. Religi\u00e3o e justi\u00e7a est\u00e3o no mesmo barco! N\u00e3o basta rezar e nada fazer para acabar com a injusti\u00e7a social. Para muitos de n\u00f3s, reafirmar isso \u00e9 sinal de comunismo. Enganam-se! \u00c9 evangelho vivo que clama por justi\u00e7a! Que Deus nos ilumine, pois o pior \u00e9 a fome!<\/p>\n<hr \/>\n<p><em>[1]Doutor em Teologia B\u00edblica pela FAJE (BH). Mestre em Ci\u00eancias B\u00edblicas (Exegese) pelo Pontif\u00edcio Instituto B\u00edblico de Roma. Professor de Exegese B\u00edblica. \u00c9 membro da Associa\u00e7\u00e3o Brasileira de Pesquisa B\u00edblica (ABIB). Sacerdote Franciscano. Autor de dez livros e coautor de quinze. Youtube: Frei Jacir B\u00edblia e Ap\u00f3crifos. https:\/\/www.youtube.com\/channel\/UCwbSE97jnR6jQwHRigX1KlQ<\/em><\/p>\n","protected":false},"excerpt":{"rendered":"<p>Artigo de Frei Jacir de Freitas Faria<\/p>\n","protected":false},"author":3,"featured_media":192993,"comment_status":"open","ping_status":"open","sticky":false,"template":"","format":"standard","meta":{"footnotes":""},"categories":[26],"tags":[43],"yoast_head":"<!-- This site is optimized with the Yoast SEO plugin v19.4 - https:\/\/yoast.com\/wordpress\/plugins\/seo\/ -->\n<title>CF 2023: Fome de P\u00e3o e de Deus (Mt 6,1-6.16-18), comunismo ou justi\u00e7a social? - Vida Crist\u00e3 - Franciscanos<\/title>\n<meta name=\"robots\" content=\"index, follow, max-snippet:-1, max-image-preview:large, max-video-preview:-1\" \/>\n<link rel=\"canonical\" href=\"https:\/\/franciscanos.org.br\/vidacrista\/cf-2023-fome-de-pao-e-de-deus-mt-61-6-16-18-comunismo-ou-justica-social\/\" \/>\n<meta property=\"og:locale\" content=\"pt_BR\" \/>\n<meta property=\"og:type\" content=\"article\" \/>\n<meta property=\"og:title\" content=\"CF 2023: Fome de P\u00e3o e de Deus (Mt 6,1-6.16-18), comunismo ou justi\u00e7a social? - Vida Crist\u00e3 - Franciscanos\" \/>\n<meta property=\"og:description\" content=\"Artigo de Frei Jacir de Freitas Faria\" \/>\n<meta property=\"og:url\" content=\"https:\/\/franciscanos.org.br\/vidacrista\/cf-2023-fome-de-pao-e-de-deus-mt-61-6-16-18-comunismo-ou-justica-social\/\" \/>\n<meta property=\"og:site_name\" content=\"Vida Crist\u00e3 - Franciscanos\" \/>\n<meta property=\"article:published_time\" content=\"2023-02-22T10:55:34+00:00\" \/>\n<meta property=\"og:image\" content=\"https:\/\/franciscanos.org.br\/vidacrista\/wp-content\/uploads\/2023\/02\/cf_artigo_22.jpg\" \/>\n\t<meta property=\"og:image:width\" content=\"840\" \/>\n\t<meta property=\"og:image:height\" content=\"450\" \/>\n\t<meta property=\"og:image:type\" content=\"image\/jpeg\" \/>\n<meta name=\"author\" content=\"moacir\" \/>\n<meta name=\"twitter:card\" content=\"summary_large_image\" \/>\n<meta name=\"twitter:label1\" content=\"Escrito por\" \/>\n\t<meta name=\"twitter:data1\" content=\"moacir\" \/>\n\t<meta name=\"twitter:label2\" content=\"Est. tempo de leitura\" \/>\n\t<meta name=\"twitter:data2\" content=\"8 minutos\" \/>\n<script type=\"application\/ld+json\" class=\"yoast-schema-graph\">{\"@context\":\"https:\/\/schema.org\",\"@graph\":[{\"@type\":\"WebSite\",\"@id\":\"https:\/\/franciscanos.org.br\/vidacrista\/#website\",\"url\":\"https:\/\/franciscanos.org.br\/vidacrista\/\",\"name\":\"Vida Crist\u00e3 - Franciscanos\",\"description\":\"Prov\u00edncia Franciscana da Imaculada Concei\u00e7\u00e3o do Brasil - Ordem dos Frades Menores\",\"potentialAction\":[{\"@type\":\"SearchAction\",\"target\":{\"@type\":\"EntryPoint\",\"urlTemplate\":\"https:\/\/franciscanos.org.br\/vidacrista\/?s={search_term_string}\"},\"query-input\":\"required name=search_term_string\"}],\"inLanguage\":\"pt-BR\"},{\"@type\":\"WebPage\",\"@id\":\"https:\/\/franciscanos.org.br\/vidacrista\/cf-2023-fome-de-pao-e-de-deus-mt-61-6-16-18-comunismo-ou-justica-social\/\",\"url\":\"https:\/\/franciscanos.org.br\/vidacrista\/cf-2023-fome-de-pao-e-de-deus-mt-61-6-16-18-comunismo-ou-justica-social\/\",\"name\":\"CF 2023: Fome de P\u00e3o e de Deus (Mt 6,1-6.16-18), comunismo ou justi\u00e7a social? - Vida Crist\u00e3 - Franciscanos\",\"isPartOf\":{\"@id\":\"https:\/\/franciscanos.org.br\/vidacrista\/#website\"},\"datePublished\":\"2023-02-22T10:55:34+00:00\",\"dateModified\":\"2023-02-22T10:55:34+00:00\",\"author\":{\"@id\":\"https:\/\/franciscanos.org.br\/vidacrista\/#\/schema\/person\/1880bdd2c350b735648725ef7614736a\"},\"breadcrumb\":{\"@id\":\"https:\/\/franciscanos.org.br\/vidacrista\/cf-2023-fome-de-pao-e-de-deus-mt-61-6-16-18-comunismo-ou-justica-social\/#breadcrumb\"},\"inLanguage\":\"pt-BR\",\"potentialAction\":[{\"@type\":\"ReadAction\",\"target\":[\"https:\/\/franciscanos.org.br\/vidacrista\/cf-2023-fome-de-pao-e-de-deus-mt-61-6-16-18-comunismo-ou-justica-social\/\"]}]},{\"@type\":\"BreadcrumbList\",\"@id\":\"https:\/\/franciscanos.org.br\/vidacrista\/cf-2023-fome-de-pao-e-de-deus-mt-61-6-16-18-comunismo-ou-justica-social\/#breadcrumb\",\"itemListElement\":[{\"@type\":\"ListItem\",\"position\":1,\"name\":\"Home\",\"item\":\"https:\/\/franciscanos.org.br\/vidacrista\/\"},{\"@type\":\"ListItem\",\"position\":2,\"name\":\"CF 2023: Fome de P\u00e3o e de Deus (Mt 6,1-6.16-18), comunismo ou justi\u00e7a social?\"}]},{\"@type\":\"Person\",\"@id\":\"https:\/\/franciscanos.org.br\/vidacrista\/#\/schema\/person\/1880bdd2c350b735648725ef7614736a\",\"name\":\"moacir\",\"image\":{\"@type\":\"ImageObject\",\"inLanguage\":\"pt-BR\",\"@id\":\"https:\/\/franciscanos.org.br\/vidacrista\/#\/schema\/person\/image\/\",\"url\":\"https:\/\/secure.gravatar.com\/avatar\/d08aa2ce4c8dd416d4479aa8536fcf64?s=96&d=mm&r=g\",\"contentUrl\":\"https:\/\/secure.gravatar.com\/avatar\/d08aa2ce4c8dd416d4479aa8536fcf64?s=96&d=mm&r=g\",\"caption\":\"moacir\"},\"url\":\"https:\/\/franciscanos.org.br\/vidacrista\/author\/moacir\/\"}]}<\/script>\n<!-- \/ Yoast SEO plugin. -->","yoast_head_json":{"title":"CF 2023: Fome de P\u00e3o e de Deus (Mt 6,1-6.16-18), comunismo ou justi\u00e7a social? - Vida Crist\u00e3 - Franciscanos","robots":{"index":"index","follow":"follow","max-snippet":"max-snippet:-1","max-image-preview":"max-image-preview:large","max-video-preview":"max-video-preview:-1"},"canonical":"https:\/\/franciscanos.org.br\/vidacrista\/cf-2023-fome-de-pao-e-de-deus-mt-61-6-16-18-comunismo-ou-justica-social\/","og_locale":"pt_BR","og_type":"article","og_title":"CF 2023: Fome de P\u00e3o e de Deus (Mt 6,1-6.16-18), comunismo ou justi\u00e7a social? - Vida Crist\u00e3 - Franciscanos","og_description":"Artigo de Frei Jacir de Freitas Faria","og_url":"https:\/\/franciscanos.org.br\/vidacrista\/cf-2023-fome-de-pao-e-de-deus-mt-61-6-16-18-comunismo-ou-justica-social\/","og_site_name":"Vida Crist\u00e3 - Franciscanos","article_published_time":"2023-02-22T10:55:34+00:00","og_image":[{"width":840,"height":450,"url":"https:\/\/franciscanos.org.br\/vidacrista\/wp-content\/uploads\/2023\/02\/cf_artigo_22.jpg","type":"image\/jpeg"}],"author":"moacir","twitter_card":"summary_large_image","twitter_misc":{"Escrito por":"moacir","Est. tempo de leitura":"8 minutos"},"schema":{"@context":"https:\/\/schema.org","@graph":[{"@type":"WebSite","@id":"https:\/\/franciscanos.org.br\/vidacrista\/#website","url":"https:\/\/franciscanos.org.br\/vidacrista\/","name":"Vida Crist\u00e3 - Franciscanos","description":"Prov\u00edncia Franciscana da Imaculada Concei\u00e7\u00e3o do Brasil - Ordem dos Frades Menores","potentialAction":[{"@type":"SearchAction","target":{"@type":"EntryPoint","urlTemplate":"https:\/\/franciscanos.org.br\/vidacrista\/?s={search_term_string}"},"query-input":"required name=search_term_string"}],"inLanguage":"pt-BR"},{"@type":"WebPage","@id":"https:\/\/franciscanos.org.br\/vidacrista\/cf-2023-fome-de-pao-e-de-deus-mt-61-6-16-18-comunismo-ou-justica-social\/","url":"https:\/\/franciscanos.org.br\/vidacrista\/cf-2023-fome-de-pao-e-de-deus-mt-61-6-16-18-comunismo-ou-justica-social\/","name":"CF 2023: Fome de P\u00e3o e de Deus (Mt 6,1-6.16-18), comunismo ou justi\u00e7a social? - Vida Crist\u00e3 - Franciscanos","isPartOf":{"@id":"https:\/\/franciscanos.org.br\/vidacrista\/#website"},"datePublished":"2023-02-22T10:55:34+00:00","dateModified":"2023-02-22T10:55:34+00:00","author":{"@id":"https:\/\/franciscanos.org.br\/vidacrista\/#\/schema\/person\/1880bdd2c350b735648725ef7614736a"},"breadcrumb":{"@id":"https:\/\/franciscanos.org.br\/vidacrista\/cf-2023-fome-de-pao-e-de-deus-mt-61-6-16-18-comunismo-ou-justica-social\/#breadcrumb"},"inLanguage":"pt-BR","potentialAction":[{"@type":"ReadAction","target":["https:\/\/franciscanos.org.br\/vidacrista\/cf-2023-fome-de-pao-e-de-deus-mt-61-6-16-18-comunismo-ou-justica-social\/"]}]},{"@type":"BreadcrumbList","@id":"https:\/\/franciscanos.org.br\/vidacrista\/cf-2023-fome-de-pao-e-de-deus-mt-61-6-16-18-comunismo-ou-justica-social\/#breadcrumb","itemListElement":[{"@type":"ListItem","position":1,"name":"Home","item":"https:\/\/franciscanos.org.br\/vidacrista\/"},{"@type":"ListItem","position":2,"name":"CF 2023: Fome de P\u00e3o e de Deus (Mt 6,1-6.16-18), comunismo ou justi\u00e7a social?"}]},{"@type":"Person","@id":"https:\/\/franciscanos.org.br\/vidacrista\/#\/schema\/person\/1880bdd2c350b735648725ef7614736a","name":"moacir","image":{"@type":"ImageObject","inLanguage":"pt-BR","@id":"https:\/\/franciscanos.org.br\/vidacrista\/#\/schema\/person\/image\/","url":"https:\/\/secure.gravatar.com\/avatar\/d08aa2ce4c8dd416d4479aa8536fcf64?s=96&d=mm&r=g","contentUrl":"https:\/\/secure.gravatar.com\/avatar\/d08aa2ce4c8dd416d4479aa8536fcf64?s=96&d=mm&r=g","caption":"moacir"},"url":"https:\/\/franciscanos.org.br\/vidacrista\/author\/moacir\/"}]}},"_links":{"self":[{"href":"https:\/\/franciscanos.org.br\/vidacrista\/wp-json\/wp\/v2\/posts\/192992"}],"collection":[{"href":"https:\/\/franciscanos.org.br\/vidacrista\/wp-json\/wp\/v2\/posts"}],"about":[{"href":"https:\/\/franciscanos.org.br\/vidacrista\/wp-json\/wp\/v2\/types\/post"}],"author":[{"embeddable":true,"href":"https:\/\/franciscanos.org.br\/vidacrista\/wp-json\/wp\/v2\/users\/3"}],"replies":[{"embeddable":true,"href":"https:\/\/franciscanos.org.br\/vidacrista\/wp-json\/wp\/v2\/comments?post=192992"}],"version-history":[{"count":1,"href":"https:\/\/franciscanos.org.br\/vidacrista\/wp-json\/wp\/v2\/posts\/192992\/revisions"}],"predecessor-version":[{"id":192994,"href":"https:\/\/franciscanos.org.br\/vidacrista\/wp-json\/wp\/v2\/posts\/192992\/revisions\/192994"}],"wp:featuredmedia":[{"embeddable":true,"href":"https:\/\/franciscanos.org.br\/vidacrista\/wp-json\/wp\/v2\/media\/192993"}],"wp:attachment":[{"href":"https:\/\/franciscanos.org.br\/vidacrista\/wp-json\/wp\/v2\/media?parent=192992"}],"wp:term":[{"taxonomy":"category","embeddable":true,"href":"https:\/\/franciscanos.org.br\/vidacrista\/wp-json\/wp\/v2\/categories?post=192992"},{"taxonomy":"post_tag","embeddable":true,"href":"https:\/\/franciscanos.org.br\/vidacrista\/wp-json\/wp\/v2\/tags?post=192992"}],"curies":[{"name":"wp","href":"https:\/\/api.w.org\/{rel}","templated":true}]}}