{"id":192891,"date":"2023-01-28T10:53:44","date_gmt":"2023-01-28T13:53:44","guid":{"rendered":"https:\/\/franciscanos.org.br\/vidacrista\/?p=192891"},"modified":"2023-01-28T10:53:44","modified_gmt":"2023-01-28T13:53:44","slug":"ratzinger-jamais-seria-um-ratzingeriano","status":"publish","type":"post","link":"https:\/\/franciscanos.org.br\/vidacrista\/ratzinger-jamais-seria-um-ratzingeriano\/","title":{"rendered":"Ratzinger jamais seria um \u201cratzingeriano\u201d"},"content":{"rendered":"<div id=\"attachment_192892\" style=\"width: 850px\" class=\"wp-caption alignnone\"><img aria-describedby=\"caption-attachment-192892\" decoding=\"async\" loading=\"lazy\" class=\"wp-image-192892 size-full\" src=\"https:\/\/franciscanos.org.br\/vidacrista\/wp-content\/uploads\/2023\/01\/bento_2801.jpg\" alt=\"\" width=\"840\" height=\"473\" srcset=\"https:\/\/franciscanos.org.br\/vidacrista\/wp-content\/uploads\/2023\/01\/bento_2801.jpg 840w, https:\/\/franciscanos.org.br\/vidacrista\/wp-content\/uploads\/2023\/01\/bento_2801-450x253.jpg 450w, https:\/\/franciscanos.org.br\/vidacrista\/wp-content\/uploads\/2023\/01\/bento_2801-768x432.jpg 768w, https:\/\/franciscanos.org.br\/vidacrista\/wp-content\/uploads\/2023\/01\/bento_2801-150x84.jpg 150w\" sizes=\"(max-width: 840px) 100vw, 840px\" \/><p id=\"caption-attachment-192892\" class=\"wp-caption-text\">\u00a0 \u00a0 \u00a0 \u00a0 \u00a0 \u00a0 \u00a0 \u00a0 \u00a0 \u00a0 \u00a0 \u00a0 \u00a0 \u00a0 \u00a0 \u00a0 \u00a0 \u00a0 \u00a0 \u00a0 \u00a0 \u00a0 \u00a0 \u00a0 \u00a0 \u00a0 \u00a0 \u00a0 \u00a0 \u00a0 \u00a0 \u00a0 \u00a0 \u00a0 \u00a0 \u00a0 \u00a0 \u00a0 \u00a0 \u00a0 \u00a0 \u00a0 \u00a0 \u00a0 \u00a0 \u00a0 \u00a0 \u00a0 \u00a0 \u00a0 \u00a0 \u00a0 \u00a0 \u00a0 \u00a0 \u00a0 \u00a0 \u00a0 \u00a0<em> \u00a0 Imagem: Vatican Media<\/em><\/p><\/div>\n<p><strong>Pe. Ademir Guedes Azevedo, cp.<\/strong><\/p>\n<p>Passados alguns dias da morte de Bento XVI, sinto-me motivado a tecer algumas considera\u00e7\u00f5es que me parecem oportunas. Em 2006 quando iniciei os estudos de Filosofia, meu formador nos sugeriu ler e discutir em comunidade a primeira enc\u00edclica do papa alem\u00e3o, <em>Deus caritas est<\/em>. Como eu estava mergulhado nos di\u00e1logos de Plat\u00e3o, a primeira parte da enc\u00edclica foi uma s\u00edntese de toda aquela filosofia, mas com um grande diferencial: n\u00e3o se tratava de um texto de simples metaf\u00edsica, mas era sobretudo um comp\u00eandio da vida crist\u00e3 baseado na espiritualidade que nos p\u00f5e em rela\u00e7\u00e3o com uma Pessoa: Jesus Cristo. Depois daquela experi\u00eancia, nunca deixei de ler e apreciar as p\u00e1ginas do professor, te\u00f3logo, pastor e papa J. Ratzinger.<\/p>\n<p>Qual foi na verdade o ponto de relev\u00e2ncia da teologia de Ratzinger que me convenceu de acompanh\u00e1-lo? A sua teologia dial\u00f3gica, jamais apolog\u00e9tica. J\u00e1 na primeira enc\u00edclica ele une o amor humano (Eros) sempre tido por impuro, com aquela outra forma de amor que nos foi dada na Revela\u00e7\u00e3o (\u00c1gape). Era motivante adentrar na maneira inteligente por meio da qual o papa articula a uni\u00e3o das duas formas de amor. Indo mais em profundo, ele trazia para todo o mundo a seguinte conclus\u00e3o-novidade: Deus tamb\u00e9m sente um Eros por sua criatura a ponto de vir ao seu encontro e fazer-se dom por ela. Como pode ser poss\u00edvel um Deus er\u00f3tico? Sim, em Jesus de Nazar\u00e9 h\u00e1 tamb\u00e9m esta forma de amor, mas com uma diferen\u00e7a que Nietzsche, com quem Ratzinger dialoga na primeira parte de sua enc\u00edclica, nunca se deu conta: a Cruz de Jesus cura o nosso Eros de seu ego\u00edsmo, fazendo-o ver o pr\u00f3ximo com admira\u00e7\u00e3o e caridade. Fant\u00e1stico!<\/p>\n<p>Assim come\u00e7ou meu encanto por essa teologia. Mas h\u00e1 ainda outro detalhe. Em sua \u00faltima enc\u00edclica (assinada por Papa Francisco), Bento XVI ia mais em profundo com sua teologia dial\u00f3gica: A f\u00e9 nos abre a uma transcend\u00eancia n\u00e3o abstrata e vazia, mas nos eleva a um Tu (citando Martin Buber) que d\u00e1 todo o sentido de nossa vida. Quando se descobre esse sentido passamos a viver para um outro tu: o meu pr\u00f3ximo ferido e necessitado. Essa \u00e9 a beleza da luz da f\u00e9 (<em>Lumen Fidei<\/em>): o encontro com um <strong>Tu<\/strong> (Deus) que me joga diante de um outro tu (meu pr\u00f3ximo). E \u00e9 s\u00f3 assim que a f\u00e9 cresce e confere um sentido global a minha exist\u00eancia.<\/p>\n<p>Quando li a autobiografia do ent\u00e3o cardeal Ratzinger e algumas de suas entrevistas, dei-me conta que ele desejava unicamente ser um professor de Teologia fundamental e transcorrer seus dias na tranquila Alemanha ao lado de seus estudantes. Mas n\u00e3o foi isso que a vida lhe reservou. Deus pediu mais dele, chamando-o a confirmar os irm\u00e3os na f\u00e9, como o ap\u00f3stolo Pedro. Uma vez papa, ele buscou ensinar as melhores li\u00e7\u00f5es que aprendeu dos seus dois grandes mestres: Agostinho de Hipona e S\u00e3o Boaventura. De Agostinho aprendeu a incluir o eu (por isso todo discurso sobre Deus implica necessariamente o homem), ou seja, os dramas da vida no relato teol\u00f3gico. J\u00e1 do autor do <em>Itinerarium mentis in Deum<\/em> deixou-se interpelar mais pela escola do amor que p\u00f5e em discuss\u00e3o o conceito de rela\u00e7\u00e3o com o divino. Para Ratzinger, isto era fundamental, visto que Deus n\u00e3o pode ser interpretado a partir de uma raz\u00e3o simplesmente abstrata e calculista. E assim foi o seu pontificado marcado por encontros, ternura, escuta e, al\u00e9m de tudo: an\u00fancio da verdade em um mundo tomado por um relativismo que quer abarcar tudo, mas sem nenhuma rela\u00e7\u00e3o e compromisso com um rosto concreto. Este foi Bento XVI!<\/p>\n<p>Em meu minist\u00e9rio de formador de candidatos \u00e0 vida consagrada, confesso que algumas vezes me assustei com as ideias e o estilo exterior de alguns jovens que chegavam \u00e0s nossas comunidades. J\u00e1 na etapa do proped\u00eautico, alguns vestiam batina preta e j\u00e1 traziam consigo estolas e casulas de todos os modelos. Questionando o porqu\u00ea de tanto excesso, recebi a resposta: \u201c\u00e9 devido o papa Bento XVI\u201d. Chocado, disse para mim mesmo: \u201cmeu Deus onde eles encontraram isso na teologia do papa em\u00e9rito?\u201d Outras manifesta\u00e7\u00f5es do g\u00eanero vinham sempre justificadas mediante a frase: \u201cfazemos assim porque somos ratzingerianos!\u201d O fundamentalismo e o clericalismo constituem uma exegese equivocada, uma interpreta\u00e7\u00e3o selvagem e um literalismo sem esp\u00edrito que acabam por trair a vida e a obra de Joseph Ratzinger.<\/p>\n<p>Geralmente, os fetiches que nascem em torno da m\u00e1 interpreta\u00e7\u00e3o do legado do papa alem\u00e3o s\u00e3o evidenciados no campo da liturgia, expressos num profundo formalismo e rubricismo inf\u00e9rtil. Todavia, n\u00e3o \u00e9 isso que se verifica nas p\u00e1ginas da <em>Introdu\u00e7\u00e3o ao esp\u00edrito da liturgia<\/em>, nem t\u00e3o pouco no volume XI da sua <em>Opera Omnia<\/em> nas quais Ratzinger nunca deixa de citar seu mestre Romano Guardini. Liturgia \u00e9 o primado de Deus na vida das almas. \u00c9 a verdadeira eleva\u00e7\u00e3o do esp\u00edrito humano em dire\u00e7\u00e3o ao seu criador, mas \u00e9 tamb\u00e9m encontro com a comunidade que se re\u00fane para adorar e nutrir-se da eucaristia que nos faz disc\u00edpulos no amor e na verdade. Pena que os chamados \u201cratzingerianos\u201d fazem da dimens\u00e3o mais sublime um instrumento apolog\u00e9tico para exprimir os pr\u00f3prios gostos pessoais, deixando de lado a primazia da pessoa de Jesus Cristo no mist\u00e9rio eucar\u00edstico.<\/p>\n<hr \/>\n<p><strong>Pe. Ademir Guedes Azevedo, cp,<\/strong>\u00a0<em>\u00e9 mission\u00e1rio passionista e mestre em Teologia Fundamental na Pontif\u00edcia Universidade Gregoriana. Atualmente, faz o doutorado em Teologia Fundamental nesta Universidade.<\/em><\/p>\n","protected":false},"excerpt":{"rendered":"<p>Artigo de Pe. Ademir Guedes Azevedo<\/p>\n","protected":false},"author":3,"featured_media":192892,"comment_status":"open","ping_status":"open","sticky":false,"template":"","format":"standard","meta":{"footnotes":""},"categories":[26],"tags":[188],"yoast_head":"<!-- This site is optimized with the Yoast SEO plugin v19.4 - https:\/\/yoast.com\/wordpress\/plugins\/seo\/ -->\n<title>Ratzinger jamais seria um \u201cratzingeriano\u201d - Vida Crist\u00e3 - Franciscanos<\/title>\n<meta name=\"robots\" content=\"index, follow, max-snippet:-1, max-image-preview:large, max-video-preview:-1\" \/>\n<link rel=\"canonical\" href=\"https:\/\/franciscanos.org.br\/vidacrista\/ratzinger-jamais-seria-um-ratzingeriano\/\" \/>\n<meta property=\"og:locale\" content=\"pt_BR\" \/>\n<meta property=\"og:type\" content=\"article\" \/>\n<meta property=\"og:title\" content=\"Ratzinger jamais seria um \u201cratzingeriano\u201d - Vida Crist\u00e3 - Franciscanos\" \/>\n<meta property=\"og:description\" content=\"Artigo de Pe. Ademir Guedes Azevedo\" \/>\n<meta property=\"og:url\" content=\"https:\/\/franciscanos.org.br\/vidacrista\/ratzinger-jamais-seria-um-ratzingeriano\/\" \/>\n<meta property=\"og:site_name\" content=\"Vida Crist\u00e3 - Franciscanos\" \/>\n<meta property=\"article:published_time\" content=\"2023-01-28T13:53:44+00:00\" \/>\n<meta property=\"og:image\" content=\"https:\/\/franciscanos.org.br\/vidacrista\/wp-content\/uploads\/2023\/01\/bento_2801.jpg\" \/>\n\t<meta property=\"og:image:width\" content=\"840\" \/>\n\t<meta property=\"og:image:height\" content=\"473\" \/>\n\t<meta property=\"og:image:type\" content=\"image\/jpeg\" \/>\n<meta name=\"author\" content=\"moacir\" \/>\n<meta name=\"twitter:card\" content=\"summary_large_image\" \/>\n<meta name=\"twitter:label1\" content=\"Escrito por\" \/>\n\t<meta name=\"twitter:data1\" content=\"moacir\" \/>\n\t<meta name=\"twitter:label2\" content=\"Est. tempo de leitura\" \/>\n\t<meta name=\"twitter:data2\" content=\"6 minutos\" \/>\n<script type=\"application\/ld+json\" class=\"yoast-schema-graph\">{\"@context\":\"https:\/\/schema.org\",\"@graph\":[{\"@type\":\"WebSite\",\"@id\":\"https:\/\/franciscanos.org.br\/vidacrista\/#website\",\"url\":\"https:\/\/franciscanos.org.br\/vidacrista\/\",\"name\":\"Vida Crist\u00e3 - Franciscanos\",\"description\":\"Prov\u00edncia Franciscana da Imaculada Concei\u00e7\u00e3o do Brasil - Ordem dos Frades Menores\",\"potentialAction\":[{\"@type\":\"SearchAction\",\"target\":{\"@type\":\"EntryPoint\",\"urlTemplate\":\"https:\/\/franciscanos.org.br\/vidacrista\/?s={search_term_string}\"},\"query-input\":\"required name=search_term_string\"}],\"inLanguage\":\"pt-BR\"},{\"@type\":\"WebPage\",\"@id\":\"https:\/\/franciscanos.org.br\/vidacrista\/ratzinger-jamais-seria-um-ratzingeriano\/\",\"url\":\"https:\/\/franciscanos.org.br\/vidacrista\/ratzinger-jamais-seria-um-ratzingeriano\/\",\"name\":\"Ratzinger jamais seria um \u201cratzingeriano\u201d - Vida Crist\u00e3 - Franciscanos\",\"isPartOf\":{\"@id\":\"https:\/\/franciscanos.org.br\/vidacrista\/#website\"},\"datePublished\":\"2023-01-28T13:53:44+00:00\",\"dateModified\":\"2023-01-28T13:53:44+00:00\",\"author\":{\"@id\":\"https:\/\/franciscanos.org.br\/vidacrista\/#\/schema\/person\/1880bdd2c350b735648725ef7614736a\"},\"breadcrumb\":{\"@id\":\"https:\/\/franciscanos.org.br\/vidacrista\/ratzinger-jamais-seria-um-ratzingeriano\/#breadcrumb\"},\"inLanguage\":\"pt-BR\",\"potentialAction\":[{\"@type\":\"ReadAction\",\"target\":[\"https:\/\/franciscanos.org.br\/vidacrista\/ratzinger-jamais-seria-um-ratzingeriano\/\"]}]},{\"@type\":\"BreadcrumbList\",\"@id\":\"https:\/\/franciscanos.org.br\/vidacrista\/ratzinger-jamais-seria-um-ratzingeriano\/#breadcrumb\",\"itemListElement\":[{\"@type\":\"ListItem\",\"position\":1,\"name\":\"Home\",\"item\":\"https:\/\/franciscanos.org.br\/vidacrista\/\"},{\"@type\":\"ListItem\",\"position\":2,\"name\":\"Ratzinger jamais seria um \u201cratzingeriano\u201d\"}]},{\"@type\":\"Person\",\"@id\":\"https:\/\/franciscanos.org.br\/vidacrista\/#\/schema\/person\/1880bdd2c350b735648725ef7614736a\",\"name\":\"moacir\",\"image\":{\"@type\":\"ImageObject\",\"inLanguage\":\"pt-BR\",\"@id\":\"https:\/\/franciscanos.org.br\/vidacrista\/#\/schema\/person\/image\/\",\"url\":\"https:\/\/secure.gravatar.com\/avatar\/d08aa2ce4c8dd416d4479aa8536fcf64?s=96&d=mm&r=g\",\"contentUrl\":\"https:\/\/secure.gravatar.com\/avatar\/d08aa2ce4c8dd416d4479aa8536fcf64?s=96&d=mm&r=g\",\"caption\":\"moacir\"},\"url\":\"https:\/\/franciscanos.org.br\/vidacrista\/author\/moacir\/\"}]}<\/script>\n<!-- \/ Yoast SEO plugin. -->","yoast_head_json":{"title":"Ratzinger jamais seria um \u201cratzingeriano\u201d - Vida Crist\u00e3 - Franciscanos","robots":{"index":"index","follow":"follow","max-snippet":"max-snippet:-1","max-image-preview":"max-image-preview:large","max-video-preview":"max-video-preview:-1"},"canonical":"https:\/\/franciscanos.org.br\/vidacrista\/ratzinger-jamais-seria-um-ratzingeriano\/","og_locale":"pt_BR","og_type":"article","og_title":"Ratzinger jamais seria um \u201cratzingeriano\u201d - Vida Crist\u00e3 - Franciscanos","og_description":"Artigo de Pe. Ademir Guedes Azevedo","og_url":"https:\/\/franciscanos.org.br\/vidacrista\/ratzinger-jamais-seria-um-ratzingeriano\/","og_site_name":"Vida Crist\u00e3 - Franciscanos","article_published_time":"2023-01-28T13:53:44+00:00","og_image":[{"width":840,"height":473,"url":"https:\/\/franciscanos.org.br\/vidacrista\/wp-content\/uploads\/2023\/01\/bento_2801.jpg","type":"image\/jpeg"}],"author":"moacir","twitter_card":"summary_large_image","twitter_misc":{"Escrito por":"moacir","Est. tempo de leitura":"6 minutos"},"schema":{"@context":"https:\/\/schema.org","@graph":[{"@type":"WebSite","@id":"https:\/\/franciscanos.org.br\/vidacrista\/#website","url":"https:\/\/franciscanos.org.br\/vidacrista\/","name":"Vida Crist\u00e3 - Franciscanos","description":"Prov\u00edncia Franciscana da Imaculada Concei\u00e7\u00e3o do Brasil - Ordem dos Frades Menores","potentialAction":[{"@type":"SearchAction","target":{"@type":"EntryPoint","urlTemplate":"https:\/\/franciscanos.org.br\/vidacrista\/?s={search_term_string}"},"query-input":"required name=search_term_string"}],"inLanguage":"pt-BR"},{"@type":"WebPage","@id":"https:\/\/franciscanos.org.br\/vidacrista\/ratzinger-jamais-seria-um-ratzingeriano\/","url":"https:\/\/franciscanos.org.br\/vidacrista\/ratzinger-jamais-seria-um-ratzingeriano\/","name":"Ratzinger jamais seria um \u201cratzingeriano\u201d - Vida Crist\u00e3 - Franciscanos","isPartOf":{"@id":"https:\/\/franciscanos.org.br\/vidacrista\/#website"},"datePublished":"2023-01-28T13:53:44+00:00","dateModified":"2023-01-28T13:53:44+00:00","author":{"@id":"https:\/\/franciscanos.org.br\/vidacrista\/#\/schema\/person\/1880bdd2c350b735648725ef7614736a"},"breadcrumb":{"@id":"https:\/\/franciscanos.org.br\/vidacrista\/ratzinger-jamais-seria-um-ratzingeriano\/#breadcrumb"},"inLanguage":"pt-BR","potentialAction":[{"@type":"ReadAction","target":["https:\/\/franciscanos.org.br\/vidacrista\/ratzinger-jamais-seria-um-ratzingeriano\/"]}]},{"@type":"BreadcrumbList","@id":"https:\/\/franciscanos.org.br\/vidacrista\/ratzinger-jamais-seria-um-ratzingeriano\/#breadcrumb","itemListElement":[{"@type":"ListItem","position":1,"name":"Home","item":"https:\/\/franciscanos.org.br\/vidacrista\/"},{"@type":"ListItem","position":2,"name":"Ratzinger jamais seria um \u201cratzingeriano\u201d"}]},{"@type":"Person","@id":"https:\/\/franciscanos.org.br\/vidacrista\/#\/schema\/person\/1880bdd2c350b735648725ef7614736a","name":"moacir","image":{"@type":"ImageObject","inLanguage":"pt-BR","@id":"https:\/\/franciscanos.org.br\/vidacrista\/#\/schema\/person\/image\/","url":"https:\/\/secure.gravatar.com\/avatar\/d08aa2ce4c8dd416d4479aa8536fcf64?s=96&d=mm&r=g","contentUrl":"https:\/\/secure.gravatar.com\/avatar\/d08aa2ce4c8dd416d4479aa8536fcf64?s=96&d=mm&r=g","caption":"moacir"},"url":"https:\/\/franciscanos.org.br\/vidacrista\/author\/moacir\/"}]}},"_links":{"self":[{"href":"https:\/\/franciscanos.org.br\/vidacrista\/wp-json\/wp\/v2\/posts\/192891"}],"collection":[{"href":"https:\/\/franciscanos.org.br\/vidacrista\/wp-json\/wp\/v2\/posts"}],"about":[{"href":"https:\/\/franciscanos.org.br\/vidacrista\/wp-json\/wp\/v2\/types\/post"}],"author":[{"embeddable":true,"href":"https:\/\/franciscanos.org.br\/vidacrista\/wp-json\/wp\/v2\/users\/3"}],"replies":[{"embeddable":true,"href":"https:\/\/franciscanos.org.br\/vidacrista\/wp-json\/wp\/v2\/comments?post=192891"}],"version-history":[{"count":1,"href":"https:\/\/franciscanos.org.br\/vidacrista\/wp-json\/wp\/v2\/posts\/192891\/revisions"}],"predecessor-version":[{"id":192893,"href":"https:\/\/franciscanos.org.br\/vidacrista\/wp-json\/wp\/v2\/posts\/192891\/revisions\/192893"}],"wp:featuredmedia":[{"embeddable":true,"href":"https:\/\/franciscanos.org.br\/vidacrista\/wp-json\/wp\/v2\/media\/192892"}],"wp:attachment":[{"href":"https:\/\/franciscanos.org.br\/vidacrista\/wp-json\/wp\/v2\/media?parent=192891"}],"wp:term":[{"taxonomy":"category","embeddable":true,"href":"https:\/\/franciscanos.org.br\/vidacrista\/wp-json\/wp\/v2\/categories?post=192891"},{"taxonomy":"post_tag","embeddable":true,"href":"https:\/\/franciscanos.org.br\/vidacrista\/wp-json\/wp\/v2\/tags?post=192891"}],"curies":[{"name":"wp","href":"https:\/\/api.w.org\/{rel}","templated":true}]}}