{"id":192869,"date":"2023-01-13T06:51:49","date_gmt":"2023-01-13T09:51:49","guid":{"rendered":"https:\/\/franciscanos.org.br\/vidacrista\/?p=192869"},"modified":"2023-01-13T06:51:49","modified_gmt":"2023-01-13T09:51:49","slug":"jesus-a-fe-um-paralitico-conflitos-com-as-autoridades-religiosas-da-palestina-e-os-atos-terroristas-em-brasilia-mc-21-12","status":"publish","type":"post","link":"https:\/\/franciscanos.org.br\/vidacrista\/jesus-a-fe-um-paralitico-conflitos-com-as-autoridades-religiosas-da-palestina-e-os-atos-terroristas-em-brasilia-mc-21-12\/","title":{"rendered":"Jesus, a f\u00e9, um paral\u00edtico, conflitos com as autoridades religiosas da Palestina e os atos terroristas em Bras\u00edlia (Mc 2,1-12)"},"content":{"rendered":"<div id=\"attachment_192870\" style=\"width: 850px\" class=\"wp-caption alignnone\"><img aria-describedby=\"caption-attachment-192870\" decoding=\"async\" loading=\"lazy\" class=\"wp-image-192870 size-full\" src=\"https:\/\/franciscanos.org.br\/vidacrista\/wp-content\/uploads\/2023\/01\/artigo_1301.jpg\" alt=\"\" width=\"840\" height=\"485\" srcset=\"https:\/\/franciscanos.org.br\/vidacrista\/wp-content\/uploads\/2023\/01\/artigo_1301.jpg 840w, https:\/\/franciscanos.org.br\/vidacrista\/wp-content\/uploads\/2023\/01\/artigo_1301-450x260.jpg 450w, https:\/\/franciscanos.org.br\/vidacrista\/wp-content\/uploads\/2023\/01\/artigo_1301-768x443.jpg 768w, https:\/\/franciscanos.org.br\/vidacrista\/wp-content\/uploads\/2023\/01\/artigo_1301-150x87.jpg 150w\" sizes=\"(max-width: 840px) 100vw, 840px\" \/><p id=\"caption-attachment-192870\" class=\"wp-caption-text\"><em>Cristo e o paral\u00edtico de Bethesda, de Palma il Giovane, 1592 (Wikipedia, dom\u00ednio p\u00fablico).<\/em><\/p><\/div>\n<p><em>Frei Jacir de Freitas Faria<\/em> <a href=\"#_ftn1\" name=\"_ftnref1\">[1]<\/a><\/p>\n<p>O evangelho sobre o qual vamos refletir \u00e9 Mc 2,1-12. Trata-se de uma passagem que comp\u00f5e a primeira parte do evangelho de Marcos, isto \u00e9, Mc 1,14\u20143,16. <strong>A c<\/strong>omunidade de Marcos recorda Jesus atuando em conflito com o sistema opressor romano e religioso da Palestina. Jesus, por estar ao lado dos enfermos, dos endemoniados, dos leprosos, da mulher, dos pecadores e dos transgressores da lei, est\u00e1 em constante atrito com os escribas, aqueles que copiavam os textos b\u00edblicos; com os fariseus, os que interpretavam a leis; e com os herodianos, os leais defensores do cruel Herodes Antipas, que n\u00e3o queria perder o poder que Roma lhe havia confiado na Palestina. Qualquer semelhan\u00e7a com a nossa realidade \u00e9 mera coincid\u00eancia!<br \/>\n<iframe loading=\"lazy\" title=\"YouTube video player\" src=\"https:\/\/www.youtube.com\/embed\/05aKUytZ3gI\" width=\"100%0\" height=\"500\" frameborder=\"0\" allowfullscreen=\"allowfullscreen\"><span data-mce-type=\"bookmark\" style=\"display: inline-block; width: 0px; overflow: hidden; line-height: 0;\" class=\"mce_SELRES_start\">\ufeff<\/span><\/iframe><\/p>\n<p>Estando na cidade de Cafarnaum, Jesus atua na casa (1,29; 2,1; 2,15) e confronta, em dia de s\u00e1bado, com os seus advers\u00e1rios na sinagoga (1,21; 3,1), lugar oficial do poder das autoridades judaicas.<\/p>\n<p>Em Mc 1,14\u20143,16, Jesus come\u00e7a sua atua\u00e7\u00e3o na casa de Sim\u00e3o Pedro, fazendo com que um paral\u00edtico se levante e ande com as suas pr\u00f3prias pernas (2,1-12). No fim, na sinagoga (3,1-6), ele pede a um homem que tinha a m\u00e3o atrofiada para se levantar e ir para o meio, lugar de destaque. No centro das narrativas est\u00e3o tr\u00eas banquetes. Um com os pecadores (2,13-17), outro com os transgressores (2, 23-28). Por fim, no centro do bloco narrativo est\u00e1 o banquete nupcial (2,18-22), no qual Jesus \u00e9 o noivo presente na festa, quando ent\u00e3o n\u00e3o \u00e9 permitido jejuar.<\/p>\n<p>Em Cafarnaum, o povo ouviu falar que ele estava em casa.\u00a0Ent\u00e3o, muita gente se reuniu ali, de forma que n\u00e3o havia lugar nem junto \u00e0 porta; e ele lhes pregava a palavra. Jesus rompe a barreira da sinagoga, prega a palavra e atrai multid\u00f5es.\u00a0<strong>Vieram quatro<\/strong> homens trazendo-lhe um paral\u00edtico, mas estavam impedidos de entrar por causa da multid\u00e3o. Eles abrem o teto da casa para descer o homem com mobilidade reduzida. O n\u00famero quatro representa o car\u00e1ter universal da casa que se abre, por representar, no juda\u00edsmo, a universalidade. <a href=\"#_ftn2\" name=\"_ftnref2\">[2]<\/a><\/p>\n<p>Quatro s\u00e3o os rios no jardim do \u00c9den (Gn 2,10) que se abre ao mundo. O paral\u00edtico \u00e9 o personagem central (vv. 3.4.5.9.10), ainda que o que mais chama a aten\u00e7\u00e3o no texto s\u00e3o os quatro que levam a Jesus. \u00a0O paral\u00edtico est\u00e1 com um lado morto do corpo, por isso era marginalizado pela sociedade, pelos judeus.<\/p>\n<p>Salta aos olhos o fato de Jesus n\u00e3o perguntar pela f\u00e9 do paral\u00edtico e o destaque dado \u00e0 atitude dos quatro homens que o levam, os quais representam a comunidade dos que creem. \u00a0Interessante tamb\u00e9m \u00e9 o fato de Jesus, agir como pai, ao chamar o intruso de filho. Com isso, ele passa a ter lugar na fam\u00edlia de Jesus, est\u00e1 unido \u00e0 comunidade. Jesus chama de filho somente os disc\u00edpulos (10,24).<\/p>\n<p>Quando Jesus diz ao paral\u00edtico: \u201cos seus pecados te s\u00e3o perdoados\u201d, acontece a integra\u00e7\u00e3o do impuro na sociedade. A mutila\u00e7\u00e3o do corpo era considerada marca de uma culpa e, por isso, impureza. Somente os sacerdotes podiam possibilitar o perd\u00e3o dos pecados mediante o complicado sistema do culto. Jesus, sendo Deus, rompe com esse sistema e estabelece o conflito.<\/p>\n<p>Contr\u00e1rios ao paral\u00edtico que levanta, toma a sua cama e anda, os escribas e fariseus permaneciam sentados, paralisados nas suas cren\u00e7as e crendo que tinham autoridade. Na verdade, eles \u00e9 que s\u00e3o os verdadeiros paral\u00edticos. A rea\u00e7\u00e3o deles \u00e9 de dizer que Jesus blasfema, pois quem poderia perdoar pecados seria somente Deus.<\/p>\n<p>O olhar de Jesus \u00e9 para os quatros e n\u00e3o para o paral\u00edtico. E foi pela f\u00e9 deles que Jesus olhou para o paral\u00edtico que nada pediu. Para n\u00f3s, restam alguns questionamentos: Como est\u00e1 a nossa f\u00e9? Somos capazes de carregar no colo os que necessitam de nossa ajuda ou estamos como os mestres da lei, sentados e apegados ao que diz a Lei? O brilho do olhar de Jesus transformou interiormente o paral\u00edtico, o que fez com ele fosse capaz de se levantar e caminhar com as pr\u00f3prias pernas em dire\u00e7\u00e3o \u00e0 comunidade que o acolheu. Acolher na f\u00e9, praticar a f\u00e9, acreditar sempre, perdoar sempre s\u00e3o os caminhos apontados por Jesus, no confronto com as autoridades religiosas do Juda\u00edsmo, ainda que em certos momentos precisemos romper os tetos que paralisam a vida.<\/p>\n<p>Diante da tem\u00e1tica do conflito estabelecido por Jesus, outra reflex\u00e3o se imp\u00f5e. A sociedade brasileira est\u00e1 vivendo momentos de acirramentos de posi\u00e7\u00f5es antag\u00f4nicas nas esferas pol\u00edtica e religiosa. Os \u00faltimos quatro anos foram marcados pelo despertar da viol\u00eancia que mora dentro de n\u00f3s, a partir do falso discurso em defesa da fam\u00edlia, da religi\u00e3o, da p\u00e1tria e contra o comunismo. A arma desenhada no punho da m\u00e3o esteve na base da bestialidade que cheira a terrorismo, ao depredar os bens p\u00fablicos em Bras\u00edlia, afrontando a democracia brasileira, constru\u00edda a duras penas, sob o regime ditatorial que matou, aprisionou, mutilou e paralisou a vida de muitos filhos e filhas de nossa p\u00e1tria amada Brasil. Nada justifica o vandalismo! Essas atitudes n\u00e3o condizem com a f\u00e9 ensinada por Jesus. Ele afrontou poderes, mas sem o uso da viol\u00eancia. Terrorismos, vandalismos n\u00e3o combinam com o ser crist\u00e3o! Respeitar as diferen\u00e7as e as decis\u00f5es democr\u00e1ticas \u00e9 o que nos unem na luta por um mundo justo, que inclui os empobrecidos. Mudemos o rumo de nossa hist\u00f3ria na paz e no bem.<\/p>\n<hr \/>\n<p><a href=\"#_ftnref1\" name=\"_ftn1\">[1]<\/a>Doutor em Teologia B\u00edblica pela FAJE (BH). Mestre em Ci\u00eancias B\u00edblicas (Exegese) pelo Pontif\u00edcio Instituto B\u00edblico de Roma. Professor de Exegese B\u00edblica. \u00c9 membro da Associa\u00e7\u00e3o Brasileira de Pesquisa B\u00edblica (ABIB). Sacerdote Franciscano. Autor de dez livros e coautor de quinze. Youtube: Frei Jacir B\u00edblia e Ap\u00f3crifos. <a href=\"https:\/\/www.youtube.com\/channel\/UCwbSE97jnR6jQwHRigX1KlQ\">https:\/\/www.youtube.com\/channel\/UCwbSE97jnR6jQwHRigX1KlQ<\/a><\/p>\n<p><a href=\"#_ftnref2\" name=\"_ftn2\">[2]<\/a>SOARES, Sebasti\u00e3o Armando Gameleira; J\u00daNIOR, Jo\u00e3o Luiz Corr\u00eaa; SILVA, Jos\u00e9 Raimundo, <strong>Marcos <\/strong>(Coment\u00e1rio B\u00edblico Latinoamericano), S\u00e3o Paulo\/Aparecedia: Fonte Editorial\/Sinodal, 2013, p.103.<\/p>\n","protected":false},"excerpt":{"rendered":"<p>Artigo de Frei Jacir de Freitas Faria<\/p>\n","protected":false},"author":3,"featured_media":192870,"comment_status":"open","ping_status":"open","sticky":false,"template":"","format":"standard","meta":{"footnotes":""},"categories":[26],"tags":[43],"yoast_head":"<!-- This site is optimized with the Yoast SEO plugin v19.4 - https:\/\/yoast.com\/wordpress\/plugins\/seo\/ -->\n<title>Jesus, a f\u00e9, um paral\u00edtico, conflitos com as autoridades religiosas da Palestina e os atos terroristas em Bras\u00edlia (Mc 2,1-12) - Vida Crist\u00e3 - Franciscanos<\/title>\n<meta name=\"robots\" content=\"index, follow, max-snippet:-1, max-image-preview:large, max-video-preview:-1\" \/>\n<link rel=\"canonical\" href=\"https:\/\/franciscanos.org.br\/vidacrista\/jesus-a-fe-um-paralitico-conflitos-com-as-autoridades-religiosas-da-palestina-e-os-atos-terroristas-em-brasilia-mc-21-12\/\" \/>\n<meta property=\"og:locale\" content=\"pt_BR\" \/>\n<meta property=\"og:type\" content=\"article\" \/>\n<meta property=\"og:title\" content=\"Jesus, a f\u00e9, um paral\u00edtico, conflitos com as autoridades religiosas da Palestina e os atos terroristas em Bras\u00edlia (Mc 2,1-12) - Vida Crist\u00e3 - Franciscanos\" \/>\n<meta property=\"og:description\" content=\"Artigo de Frei Jacir de Freitas Faria\" \/>\n<meta property=\"og:url\" content=\"https:\/\/franciscanos.org.br\/vidacrista\/jesus-a-fe-um-paralitico-conflitos-com-as-autoridades-religiosas-da-palestina-e-os-atos-terroristas-em-brasilia-mc-21-12\/\" \/>\n<meta property=\"og:site_name\" content=\"Vida Crist\u00e3 - Franciscanos\" \/>\n<meta property=\"article:published_time\" content=\"2023-01-13T09:51:49+00:00\" \/>\n<meta property=\"og:image\" content=\"https:\/\/franciscanos.org.br\/vidacrista\/wp-content\/uploads\/2023\/01\/artigo_1301.jpg\" \/>\n\t<meta property=\"og:image:width\" content=\"840\" \/>\n\t<meta property=\"og:image:height\" content=\"485\" \/>\n\t<meta property=\"og:image:type\" content=\"image\/jpeg\" \/>\n<meta name=\"author\" content=\"moacir\" \/>\n<meta name=\"twitter:card\" content=\"summary_large_image\" \/>\n<meta name=\"twitter:label1\" content=\"Escrito por\" \/>\n\t<meta name=\"twitter:data1\" content=\"moacir\" \/>\n\t<meta name=\"twitter:label2\" content=\"Est. tempo de leitura\" \/>\n\t<meta name=\"twitter:data2\" content=\"6 minutos\" \/>\n<script type=\"application\/ld+json\" class=\"yoast-schema-graph\">{\"@context\":\"https:\/\/schema.org\",\"@graph\":[{\"@type\":\"WebSite\",\"@id\":\"https:\/\/franciscanos.org.br\/vidacrista\/#website\",\"url\":\"https:\/\/franciscanos.org.br\/vidacrista\/\",\"name\":\"Vida Crist\u00e3 - Franciscanos\",\"description\":\"Prov\u00edncia Franciscana da Imaculada Concei\u00e7\u00e3o do Brasil - Ordem dos Frades Menores\",\"potentialAction\":[{\"@type\":\"SearchAction\",\"target\":{\"@type\":\"EntryPoint\",\"urlTemplate\":\"https:\/\/franciscanos.org.br\/vidacrista\/?s={search_term_string}\"},\"query-input\":\"required name=search_term_string\"}],\"inLanguage\":\"pt-BR\"},{\"@type\":\"WebPage\",\"@id\":\"https:\/\/franciscanos.org.br\/vidacrista\/jesus-a-fe-um-paralitico-conflitos-com-as-autoridades-religiosas-da-palestina-e-os-atos-terroristas-em-brasilia-mc-21-12\/\",\"url\":\"https:\/\/franciscanos.org.br\/vidacrista\/jesus-a-fe-um-paralitico-conflitos-com-as-autoridades-religiosas-da-palestina-e-os-atos-terroristas-em-brasilia-mc-21-12\/\",\"name\":\"Jesus, a f\u00e9, um paral\u00edtico, conflitos com as autoridades religiosas da Palestina e os atos terroristas em Bras\u00edlia (Mc 2,1-12) - Vida Crist\u00e3 - Franciscanos\",\"isPartOf\":{\"@id\":\"https:\/\/franciscanos.org.br\/vidacrista\/#website\"},\"datePublished\":\"2023-01-13T09:51:49+00:00\",\"dateModified\":\"2023-01-13T09:51:49+00:00\",\"author\":{\"@id\":\"https:\/\/franciscanos.org.br\/vidacrista\/#\/schema\/person\/1880bdd2c350b735648725ef7614736a\"},\"breadcrumb\":{\"@id\":\"https:\/\/franciscanos.org.br\/vidacrista\/jesus-a-fe-um-paralitico-conflitos-com-as-autoridades-religiosas-da-palestina-e-os-atos-terroristas-em-brasilia-mc-21-12\/#breadcrumb\"},\"inLanguage\":\"pt-BR\",\"potentialAction\":[{\"@type\":\"ReadAction\",\"target\":[\"https:\/\/franciscanos.org.br\/vidacrista\/jesus-a-fe-um-paralitico-conflitos-com-as-autoridades-religiosas-da-palestina-e-os-atos-terroristas-em-brasilia-mc-21-12\/\"]}]},{\"@type\":\"BreadcrumbList\",\"@id\":\"https:\/\/franciscanos.org.br\/vidacrista\/jesus-a-fe-um-paralitico-conflitos-com-as-autoridades-religiosas-da-palestina-e-os-atos-terroristas-em-brasilia-mc-21-12\/#breadcrumb\",\"itemListElement\":[{\"@type\":\"ListItem\",\"position\":1,\"name\":\"Home\",\"item\":\"https:\/\/franciscanos.org.br\/vidacrista\/\"},{\"@type\":\"ListItem\",\"position\":2,\"name\":\"Jesus, a f\u00e9, um paral\u00edtico, conflitos com as autoridades religiosas da Palestina e os atos terroristas em Bras\u00edlia (Mc 2,1-12)\"}]},{\"@type\":\"Person\",\"@id\":\"https:\/\/franciscanos.org.br\/vidacrista\/#\/schema\/person\/1880bdd2c350b735648725ef7614736a\",\"name\":\"moacir\",\"image\":{\"@type\":\"ImageObject\",\"inLanguage\":\"pt-BR\",\"@id\":\"https:\/\/franciscanos.org.br\/vidacrista\/#\/schema\/person\/image\/\",\"url\":\"https:\/\/secure.gravatar.com\/avatar\/d08aa2ce4c8dd416d4479aa8536fcf64?s=96&d=mm&r=g\",\"contentUrl\":\"https:\/\/secure.gravatar.com\/avatar\/d08aa2ce4c8dd416d4479aa8536fcf64?s=96&d=mm&r=g\",\"caption\":\"moacir\"},\"url\":\"https:\/\/franciscanos.org.br\/vidacrista\/author\/moacir\/\"}]}<\/script>\n<!-- \/ Yoast SEO plugin. -->","yoast_head_json":{"title":"Jesus, a f\u00e9, um paral\u00edtico, conflitos com as autoridades religiosas da Palestina e os atos terroristas em Bras\u00edlia (Mc 2,1-12) - Vida Crist\u00e3 - Franciscanos","robots":{"index":"index","follow":"follow","max-snippet":"max-snippet:-1","max-image-preview":"max-image-preview:large","max-video-preview":"max-video-preview:-1"},"canonical":"https:\/\/franciscanos.org.br\/vidacrista\/jesus-a-fe-um-paralitico-conflitos-com-as-autoridades-religiosas-da-palestina-e-os-atos-terroristas-em-brasilia-mc-21-12\/","og_locale":"pt_BR","og_type":"article","og_title":"Jesus, a f\u00e9, um paral\u00edtico, conflitos com as autoridades religiosas da Palestina e os atos terroristas em Bras\u00edlia (Mc 2,1-12) - Vida Crist\u00e3 - Franciscanos","og_description":"Artigo de Frei Jacir de Freitas Faria","og_url":"https:\/\/franciscanos.org.br\/vidacrista\/jesus-a-fe-um-paralitico-conflitos-com-as-autoridades-religiosas-da-palestina-e-os-atos-terroristas-em-brasilia-mc-21-12\/","og_site_name":"Vida Crist\u00e3 - Franciscanos","article_published_time":"2023-01-13T09:51:49+00:00","og_image":[{"width":840,"height":485,"url":"https:\/\/franciscanos.org.br\/vidacrista\/wp-content\/uploads\/2023\/01\/artigo_1301.jpg","type":"image\/jpeg"}],"author":"moacir","twitter_card":"summary_large_image","twitter_misc":{"Escrito por":"moacir","Est. tempo de leitura":"6 minutos"},"schema":{"@context":"https:\/\/schema.org","@graph":[{"@type":"WebSite","@id":"https:\/\/franciscanos.org.br\/vidacrista\/#website","url":"https:\/\/franciscanos.org.br\/vidacrista\/","name":"Vida Crist\u00e3 - Franciscanos","description":"Prov\u00edncia Franciscana da Imaculada Concei\u00e7\u00e3o do Brasil - Ordem dos Frades Menores","potentialAction":[{"@type":"SearchAction","target":{"@type":"EntryPoint","urlTemplate":"https:\/\/franciscanos.org.br\/vidacrista\/?s={search_term_string}"},"query-input":"required name=search_term_string"}],"inLanguage":"pt-BR"},{"@type":"WebPage","@id":"https:\/\/franciscanos.org.br\/vidacrista\/jesus-a-fe-um-paralitico-conflitos-com-as-autoridades-religiosas-da-palestina-e-os-atos-terroristas-em-brasilia-mc-21-12\/","url":"https:\/\/franciscanos.org.br\/vidacrista\/jesus-a-fe-um-paralitico-conflitos-com-as-autoridades-religiosas-da-palestina-e-os-atos-terroristas-em-brasilia-mc-21-12\/","name":"Jesus, a f\u00e9, um paral\u00edtico, conflitos com as autoridades religiosas da Palestina e os atos terroristas em Bras\u00edlia (Mc 2,1-12) - Vida Crist\u00e3 - Franciscanos","isPartOf":{"@id":"https:\/\/franciscanos.org.br\/vidacrista\/#website"},"datePublished":"2023-01-13T09:51:49+00:00","dateModified":"2023-01-13T09:51:49+00:00","author":{"@id":"https:\/\/franciscanos.org.br\/vidacrista\/#\/schema\/person\/1880bdd2c350b735648725ef7614736a"},"breadcrumb":{"@id":"https:\/\/franciscanos.org.br\/vidacrista\/jesus-a-fe-um-paralitico-conflitos-com-as-autoridades-religiosas-da-palestina-e-os-atos-terroristas-em-brasilia-mc-21-12\/#breadcrumb"},"inLanguage":"pt-BR","potentialAction":[{"@type":"ReadAction","target":["https:\/\/franciscanos.org.br\/vidacrista\/jesus-a-fe-um-paralitico-conflitos-com-as-autoridades-religiosas-da-palestina-e-os-atos-terroristas-em-brasilia-mc-21-12\/"]}]},{"@type":"BreadcrumbList","@id":"https:\/\/franciscanos.org.br\/vidacrista\/jesus-a-fe-um-paralitico-conflitos-com-as-autoridades-religiosas-da-palestina-e-os-atos-terroristas-em-brasilia-mc-21-12\/#breadcrumb","itemListElement":[{"@type":"ListItem","position":1,"name":"Home","item":"https:\/\/franciscanos.org.br\/vidacrista\/"},{"@type":"ListItem","position":2,"name":"Jesus, a f\u00e9, um paral\u00edtico, conflitos com as autoridades religiosas da Palestina e os atos terroristas em Bras\u00edlia (Mc 2,1-12)"}]},{"@type":"Person","@id":"https:\/\/franciscanos.org.br\/vidacrista\/#\/schema\/person\/1880bdd2c350b735648725ef7614736a","name":"moacir","image":{"@type":"ImageObject","inLanguage":"pt-BR","@id":"https:\/\/franciscanos.org.br\/vidacrista\/#\/schema\/person\/image\/","url":"https:\/\/secure.gravatar.com\/avatar\/d08aa2ce4c8dd416d4479aa8536fcf64?s=96&d=mm&r=g","contentUrl":"https:\/\/secure.gravatar.com\/avatar\/d08aa2ce4c8dd416d4479aa8536fcf64?s=96&d=mm&r=g","caption":"moacir"},"url":"https:\/\/franciscanos.org.br\/vidacrista\/author\/moacir\/"}]}},"_links":{"self":[{"href":"https:\/\/franciscanos.org.br\/vidacrista\/wp-json\/wp\/v2\/posts\/192869"}],"collection":[{"href":"https:\/\/franciscanos.org.br\/vidacrista\/wp-json\/wp\/v2\/posts"}],"about":[{"href":"https:\/\/franciscanos.org.br\/vidacrista\/wp-json\/wp\/v2\/types\/post"}],"author":[{"embeddable":true,"href":"https:\/\/franciscanos.org.br\/vidacrista\/wp-json\/wp\/v2\/users\/3"}],"replies":[{"embeddable":true,"href":"https:\/\/franciscanos.org.br\/vidacrista\/wp-json\/wp\/v2\/comments?post=192869"}],"version-history":[{"count":1,"href":"https:\/\/franciscanos.org.br\/vidacrista\/wp-json\/wp\/v2\/posts\/192869\/revisions"}],"predecessor-version":[{"id":192871,"href":"https:\/\/franciscanos.org.br\/vidacrista\/wp-json\/wp\/v2\/posts\/192869\/revisions\/192871"}],"wp:featuredmedia":[{"embeddable":true,"href":"https:\/\/franciscanos.org.br\/vidacrista\/wp-json\/wp\/v2\/media\/192870"}],"wp:attachment":[{"href":"https:\/\/franciscanos.org.br\/vidacrista\/wp-json\/wp\/v2\/media?parent=192869"}],"wp:term":[{"taxonomy":"category","embeddable":true,"href":"https:\/\/franciscanos.org.br\/vidacrista\/wp-json\/wp\/v2\/categories?post=192869"},{"taxonomy":"post_tag","embeddable":true,"href":"https:\/\/franciscanos.org.br\/vidacrista\/wp-json\/wp\/v2\/tags?post=192869"}],"curies":[{"name":"wp","href":"https:\/\/api.w.org\/{rel}","templated":true}]}}