{"id":192853,"date":"2023-01-10T07:04:21","date_gmt":"2023-01-10T10:04:21","guid":{"rendered":"https:\/\/franciscanos.org.br\/vidacrista\/?p=192853"},"modified":"2023-01-10T07:05:29","modified_gmt":"2023-01-10T10:05:29","slug":"janeiro-branco-a-vida-pede-equilibrio","status":"publish","type":"post","link":"https:\/\/franciscanos.org.br\/vidacrista\/janeiro-branco-a-vida-pede-equilibrio\/","title":{"rendered":"Janeiro Branco: a vida pede equil\u00edbrio"},"content":{"rendered":"<div id=\"attachment_192854\" style=\"width: 850px\" class=\"wp-caption alignnone\"><img aria-describedby=\"caption-attachment-192854\" decoding=\"async\" loading=\"lazy\" class=\"wp-image-192854 size-full\" src=\"https:\/\/franciscanos.org.br\/vidacrista\/wp-content\/uploads\/2023\/01\/JaneiroBranco.jpg\" alt=\"\" width=\"840\" height=\"450\" srcset=\"https:\/\/franciscanos.org.br\/vidacrista\/wp-content\/uploads\/2023\/01\/JaneiroBranco.jpg 840w, https:\/\/franciscanos.org.br\/vidacrista\/wp-content\/uploads\/2023\/01\/JaneiroBranco-450x241.jpg 450w, https:\/\/franciscanos.org.br\/vidacrista\/wp-content\/uploads\/2023\/01\/JaneiroBranco-768x411.jpg 768w, https:\/\/franciscanos.org.br\/vidacrista\/wp-content\/uploads\/2023\/01\/JaneiroBranco-150x80.jpg 150w\" sizes=\"(max-width: 840px) 100vw, 840px\" \/><p id=\"caption-attachment-192854\" class=\"wp-caption-text\"><em>Imagem: Governo do Rio de Janeir<\/em>o (<a href=\"https:\/\/www.saude.rj.gov.br\/viver-melhor)\">https:\/\/www.saude.rj.gov.br\/viver-melhor)<\/a><\/p><\/div>\n<p><strong>Robson Ribeiro de Oliveira Castro Chaves<\/strong><\/p>\n<p>Em 2023, o tema do Movimento Janeiro Branco n\u00e3o poderia ser outro: A vida pede equil\u00edbrio! O Janeiro Branco \u00e9 um movimento social dedicado \u00e0 constru\u00e7\u00e3o de uma cultura da Sa\u00fade Mental na humanidade. O primeiro m\u00eas do ano \u00e9 de fato o que inspira essa campanha, pois ele nos d\u00e1 a condi\u00e7\u00e3o de refletir acerca de nossas vidas, nossas rela\u00e7\u00f5es, dos sentidos que cada uma delas possuem, do passado que vivemos e dos objetivos que desejamos alcan\u00e7ar no ano que se inicia.<\/p>\n<p>Devemos ter cuidado com a vida, respeitar o pr\u00f3ximo. Em tempos de um contexto em que o ser humano \u00e9 descart\u00e1vel vivemos rela\u00e7\u00f5es que s\u00f3 visam lucro. O Papa Francisco nos convoca a refletir sobre a condi\u00e7\u00e3o do ser humano e sua essencial caracter\u00edstica: a rela\u00e7\u00e3o com o outro, desta forma, na Enc\u00edclica <em>Laudato si\u2019<\/em> sobre o cuidado com a casa comum, ou seja, o cuidado com o planeta e todos os seres que vivos, ele nos apresenta a preocupa\u00e7\u00e3o com o modo como a humanidade vive hoje sob o poder tecnol\u00f3gico e que o ser humano se tornou um mero objeto a ser possu\u00eddo, dominado e consumido pelo poder (cf. LS, 106).<\/p>\n<p>Assim, com a necess\u00e1ria rela\u00e7\u00e3o entre os seres, vivemos em uma sociedade imersa no ego\u00edsmo, na gan\u00e2ncia e no narcisismo. Para tanto \u00e9 urgente confirmar a convoca\u00e7\u00e3o a uma \u00e9tica do cuidado e do zelo pelo pr\u00f3ximo, pois, ao se falar de vidas humanas, todos os esfor\u00e7os devem ser colocados em pr\u00e1tica para salvar. Essa concep\u00e7\u00e3o de cuidado, \u00e9 essencial na constru\u00e7\u00e3o de uma sociedade mais aut\u00eantica e comprometida. Destarte \u00e9 essencial que saibamos discernir a constru\u00e7\u00e3o de uma identidade para a reflex\u00e3o de uma responsabilidade associada \u00e0 capacidade de cada um em assumir as consequ\u00eancias de suas op\u00e7\u00f5es e tamb\u00e9m de refletir sobre o cuidado e o zelo pelo outro.<\/p>\n<p>\u00c9 preciso nos apoiar na realidade, encarar o que estamos vivendo. N\u00e3o podemos deixar \u00a0o ego\u00edsmo e o individualismo tomar conta de nossas rela\u00e7\u00f5es. Como diria Paulo Freire, educador brasileiro, \u00e9 preciso ter esperan\u00e7a, mas ter esperan\u00e7a do verbo esperan\u00e7ar; ou seja: se levantar, ir atr\u00e1s, construir, n\u00e3o desistir! \u00a0Em s\u00edntese, esperan\u00e7ar \u00e9 ter f\u00e9 na vida.<\/p>\n<p>Com isso, devemos fazer algo diferente, devemos ser respons\u00e1veis e \u00edntegros em nossas escolhas. Diante dos desafios, somos chamados a nos colocar no processo de reinven\u00e7\u00e3o do cotidiano. Um mundo realmente novo s\u00f3 ser\u00e1 poss\u00edvel sob a condi\u00e7\u00e3o de sermos respons\u00e1veis por ajudar a construir a mudan\u00e7a que esperamos e de ousar em construir este mundo de transforma\u00e7\u00e3o e esperan\u00e7a. A realidade atual vivenciada por n\u00f3s \u00e9 um convite a olhar para o nosso caminho e recriar esperan\u00e7a e gestar uma realidade nova, novos projetos e outro jeito de viver: mais humano, mais \u00e9tico e solid\u00e1rio.<\/p>\n<p>Sendo assim, somos convocados a pensar sobre a nossa voca\u00e7\u00e3o \u00e0 solidariedade que nos d\u00e1 condi\u00e7\u00f5es de refletir sobre a realidade humana, seu contexto e, principalmente, os desafios da conviv\u00eancia. Assim \u00e9 preciso manter a chama da esperan\u00e7a viva, essa esperan\u00e7a de uma consci\u00eancia humana em algo que \u00e9 maior: o bem de todos e todas. \u00c9 preciso, urgentemente, se fazer ouvir e articular o maior crescimento da consci\u00eancia humana sobre o que \u00e9 ser humano e como vivenciar, de forma saud\u00e1vel, nossas rela\u00e7\u00f5es. Que neste janeiro possamos avaliar nossas condutas e nossas rela\u00e7\u00f5es para conviver em uma humanidade mais saud\u00e1vel e que respeite \u00e0 condi\u00e7\u00e3o psicol\u00f3gica de todos!<\/p>\n<hr \/>\n<p><strong>Robson Ribeiro de Oliveira Castro Chaves<\/strong>\u00a0<em>\u00e9 mestre em Teologia pela Faculdade Jesu\u00edta de Filosofia e Teologia (FAJE), em BH, professor de teologia no Instituto Teol\u00f3gico Franciscano (ITF), em Petr\u00f3polis (RJ) e membro do Conselho Regional de Forma\u00e7\u00e3o (CRF) \u2013 LESTE II do CNLB.<\/em><\/p>\n<p>&nbsp;<\/p>\n","protected":false},"excerpt":{"rendered":"<p>Artigo de Robson Ribeiro de Oliveira Castro<\/p>\n","protected":false},"author":3,"featured_media":192854,"comment_status":"open","ping_status":"open","sticky":false,"template":"","format":"standard","meta":{"footnotes":""},"categories":[26],"tags":[355],"yoast_head":"<!-- This site is optimized with the Yoast SEO plugin v19.4 - https:\/\/yoast.com\/wordpress\/plugins\/seo\/ -->\n<title>Janeiro Branco: a vida pede equil\u00edbrio - Vida Crist\u00e3 - Franciscanos<\/title>\n<meta name=\"robots\" content=\"index, follow, max-snippet:-1, max-image-preview:large, max-video-preview:-1\" \/>\n<link rel=\"canonical\" href=\"https:\/\/franciscanos.org.br\/vidacrista\/janeiro-branco-a-vida-pede-equilibrio\/\" \/>\n<meta property=\"og:locale\" content=\"pt_BR\" \/>\n<meta property=\"og:type\" content=\"article\" \/>\n<meta property=\"og:title\" content=\"Janeiro Branco: a vida pede equil\u00edbrio - Vida Crist\u00e3 - Franciscanos\" \/>\n<meta property=\"og:description\" content=\"Artigo de Robson Ribeiro de Oliveira Castro\" \/>\n<meta property=\"og:url\" content=\"https:\/\/franciscanos.org.br\/vidacrista\/janeiro-branco-a-vida-pede-equilibrio\/\" \/>\n<meta property=\"og:site_name\" content=\"Vida Crist\u00e3 - Franciscanos\" \/>\n<meta property=\"article:published_time\" content=\"2023-01-10T10:04:21+00:00\" \/>\n<meta property=\"article:modified_time\" content=\"2023-01-10T10:05:29+00:00\" \/>\n<meta property=\"og:image\" content=\"https:\/\/franciscanos.org.br\/vidacrista\/wp-content\/uploads\/2023\/01\/JaneiroBranco.jpg\" \/>\n\t<meta property=\"og:image:width\" content=\"840\" \/>\n\t<meta property=\"og:image:height\" content=\"450\" \/>\n\t<meta property=\"og:image:type\" content=\"image\/jpeg\" \/>\n<meta name=\"author\" content=\"moacir\" \/>\n<meta name=\"twitter:card\" content=\"summary_large_image\" \/>\n<meta name=\"twitter:label1\" content=\"Escrito por\" \/>\n\t<meta name=\"twitter:data1\" content=\"moacir\" \/>\n\t<meta name=\"twitter:label2\" content=\"Est. tempo de leitura\" \/>\n\t<meta name=\"twitter:data2\" content=\"4 minutos\" \/>\n<script type=\"application\/ld+json\" class=\"yoast-schema-graph\">{\"@context\":\"https:\/\/schema.org\",\"@graph\":[{\"@type\":\"WebSite\",\"@id\":\"https:\/\/franciscanos.org.br\/vidacrista\/#website\",\"url\":\"https:\/\/franciscanos.org.br\/vidacrista\/\",\"name\":\"Vida Crist\u00e3 - Franciscanos\",\"description\":\"Prov\u00edncia Franciscana da Imaculada Concei\u00e7\u00e3o do Brasil - Ordem dos Frades Menores\",\"potentialAction\":[{\"@type\":\"SearchAction\",\"target\":{\"@type\":\"EntryPoint\",\"urlTemplate\":\"https:\/\/franciscanos.org.br\/vidacrista\/?s={search_term_string}\"},\"query-input\":\"required name=search_term_string\"}],\"inLanguage\":\"pt-BR\"},{\"@type\":\"WebPage\",\"@id\":\"https:\/\/franciscanos.org.br\/vidacrista\/janeiro-branco-a-vida-pede-equilibrio\/\",\"url\":\"https:\/\/franciscanos.org.br\/vidacrista\/janeiro-branco-a-vida-pede-equilibrio\/\",\"name\":\"Janeiro Branco: a vida pede equil\u00edbrio - Vida Crist\u00e3 - Franciscanos\",\"isPartOf\":{\"@id\":\"https:\/\/franciscanos.org.br\/vidacrista\/#website\"},\"datePublished\":\"2023-01-10T10:04:21+00:00\",\"dateModified\":\"2023-01-10T10:05:29+00:00\",\"author\":{\"@id\":\"https:\/\/franciscanos.org.br\/vidacrista\/#\/schema\/person\/1880bdd2c350b735648725ef7614736a\"},\"breadcrumb\":{\"@id\":\"https:\/\/franciscanos.org.br\/vidacrista\/janeiro-branco-a-vida-pede-equilibrio\/#breadcrumb\"},\"inLanguage\":\"pt-BR\",\"potentialAction\":[{\"@type\":\"ReadAction\",\"target\":[\"https:\/\/franciscanos.org.br\/vidacrista\/janeiro-branco-a-vida-pede-equilibrio\/\"]}]},{\"@type\":\"BreadcrumbList\",\"@id\":\"https:\/\/franciscanos.org.br\/vidacrista\/janeiro-branco-a-vida-pede-equilibrio\/#breadcrumb\",\"itemListElement\":[{\"@type\":\"ListItem\",\"position\":1,\"name\":\"Home\",\"item\":\"https:\/\/franciscanos.org.br\/vidacrista\/\"},{\"@type\":\"ListItem\",\"position\":2,\"name\":\"Janeiro Branco: a vida pede equil\u00edbrio\"}]},{\"@type\":\"Person\",\"@id\":\"https:\/\/franciscanos.org.br\/vidacrista\/#\/schema\/person\/1880bdd2c350b735648725ef7614736a\",\"name\":\"moacir\",\"image\":{\"@type\":\"ImageObject\",\"inLanguage\":\"pt-BR\",\"@id\":\"https:\/\/franciscanos.org.br\/vidacrista\/#\/schema\/person\/image\/\",\"url\":\"https:\/\/secure.gravatar.com\/avatar\/d08aa2ce4c8dd416d4479aa8536fcf64?s=96&d=mm&r=g\",\"contentUrl\":\"https:\/\/secure.gravatar.com\/avatar\/d08aa2ce4c8dd416d4479aa8536fcf64?s=96&d=mm&r=g\",\"caption\":\"moacir\"},\"url\":\"https:\/\/franciscanos.org.br\/vidacrista\/author\/moacir\/\"}]}<\/script>\n<!-- \/ Yoast SEO plugin. -->","yoast_head_json":{"title":"Janeiro Branco: a vida pede equil\u00edbrio - Vida Crist\u00e3 - Franciscanos","robots":{"index":"index","follow":"follow","max-snippet":"max-snippet:-1","max-image-preview":"max-image-preview:large","max-video-preview":"max-video-preview:-1"},"canonical":"https:\/\/franciscanos.org.br\/vidacrista\/janeiro-branco-a-vida-pede-equilibrio\/","og_locale":"pt_BR","og_type":"article","og_title":"Janeiro Branco: a vida pede equil\u00edbrio - Vida Crist\u00e3 - Franciscanos","og_description":"Artigo de Robson Ribeiro de Oliveira Castro","og_url":"https:\/\/franciscanos.org.br\/vidacrista\/janeiro-branco-a-vida-pede-equilibrio\/","og_site_name":"Vida Crist\u00e3 - Franciscanos","article_published_time":"2023-01-10T10:04:21+00:00","article_modified_time":"2023-01-10T10:05:29+00:00","og_image":[{"width":840,"height":450,"url":"https:\/\/franciscanos.org.br\/vidacrista\/wp-content\/uploads\/2023\/01\/JaneiroBranco.jpg","type":"image\/jpeg"}],"author":"moacir","twitter_card":"summary_large_image","twitter_misc":{"Escrito por":"moacir","Est. tempo de leitura":"4 minutos"},"schema":{"@context":"https:\/\/schema.org","@graph":[{"@type":"WebSite","@id":"https:\/\/franciscanos.org.br\/vidacrista\/#website","url":"https:\/\/franciscanos.org.br\/vidacrista\/","name":"Vida Crist\u00e3 - Franciscanos","description":"Prov\u00edncia Franciscana da Imaculada Concei\u00e7\u00e3o do Brasil - Ordem dos Frades Menores","potentialAction":[{"@type":"SearchAction","target":{"@type":"EntryPoint","urlTemplate":"https:\/\/franciscanos.org.br\/vidacrista\/?s={search_term_string}"},"query-input":"required name=search_term_string"}],"inLanguage":"pt-BR"},{"@type":"WebPage","@id":"https:\/\/franciscanos.org.br\/vidacrista\/janeiro-branco-a-vida-pede-equilibrio\/","url":"https:\/\/franciscanos.org.br\/vidacrista\/janeiro-branco-a-vida-pede-equilibrio\/","name":"Janeiro Branco: a vida pede equil\u00edbrio - Vida Crist\u00e3 - Franciscanos","isPartOf":{"@id":"https:\/\/franciscanos.org.br\/vidacrista\/#website"},"datePublished":"2023-01-10T10:04:21+00:00","dateModified":"2023-01-10T10:05:29+00:00","author":{"@id":"https:\/\/franciscanos.org.br\/vidacrista\/#\/schema\/person\/1880bdd2c350b735648725ef7614736a"},"breadcrumb":{"@id":"https:\/\/franciscanos.org.br\/vidacrista\/janeiro-branco-a-vida-pede-equilibrio\/#breadcrumb"},"inLanguage":"pt-BR","potentialAction":[{"@type":"ReadAction","target":["https:\/\/franciscanos.org.br\/vidacrista\/janeiro-branco-a-vida-pede-equilibrio\/"]}]},{"@type":"BreadcrumbList","@id":"https:\/\/franciscanos.org.br\/vidacrista\/janeiro-branco-a-vida-pede-equilibrio\/#breadcrumb","itemListElement":[{"@type":"ListItem","position":1,"name":"Home","item":"https:\/\/franciscanos.org.br\/vidacrista\/"},{"@type":"ListItem","position":2,"name":"Janeiro Branco: a vida pede equil\u00edbrio"}]},{"@type":"Person","@id":"https:\/\/franciscanos.org.br\/vidacrista\/#\/schema\/person\/1880bdd2c350b735648725ef7614736a","name":"moacir","image":{"@type":"ImageObject","inLanguage":"pt-BR","@id":"https:\/\/franciscanos.org.br\/vidacrista\/#\/schema\/person\/image\/","url":"https:\/\/secure.gravatar.com\/avatar\/d08aa2ce4c8dd416d4479aa8536fcf64?s=96&d=mm&r=g","contentUrl":"https:\/\/secure.gravatar.com\/avatar\/d08aa2ce4c8dd416d4479aa8536fcf64?s=96&d=mm&r=g","caption":"moacir"},"url":"https:\/\/franciscanos.org.br\/vidacrista\/author\/moacir\/"}]}},"_links":{"self":[{"href":"https:\/\/franciscanos.org.br\/vidacrista\/wp-json\/wp\/v2\/posts\/192853"}],"collection":[{"href":"https:\/\/franciscanos.org.br\/vidacrista\/wp-json\/wp\/v2\/posts"}],"about":[{"href":"https:\/\/franciscanos.org.br\/vidacrista\/wp-json\/wp\/v2\/types\/post"}],"author":[{"embeddable":true,"href":"https:\/\/franciscanos.org.br\/vidacrista\/wp-json\/wp\/v2\/users\/3"}],"replies":[{"embeddable":true,"href":"https:\/\/franciscanos.org.br\/vidacrista\/wp-json\/wp\/v2\/comments?post=192853"}],"version-history":[{"count":1,"href":"https:\/\/franciscanos.org.br\/vidacrista\/wp-json\/wp\/v2\/posts\/192853\/revisions"}],"predecessor-version":[{"id":192855,"href":"https:\/\/franciscanos.org.br\/vidacrista\/wp-json\/wp\/v2\/posts\/192853\/revisions\/192855"}],"wp:featuredmedia":[{"embeddable":true,"href":"https:\/\/franciscanos.org.br\/vidacrista\/wp-json\/wp\/v2\/media\/192854"}],"wp:attachment":[{"href":"https:\/\/franciscanos.org.br\/vidacrista\/wp-json\/wp\/v2\/media?parent=192853"}],"wp:term":[{"taxonomy":"category","embeddable":true,"href":"https:\/\/franciscanos.org.br\/vidacrista\/wp-json\/wp\/v2\/categories?post=192853"},{"taxonomy":"post_tag","embeddable":true,"href":"https:\/\/franciscanos.org.br\/vidacrista\/wp-json\/wp\/v2\/tags?post=192853"}],"curies":[{"name":"wp","href":"https:\/\/api.w.org\/{rel}","templated":true}]}}