{"id":192792,"date":"2022-12-30T12:54:20","date_gmt":"2022-12-30T15:54:20","guid":{"rendered":"https:\/\/franciscanos.org.br\/vidacrista\/?p=192792"},"modified":"2022-12-30T12:54:20","modified_gmt":"2022-12-30T15:54:20","slug":"ademir_natal","status":"publish","type":"post","link":"https:\/\/franciscanos.org.br\/vidacrista\/ademir_natal\/","title":{"rendered":"O ninho e a manjedoura:\u00a0fazendo de nossa fr\u00e1gil condi\u00e7\u00e3o humana o espa\u00e7o f\u00e9rtil para Deus"},"content":{"rendered":"<div id=\"attachment_192793\" style=\"width: 850px\" class=\"wp-caption alignnone\"><img aria-describedby=\"caption-attachment-192793\" decoding=\"async\" loading=\"lazy\" class=\"wp-image-192793 size-full\" src=\"https:\/\/franciscanos.org.br\/vidacrista\/wp-content\/uploads\/2022\/12\/adoracao_30.jpg\" alt=\"\" width=\"840\" height=\"450\" srcset=\"https:\/\/franciscanos.org.br\/vidacrista\/wp-content\/uploads\/2022\/12\/adoracao_30.jpg 840w, https:\/\/franciscanos.org.br\/vidacrista\/wp-content\/uploads\/2022\/12\/adoracao_30-450x241.jpg 450w, https:\/\/franciscanos.org.br\/vidacrista\/wp-content\/uploads\/2022\/12\/adoracao_30-768x411.jpg 768w, https:\/\/franciscanos.org.br\/vidacrista\/wp-content\/uploads\/2022\/12\/adoracao_30-150x80.jpg 150w\" sizes=\"(max-width: 840px) 100vw, 840px\" \/><p id=\"caption-attachment-192793\" class=\"wp-caption-text\"><em>Imagem: Adora\u00e7\u00e3o dos Reis Magos, de Matthias Stomer, 1632 (wikipedia, dom\u00ednio p\u00fablico)<\/em><\/p><\/div>\n<p><strong>Pe. Ademir Guedes Azevedo, cp.<\/strong><\/p>\n<p>Afeto e acolhida s\u00e3o inerentes \u00e0 condi\u00e7\u00e3o humana. No ventre de nossa m\u00e3e fazemos a experi\u00eancia confort\u00e1vel do ninho. Ali estamos seguros e bem acolhidos. Uma gr\u00e1vida se deleita, abra\u00e7ada com seu esposo, enquanto este acaricia a sua barriga e juntos conversam com a criancinha que aguarda a sua hora de nascer. Os tr\u00eas est\u00e3o t\u00e3o sintonizados naquele afeto que parecem pulsar num \u00fanico cora\u00e7\u00e3o.<\/p>\n<p>Esta experi\u00eancia humana me faz recordar a vida intratrinit\u00e1ria que remete \u00e0 harmonia das divinas tr\u00eas pessoas que se amam mutuamente. Cada uma delas se v\u00ea na outra e assim formam uma comunh\u00e3o perfeita. \u00c9 realmente um ninho divino de acolhida e aceita\u00e7\u00e3o das diferen\u00e7as que formam uma unidade.<\/p>\n<p>Se, de um lado, o ninho representa a plenitude e a seguran\u00e7a, a manjedoura \u00e9 incompletude e incerteza. \u00c9 um amor carente que pede cuidados, pois est\u00e1 exposto a toda forma de amea\u00e7as. E Deus escolheu a manjedoura para assumir o risco de ser humano, em sua encarna\u00e7\u00e3o. Naquela manjedoura Ele recebe a prote\u00e7\u00e3o de seus pais, mas \u00e9 privado de estabilidade, pois a f\u00faria de um rei j\u00e1 o persegue, por isso se tora migrante peregrino, tendo que se deslocar de uma regi\u00e3o \u00e0 outra nos bra\u00e7os de sua m\u00e3e dolorosa e de seu pai, homem justo.<\/p>\n<p>Em seu desenvolvimento, o cristianismo conviveu (ainda convive?) com a tens\u00e3o entre ninho e manjedoura. Nos primeiros s\u00e9culos era evidente sua itiner\u00e2ncia. O tempo da manjedoura (riscos, fugas, confian\u00e7a na provid\u00eancia) foi preciso para as rela\u00e7\u00f5es e o contato com novos rostos, como bem experimentou o ap\u00f3stolo Paulo em suas viagens mission\u00e1rias. A manjedoura acaba assumindo a chamada dimens\u00e3o de profecia para o cristianismo, visto que o desinstala a n\u00e3o permanecer fechado em esquemas mentais que impedem o frescor do Evangelho.<\/p>\n<p>No entanto, h\u00e1 tamb\u00e9m a tenta\u00e7\u00e3o de habitar o ninho. Quando a era constantiniana ganhou espa\u00e7o no agir das pequenas comunidades crist\u00e3s que viviam imersas na mem\u00f3ria perigosa da vida de Jesus, de maneira repentina tudo tornou-se uma realidade macro. Catedrais, mosteiros, bas\u00edlicas foram levantados e agora todos devem vir a estes lugares santos para fazer o encontro com o sagrado. Este grande ninho deu seguran\u00e7a aos ministros do culto que j\u00e1 n\u00e3o se interessam muito com as estradas e as ruas (h\u00e1 suas exce\u00e7\u00f5es, contudo), pois devem dedicar tempo a manuten\u00e7\u00e3o da nova morada de Deus.<\/p>\n<p>As narrativas de Natal sempre me provocaram a refletir o que realmente \u00e9 importante para Deus comunicar-se ao cora\u00e7\u00e3o do homem e por meio de qual estilo ele o faz. Tudo indica que ele escolhe o estilo da n\u00e3o seguran\u00e7a e da provid\u00eancia incondicional na a\u00e7\u00e3o do Pai celeste em sua vida:\u00a0<em>\u201cAs raposas t\u00eam suas tocas e as aves do c\u00e9u t\u00eam seus ninhos, mas o Filho do homem n\u00e3o tem onde repousar a cabe\u00e7a\u201d<\/em>\u00a0(Mt 8,20).<\/p>\n<p>O Mist\u00e9rio de Deus necessita de nosso vazio (inseguran\u00e7a, instabilidade, incerteza, fragilidade) para habitar neste mundo que, diferentemente, busca sempre a grandeza. Mas Deus toma outra dire\u00e7\u00e3o. Justo por isso, Deus renuncia a condi\u00e7\u00e3o de ninho para construir sua casa no vazio. Quando os israelitas vagavam no deserto, a Mois\u00e9s foi ordenado de ser constru\u00eddo um trono para Deus. Era apenas um espa\u00e7o vazio entre as asas dos querubins. E era min\u00fasculo, exatamente o palmo de uma m\u00e3o. Deus n\u00e3o necessita de muito espa\u00e7o. Por isso, quando se fez carne entrou no pequeno espa\u00e7o vazio do ventre de Maria. Quando aquela crian\u00e7a cresceu foi pregado numa cruz e gritou ao seu pai que parecia ausente. Aquele, talvez, foi o espa\u00e7o mais vazio de todos. Mas no domingo de P\u00e1scoa, Maria de Magdala, Pedro e o disc\u00edpulo amado viram no sepulcro o espa\u00e7o vazio, com dois anjos ao lado.<\/p>\n<p>Espero que neste tempo de Natal possamos oferecer a Deus o nosso ser vazio, talvez de sentido, de falta de amor, de perd\u00e3o, de solidariedade&#8230;mas se n\u00f3s o oferecermos a Deus, com certeza se tornar\u00e1 f\u00e9rtil e Ele far\u00e1 da nossa fr\u00e1gil condi\u00e7\u00e3o humana o seu pequeno espa\u00e7o, onde far\u00e1 a sua morada.<\/p>\n<hr \/>\n<p><strong>Pe. Ademir Guedes Azevedo, cp,<\/strong>\u00a0<em>\u00e9 mission\u00e1rio passionista e mestre em Teologia Fundamental na Pontif\u00edcia Universidade Gregoriana. Atualmente, faz o doutorado em Teologia Fundamental nesta Universidade.<\/em><\/p>\n","protected":false},"excerpt":{"rendered":"<p>Artigo de Ademir Guedes Azevedo, cp.<\/p>\n","protected":false},"author":3,"featured_media":192793,"comment_status":"open","ping_status":"open","sticky":false,"template":"","format":"standard","meta":{"footnotes":""},"categories":[26],"tags":[189,188],"yoast_head":"<!-- This site is optimized with the Yoast SEO plugin v19.4 - https:\/\/yoast.com\/wordpress\/plugins\/seo\/ -->\n<title>O ninho e a manjedoura:\u00a0fazendo de nossa fr\u00e1gil condi\u00e7\u00e3o humana o espa\u00e7o f\u00e9rtil para Deus - Vida Crist\u00e3 - Franciscanos<\/title>\n<meta name=\"robots\" content=\"index, follow, max-snippet:-1, max-image-preview:large, max-video-preview:-1\" \/>\n<link rel=\"canonical\" href=\"https:\/\/franciscanos.org.br\/vidacrista\/ademir_natal\/\" \/>\n<meta property=\"og:locale\" content=\"pt_BR\" \/>\n<meta property=\"og:type\" content=\"article\" \/>\n<meta property=\"og:title\" content=\"O ninho e a manjedoura:\u00a0fazendo de nossa fr\u00e1gil condi\u00e7\u00e3o humana o espa\u00e7o f\u00e9rtil para Deus - Vida Crist\u00e3 - Franciscanos\" \/>\n<meta property=\"og:description\" content=\"Artigo de Ademir Guedes Azevedo, cp.\" \/>\n<meta property=\"og:url\" content=\"https:\/\/franciscanos.org.br\/vidacrista\/ademir_natal\/\" \/>\n<meta property=\"og:site_name\" content=\"Vida Crist\u00e3 - Franciscanos\" \/>\n<meta property=\"article:published_time\" content=\"2022-12-30T15:54:20+00:00\" \/>\n<meta property=\"og:image\" content=\"https:\/\/franciscanos.org.br\/vidacrista\/wp-content\/uploads\/2022\/12\/adoracao_30.jpg\" \/>\n\t<meta property=\"og:image:width\" content=\"840\" \/>\n\t<meta property=\"og:image:height\" content=\"450\" \/>\n\t<meta property=\"og:image:type\" content=\"image\/jpeg\" \/>\n<meta name=\"author\" content=\"moacir\" \/>\n<meta name=\"twitter:card\" content=\"summary_large_image\" \/>\n<meta name=\"twitter:label1\" content=\"Escrito por\" \/>\n\t<meta name=\"twitter:data1\" content=\"moacir\" \/>\n\t<meta name=\"twitter:label2\" content=\"Est. tempo de leitura\" \/>\n\t<meta name=\"twitter:data2\" content=\"5 minutos\" \/>\n<script type=\"application\/ld+json\" class=\"yoast-schema-graph\">{\"@context\":\"https:\/\/schema.org\",\"@graph\":[{\"@type\":\"WebSite\",\"@id\":\"https:\/\/franciscanos.org.br\/vidacrista\/#website\",\"url\":\"https:\/\/franciscanos.org.br\/vidacrista\/\",\"name\":\"Vida Crist\u00e3 - Franciscanos\",\"description\":\"Prov\u00edncia Franciscana da Imaculada Concei\u00e7\u00e3o do Brasil - Ordem dos Frades Menores\",\"potentialAction\":[{\"@type\":\"SearchAction\",\"target\":{\"@type\":\"EntryPoint\",\"urlTemplate\":\"https:\/\/franciscanos.org.br\/vidacrista\/?s={search_term_string}\"},\"query-input\":\"required name=search_term_string\"}],\"inLanguage\":\"pt-BR\"},{\"@type\":\"WebPage\",\"@id\":\"https:\/\/franciscanos.org.br\/vidacrista\/ademir_natal\/\",\"url\":\"https:\/\/franciscanos.org.br\/vidacrista\/ademir_natal\/\",\"name\":\"O ninho e a manjedoura:\u00a0fazendo de nossa fr\u00e1gil condi\u00e7\u00e3o humana o espa\u00e7o f\u00e9rtil para Deus - Vida Crist\u00e3 - Franciscanos\",\"isPartOf\":{\"@id\":\"https:\/\/franciscanos.org.br\/vidacrista\/#website\"},\"datePublished\":\"2022-12-30T15:54:20+00:00\",\"dateModified\":\"2022-12-30T15:54:20+00:00\",\"author\":{\"@id\":\"https:\/\/franciscanos.org.br\/vidacrista\/#\/schema\/person\/1880bdd2c350b735648725ef7614736a\"},\"breadcrumb\":{\"@id\":\"https:\/\/franciscanos.org.br\/vidacrista\/ademir_natal\/#breadcrumb\"},\"inLanguage\":\"pt-BR\",\"potentialAction\":[{\"@type\":\"ReadAction\",\"target\":[\"https:\/\/franciscanos.org.br\/vidacrista\/ademir_natal\/\"]}]},{\"@type\":\"BreadcrumbList\",\"@id\":\"https:\/\/franciscanos.org.br\/vidacrista\/ademir_natal\/#breadcrumb\",\"itemListElement\":[{\"@type\":\"ListItem\",\"position\":1,\"name\":\"Home\",\"item\":\"https:\/\/franciscanos.org.br\/vidacrista\/\"},{\"@type\":\"ListItem\",\"position\":2,\"name\":\"O ninho e a manjedoura:\u00a0fazendo de nossa fr\u00e1gil condi\u00e7\u00e3o humana o espa\u00e7o f\u00e9rtil para Deus\"}]},{\"@type\":\"Person\",\"@id\":\"https:\/\/franciscanos.org.br\/vidacrista\/#\/schema\/person\/1880bdd2c350b735648725ef7614736a\",\"name\":\"moacir\",\"image\":{\"@type\":\"ImageObject\",\"inLanguage\":\"pt-BR\",\"@id\":\"https:\/\/franciscanos.org.br\/vidacrista\/#\/schema\/person\/image\/\",\"url\":\"https:\/\/secure.gravatar.com\/avatar\/d08aa2ce4c8dd416d4479aa8536fcf64?s=96&d=mm&r=g\",\"contentUrl\":\"https:\/\/secure.gravatar.com\/avatar\/d08aa2ce4c8dd416d4479aa8536fcf64?s=96&d=mm&r=g\",\"caption\":\"moacir\"},\"url\":\"https:\/\/franciscanos.org.br\/vidacrista\/author\/moacir\/\"}]}<\/script>\n<!-- \/ Yoast SEO plugin. -->","yoast_head_json":{"title":"O ninho e a manjedoura:\u00a0fazendo de nossa fr\u00e1gil condi\u00e7\u00e3o humana o espa\u00e7o f\u00e9rtil para Deus - Vida Crist\u00e3 - Franciscanos","robots":{"index":"index","follow":"follow","max-snippet":"max-snippet:-1","max-image-preview":"max-image-preview:large","max-video-preview":"max-video-preview:-1"},"canonical":"https:\/\/franciscanos.org.br\/vidacrista\/ademir_natal\/","og_locale":"pt_BR","og_type":"article","og_title":"O ninho e a manjedoura:\u00a0fazendo de nossa fr\u00e1gil condi\u00e7\u00e3o humana o espa\u00e7o f\u00e9rtil para Deus - Vida Crist\u00e3 - Franciscanos","og_description":"Artigo de Ademir Guedes Azevedo, cp.","og_url":"https:\/\/franciscanos.org.br\/vidacrista\/ademir_natal\/","og_site_name":"Vida Crist\u00e3 - Franciscanos","article_published_time":"2022-12-30T15:54:20+00:00","og_image":[{"width":840,"height":450,"url":"https:\/\/franciscanos.org.br\/vidacrista\/wp-content\/uploads\/2022\/12\/adoracao_30.jpg","type":"image\/jpeg"}],"author":"moacir","twitter_card":"summary_large_image","twitter_misc":{"Escrito por":"moacir","Est. tempo de leitura":"5 minutos"},"schema":{"@context":"https:\/\/schema.org","@graph":[{"@type":"WebSite","@id":"https:\/\/franciscanos.org.br\/vidacrista\/#website","url":"https:\/\/franciscanos.org.br\/vidacrista\/","name":"Vida Crist\u00e3 - Franciscanos","description":"Prov\u00edncia Franciscana da Imaculada Concei\u00e7\u00e3o do Brasil - Ordem dos Frades Menores","potentialAction":[{"@type":"SearchAction","target":{"@type":"EntryPoint","urlTemplate":"https:\/\/franciscanos.org.br\/vidacrista\/?s={search_term_string}"},"query-input":"required name=search_term_string"}],"inLanguage":"pt-BR"},{"@type":"WebPage","@id":"https:\/\/franciscanos.org.br\/vidacrista\/ademir_natal\/","url":"https:\/\/franciscanos.org.br\/vidacrista\/ademir_natal\/","name":"O ninho e a manjedoura:\u00a0fazendo de nossa fr\u00e1gil condi\u00e7\u00e3o humana o espa\u00e7o f\u00e9rtil para Deus - Vida Crist\u00e3 - Franciscanos","isPartOf":{"@id":"https:\/\/franciscanos.org.br\/vidacrista\/#website"},"datePublished":"2022-12-30T15:54:20+00:00","dateModified":"2022-12-30T15:54:20+00:00","author":{"@id":"https:\/\/franciscanos.org.br\/vidacrista\/#\/schema\/person\/1880bdd2c350b735648725ef7614736a"},"breadcrumb":{"@id":"https:\/\/franciscanos.org.br\/vidacrista\/ademir_natal\/#breadcrumb"},"inLanguage":"pt-BR","potentialAction":[{"@type":"ReadAction","target":["https:\/\/franciscanos.org.br\/vidacrista\/ademir_natal\/"]}]},{"@type":"BreadcrumbList","@id":"https:\/\/franciscanos.org.br\/vidacrista\/ademir_natal\/#breadcrumb","itemListElement":[{"@type":"ListItem","position":1,"name":"Home","item":"https:\/\/franciscanos.org.br\/vidacrista\/"},{"@type":"ListItem","position":2,"name":"O ninho e a manjedoura:\u00a0fazendo de nossa fr\u00e1gil condi\u00e7\u00e3o humana o espa\u00e7o f\u00e9rtil para Deus"}]},{"@type":"Person","@id":"https:\/\/franciscanos.org.br\/vidacrista\/#\/schema\/person\/1880bdd2c350b735648725ef7614736a","name":"moacir","image":{"@type":"ImageObject","inLanguage":"pt-BR","@id":"https:\/\/franciscanos.org.br\/vidacrista\/#\/schema\/person\/image\/","url":"https:\/\/secure.gravatar.com\/avatar\/d08aa2ce4c8dd416d4479aa8536fcf64?s=96&d=mm&r=g","contentUrl":"https:\/\/secure.gravatar.com\/avatar\/d08aa2ce4c8dd416d4479aa8536fcf64?s=96&d=mm&r=g","caption":"moacir"},"url":"https:\/\/franciscanos.org.br\/vidacrista\/author\/moacir\/"}]}},"_links":{"self":[{"href":"https:\/\/franciscanos.org.br\/vidacrista\/wp-json\/wp\/v2\/posts\/192792"}],"collection":[{"href":"https:\/\/franciscanos.org.br\/vidacrista\/wp-json\/wp\/v2\/posts"}],"about":[{"href":"https:\/\/franciscanos.org.br\/vidacrista\/wp-json\/wp\/v2\/types\/post"}],"author":[{"embeddable":true,"href":"https:\/\/franciscanos.org.br\/vidacrista\/wp-json\/wp\/v2\/users\/3"}],"replies":[{"embeddable":true,"href":"https:\/\/franciscanos.org.br\/vidacrista\/wp-json\/wp\/v2\/comments?post=192792"}],"version-history":[{"count":1,"href":"https:\/\/franciscanos.org.br\/vidacrista\/wp-json\/wp\/v2\/posts\/192792\/revisions"}],"predecessor-version":[{"id":192794,"href":"https:\/\/franciscanos.org.br\/vidacrista\/wp-json\/wp\/v2\/posts\/192792\/revisions\/192794"}],"wp:featuredmedia":[{"embeddable":true,"href":"https:\/\/franciscanos.org.br\/vidacrista\/wp-json\/wp\/v2\/media\/192793"}],"wp:attachment":[{"href":"https:\/\/franciscanos.org.br\/vidacrista\/wp-json\/wp\/v2\/media?parent=192792"}],"wp:term":[{"taxonomy":"category","embeddable":true,"href":"https:\/\/franciscanos.org.br\/vidacrista\/wp-json\/wp\/v2\/categories?post=192792"},{"taxonomy":"post_tag","embeddable":true,"href":"https:\/\/franciscanos.org.br\/vidacrista\/wp-json\/wp\/v2\/tags?post=192792"}],"curies":[{"name":"wp","href":"https:\/\/api.w.org\/{rel}","templated":true}]}}