{"id":192779,"date":"2022-12-26T06:04:19","date_gmt":"2022-12-26T09:04:19","guid":{"rendered":"https:\/\/franciscanos.org.br\/vidacrista\/?p=192779"},"modified":"2022-12-26T06:04:42","modified_gmt":"2022-12-26T09:04:42","slug":"cartaaozinho-de-natal-do-menino-jesus-as-criancas-de-hoje","status":"publish","type":"post","link":"https:\/\/franciscanos.org.br\/vidacrista\/cartaaozinho-de-natal-do-menino-jesus-as-criancas-de-hoje\/","title":{"rendered":"Cart\u00e3aozinho de Natal do Menino Jesus \u00e0s crian\u00e7as de hoje"},"content":{"rendered":"<div id=\"attachment_192780\" style=\"width: 850px\" class=\"wp-caption alignnone\"><img aria-describedby=\"caption-attachment-192780\" decoding=\"async\" loading=\"lazy\" class=\"wp-image-192780 size-full\" src=\"https:\/\/franciscanos.org.br\/vidacrista\/wp-content\/uploads\/2022\/12\/menino_jesus.png\" alt=\"\" width=\"840\" height=\"450\" srcset=\"https:\/\/franciscanos.org.br\/vidacrista\/wp-content\/uploads\/2022\/12\/menino_jesus.png 840w, https:\/\/franciscanos.org.br\/vidacrista\/wp-content\/uploads\/2022\/12\/menino_jesus-450x241.png 450w, https:\/\/franciscanos.org.br\/vidacrista\/wp-content\/uploads\/2022\/12\/menino_jesus-768x411.png 768w, https:\/\/franciscanos.org.br\/vidacrista\/wp-content\/uploads\/2022\/12\/menino_jesus-150x80.png 150w\" sizes=\"(max-width: 840px) 100vw, 840px\" \/><p id=\"caption-attachment-192780\" class=\"wp-caption-text\"><em>\u00a0 \u00a0 \u00a0 \u00a0 \u00a0 \u00a0 \u00a0 \u00a0 \u00a0 \u00a0 \u00a0 \u00a0 \u00a0 \u00a0 \u00a0 \u00a0 \u00a0 \u00a0 \u00a0 \u00a0 \u00a0 \u00a0 \u00a0 \u00a0 \u00a0 \u00a0 \u00a0 \u00a0 \u00a0 \u00a0 \u00a0 \u00a0 \u00a0 \u00a0 \u00a0 \u00a0 \u00a0 \u00a0 \u00a0 Imagem ilustrativ<\/em>a: Canva (<a href=\"http:\/\/www.canva.com\/pt_br\/modelos\">www.canva.com\/pt_br\/modelos<\/a>)<\/p><\/div>\n<p>Queridos irm\u00e3ozinhos e irm\u00e3zinhas,<\/p>\n<p>Se voc\u00eas olhando o pres\u00e9pio e virem l\u00e1 o Menino Jesus e se encherem de f\u00e9 de que Deus se fez um menino,uma crian\u00e7a, como um de n\u00f3s e que Ele \u00e9 o Deus que est\u00e1 sempre conosco,especialmente com as crian\u00e7as que est\u00e3o famintas e no meio de guerras,<\/p>\n<p>Se voc\u00eas conseguirem ver nos outros meninos e meninas a presen\u00e7a secreta do Menino Jesus, de modo especial naqueles que perambulam pelas ruas, sujas e pedindo comida,<\/p>\n<p>Se voc\u00eas conseguirem fazer renascer a crian\u00e7a escondida no seus pais, nas pessoas adultas e em todos os convidados para que surja nelas o amor, a ternura, o carinho, o cuidado e a amizade com todo mundo, de modo particular nesse tempo no qual reinou \u00f3dio, mentiras, cal\u00fanias e at\u00e9 mortes por terem opini\u00f5es diferentes,<\/p>\n<p>Se voc\u00eas ao olharem para o pres\u00e9pio descobrirem Jesus pobremente vestido, quase nuzinho, como milhares de crian\u00e7as nestes tempos sombrios de pandemia e lembrarem de tantas crian\u00e7as igualmente pobres e mal vestidas e sofrerem no fundo do cora\u00e7\u00e3o por esta situa\u00e7\u00e3o desumana e se quiserem dividir um pouco do que t\u00eam e desejarem quando forem adultas, mudar este estado de coisas,<\/p>\n<p>E se voc\u00eas, imbu\u00eddas da f\u00e9, se derem conta de que, embora crian\u00e7a que choraminga e busca o peito de sua m\u00e3e Maria, \u00e9 o Divino que n\u00e3o veio para nos julgar, mas para brincar e se alegrar conosco,<\/p>\n<p>Se voc\u00eas ao verem, no pres\u00e9pio, a vaca, o boi, as ovelhas, os cabritos, os c\u00e3es, os camelos e o elefante pensarem que o universo inteiro \u00e9 tamb\u00e9m iluminado pela Menino Jesus e que todos, estrelas, pedras, \u00e1rvores, animais e humanos, somos todos irm\u00e3os e irm\u00e3s e formamos a grande Casa de Deus,<\/p>\n<p>Se voc\u00eas olharem para o alto e virem o c\u00e9u enfeitado de estrelas, grandes e pequenas e recordarem que sempre h\u00e1 uma estrela semelhante a de Bel\u00e9m sobre voc\u00eas, acompanho-os, iluminando-os, mostrando-lhes os melhores caminhos,<\/p>\n<p>Ent\u00e3o saibam que eu estou chegando de novo e renovando o Natal. Estarei sempre perto de voc\u00eas, caminhando com voc\u00eas, chorando com voc\u00eas e brincando com voc\u00eas at\u00e9 aquele dia, que s\u00f3 o Pai saber\u00e1, em que chegaremos todos, humanidade e universo, na Casa do Pai e M\u00e3e de bondade para sermos juntos eternamente felizes. E ent\u00e3o ser\u00e1 uma festa como a do Natal, sem fim, pela eternidade afora.<\/p>\n<p style=\"padding-left: 40px;\"><em>Bel\u00e9m, 25 de dezembro do ano 1.<\/em><\/p>\n<p style=\"padding-left: 40px;\"><strong><em>Assinado: Menino Jesus<\/em><\/strong><\/p>\n<hr \/>\n<p><em>Leonardo Boff<\/em><\/p>\n","protected":false},"excerpt":{"rendered":"<p>Artigo de Leonardo Boff<\/p>\n","protected":false},"author":3,"featured_media":192780,"comment_status":"open","ping_status":"open","sticky":false,"template":"","format":"standard","meta":{"footnotes":""},"categories":[26],"tags":[59],"yoast_head":"<!-- This site is optimized with the Yoast SEO plugin v19.4 - https:\/\/yoast.com\/wordpress\/plugins\/seo\/ -->\n<title>Cart\u00e3aozinho de Natal do Menino Jesus \u00e0s crian\u00e7as de hoje - Vida Crist\u00e3 - Franciscanos<\/title>\n<meta name=\"robots\" content=\"index, follow, max-snippet:-1, max-image-preview:large, max-video-preview:-1\" \/>\n<link rel=\"canonical\" href=\"https:\/\/franciscanos.org.br\/vidacrista\/cartaaozinho-de-natal-do-menino-jesus-as-criancas-de-hoje\/\" \/>\n<meta property=\"og:locale\" content=\"pt_BR\" \/>\n<meta property=\"og:type\" content=\"article\" \/>\n<meta property=\"og:title\" content=\"Cart\u00e3aozinho de Natal do Menino Jesus \u00e0s crian\u00e7as de hoje - Vida Crist\u00e3 - Franciscanos\" \/>\n<meta property=\"og:description\" content=\"Artigo de Leonardo Boff\" \/>\n<meta property=\"og:url\" content=\"https:\/\/franciscanos.org.br\/vidacrista\/cartaaozinho-de-natal-do-menino-jesus-as-criancas-de-hoje\/\" \/>\n<meta property=\"og:site_name\" content=\"Vida Crist\u00e3 - Franciscanos\" \/>\n<meta property=\"article:published_time\" content=\"2022-12-26T09:04:19+00:00\" \/>\n<meta property=\"article:modified_time\" content=\"2022-12-26T09:04:42+00:00\" \/>\n<meta property=\"og:image\" content=\"https:\/\/franciscanos.org.br\/vidacrista\/wp-content\/uploads\/2022\/12\/menino_jesus.png\" \/>\n\t<meta property=\"og:image:width\" content=\"840\" \/>\n\t<meta property=\"og:image:height\" content=\"450\" \/>\n\t<meta property=\"og:image:type\" content=\"image\/png\" \/>\n<meta name=\"author\" content=\"moacir\" \/>\n<meta name=\"twitter:card\" content=\"summary_large_image\" \/>\n<meta name=\"twitter:label1\" content=\"Escrito por\" \/>\n\t<meta name=\"twitter:data1\" content=\"moacir\" \/>\n\t<meta name=\"twitter:label2\" content=\"Est. tempo de leitura\" \/>\n\t<meta name=\"twitter:data2\" content=\"3 minutos\" \/>\n<script type=\"application\/ld+json\" class=\"yoast-schema-graph\">{\"@context\":\"https:\/\/schema.org\",\"@graph\":[{\"@type\":\"WebSite\",\"@id\":\"https:\/\/franciscanos.org.br\/vidacrista\/#website\",\"url\":\"https:\/\/franciscanos.org.br\/vidacrista\/\",\"name\":\"Vida Crist\u00e3 - Franciscanos\",\"description\":\"Prov\u00edncia Franciscana da Imaculada Concei\u00e7\u00e3o do Brasil - Ordem dos Frades Menores\",\"potentialAction\":[{\"@type\":\"SearchAction\",\"target\":{\"@type\":\"EntryPoint\",\"urlTemplate\":\"https:\/\/franciscanos.org.br\/vidacrista\/?s={search_term_string}\"},\"query-input\":\"required name=search_term_string\"}],\"inLanguage\":\"pt-BR\"},{\"@type\":\"WebPage\",\"@id\":\"https:\/\/franciscanos.org.br\/vidacrista\/cartaaozinho-de-natal-do-menino-jesus-as-criancas-de-hoje\/\",\"url\":\"https:\/\/franciscanos.org.br\/vidacrista\/cartaaozinho-de-natal-do-menino-jesus-as-criancas-de-hoje\/\",\"name\":\"Cart\u00e3aozinho de Natal do Menino Jesus \u00e0s crian\u00e7as de hoje - Vida Crist\u00e3 - Franciscanos\",\"isPartOf\":{\"@id\":\"https:\/\/franciscanos.org.br\/vidacrista\/#website\"},\"datePublished\":\"2022-12-26T09:04:19+00:00\",\"dateModified\":\"2022-12-26T09:04:42+00:00\",\"author\":{\"@id\":\"https:\/\/franciscanos.org.br\/vidacrista\/#\/schema\/person\/1880bdd2c350b735648725ef7614736a\"},\"breadcrumb\":{\"@id\":\"https:\/\/franciscanos.org.br\/vidacrista\/cartaaozinho-de-natal-do-menino-jesus-as-criancas-de-hoje\/#breadcrumb\"},\"inLanguage\":\"pt-BR\",\"potentialAction\":[{\"@type\":\"ReadAction\",\"target\":[\"https:\/\/franciscanos.org.br\/vidacrista\/cartaaozinho-de-natal-do-menino-jesus-as-criancas-de-hoje\/\"]}]},{\"@type\":\"BreadcrumbList\",\"@id\":\"https:\/\/franciscanos.org.br\/vidacrista\/cartaaozinho-de-natal-do-menino-jesus-as-criancas-de-hoje\/#breadcrumb\",\"itemListElement\":[{\"@type\":\"ListItem\",\"position\":1,\"name\":\"Home\",\"item\":\"https:\/\/franciscanos.org.br\/vidacrista\/\"},{\"@type\":\"ListItem\",\"position\":2,\"name\":\"Cart\u00e3aozinho de Natal do Menino Jesus \u00e0s crian\u00e7as de hoje\"}]},{\"@type\":\"Person\",\"@id\":\"https:\/\/franciscanos.org.br\/vidacrista\/#\/schema\/person\/1880bdd2c350b735648725ef7614736a\",\"name\":\"moacir\",\"image\":{\"@type\":\"ImageObject\",\"inLanguage\":\"pt-BR\",\"@id\":\"https:\/\/franciscanos.org.br\/vidacrista\/#\/schema\/person\/image\/\",\"url\":\"https:\/\/secure.gravatar.com\/avatar\/d08aa2ce4c8dd416d4479aa8536fcf64?s=96&d=mm&r=g\",\"contentUrl\":\"https:\/\/secure.gravatar.com\/avatar\/d08aa2ce4c8dd416d4479aa8536fcf64?s=96&d=mm&r=g\",\"caption\":\"moacir\"},\"url\":\"https:\/\/franciscanos.org.br\/vidacrista\/author\/moacir\/\"}]}<\/script>\n<!-- \/ Yoast SEO plugin. -->","yoast_head_json":{"title":"Cart\u00e3aozinho de Natal do Menino Jesus \u00e0s crian\u00e7as de hoje - Vida Crist\u00e3 - Franciscanos","robots":{"index":"index","follow":"follow","max-snippet":"max-snippet:-1","max-image-preview":"max-image-preview:large","max-video-preview":"max-video-preview:-1"},"canonical":"https:\/\/franciscanos.org.br\/vidacrista\/cartaaozinho-de-natal-do-menino-jesus-as-criancas-de-hoje\/","og_locale":"pt_BR","og_type":"article","og_title":"Cart\u00e3aozinho de Natal do Menino Jesus \u00e0s crian\u00e7as de hoje - Vida Crist\u00e3 - Franciscanos","og_description":"Artigo de Leonardo Boff","og_url":"https:\/\/franciscanos.org.br\/vidacrista\/cartaaozinho-de-natal-do-menino-jesus-as-criancas-de-hoje\/","og_site_name":"Vida Crist\u00e3 - Franciscanos","article_published_time":"2022-12-26T09:04:19+00:00","article_modified_time":"2022-12-26T09:04:42+00:00","og_image":[{"width":840,"height":450,"url":"https:\/\/franciscanos.org.br\/vidacrista\/wp-content\/uploads\/2022\/12\/menino_jesus.png","type":"image\/png"}],"author":"moacir","twitter_card":"summary_large_image","twitter_misc":{"Escrito por":"moacir","Est. tempo de leitura":"3 minutos"},"schema":{"@context":"https:\/\/schema.org","@graph":[{"@type":"WebSite","@id":"https:\/\/franciscanos.org.br\/vidacrista\/#website","url":"https:\/\/franciscanos.org.br\/vidacrista\/","name":"Vida Crist\u00e3 - Franciscanos","description":"Prov\u00edncia Franciscana da Imaculada Concei\u00e7\u00e3o do Brasil - Ordem dos Frades Menores","potentialAction":[{"@type":"SearchAction","target":{"@type":"EntryPoint","urlTemplate":"https:\/\/franciscanos.org.br\/vidacrista\/?s={search_term_string}"},"query-input":"required name=search_term_string"}],"inLanguage":"pt-BR"},{"@type":"WebPage","@id":"https:\/\/franciscanos.org.br\/vidacrista\/cartaaozinho-de-natal-do-menino-jesus-as-criancas-de-hoje\/","url":"https:\/\/franciscanos.org.br\/vidacrista\/cartaaozinho-de-natal-do-menino-jesus-as-criancas-de-hoje\/","name":"Cart\u00e3aozinho de Natal do Menino Jesus \u00e0s crian\u00e7as de hoje - Vida Crist\u00e3 - Franciscanos","isPartOf":{"@id":"https:\/\/franciscanos.org.br\/vidacrista\/#website"},"datePublished":"2022-12-26T09:04:19+00:00","dateModified":"2022-12-26T09:04:42+00:00","author":{"@id":"https:\/\/franciscanos.org.br\/vidacrista\/#\/schema\/person\/1880bdd2c350b735648725ef7614736a"},"breadcrumb":{"@id":"https:\/\/franciscanos.org.br\/vidacrista\/cartaaozinho-de-natal-do-menino-jesus-as-criancas-de-hoje\/#breadcrumb"},"inLanguage":"pt-BR","potentialAction":[{"@type":"ReadAction","target":["https:\/\/franciscanos.org.br\/vidacrista\/cartaaozinho-de-natal-do-menino-jesus-as-criancas-de-hoje\/"]}]},{"@type":"BreadcrumbList","@id":"https:\/\/franciscanos.org.br\/vidacrista\/cartaaozinho-de-natal-do-menino-jesus-as-criancas-de-hoje\/#breadcrumb","itemListElement":[{"@type":"ListItem","position":1,"name":"Home","item":"https:\/\/franciscanos.org.br\/vidacrista\/"},{"@type":"ListItem","position":2,"name":"Cart\u00e3aozinho de Natal do Menino Jesus \u00e0s crian\u00e7as de hoje"}]},{"@type":"Person","@id":"https:\/\/franciscanos.org.br\/vidacrista\/#\/schema\/person\/1880bdd2c350b735648725ef7614736a","name":"moacir","image":{"@type":"ImageObject","inLanguage":"pt-BR","@id":"https:\/\/franciscanos.org.br\/vidacrista\/#\/schema\/person\/image\/","url":"https:\/\/secure.gravatar.com\/avatar\/d08aa2ce4c8dd416d4479aa8536fcf64?s=96&d=mm&r=g","contentUrl":"https:\/\/secure.gravatar.com\/avatar\/d08aa2ce4c8dd416d4479aa8536fcf64?s=96&d=mm&r=g","caption":"moacir"},"url":"https:\/\/franciscanos.org.br\/vidacrista\/author\/moacir\/"}]}},"_links":{"self":[{"href":"https:\/\/franciscanos.org.br\/vidacrista\/wp-json\/wp\/v2\/posts\/192779"}],"collection":[{"href":"https:\/\/franciscanos.org.br\/vidacrista\/wp-json\/wp\/v2\/posts"}],"about":[{"href":"https:\/\/franciscanos.org.br\/vidacrista\/wp-json\/wp\/v2\/types\/post"}],"author":[{"embeddable":true,"href":"https:\/\/franciscanos.org.br\/vidacrista\/wp-json\/wp\/v2\/users\/3"}],"replies":[{"embeddable":true,"href":"https:\/\/franciscanos.org.br\/vidacrista\/wp-json\/wp\/v2\/comments?post=192779"}],"version-history":[{"count":3,"href":"https:\/\/franciscanos.org.br\/vidacrista\/wp-json\/wp\/v2\/posts\/192779\/revisions"}],"predecessor-version":[{"id":192784,"href":"https:\/\/franciscanos.org.br\/vidacrista\/wp-json\/wp\/v2\/posts\/192779\/revisions\/192784"}],"wp:featuredmedia":[{"embeddable":true,"href":"https:\/\/franciscanos.org.br\/vidacrista\/wp-json\/wp\/v2\/media\/192780"}],"wp:attachment":[{"href":"https:\/\/franciscanos.org.br\/vidacrista\/wp-json\/wp\/v2\/media?parent=192779"}],"wp:term":[{"taxonomy":"category","embeddable":true,"href":"https:\/\/franciscanos.org.br\/vidacrista\/wp-json\/wp\/v2\/categories?post=192779"},{"taxonomy":"post_tag","embeddable":true,"href":"https:\/\/franciscanos.org.br\/vidacrista\/wp-json\/wp\/v2\/tags?post=192779"}],"curies":[{"name":"wp","href":"https:\/\/api.w.org\/{rel}","templated":true}]}}